{"id":153709,"date":"2021-01-27T14:31:11","date_gmt":"2021-01-27T12:31:11","guid":{"rendered":"http:\/\/www.sagardoarenlurraldea.eus\/?p=153709"},"modified":"2021-01-27T14:31:11","modified_gmt":"2021-01-27T12:31:11","slug":"xxviii-sagardo-berriaren-egunaren-ospakizuna-bertan-behera-geratu-da","status":"publish","type":"post","link":"https:\/\/sagardoarenlurraldea.eus\/eu\/blog\/xxviii-sagardo-berriaren-egunaren-ospakizuna-bertan-behera-geratu-da\/","title":{"rendered":"XXVIII. Sagardo Berriaren Egunaren ospakizuna bertan behera geratu da"},"content":{"rendered":"<p><strong>Pandemiaren egoera dela, otsailaren 3an ospatzekoa zen 2021eko sagardo denboraldiaren irekiera iragartzeko &#8220;XXVIII. Sagardo Berriaren Eguna&#8221; ez ospatzea eta ekitaldia bertan behera uzteko erabakia hartu da.<\/strong><\/p>\n<p>Covid-19ak eragindako egoera dela eta,<strong> 2021eko sagardo denboraldiaren hasiera atzeratu<\/strong> eta otsailaren 5ean sagardotegiek beren ateak irekitzeko erabakia hartu zuten Eusko Jaurlaritzak ostalaritzarako indarrean jarritako neurrien araberako protokolo berezia jarraituz.<\/p>\n<p>Pandemiaren egoerak, ordea, okerrera egin du eta une honetan indarrean dauden mugikortasun neurriak aintzakotzat hartuta, sagardotegi batzuk beren ateak <strong>beranduago irekitzeko<\/strong> erabakia hartu dute.<\/p>\n<p>Gauzak horrela, otsailaren 3an ospatzekoa zen sagardotegi denboraldi berriaren hasiera iragartzeko <strong>&#8220;XXVIII. Sagardo Berriaren Eguna&#8221; bertan behera uzteko erabakia<\/strong> hartu da.<\/p>\n<p>Halere herritarrei gogorarazi nahi diegu sagardotegi batzuk<strong> irekita daudela<\/strong> sagardo berria dastatuz sagardotegiko otorduaz gozatu nahi duten herritarrentzat, baina sagardotegi guztiak irekita daudela botilako sagardoaren salmentarako.<\/p>\n","protected":false},"excerpt":{"rendered":"<p>Pandemiaren egoera dela, otsailaren 3an ospatzekoa zen 2021eko sagardo denboraldiaren irekiera iragartzeko &#8220;XXVIII. Sagardo Berriaren Eguna&#8221; ez ospatzea eta ekitaldia bertan behera uzteko erabakia hartu da. Covid-19ak eragindako egoera dela [&hellip;]<\/p>\n","protected":false},"author":8,"featured_media":153704,"comment_status":"open","ping_status":"open","sticky":false,"template":"","format":"standard","meta":{"_acf_changed":false,"_et_pb_use_builder":"","_et_pb_old_content":"","_et_gb_content_width":"","footnotes":""},"categories":[2569,2581,2582],"tags":[2679,2837,2978],"class_list":["post-153709","post","type-post","status-publish","format-standard","has-post-thumbnail","hentry","category-ekitaldiak","category-sagardoa","category-sagardotegiak","tag-sagardo-berriaren-eguna-2","tag-sidra-2","tag-sidreria-2"],"acf":[],"yoast_head":"<!-- This site is optimized with the Yoast SEO plugin v25.4 - https:\/\/yoast.com\/wordpress\/plugins\/seo\/ -->\n<title>XXVIII. Sagardo Berriaren Egunaren ospakizuna bertan behera geratu da - Sagardoaren Lurraldea<\/title>\n<meta name=\"robots\" content=\"index, follow, max-snippet:-1, max-image-preview:large, max-video-preview:-1\" \/>\n<link rel=\"canonical\" href=\"https:\/\/sagardoarenlurraldea.eus\/eu\/blog\/xxviii-sagardo-berriaren-egunaren-ospakizuna-bertan-behera-geratu-da\/\" \/>\n<meta property=\"og:locale\" content=\"en_US\" \/>\n<meta property=\"og:type\" content=\"article\" \/>\n<meta property=\"og:title\" content=\"XXVIII. Sagardo Berriaren Egunaren ospakizuna bertan behera geratu da - Sagardoaren Lurraldea\" \/>\n<meta property=\"og:description\" content=\"Pandemiaren egoera dela, otsailaren 3an ospatzekoa zen 2021eko sagardo denboraldiaren irekiera iragartzeko &#8220;XXVIII. Sagardo Berriaren Eguna&#8221; ez ospatzea eta ekitaldia bertan behera uzteko erabakia hartu da. Covid-19ak eragindako egoera dela [&hellip;]\" \/>\n<meta property=\"og:url\" content=\"https:\/\/sagardoarenlurraldea.eus\/eu\/blog\/xxviii-sagardo-berriaren-egunaren-ospakizuna-bertan-behera-geratu-da\/\" \/>\n<meta property=\"og:site_name\" content=\"Sagardoaren Lurraldea\" \/>\n<meta property=\"article:publisher\" content=\"https:\/\/www.facebook.com\/sagardoarenlurraldea\" \/>\n<meta property=\"article:published_time\" content=\"2021-01-27T12:31:11+00:00\" \/>\n<meta property=\"og:image\" content=\"https:\/\/sagardoarenlurraldea.eus\/wp-content\/uploads\/2021\/01\/bb_20200116834700-scaled.jpg\" \/>\n\t<meta property=\"og:image:width\" content=\"2560\" \/>\n\t<meta property=\"og:image:height\" content=\"1796\" \/>\n\t<meta property=\"og:image:type\" content=\"image\/jpeg\" \/>\n<meta name=\"author\" content=\"Leire\" \/>\n<meta name=\"twitter:card\" content=\"summary_large_image\" \/>\n<meta name=\"twitter:label1\" content=\"Written by\" \/>\n\t<meta name=\"twitter:data1\" content=\"Leire\" \/>\n\t<meta name=\"twitter:label2\" content=\"Est. reading time\" \/>\n\t<meta name=\"twitter:data2\" content=\"1 minutua\" \/>\n<script type=\"application\/ld+json\" class=\"yoast-schema-graph\">{\"@context\":\"https:\/\/schema.org\",\"@graph\":[{\"@type\":\"WebPage\",\"@id\":\"https:\/\/sagardoarenlurraldea.eus\/eu\/blog\/xxviii-sagardo-berriaren-egunaren-ospakizuna-bertan-behera-geratu-da\/\",\"url\":\"https:\/\/sagardoarenlurraldea.eus\/eu\/blog\/xxviii-sagardo-berriaren-egunaren-ospakizuna-bertan-behera-geratu-da\/\",\"name\":\"XXVIII. Sagardo Berriaren Egunaren ospakizuna bertan behera geratu da - Sagardoaren Lurraldea\",\"isPartOf\":{\"@id\":\"https:\/\/sagardoarenlurraldea.eus\/eu\/#website\"},\"primaryImageOfPage\":{\"@id\":\"https:\/\/sagardoarenlurraldea.eus\/eu\/blog\/xxviii-sagardo-berriaren-egunaren-ospakizuna-bertan-behera-geratu-da\/#primaryimage\"},\"image\":{\"@id\":\"https:\/\/sagardoarenlurraldea.eus\/eu\/blog\/xxviii-sagardo-berriaren-egunaren-ospakizuna-bertan-behera-geratu-da\/#primaryimage\"},\"thumbnailUrl\":\"https:\/\/sagardoarenlurraldea.eus\/wp-content\/uploads\/2021\/01\/bb_20200116834700-scaled.jpg\",\"datePublished\":\"2021-01-27T12:31:11+00:00\",\"author\":{\"@id\":\"https:\/\/sagardoarenlurraldea.eus\/eu\/#\/schema\/person\/c0d273e025ac5dbf969479b4523c9763\"},\"breadcrumb\":{\"@id\":\"https:\/\/sagardoarenlurraldea.eus\/eu\/blog\/xxviii-sagardo-berriaren-egunaren-ospakizuna-bertan-behera-geratu-da\/#breadcrumb\"},\"inLanguage\":\"eu\",\"potentialAction\":[{\"@type\":\"ReadAction\",\"target\":[\"https:\/\/sagardoarenlurraldea.eus\/eu\/blog\/xxviii-sagardo-berriaren-egunaren-ospakizuna-bertan-behera-geratu-da\/\"]}]},{\"@type\":\"ImageObject\",\"inLanguage\":\"eu\",\"@id\":\"https:\/\/sagardoarenlurraldea.eus\/eu\/blog\/xxviii-sagardo-berriaren-egunaren-ospakizuna-bertan-behera-geratu-da\/#primaryimage\",\"url\":\"https:\/\/sagardoarenlurraldea.eus\/wp-content\/uploads\/2021\/01\/bb_20200116834700-scaled.jpg\",\"contentUrl\":\"https:\/\/sagardoarenlurraldea.eus\/wp-content\/uploads\/2021\/01\/bb_20200116834700-scaled.jpg\",\"width\":2560,\"height\":1796,\"caption\":\"2020-01-15, Astigarraga. Txotx denboraldiaren irekiera Sagardoetxean, lehenik aurkezpena, ondoren sagarrondoa landatu Izarok eta Txotx irekiera Alorrenea sagardotegian. Arratsaldez ekitaldi ezberdinak, irudian Izaro eta dantzariak, sagar-dantza 15-01-2020, Astigarraga. Apertura de la temporada de Sidrer\u00edas en Astigarraga en Sagardoetxea la presentaci\u00f3n, despiu\u00e9s la plantaci\u00f3n del manzano por parte de Izaro y despu\u00e9s apertura de la temporada en Alorrenea. Durante la tarde distintas actividades, en la imagen Izaro y dantzaris, sagar-dantza\"},{\"@type\":\"BreadcrumbList\",\"@id\":\"https:\/\/sagardoarenlurraldea.eus\/eu\/blog\/xxviii-sagardo-berriaren-egunaren-ospakizuna-bertan-behera-geratu-da\/#breadcrumb\",\"itemListElement\":[{\"@type\":\"ListItem\",\"position\":1,\"name\":\"Inicio\",\"item\":\"https:\/\/sagardoarenlurraldea.eus\/eu\/\"},{\"@type\":\"ListItem\",\"position\":2,\"name\":\"XXVIII. Sagardo Berriaren Egunaren ospakizuna bertan behera geratu da\"}]},{\"@type\":\"WebSite\",\"@id\":\"https:\/\/sagardoarenlurraldea.eus\/eu\/#website\",\"url\":\"https:\/\/sagardoarenlurraldea.eus\/eu\/\",\"name\":\"Sagardoaren Lurraldea\",\"description\":\"El territorio de la sidra\",\"potentialAction\":[{\"@type\":\"SearchAction\",\"target\":{\"@type\":\"EntryPoint\",\"urlTemplate\":\"https:\/\/sagardoarenlurraldea.eus\/eu\/?s={search_term_string}\"},\"query-input\":{\"@type\":\"PropertyValueSpecification\",\"valueRequired\":true,\"valueName\":\"search_term_string\"}}],\"inLanguage\":\"eu\"},{\"@type\":\"Person\",\"@id\":\"https:\/\/sagardoarenlurraldea.eus\/eu\/#\/schema\/person\/c0d273e025ac5dbf969479b4523c9763\",\"name\":\"Leire\",\"image\":{\"@type\":\"ImageObject\",\"inLanguage\":\"eu\",\"@id\":\"https:\/\/sagardoarenlurraldea.eus\/eu\/#\/schema\/person\/image\/\",\"url\":\"https:\/\/secure.gravatar.com\/avatar\/102f988b53fb26afcecf0c4021ce7306431d7c6dcec997c8578b92a1112bcd81?s=96&d=mm&r=g\",\"contentUrl\":\"https:\/\/secure.gravatar.com\/avatar\/102f988b53fb26afcecf0c4021ce7306431d7c6dcec997c8578b92a1112bcd81?s=96&d=mm&r=g\",\"caption\":\"Leire\"}}]}<\/script>\n<!-- \/ Yoast SEO plugin. -->","yoast_head_json":{"title":"XXVIII. Sagardo Berriaren Egunaren ospakizuna bertan behera geratu da - Sagardoaren Lurraldea","robots":{"index":"index","follow":"follow","max-snippet":"max-snippet:-1","max-image-preview":"max-image-preview:large","max-video-preview":"max-video-preview:-1"},"canonical":"https:\/\/sagardoarenlurraldea.eus\/eu\/blog\/xxviii-sagardo-berriaren-egunaren-ospakizuna-bertan-behera-geratu-da\/","og_locale":"en_US","og_type":"article","og_title":"XXVIII. Sagardo Berriaren Egunaren ospakizuna bertan behera geratu da - Sagardoaren Lurraldea","og_description":"Pandemiaren egoera dela, otsailaren 3an ospatzekoa zen 2021eko sagardo denboraldiaren irekiera iragartzeko &#8220;XXVIII. Sagardo Berriaren Eguna&#8221; ez ospatzea eta ekitaldia bertan behera uzteko erabakia hartu da. Covid-19ak eragindako egoera dela [&hellip;]","og_url":"https:\/\/sagardoarenlurraldea.eus\/eu\/blog\/xxviii-sagardo-berriaren-egunaren-ospakizuna-bertan-behera-geratu-da\/","og_site_name":"Sagardoaren Lurraldea","article_publisher":"https:\/\/www.facebook.com\/sagardoarenlurraldea","article_published_time":"2021-01-27T12:31:11+00:00","og_image":[{"width":2560,"height":1796,"url":"https:\/\/sagardoarenlurraldea.eus\/wp-content\/uploads\/2021\/01\/bb_20200116834700-scaled.jpg","type":"image\/jpeg"}],"author":"Leire","twitter_card":"summary_large_image","twitter_misc":{"Written by":"Leire","Est. reading time":"1 minutua"},"schema":{"@context":"https:\/\/schema.org","@graph":[{"@type":"WebPage","@id":"https:\/\/sagardoarenlurraldea.eus\/eu\/blog\/xxviii-sagardo-berriaren-egunaren-ospakizuna-bertan-behera-geratu-da\/","url":"https:\/\/sagardoarenlurraldea.eus\/eu\/blog\/xxviii-sagardo-berriaren-egunaren-ospakizuna-bertan-behera-geratu-da\/","name":"XXVIII. Sagardo Berriaren Egunaren ospakizuna bertan behera geratu da - Sagardoaren Lurraldea","isPartOf":{"@id":"https:\/\/sagardoarenlurraldea.eus\/eu\/#website"},"primaryImageOfPage":{"@id":"https:\/\/sagardoarenlurraldea.eus\/eu\/blog\/xxviii-sagardo-berriaren-egunaren-ospakizuna-bertan-behera-geratu-da\/#primaryimage"},"image":{"@id":"https:\/\/sagardoarenlurraldea.eus\/eu\/blog\/xxviii-sagardo-berriaren-egunaren-ospakizuna-bertan-behera-geratu-da\/#primaryimage"},"thumbnailUrl":"https:\/\/sagardoarenlurraldea.eus\/wp-content\/uploads\/2021\/01\/bb_20200116834700-scaled.jpg","datePublished":"2021-01-27T12:31:11+00:00","author":{"@id":"https:\/\/sagardoarenlurraldea.eus\/eu\/#\/schema\/person\/c0d273e025ac5dbf969479b4523c9763"},"breadcrumb":{"@id":"https:\/\/sagardoarenlurraldea.eus\/eu\/blog\/xxviii-sagardo-berriaren-egunaren-ospakizuna-bertan-behera-geratu-da\/#breadcrumb"},"inLanguage":"eu","potentialAction":[{"@type":"ReadAction","target":["https:\/\/sagardoarenlurraldea.eus\/eu\/blog\/xxviii-sagardo-berriaren-egunaren-ospakizuna-bertan-behera-geratu-da\/"]}]},{"@type":"ImageObject","inLanguage":"eu","@id":"https:\/\/sagardoarenlurraldea.eus\/eu\/blog\/xxviii-sagardo-berriaren-egunaren-ospakizuna-bertan-behera-geratu-da\/#primaryimage","url":"https:\/\/sagardoarenlurraldea.eus\/wp-content\/uploads\/2021\/01\/bb_20200116834700-scaled.jpg","contentUrl":"https:\/\/sagardoarenlurraldea.eus\/wp-content\/uploads\/2021\/01\/bb_20200116834700-scaled.jpg","width":2560,"height":1796,"caption":"2020-01-15, Astigarraga. Txotx denboraldiaren irekiera Sagardoetxean, lehenik aurkezpena, ondoren sagarrondoa landatu Izarok eta Txotx irekiera Alorrenea sagardotegian. Arratsaldez ekitaldi ezberdinak, irudian Izaro eta dantzariak, sagar-dantza 15-01-2020, Astigarraga. Apertura de la temporada de Sidrer\u00edas en Astigarraga en Sagardoetxea la presentaci\u00f3n, despiu\u00e9s la plantaci\u00f3n del manzano por parte de Izaro y despu\u00e9s apertura de la temporada en Alorrenea. Durante la tarde distintas actividades, en la imagen Izaro y dantzaris, sagar-dantza"},{"@type":"BreadcrumbList","@id":"https:\/\/sagardoarenlurraldea.eus\/eu\/blog\/xxviii-sagardo-berriaren-egunaren-ospakizuna-bertan-behera-geratu-da\/#breadcrumb","itemListElement":[{"@type":"ListItem","position":1,"name":"Inicio","item":"https:\/\/sagardoarenlurraldea.eus\/eu\/"},{"@type":"ListItem","position":2,"name":"XXVIII. Sagardo Berriaren Egunaren ospakizuna bertan behera geratu da"}]},{"@type":"WebSite","@id":"https:\/\/sagardoarenlurraldea.eus\/eu\/#website","url":"https:\/\/sagardoarenlurraldea.eus\/eu\/","name":"Sagardoaren Lurraldea","description":"El territorio de la sidra","potentialAction":[{"@type":"SearchAction","target":{"@type":"EntryPoint","urlTemplate":"https:\/\/sagardoarenlurraldea.eus\/eu\/?s={search_term_string}"},"query-input":{"@type":"PropertyValueSpecification","valueRequired":true,"valueName":"search_term_string"}}],"inLanguage":"eu"},{"@type":"Person","@id":"https:\/\/sagardoarenlurraldea.eus\/eu\/#\/schema\/person\/c0d273e025ac5dbf969479b4523c9763","name":"Leire","image":{"@type":"ImageObject","inLanguage":"eu","@id":"https:\/\/sagardoarenlurraldea.eus\/eu\/#\/schema\/person\/image\/","url":"https:\/\/secure.gravatar.com\/avatar\/102f988b53fb26afcecf0c4021ce7306431d7c6dcec997c8578b92a1112bcd81?s=96&d=mm&r=g","contentUrl":"https:\/\/secure.gravatar.com\/avatar\/102f988b53fb26afcecf0c4021ce7306431d7c6dcec997c8578b92a1112bcd81?s=96&d=mm&r=g","caption":"Leire"}}]}},"_links":{"self":[{"href":"https:\/\/sagardoarenlurraldea.eus\/eu\/wp-json\/wp\/v2\/posts\/153709","targetHints":{"allow":["GET"]}}],"collection":[{"href":"https:\/\/sagardoarenlurraldea.eus\/eu\/wp-json\/wp\/v2\/posts"}],"about":[{"href":"https:\/\/sagardoarenlurraldea.eus\/eu\/wp-json\/wp\/v2\/types\/post"}],"author":[{"embeddable":true,"href":"https:\/\/sagardoarenlurraldea.eus\/eu\/wp-json\/wp\/v2\/users\/8"}],"replies":[{"embeddable":true,"href":"https:\/\/sagardoarenlurraldea.eus\/eu\/wp-json\/wp\/v2\/comments?post=153709"}],"version-history":[{"count":0,"href":"https:\/\/sagardoarenlurraldea.eus\/eu\/wp-json\/wp\/v2\/posts\/153709\/revisions"}],"wp:featuredmedia":[{"embeddable":true,"href":"https:\/\/sagardoarenlurraldea.eus\/eu\/wp-json\/wp\/v2\/media\/153704"}],"wp:attachment":[{"href":"https:\/\/sagardoarenlurraldea.eus\/eu\/wp-json\/wp\/v2\/media?parent=153709"}],"wp:term":[{"taxonomy":"category","embeddable":true,"href":"https:\/\/sagardoarenlurraldea.eus\/eu\/wp-json\/wp\/v2\/categories?post=153709"},{"taxonomy":"post_tag","embeddable":true,"href":"https:\/\/sagardoarenlurraldea.eus\/eu\/wp-json\/wp\/v2\/tags?post=153709"}],"curies":[{"name":"wp","href":"https:\/\/api.w.org\/{rel}","templated":true}]}}