{"id":127953,"date":"2020-01-16T12:41:41","date_gmt":"2020-01-16T10:41:41","guid":{"rendered":"http:\/\/www.sagardoarenlurraldea.eus\/izaro-da-comienzo-a-la-temporada-del-txotx-2020\/"},"modified":"2020-01-17T18:28:00","modified_gmt":"2020-01-17T16:28:00","slug":"izarok-hasi-du-2020ko-txotx-denboraldia","status":"publish","type":"post","link":"https:\/\/sagardoarenlurraldea.eus\/eu\/blog\/izarok-hasi-du-2020ko-txotx-denboraldia\/","title":{"rendered":"Izarok hasi du 2020ko txotx denboraldia"},"content":{"rendered":"<p><strong>&#8220;Gure Sagardo Berria&#8221; oihu eginda, Izaro Andres abeslariak 2020ko txotx bolada ireki du Astigarragako Alorrenea sagardotegian, XXVII. Sagardo Berriaren Egunaren ospakizunean. Aurretik, sagarrondo berri bat landatu du Sagardoetxeako sagastian.<\/strong><\/p>\n<p>Ekitaldia eguerdiko 12:00etan hasi da\u00a0Sagardoetxean\u00a0prentsaurrekoarekin eta bertan izan dira\u00a0<strong>Xabier Urdangarin<\/strong> (Astigarragako alkatea), <strong>Imanol Lasa<\/strong> (Ekonomia Sustapen, Turismo eta Landa Ingurune diputatua), <strong>Peli Manterola<\/strong> (Eusko Jaurlaritzako Elikagaien Kalitate eta Industria zuzendaria), <strong>Unai Agirre<\/strong> (Euskal Sagardoa Jatorri Izendapeneko gerentea), <strong>Nere Lizeaga<\/strong> (Sagardoaren Lurraldeko sagardogileen ordezkaria) eta <strong>Izaro Andr\u00e9s<\/strong> abeslaria.<\/p>\n<p><strong>Xabier Urdangarin<\/strong> alkateak Astigarragako elkarteek sagardoaren kultura sustatzeko egiten duten lana aitortu du eta nabarmendu, &#8220;elkarlana beharrezkoa izango dela etorkizuneko erronkei aurre egiteko&#8221;. Halaber, sagardozaleak gonbidatu ditu Beterriko sagardotegietara etortzera.<\/p>\n<p>Ahalegin horretan parte hartzen duen erakundeetako bat da Gipuzkoako Foru Aldundia. <strong>Imanol Lasa<\/strong> diputatuak gogora ekarri du 2016tik bertako sagarrondoak sustatzeko erakundeak aurrera daraman apustua. Horren erakusgarri, onartu berri duten ia 300.000\u20ac diru laguntza deialdia. Neurri horri esker, bertako sagarrarekin egindako sagardoa %30 arte hazi da, &#8220;espero dugu %100tik gertu egotea legealdi amaieran&#8221;. Eusko Jaurlaritzak ere bat egiten du bertako sagardoa nazioartean ezagutarazi eta merkaturatzeko helburuarekin, esportazio kuota %5etik gora eramateko. Lan horren isla da,\u00a0<strong>Peli Manterola<\/strong> Eusko Jaurlaritzako zuzendariak gogoratu duenez, Euskadi eta hemengo sagardoa Frankfuteko Cider World azokako Guest of Honor gonbidatua izatea aurten. &#8220;Gonbidapen horren atzean sagardoaren inguruko ekosistema osoaren lana dago&#8221;.<\/p>\n<p>Bestalde, Unai Agirrek eta Nere Lizeagak aurtengo ekoizpenaren inguruko datuak eman dituzte.<\/p>\n<p><strong>Sagardoa<\/strong><\/p>\n<p>2019ko uztarekin\u00a012 bat milioi litro\u00a0sagardo ekoiztu dira Euskal Herrian, 8,5 milioi bertako sagarrarekin. Euskal Sagardoa Jatorri Izendapenak egiaztatutako 3 milioi litro sagardo ekoiztu dira. Guztira 48 sagardotegik egin dute Euskal Sagardora bideratutako sagardoa: Gipuzkoako 41ek, Bizkaiko 5ek eta Arabako 2k.<\/p>\n<p><strong>Unai Agirrek<\/strong> nabarmendu du ekoizpena hazten doala eta laugarren uzta honetan %30etik gertu ibili dela; baina ahalegina merkaturatzean jarri behar dutela. &#8220;Sagardoa beste modu batean kontsumitzea sustatu behar da eta produktuak duen kalitateari dagokion moduan saldu behar da&#8221;. Horregatik, 2020a estrategikoa izango da Ostalaritzan sustatzeko.<\/p>\n<p><strong>Sagardo dastaketa<\/strong><\/p>\n<p><strong>Nere Lizeagak<\/strong> azaldu du heldutasuna iazkoa baino apur bat atzeratuago etorri dela\u00a0 eta azukre gutxiago duenez, sagardo ehuneko txikiagoa du sagardoak.<\/p>\n<p>&#8211; Aurreko urteetan baino <strong>kolore alaiagoa<\/strong> du.<br \/>\n&#8211; Usaimenean<strong> oso garbia<\/strong> da. Sagardoek fruta fresko usaina dute.<br \/>\n&#8211; Karboniko maila ona duten sagardo naturalak dira, kupeleko hartzidura ondo egin baita.<br \/>\n&#8211; Orokorrean sagardo oso <strong>orekatua<\/strong> da.<\/p>\n<p>Azkenik, <strong>Izarok <\/strong>adierazi du &#8220;oso eskertua eta ohoretua&#8221; dagoela &#8220;horrenbeste denbora, lan eta jenderen ahalegina&#8221; ezkutatzen duen edari honen denborada irekieran gonbidatua izateagatik.<\/p>\n<p>Prentsaurrekoaren ostean, Izarok\u00a0sagarrondo\u00a0berri bat landatu du Sagardoetxeako sagastian, eta ondoren, ekitaldiko unerik garrantzitsuena iritsi da: Astigarragako\u00a0Alorrenea sagardotegian\u00a0\u201cGure Sagardo Berria\u201d esanda,\u00a0Izarok\u00a0lehen kupela ireki du, eta honekin batera,\u00a02020ko sagardo denboraldi berriari ekin zaio.<\/p>\n<p><strong><a href=\"https:\/\/www.dropbox.com\/sh\/ywnb3pf7j6xnonp\/AACjnj64Aaifr1_Unu9JziW1a?dl=0\" target=\"_blank\" rel=\"noopener noreferrer\">Eskuratu 2020ko txotx irekierako argazkiak<br \/>\n<\/a><\/strong><strong><a href=\"https:\/\/sagardoarenlurraldea.eus\/wp-content\/uploads\/2020\/01\/SBE-2020-Prentsa-Dossierra.pdf\" target=\"_blank\" rel=\"noopener noreferrer\">Eskuratu prentsa dosierra PDF formatuan<\/a><\/strong><\/p>\n\n\t\t<style type=\"text\/css\">\n\t\t\t#gallery-1 {\n\t\t\t\tmargin: auto;\n\t\t\t}\n\t\t\t#gallery-1 .gallery-item {\n\t\t\t\tfloat: left;\n\t\t\t\tmargin-top: 10px;\n\t\t\t\ttext-align: center;\n\t\t\t\twidth: 25%;\n\t\t\t}\n\t\t\t#gallery-1 img {\n\t\t\t\tborder: 2px solid #cfcfcf;\n\t\t\t}\n\t\t\t#gallery-1 .gallery-caption {\n\t\t\t\tmargin-left: 0;\n\t\t\t}\n\t\t\t\/* see gallery_shortcode() in wp-includes\/media.php *\/\n\t\t<\/style>\n\t\t<div id='gallery-1' class='gallery galleryid-127953 gallery-columns-4 gallery-size-thumbnail'><dl class='gallery-item'>\n\t\t\t<dt class='gallery-icon landscape'>\n\t\t\t\t<a href='https:\/\/sagardoarenlurraldea.eus\/eu\/blog\/izarok-hasi-du-2020ko-txotx-denboraldia\/1-5-2\/'><img width=\"150\" height=\"104\" src=\"https:\/\/sagardoarenlurraldea.eus\/wp-content\/uploads\/2020\/01\/1-scaled.jpg\" class=\"attachment-thumbnail size-thumbnail\" alt=\"\" srcset=\"https:\/\/sagardoarenlurraldea.eus\/wp-content\/uploads\/2020\/01\/1-scaled.jpg 2560w, https:\/\/sagardoarenlurraldea.eus\/wp-content\/uploads\/2020\/01\/1-510x354.jpg 510w\" sizes=\"(max-width: 150px) 100vw, 150px\" \/><\/a>\n\t\t\t<\/dt><\/dl><dl class='gallery-item'>\n\t\t\t<dt class='gallery-icon landscape'>\n\t\t\t\t<a href='https:\/\/sagardoarenlurraldea.eus\/eu\/blog\/izarok-hasi-du-2020ko-txotx-denboraldia\/2-4-2\/'><img width=\"150\" height=\"105\" src=\"https:\/\/sagardoarenlurraldea.eus\/wp-content\/uploads\/2020\/01\/2-scaled.jpg\" class=\"attachment-thumbnail size-thumbnail\" alt=\"\" srcset=\"https:\/\/sagardoarenlurraldea.eus\/wp-content\/uploads\/2020\/01\/2-scaled.jpg 2560w, https:\/\/sagardoarenlurraldea.eus\/wp-content\/uploads\/2020\/01\/2-510x357.jpg 510w\" sizes=\"(max-width: 150px) 100vw, 150px\" \/><\/a>\n\t\t\t<\/dt><\/dl><dl class='gallery-item'>\n\t\t\t<dt class='gallery-icon landscape'>\n\t\t\t\t<a href='https:\/\/sagardoarenlurraldea.eus\/eu\/blog\/izarok-hasi-du-2020ko-txotx-denboraldia\/3-4-2\/'><img width=\"150\" height=\"87\" src=\"https:\/\/sagardoarenlurraldea.eus\/wp-content\/uploads\/2020\/01\/3-scaled.jpg\" class=\"attachment-thumbnail size-thumbnail\" alt=\"\" srcset=\"https:\/\/sagardoarenlurraldea.eus\/wp-content\/uploads\/2020\/01\/3-scaled.jpg 2560w, https:\/\/sagardoarenlurraldea.eus\/wp-content\/uploads\/2020\/01\/3-510x297.jpg 510w\" sizes=\"(max-width: 150px) 100vw, 150px\" \/><\/a>\n\t\t\t<\/dt><\/dl><dl class='gallery-item'>\n\t\t\t<dt class='gallery-icon landscape'>\n\t\t\t\t<a href='https:\/\/sagardoarenlurraldea.eus\/eu\/blog\/izarok-hasi-du-2020ko-txotx-denboraldia\/4-2-2\/'><img width=\"150\" height=\"100\" src=\"https:\/\/sagardoarenlurraldea.eus\/wp-content\/uploads\/2020\/01\/4-scaled.jpg\" class=\"attachment-thumbnail size-thumbnail\" alt=\"\" srcset=\"https:\/\/sagardoarenlurraldea.eus\/wp-content\/uploads\/2020\/01\/4-scaled.jpg 2560w, https:\/\/sagardoarenlurraldea.eus\/wp-content\/uploads\/2020\/01\/4-510x340.jpg 510w\" sizes=\"(max-width: 150px) 100vw, 150px\" \/><\/a>\n\t\t\t<\/dt><\/dl><br style=\"clear: both\" \/><dl class='gallery-item'>\n\t\t\t<dt class='gallery-icon landscape'>\n\t\t\t\t<a href='https:\/\/sagardoarenlurraldea.eus\/eu\/blog\/izarok-hasi-du-2020ko-txotx-denboraldia\/5-2-2\/'><img width=\"150\" height=\"100\" src=\"https:\/\/sagardoarenlurraldea.eus\/wp-content\/uploads\/2020\/01\/5-scaled.jpg\" class=\"attachment-thumbnail size-thumbnail\" alt=\"\" srcset=\"https:\/\/sagardoarenlurraldea.eus\/wp-content\/uploads\/2020\/01\/5-scaled.jpg 2560w, https:\/\/sagardoarenlurraldea.eus\/wp-content\/uploads\/2020\/01\/5-510x340.jpg 510w\" sizes=\"(max-width: 150px) 100vw, 150px\" \/><\/a>\n\t\t\t<\/dt><\/dl><dl class='gallery-item'>\n\t\t\t<dt class='gallery-icon landscape'>\n\t\t\t\t<a href='https:\/\/sagardoarenlurraldea.eus\/eu\/blog\/izarok-hasi-du-2020ko-txotx-denboraldia\/6-2-2\/'><img width=\"150\" height=\"100\" src=\"https:\/\/sagardoarenlurraldea.eus\/wp-content\/uploads\/2020\/01\/6-scaled.jpg\" class=\"attachment-thumbnail size-thumbnail\" alt=\"\" srcset=\"https:\/\/sagardoarenlurraldea.eus\/wp-content\/uploads\/2020\/01\/6-scaled.jpg 2560w, https:\/\/sagardoarenlurraldea.eus\/wp-content\/uploads\/2020\/01\/6-510x340.jpg 510w\" sizes=\"(max-width: 150px) 100vw, 150px\" \/><\/a>\n\t\t\t<\/dt><\/dl><dl class='gallery-item'>\n\t\t\t<dt class='gallery-icon landscape'>\n\t\t\t\t<a href='https:\/\/sagardoarenlurraldea.eus\/eu\/blog\/izarok-hasi-du-2020ko-txotx-denboraldia\/7-2-2\/'><img width=\"150\" height=\"78\" src=\"https:\/\/sagardoarenlurraldea.eus\/wp-content\/uploads\/2020\/01\/7-scaled.jpg\" class=\"attachment-thumbnail size-thumbnail\" alt=\"\" srcset=\"https:\/\/sagardoarenlurraldea.eus\/wp-content\/uploads\/2020\/01\/7-scaled.jpg 2560w, https:\/\/sagardoarenlurraldea.eus\/wp-content\/uploads\/2020\/01\/7-510x264.jpg 510w\" sizes=\"(max-width: 150px) 100vw, 150px\" \/><\/a>\n\t\t\t<\/dt><\/dl><dl class='gallery-item'>\n\t\t\t<dt class='gallery-icon landscape'>\n\t\t\t\t<a href='https:\/\/sagardoarenlurraldea.eus\/eu\/blog\/izarok-hasi-du-2020ko-txotx-denboraldia\/9-2-2\/'><img width=\"150\" height=\"100\" src=\"https:\/\/sagardoarenlurraldea.eus\/wp-content\/uploads\/2020\/01\/9-scaled.jpg\" class=\"attachment-thumbnail size-thumbnail\" alt=\"\" srcset=\"https:\/\/sagardoarenlurraldea.eus\/wp-content\/uploads\/2020\/01\/9-scaled.jpg 2560w, https:\/\/sagardoarenlurraldea.eus\/wp-content\/uploads\/2020\/01\/9-510x340.jpg 510w\" sizes=\"(max-width: 150px) 100vw, 150px\" \/><\/a>\n\t\t\t<\/dt><\/dl><br style=\"clear: both\" \/><dl class='gallery-item'>\n\t\t\t<dt class='gallery-icon landscape'>\n\t\t\t\t<a href='https:\/\/sagardoarenlurraldea.eus\/eu\/blog\/izarok-hasi-du-2020ko-txotx-denboraldia\/10-2-2\/'><img width=\"150\" height=\"100\" src=\"https:\/\/sagardoarenlurraldea.eus\/wp-content\/uploads\/2020\/01\/10-scaled.jpg\" class=\"attachment-thumbnail size-thumbnail\" alt=\"\" srcset=\"https:\/\/sagardoarenlurraldea.eus\/wp-content\/uploads\/2020\/01\/10-scaled.jpg 2560w, https:\/\/sagardoarenlurraldea.eus\/wp-content\/uploads\/2020\/01\/10-510x340.jpg 510w\" sizes=\"(max-width: 150px) 100vw, 150px\" \/><\/a>\n\t\t\t<\/dt><\/dl><dl class='gallery-item'>\n\t\t\t<dt class='gallery-icon landscape'>\n\t\t\t\t<a href='https:\/\/sagardoarenlurraldea.eus\/eu\/blog\/izarok-hasi-du-2020ko-txotx-denboraldia\/11-2-2\/'><img width=\"150\" height=\"102\" src=\"https:\/\/sagardoarenlurraldea.eus\/wp-content\/uploads\/2020\/01\/11-scaled.jpg\" class=\"attachment-thumbnail size-thumbnail\" alt=\"\" srcset=\"https:\/\/sagardoarenlurraldea.eus\/wp-content\/uploads\/2020\/01\/11-scaled.jpg 2560w, https:\/\/sagardoarenlurraldea.eus\/wp-content\/uploads\/2020\/01\/11-510x346.jpg 510w\" sizes=\"(max-width: 150px) 100vw, 150px\" \/><\/a>\n\t\t\t<\/dt><\/dl><dl class='gallery-item'>\n\t\t\t<dt class='gallery-icon landscape'>\n\t\t\t\t<a href='https:\/\/sagardoarenlurraldea.eus\/eu\/blog\/izarok-hasi-du-2020ko-txotx-denboraldia\/12-2-2\/'><img width=\"150\" height=\"100\" src=\"https:\/\/sagardoarenlurraldea.eus\/wp-content\/uploads\/2020\/01\/12-scaled.jpg\" class=\"attachment-thumbnail size-thumbnail\" alt=\"\" srcset=\"https:\/\/sagardoarenlurraldea.eus\/wp-content\/uploads\/2020\/01\/12-scaled.jpg 2560w, https:\/\/sagardoarenlurraldea.eus\/wp-content\/uploads\/2020\/01\/12-510x340.jpg 510w\" sizes=\"(max-width: 150px) 100vw, 150px\" \/><\/a>\n\t\t\t<\/dt><\/dl><dl class='gallery-item'>\n\t\t\t<dt class='gallery-icon landscape'>\n\t\t\t\t<a href='https:\/\/sagardoarenlurraldea.eus\/eu\/blog\/izarok-hasi-du-2020ko-txotx-denboraldia\/13-2-2\/'><img width=\"150\" height=\"93\" src=\"https:\/\/sagardoarenlurraldea.eus\/wp-content\/uploads\/2020\/01\/13-scaled.jpg\" class=\"attachment-thumbnail size-thumbnail\" alt=\"\" srcset=\"https:\/\/sagardoarenlurraldea.eus\/wp-content\/uploads\/2020\/01\/13-scaled.jpg 2560w, https:\/\/sagardoarenlurraldea.eus\/wp-content\/uploads\/2020\/01\/13-510x315.jpg 510w\" sizes=\"(max-width: 150px) 100vw, 150px\" \/><\/a>\n\t\t\t<\/dt><\/dl><br style=\"clear: both\" \/><dl class='gallery-item'>\n\t\t\t<dt class='gallery-icon landscape'>\n\t\t\t\t<a href='https:\/\/sagardoarenlurraldea.eus\/eu\/blog\/izarok-hasi-du-2020ko-txotx-denboraldia\/13a-2\/'><img width=\"150\" height=\"102\" src=\"https:\/\/sagardoarenlurraldea.eus\/wp-content\/uploads\/2020\/01\/13a-scaled.jpg\" class=\"attachment-thumbnail size-thumbnail\" alt=\"\" srcset=\"https:\/\/sagardoarenlurraldea.eus\/wp-content\/uploads\/2020\/01\/13a-scaled.jpg 2560w, https:\/\/sagardoarenlurraldea.eus\/wp-content\/uploads\/2020\/01\/13a-510x347.jpg 510w\" sizes=\"(max-width: 150px) 100vw, 150px\" \/><\/a>\n\t\t\t<\/dt><\/dl><dl class='gallery-item'>\n\t\t\t<dt class='gallery-icon landscape'>\n\t\t\t\t<a href='https:\/\/sagardoarenlurraldea.eus\/eu\/blog\/izarok-hasi-du-2020ko-txotx-denboraldia\/14-2-2\/'><img width=\"150\" height=\"94\" src=\"https:\/\/sagardoarenlurraldea.eus\/wp-content\/uploads\/2020\/01\/14-scaled.jpg\" class=\"attachment-thumbnail size-thumbnail\" alt=\"\" srcset=\"https:\/\/sagardoarenlurraldea.eus\/wp-content\/uploads\/2020\/01\/14-scaled.jpg 2560w, https:\/\/sagardoarenlurraldea.eus\/wp-content\/uploads\/2020\/01\/14-510x319.jpg 510w\" sizes=\"(max-width: 150px) 100vw, 150px\" \/><\/a>\n\t\t\t<\/dt><\/dl><dl class='gallery-item'>\n\t\t\t<dt class='gallery-icon landscape'>\n\t\t\t\t<a href='https:\/\/sagardoarenlurraldea.eus\/eu\/blog\/izarok-hasi-du-2020ko-txotx-denboraldia\/15-2-2\/'><img width=\"150\" height=\"100\" src=\"https:\/\/sagardoarenlurraldea.eus\/wp-content\/uploads\/2020\/01\/15-scaled.jpg\" class=\"attachment-thumbnail size-thumbnail\" alt=\"\" srcset=\"https:\/\/sagardoarenlurraldea.eus\/wp-content\/uploads\/2020\/01\/15-scaled.jpg 2560w, https:\/\/sagardoarenlurraldea.eus\/wp-content\/uploads\/2020\/01\/15-510x340.jpg 510w\" sizes=\"(max-width: 150px) 100vw, 150px\" \/><\/a>\n\t\t\t<\/dt><\/dl><dl class='gallery-item'>\n\t\t\t<dt class='gallery-icon landscape'>\n\t\t\t\t<a href='https:\/\/sagardoarenlurraldea.eus\/eu\/blog\/izarok-hasi-du-2020ko-txotx-denboraldia\/16-2-2\/'><img width=\"150\" height=\"100\" src=\"https:\/\/sagardoarenlurraldea.eus\/wp-content\/uploads\/2020\/01\/16-scaled.jpg\" class=\"attachment-thumbnail size-thumbnail\" alt=\"\" srcset=\"https:\/\/sagardoarenlurraldea.eus\/wp-content\/uploads\/2020\/01\/16-scaled.jpg 2560w, https:\/\/sagardoarenlurraldea.eus\/wp-content\/uploads\/2020\/01\/16-510x340.jpg 510w\" sizes=\"(max-width: 150px) 100vw, 150px\" \/><\/a>\n\t\t\t<\/dt><\/dl><br style=\"clear: both\" \/><dl class='gallery-item'>\n\t\t\t<dt class='gallery-icon landscape'>\n\t\t\t\t<a href='https:\/\/sagardoarenlurraldea.eus\/eu\/blog\/izarok-hasi-du-2020ko-txotx-denboraldia\/18-2-2\/'><img width=\"150\" height=\"100\" src=\"https:\/\/sagardoarenlurraldea.eus\/wp-content\/uploads\/2020\/01\/18-scaled.jpg\" class=\"attachment-thumbnail size-thumbnail\" alt=\"\" srcset=\"https:\/\/sagardoarenlurraldea.eus\/wp-content\/uploads\/2020\/01\/18-scaled.jpg 2560w, https:\/\/sagardoarenlurraldea.eus\/wp-content\/uploads\/2020\/01\/18-510x340.jpg 510w\" sizes=\"(max-width: 150px) 100vw, 150px\" \/><\/a>\n\t\t\t<\/dt><\/dl><dl class='gallery-item'>\n\t\t\t<dt class='gallery-icon landscape'>\n\t\t\t\t<a href='https:\/\/sagardoarenlurraldea.eus\/eu\/blog\/izarok-hasi-du-2020ko-txotx-denboraldia\/19-2-2\/'><img width=\"150\" height=\"100\" src=\"https:\/\/sagardoarenlurraldea.eus\/wp-content\/uploads\/2020\/01\/19-scaled.jpg\" class=\"attachment-thumbnail size-thumbnail\" alt=\"\" srcset=\"https:\/\/sagardoarenlurraldea.eus\/wp-content\/uploads\/2020\/01\/19-scaled.jpg 2560w, https:\/\/sagardoarenlurraldea.eus\/wp-content\/uploads\/2020\/01\/19-510x340.jpg 510w\" sizes=\"(max-width: 150px) 100vw, 150px\" \/><\/a>\n\t\t\t<\/dt><\/dl><dl class='gallery-item'>\n\t\t\t<dt class='gallery-icon landscape'>\n\t\t\t\t<a href='https:\/\/sagardoarenlurraldea.eus\/eu\/blog\/izarok-hasi-du-2020ko-txotx-denboraldia\/20-2-2\/'><img width=\"150\" height=\"100\" src=\"https:\/\/sagardoarenlurraldea.eus\/wp-content\/uploads\/2020\/01\/20-scaled.jpg\" class=\"attachment-thumbnail size-thumbnail\" alt=\"\" srcset=\"https:\/\/sagardoarenlurraldea.eus\/wp-content\/uploads\/2020\/01\/20-scaled.jpg 2560w, https:\/\/sagardoarenlurraldea.eus\/wp-content\/uploads\/2020\/01\/20-510x340.jpg 510w\" sizes=\"(max-width: 150px) 100vw, 150px\" \/><\/a>\n\t\t\t<\/dt><\/dl><dl class='gallery-item'>\n\t\t\t<dt class='gallery-icon landscape'>\n\t\t\t\t<a href='https:\/\/sagardoarenlurraldea.eus\/eu\/blog\/izarok-hasi-du-2020ko-txotx-denboraldia\/21-2-2\/'><img width=\"150\" height=\"110\" src=\"https:\/\/sagardoarenlurraldea.eus\/wp-content\/uploads\/2020\/01\/21-scaled.jpg\" class=\"attachment-thumbnail size-thumbnail\" alt=\"\" aria-describedby=\"gallery-1-128204\" srcset=\"https:\/\/sagardoarenlurraldea.eus\/wp-content\/uploads\/2020\/01\/21-scaled.jpg 2560w, https:\/\/sagardoarenlurraldea.eus\/wp-content\/uploads\/2020\/01\/21-510x373.jpg 510w\" sizes=\"(max-width: 150px) 100vw, 150px\" \/><\/a>\n\t\t\t<\/dt>\n\t\t\t\t<dd class='wp-caption-text gallery-caption' id='gallery-1-128204'>\n\t\t\t\t2020-01-15, Astigarraga. Txotx denboraldiaren irekiera Sagardoetxean, lehenik aurkezpena, ondoren sagarrondoa landatu Izarok eta Txotx irekiera Alorrenea sagardotegian. Arratsaldez ekitaldi ezberdinak, irudian denboraldiko sagardotegiko lehenengo menua, Izaro protagonista\n\n15-01-2020, Astigarraga. Apertura de la temporada de Sidrer\u00edas en Astigarraga en Sagardoetxea la presentaci\u00f3n, despiu\u00e9s la plantaci\u00f3n del manzano por parte de Izaro y despu\u00e9s apertura de la temporada en Alorrenea, en la imagen primer men\u00fa de sidrer\u00eda de la temporada con Izaro como protagonista\n\t\t\t\t<\/dd><\/dl><br style=\"clear: both\" \/><dl class='gallery-item'>\n\t\t\t<dt class='gallery-icon landscape'>\n\t\t\t\t<a href='https:\/\/sagardoarenlurraldea.eus\/eu\/blog\/izarok-hasi-du-2020ko-txotx-denboraldia\/22-2-2\/'><img width=\"150\" height=\"100\" src=\"https:\/\/sagardoarenlurraldea.eus\/wp-content\/uploads\/2020\/01\/22-scaled.jpg\" class=\"attachment-thumbnail size-thumbnail\" alt=\"\" srcset=\"https:\/\/sagardoarenlurraldea.eus\/wp-content\/uploads\/2020\/01\/22-scaled.jpg 2560w, https:\/\/sagardoarenlurraldea.eus\/wp-content\/uploads\/2020\/01\/22-510x340.jpg 510w\" sizes=\"(max-width: 150px) 100vw, 150px\" \/><\/a>\n\t\t\t<\/dt><\/dl><dl class='gallery-item'>\n\t\t\t<dt class='gallery-icon landscape'>\n\t\t\t\t<a href='https:\/\/sagardoarenlurraldea.eus\/eu\/blog\/izarok-hasi-du-2020ko-txotx-denboraldia\/23-2-2\/'><img width=\"150\" height=\"100\" src=\"https:\/\/sagardoarenlurraldea.eus\/wp-content\/uploads\/2020\/01\/23-scaled.jpg\" class=\"attachment-thumbnail size-thumbnail\" alt=\"\" srcset=\"https:\/\/sagardoarenlurraldea.eus\/wp-content\/uploads\/2020\/01\/23-scaled.jpg 2560w, https:\/\/sagardoarenlurraldea.eus\/wp-content\/uploads\/2020\/01\/23-510x339.jpg 510w\" sizes=\"(max-width: 150px) 100vw, 150px\" \/><\/a>\n\t\t\t<\/dt><\/dl><dl class='gallery-item'>\n\t\t\t<dt class='gallery-icon landscape'>\n\t\t\t\t<a href='https:\/\/sagardoarenlurraldea.eus\/eu\/blog\/izarok-hasi-du-2020ko-txotx-denboraldia\/23a-2\/'><img width=\"150\" height=\"97\" src=\"https:\/\/sagardoarenlurraldea.eus\/wp-content\/uploads\/2020\/01\/23a-scaled.jpg\" class=\"attachment-thumbnail size-thumbnail\" alt=\"\" srcset=\"https:\/\/sagardoarenlurraldea.eus\/wp-content\/uploads\/2020\/01\/23a-scaled.jpg 2560w, https:\/\/sagardoarenlurraldea.eus\/wp-content\/uploads\/2020\/01\/23a-510x331.jpg 510w\" sizes=\"(max-width: 150px) 100vw, 150px\" \/><\/a>\n\t\t\t<\/dt><\/dl><dl class='gallery-item'>\n\t\t\t<dt class='gallery-icon landscape'>\n\t\t\t\t<a href='https:\/\/sagardoarenlurraldea.eus\/eu\/blog\/izarok-hasi-du-2020ko-txotx-denboraldia\/24-2-2\/'><img width=\"150\" height=\"100\" src=\"https:\/\/sagardoarenlurraldea.eus\/wp-content\/uploads\/2020\/01\/24-scaled.jpg\" class=\"attachment-thumbnail size-thumbnail\" alt=\"\" srcset=\"https:\/\/sagardoarenlurraldea.eus\/wp-content\/uploads\/2020\/01\/24-scaled.jpg 2560w, https:\/\/sagardoarenlurraldea.eus\/wp-content\/uploads\/2020\/01\/24-510x340.jpg 510w\" sizes=\"(max-width: 150px) 100vw, 150px\" \/><\/a>\n\t\t\t<\/dt><\/dl><br style=\"clear: both\" \/><dl class='gallery-item'>\n\t\t\t<dt class='gallery-icon landscape'>\n\t\t\t\t<a href='https:\/\/sagardoarenlurraldea.eus\/eu\/blog\/izarok-hasi-du-2020ko-txotx-denboraldia\/25-2-2\/'><img width=\"150\" height=\"100\" src=\"https:\/\/sagardoarenlurraldea.eus\/wp-content\/uploads\/2020\/01\/25-scaled.jpg\" class=\"attachment-thumbnail size-thumbnail\" alt=\"\" srcset=\"https:\/\/sagardoarenlurraldea.eus\/wp-content\/uploads\/2020\/01\/25-scaled.jpg 2560w, https:\/\/sagardoarenlurraldea.eus\/wp-content\/uploads\/2020\/01\/25-510x340.jpg 510w\" sizes=\"(max-width: 150px) 100vw, 150px\" \/><\/a>\n\t\t\t<\/dt><\/dl><dl class='gallery-item'>\n\t\t\t<dt class='gallery-icon landscape'>\n\t\t\t\t<a href='https:\/\/sagardoarenlurraldea.eus\/eu\/blog\/izarok-hasi-du-2020ko-txotx-denboraldia\/26-2-2\/'><img width=\"150\" height=\"108\" src=\"https:\/\/sagardoarenlurraldea.eus\/wp-content\/uploads\/2020\/01\/26-scaled.jpg\" class=\"attachment-thumbnail size-thumbnail\" alt=\"\" srcset=\"https:\/\/sagardoarenlurraldea.eus\/wp-content\/uploads\/2020\/01\/26-scaled.jpg 2560w, https:\/\/sagardoarenlurraldea.eus\/wp-content\/uploads\/2020\/01\/26-510x366.jpg 510w\" sizes=\"(max-width: 150px) 100vw, 150px\" \/><\/a>\n\t\t\t<\/dt><\/dl><dl class='gallery-item'>\n\t\t\t<dt class='gallery-icon landscape'>\n\t\t\t\t<a href='https:\/\/sagardoarenlurraldea.eus\/eu\/blog\/izarok-hasi-du-2020ko-txotx-denboraldia\/27-2-2\/'><img width=\"150\" height=\"105\" src=\"https:\/\/sagardoarenlurraldea.eus\/wp-content\/uploads\/2020\/01\/27-scaled.jpg\" class=\"attachment-thumbnail size-thumbnail\" alt=\"\" srcset=\"https:\/\/sagardoarenlurraldea.eus\/wp-content\/uploads\/2020\/01\/27-scaled.jpg 2560w, https:\/\/sagardoarenlurraldea.eus\/wp-content\/uploads\/2020\/01\/27-510x358.jpg 510w\" sizes=\"(max-width: 150px) 100vw, 150px\" \/><\/a>\n\t\t\t<\/dt><\/dl><dl class='gallery-item'>\n\t\t\t<dt class='gallery-icon landscape'>\n\t\t\t\t<a href='https:\/\/sagardoarenlurraldea.eus\/eu\/blog\/izarok-hasi-du-2020ko-txotx-denboraldia\/27a-2\/'><img width=\"150\" height=\"100\" src=\"https:\/\/sagardoarenlurraldea.eus\/wp-content\/uploads\/2020\/01\/27a-scaled.jpg\" class=\"attachment-thumbnail size-thumbnail\" alt=\"\" srcset=\"https:\/\/sagardoarenlurraldea.eus\/wp-content\/uploads\/2020\/01\/27a-scaled.jpg 2560w, https:\/\/sagardoarenlurraldea.eus\/wp-content\/uploads\/2020\/01\/27a-510x340.jpg 510w\" sizes=\"(max-width: 150px) 100vw, 150px\" \/><\/a>\n\t\t\t<\/dt><\/dl><br style=\"clear: both\" \/><dl class='gallery-item'>\n\t\t\t<dt class='gallery-icon landscape'>\n\t\t\t\t<a href='https:\/\/sagardoarenlurraldea.eus\/eu\/blog\/izarok-hasi-du-2020ko-txotx-denboraldia\/28-2-2\/'><img width=\"150\" height=\"100\" src=\"https:\/\/sagardoarenlurraldea.eus\/wp-content\/uploads\/2020\/01\/28-scaled.jpg\" class=\"attachment-thumbnail size-thumbnail\" alt=\"\" srcset=\"https:\/\/sagardoarenlurraldea.eus\/wp-content\/uploads\/2020\/01\/28-scaled.jpg 2560w, https:\/\/sagardoarenlurraldea.eus\/wp-content\/uploads\/2020\/01\/28-510x340.jpg 510w\" sizes=\"(max-width: 150px) 100vw, 150px\" \/><\/a>\n\t\t\t<\/dt><\/dl><dl class='gallery-item'>\n\t\t\t<dt class='gallery-icon landscape'>\n\t\t\t\t<a href='https:\/\/sagardoarenlurraldea.eus\/eu\/blog\/izarok-hasi-du-2020ko-txotx-denboraldia\/29-2-2\/'><img width=\"150\" height=\"100\" src=\"https:\/\/sagardoarenlurraldea.eus\/wp-content\/uploads\/2020\/01\/29-scaled.jpg\" class=\"attachment-thumbnail size-thumbnail\" alt=\"\" srcset=\"https:\/\/sagardoarenlurraldea.eus\/wp-content\/uploads\/2020\/01\/29-scaled.jpg 2560w, https:\/\/sagardoarenlurraldea.eus\/wp-content\/uploads\/2020\/01\/29-510x340.jpg 510w\" sizes=\"(max-width: 150px) 100vw, 150px\" \/><\/a>\n\t\t\t<\/dt><\/dl><dl class='gallery-item'>\n\t\t\t<dt class='gallery-icon landscape'>\n\t\t\t\t<a href='https:\/\/sagardoarenlurraldea.eus\/eu\/blog\/izarok-hasi-du-2020ko-txotx-denboraldia\/30-2-2\/'><img width=\"150\" height=\"100\" src=\"https:\/\/sagardoarenlurraldea.eus\/wp-content\/uploads\/2020\/01\/30-scaled.jpg\" class=\"attachment-thumbnail size-thumbnail\" alt=\"\" srcset=\"https:\/\/sagardoarenlurraldea.eus\/wp-content\/uploads\/2020\/01\/30-scaled.jpg 2560w, https:\/\/sagardoarenlurraldea.eus\/wp-content\/uploads\/2020\/01\/30-510x340.jpg 510w\" sizes=\"(max-width: 150px) 100vw, 150px\" \/><\/a>\n\t\t\t<\/dt><\/dl><dl class='gallery-item'>\n\t\t\t<dt class='gallery-icon landscape'>\n\t\t\t\t<a href='https:\/\/sagardoarenlurraldea.eus\/eu\/blog\/izarok-hasi-du-2020ko-txotx-denboraldia\/31-2-2\/'><img width=\"150\" height=\"100\" src=\"https:\/\/sagardoarenlurraldea.eus\/wp-content\/uploads\/2020\/01\/31-scaled.jpg\" class=\"attachment-thumbnail size-thumbnail\" alt=\"\" srcset=\"https:\/\/sagardoarenlurraldea.eus\/wp-content\/uploads\/2020\/01\/31-scaled.jpg 2560w, https:\/\/sagardoarenlurraldea.eus\/wp-content\/uploads\/2020\/01\/31-510x340.jpg 510w\" sizes=\"(max-width: 150px) 100vw, 150px\" \/><\/a>\n\t\t\t<\/dt><\/dl><br style=\"clear: both\" \/><dl class='gallery-item'>\n\t\t\t<dt class='gallery-icon landscape'>\n\t\t\t\t<a href='https:\/\/sagardoarenlurraldea.eus\/eu\/blog\/izarok-hasi-du-2020ko-txotx-denboraldia\/32-2-2\/'><img width=\"150\" height=\"100\" src=\"https:\/\/sagardoarenlurraldea.eus\/wp-content\/uploads\/2020\/01\/32-scaled.jpg\" class=\"attachment-thumbnail size-thumbnail\" alt=\"\" srcset=\"https:\/\/sagardoarenlurraldea.eus\/wp-content\/uploads\/2020\/01\/32-scaled.jpg 2560w, https:\/\/sagardoarenlurraldea.eus\/wp-content\/uploads\/2020\/01\/32-510x340.jpg 510w\" sizes=\"(max-width: 150px) 100vw, 150px\" \/><\/a>\n\t\t\t<\/dt><\/dl><dl class='gallery-item'>\n\t\t\t<dt class='gallery-icon landscape'>\n\t\t\t\t<a href='https:\/\/sagardoarenlurraldea.eus\/eu\/blog\/izarok-hasi-du-2020ko-txotx-denboraldia\/33-2-2\/'><img width=\"150\" height=\"100\" src=\"https:\/\/sagardoarenlurraldea.eus\/wp-content\/uploads\/2020\/01\/33-scaled.jpg\" class=\"attachment-thumbnail size-thumbnail\" alt=\"\" srcset=\"https:\/\/sagardoarenlurraldea.eus\/wp-content\/uploads\/2020\/01\/33-scaled.jpg 2560w, https:\/\/sagardoarenlurraldea.eus\/wp-content\/uploads\/2020\/01\/33-510x340.jpg 510w\" sizes=\"(max-width: 150px) 100vw, 150px\" \/><\/a>\n\t\t\t<\/dt><\/dl><dl class='gallery-item'>\n\t\t\t<dt class='gallery-icon landscape'>\n\t\t\t\t<a href='https:\/\/sagardoarenlurraldea.eus\/eu\/blog\/izarok-hasi-du-2020ko-txotx-denboraldia\/34-2-2\/'><img width=\"150\" height=\"100\" src=\"https:\/\/sagardoarenlurraldea.eus\/wp-content\/uploads\/2020\/01\/34-scaled.jpg\" class=\"attachment-thumbnail size-thumbnail\" alt=\"\" srcset=\"https:\/\/sagardoarenlurraldea.eus\/wp-content\/uploads\/2020\/01\/34-scaled.jpg 2560w, https:\/\/sagardoarenlurraldea.eus\/wp-content\/uploads\/2020\/01\/34-510x340.jpg 510w\" sizes=\"(max-width: 150px) 100vw, 150px\" \/><\/a>\n\t\t\t<\/dt><\/dl><dl class='gallery-item'>\n\t\t\t<dt class='gallery-icon landscape'>\n\t\t\t\t<a href='https:\/\/sagardoarenlurraldea.eus\/eu\/blog\/izarok-hasi-du-2020ko-txotx-denboraldia\/35-2-2\/'><img width=\"150\" height=\"93\" src=\"https:\/\/sagardoarenlurraldea.eus\/wp-content\/uploads\/2020\/01\/35-scaled.jpg\" class=\"attachment-thumbnail size-thumbnail\" alt=\"\" srcset=\"https:\/\/sagardoarenlurraldea.eus\/wp-content\/uploads\/2020\/01\/35-scaled.jpg 2560w, https:\/\/sagardoarenlurraldea.eus\/wp-content\/uploads\/2020\/01\/35-510x317.jpg 510w\" sizes=\"(max-width: 150px) 100vw, 150px\" \/><\/a>\n\t\t\t<\/dt><\/dl><br style=\"clear: both\" \/><dl class='gallery-item'>\n\t\t\t<dt class='gallery-icon landscape'>\n\t\t\t\t<a href='https:\/\/sagardoarenlurraldea.eus\/eu\/blog\/izarok-hasi-du-2020ko-txotx-denboraldia\/36-2-2\/'><img width=\"150\" height=\"100\" src=\"https:\/\/sagardoarenlurraldea.eus\/wp-content\/uploads\/2020\/01\/36-scaled.jpg\" class=\"attachment-thumbnail size-thumbnail\" alt=\"\" srcset=\"https:\/\/sagardoarenlurraldea.eus\/wp-content\/uploads\/2020\/01\/36-scaled.jpg 2560w, https:\/\/sagardoarenlurraldea.eus\/wp-content\/uploads\/2020\/01\/36-510x340.jpg 510w\" sizes=\"(max-width: 150px) 100vw, 150px\" \/><\/a>\n\t\t\t<\/dt><\/dl><dl class='gallery-item'>\n\t\t\t<dt class='gallery-icon landscape'>\n\t\t\t\t<a href='https:\/\/sagardoarenlurraldea.eus\/eu\/blog\/izarok-hasi-du-2020ko-txotx-denboraldia\/37-2-2\/'><img width=\"150\" height=\"100\" src=\"https:\/\/sagardoarenlurraldea.eus\/wp-content\/uploads\/2020\/01\/37-scaled.jpg\" class=\"attachment-thumbnail size-thumbnail\" alt=\"\" srcset=\"https:\/\/sagardoarenlurraldea.eus\/wp-content\/uploads\/2020\/01\/37-scaled.jpg 2560w, https:\/\/sagardoarenlurraldea.eus\/wp-content\/uploads\/2020\/01\/37-510x340.jpg 510w\" sizes=\"(max-width: 150px) 100vw, 150px\" \/><\/a>\n\t\t\t<\/dt><\/dl><dl class='gallery-item'>\n\t\t\t<dt class='gallery-icon landscape'>\n\t\t\t\t<a href='https:\/\/sagardoarenlurraldea.eus\/eu\/blog\/izarok-hasi-du-2020ko-txotx-denboraldia\/38-2-2\/'><img width=\"150\" height=\"100\" src=\"https:\/\/sagardoarenlurraldea.eus\/wp-content\/uploads\/2020\/01\/38-scaled.jpg\" class=\"attachment-thumbnail size-thumbnail\" alt=\"\" srcset=\"https:\/\/sagardoarenlurraldea.eus\/wp-content\/uploads\/2020\/01\/38-scaled.jpg 2560w, https:\/\/sagardoarenlurraldea.eus\/wp-content\/uploads\/2020\/01\/38-510x340.jpg 510w\" sizes=\"(max-width: 150px) 100vw, 150px\" \/><\/a>\n\t\t\t<\/dt><\/dl><dl class='gallery-item'>\n\t\t\t<dt class='gallery-icon landscape'>\n\t\t\t\t<a href='https:\/\/sagardoarenlurraldea.eus\/eu\/blog\/izarok-hasi-du-2020ko-txotx-denboraldia\/39-2-2\/'><img width=\"150\" height=\"100\" src=\"https:\/\/sagardoarenlurraldea.eus\/wp-content\/uploads\/2020\/01\/39-scaled.jpg\" class=\"attachment-thumbnail size-thumbnail\" alt=\"\" srcset=\"https:\/\/sagardoarenlurraldea.eus\/wp-content\/uploads\/2020\/01\/39-scaled.jpg 2560w, https:\/\/sagardoarenlurraldea.eus\/wp-content\/uploads\/2020\/01\/39-510x340.jpg 510w\" sizes=\"(max-width: 150px) 100vw, 150px\" \/><\/a>\n\t\t\t<\/dt><\/dl><br style=\"clear: both\" \/>\n\t\t<\/div>\n\n","protected":false},"excerpt":{"rendered":"<p>&#8220;Gure Sagardo Berria&#8221; oihu eginda, Izaro Andres abeslariak 2020ko txotx bolada ireki du Astigarragako Alorrenea sagardotegian, XXVII. Sagardo Berriaren Egunaren ospakizunean. Aurretik, sagarrondo berri bat landatu du Sagardoetxeako sagastian. Ekitaldia [&hellip;]<\/p>\n","protected":false},"author":8,"featured_media":128075,"comment_status":"open","ping_status":"open","sticky":false,"template":"","format":"standard","meta":{"_acf_changed":false,"_et_pb_use_builder":"","_et_pb_old_content":"","_et_gb_content_width":"","footnotes":""},"categories":[2569,2581,2582],"tags":[2893,3126,3116],"class_list":["post-127953","post","type-post","status-publish","format-standard","has-post-thumbnail","hentry","category-ekitaldiak","category-sagardoa","category-sagardotegiak","tag-astigarraga-2","tag-izaro-2","tag-txotx2020-2"],"acf":[],"yoast_head":"<!-- This site is optimized with the Yoast SEO plugin v25.4 - https:\/\/yoast.com\/wordpress\/plugins\/seo\/ -->\n<title>Izarok hasi du 2020ko txotx denboraldia - Sagardoaren Lurraldea<\/title>\n<meta name=\"robots\" content=\"index, follow, max-snippet:-1, max-image-preview:large, max-video-preview:-1\" \/>\n<link rel=\"canonical\" href=\"https:\/\/sagardoarenlurraldea.eus\/eu\/blog\/izarok-hasi-du-2020ko-txotx-denboraldia\/\" \/>\n<meta property=\"og:locale\" content=\"en_US\" \/>\n<meta property=\"og:type\" content=\"article\" \/>\n<meta property=\"og:title\" content=\"Izarok hasi du 2020ko txotx denboraldia - Sagardoaren Lurraldea\" \/>\n<meta property=\"og:description\" content=\"&#8220;Gure Sagardo Berria&#8221; oihu eginda, Izaro Andres abeslariak 2020ko txotx bolada ireki du Astigarragako Alorrenea sagardotegian, XXVII. Sagardo Berriaren Egunaren ospakizunean. Aurretik, sagarrondo berri bat landatu du Sagardoetxeako sagastian. Ekitaldia [&hellip;]\" \/>\n<meta property=\"og:url\" content=\"https:\/\/sagardoarenlurraldea.eus\/eu\/blog\/izarok-hasi-du-2020ko-txotx-denboraldia\/\" \/>\n<meta property=\"og:site_name\" content=\"Sagardoaren Lurraldea\" \/>\n<meta property=\"article:publisher\" content=\"https:\/\/www.facebook.com\/sagardoarenlurraldea\" \/>\n<meta property=\"article:published_time\" content=\"2020-01-16T10:41:41+00:00\" \/>\n<meta property=\"article:modified_time\" content=\"2020-01-17T16:28:00+00:00\" \/>\n<meta property=\"og:image\" content=\"https:\/\/sagardoarenlurraldea.eus\/wp-content\/uploads\/2020\/01\/bb_20200116834720-scaled.jpg\" \/>\n\t<meta property=\"og:image:width\" content=\"2560\" \/>\n\t<meta property=\"og:image:height\" content=\"1775\" \/>\n\t<meta property=\"og:image:type\" content=\"image\/jpeg\" \/>\n<meta name=\"author\" content=\"Leire\" \/>\n<meta name=\"twitter:card\" content=\"summary_large_image\" \/>\n<meta name=\"twitter:label1\" content=\"Written by\" \/>\n\t<meta name=\"twitter:data1\" content=\"Leire\" \/>\n\t<meta name=\"twitter:label2\" content=\"Est. reading time\" \/>\n\t<meta name=\"twitter:data2\" content=\"2 minutua\" \/>\n<script type=\"application\/ld+json\" class=\"yoast-schema-graph\">{\"@context\":\"https:\/\/schema.org\",\"@graph\":[{\"@type\":\"WebPage\",\"@id\":\"https:\/\/sagardoarenlurraldea.eus\/eu\/blog\/izarok-hasi-du-2020ko-txotx-denboraldia\/\",\"url\":\"https:\/\/sagardoarenlurraldea.eus\/eu\/blog\/izarok-hasi-du-2020ko-txotx-denboraldia\/\",\"name\":\"Izarok hasi du 2020ko txotx denboraldia - Sagardoaren Lurraldea\",\"isPartOf\":{\"@id\":\"https:\/\/sagardoarenlurraldea.eus\/eu\/#website\"},\"primaryImageOfPage\":{\"@id\":\"https:\/\/sagardoarenlurraldea.eus\/eu\/blog\/izarok-hasi-du-2020ko-txotx-denboraldia\/#primaryimage\"},\"image\":{\"@id\":\"https:\/\/sagardoarenlurraldea.eus\/eu\/blog\/izarok-hasi-du-2020ko-txotx-denboraldia\/#primaryimage\"},\"thumbnailUrl\":\"https:\/\/sagardoarenlurraldea.eus\/wp-content\/uploads\/2020\/01\/bb_20200116834720-scaled.jpg\",\"datePublished\":\"2020-01-16T10:41:41+00:00\",\"dateModified\":\"2020-01-17T16:28:00+00:00\",\"author\":{\"@id\":\"https:\/\/sagardoarenlurraldea.eus\/eu\/#\/schema\/person\/c0d273e025ac5dbf969479b4523c9763\"},\"breadcrumb\":{\"@id\":\"https:\/\/sagardoarenlurraldea.eus\/eu\/blog\/izarok-hasi-du-2020ko-txotx-denboraldia\/#breadcrumb\"},\"inLanguage\":\"eu\",\"potentialAction\":[{\"@type\":\"ReadAction\",\"target\":[\"https:\/\/sagardoarenlurraldea.eus\/eu\/blog\/izarok-hasi-du-2020ko-txotx-denboraldia\/\"]}]},{\"@type\":\"ImageObject\",\"inLanguage\":\"eu\",\"@id\":\"https:\/\/sagardoarenlurraldea.eus\/eu\/blog\/izarok-hasi-du-2020ko-txotx-denboraldia\/#primaryimage\",\"url\":\"https:\/\/sagardoarenlurraldea.eus\/wp-content\/uploads\/2020\/01\/bb_20200116834720-scaled.jpg\",\"contentUrl\":\"https:\/\/sagardoarenlurraldea.eus\/wp-content\/uploads\/2020\/01\/bb_20200116834720-scaled.jpg\",\"width\":2560,\"height\":1775,\"caption\":\"2020-01-15, Astigarraga. Txotx denboraldiaren irekiera Sagardoetxean, lehenik aurkezpena, ondoren sagarrondoa landatu Izarok eta Txotx irekiera Alorrenea sagardotegian. Arratsaldez ekitaldi ezberdinak, irudian Izaro txotx irekiera ekitaldian 15-01-2020, Astigarraga. Apertura de la temporada de Sidrer\u00edas en Astigarraga en Sagardoetxea la presentaci\u00f3n, despiu\u00e9s la plantaci\u00f3n del manzano por parte de Izaro y despu\u00e9s apertura de la temporada en Alorrenea. Durante la tarde distintas actividades, en la imagen Izaro durante el comienzo del Txotx\"},{\"@type\":\"BreadcrumbList\",\"@id\":\"https:\/\/sagardoarenlurraldea.eus\/eu\/blog\/izarok-hasi-du-2020ko-txotx-denboraldia\/#breadcrumb\",\"itemListElement\":[{\"@type\":\"ListItem\",\"position\":1,\"name\":\"Inicio\",\"item\":\"https:\/\/sagardoarenlurraldea.eus\/eu\/\"},{\"@type\":\"ListItem\",\"position\":2,\"name\":\"Izarok hasi du 2020ko txotx denboraldia\"}]},{\"@type\":\"WebSite\",\"@id\":\"https:\/\/sagardoarenlurraldea.eus\/eu\/#website\",\"url\":\"https:\/\/sagardoarenlurraldea.eus\/eu\/\",\"name\":\"Sagardoaren Lurraldea\",\"description\":\"El territorio de la sidra\",\"potentialAction\":[{\"@type\":\"SearchAction\",\"target\":{\"@type\":\"EntryPoint\",\"urlTemplate\":\"https:\/\/sagardoarenlurraldea.eus\/eu\/?s={search_term_string}\"},\"query-input\":{\"@type\":\"PropertyValueSpecification\",\"valueRequired\":true,\"valueName\":\"search_term_string\"}}],\"inLanguage\":\"eu\"},{\"@type\":\"Person\",\"@id\":\"https:\/\/sagardoarenlurraldea.eus\/eu\/#\/schema\/person\/c0d273e025ac5dbf969479b4523c9763\",\"name\":\"Leire\",\"image\":{\"@type\":\"ImageObject\",\"inLanguage\":\"eu\",\"@id\":\"https:\/\/sagardoarenlurraldea.eus\/eu\/#\/schema\/person\/image\/\",\"url\":\"https:\/\/secure.gravatar.com\/avatar\/102f988b53fb26afcecf0c4021ce7306431d7c6dcec997c8578b92a1112bcd81?s=96&d=mm&r=g\",\"contentUrl\":\"https:\/\/secure.gravatar.com\/avatar\/102f988b53fb26afcecf0c4021ce7306431d7c6dcec997c8578b92a1112bcd81?s=96&d=mm&r=g\",\"caption\":\"Leire\"}}]}<\/script>\n<!-- \/ Yoast SEO plugin. -->","yoast_head_json":{"title":"Izarok hasi du 2020ko txotx denboraldia - Sagardoaren Lurraldea","robots":{"index":"index","follow":"follow","max-snippet":"max-snippet:-1","max-image-preview":"max-image-preview:large","max-video-preview":"max-video-preview:-1"},"canonical":"https:\/\/sagardoarenlurraldea.eus\/eu\/blog\/izarok-hasi-du-2020ko-txotx-denboraldia\/","og_locale":"en_US","og_type":"article","og_title":"Izarok hasi du 2020ko txotx denboraldia - Sagardoaren Lurraldea","og_description":"&#8220;Gure Sagardo Berria&#8221; oihu eginda, Izaro Andres abeslariak 2020ko txotx bolada ireki du Astigarragako Alorrenea sagardotegian, XXVII. Sagardo Berriaren Egunaren ospakizunean. Aurretik, sagarrondo berri bat landatu du Sagardoetxeako sagastian. Ekitaldia [&hellip;]","og_url":"https:\/\/sagardoarenlurraldea.eus\/eu\/blog\/izarok-hasi-du-2020ko-txotx-denboraldia\/","og_site_name":"Sagardoaren Lurraldea","article_publisher":"https:\/\/www.facebook.com\/sagardoarenlurraldea","article_published_time":"2020-01-16T10:41:41+00:00","article_modified_time":"2020-01-17T16:28:00+00:00","og_image":[{"width":2560,"height":1775,"url":"https:\/\/sagardoarenlurraldea.eus\/wp-content\/uploads\/2020\/01\/bb_20200116834720-scaled.jpg","type":"image\/jpeg"}],"author":"Leire","twitter_card":"summary_large_image","twitter_misc":{"Written by":"Leire","Est. reading time":"2 minutua"},"schema":{"@context":"https:\/\/schema.org","@graph":[{"@type":"WebPage","@id":"https:\/\/sagardoarenlurraldea.eus\/eu\/blog\/izarok-hasi-du-2020ko-txotx-denboraldia\/","url":"https:\/\/sagardoarenlurraldea.eus\/eu\/blog\/izarok-hasi-du-2020ko-txotx-denboraldia\/","name":"Izarok hasi du 2020ko txotx denboraldia - Sagardoaren Lurraldea","isPartOf":{"@id":"https:\/\/sagardoarenlurraldea.eus\/eu\/#website"},"primaryImageOfPage":{"@id":"https:\/\/sagardoarenlurraldea.eus\/eu\/blog\/izarok-hasi-du-2020ko-txotx-denboraldia\/#primaryimage"},"image":{"@id":"https:\/\/sagardoarenlurraldea.eus\/eu\/blog\/izarok-hasi-du-2020ko-txotx-denboraldia\/#primaryimage"},"thumbnailUrl":"https:\/\/sagardoarenlurraldea.eus\/wp-content\/uploads\/2020\/01\/bb_20200116834720-scaled.jpg","datePublished":"2020-01-16T10:41:41+00:00","dateModified":"2020-01-17T16:28:00+00:00","author":{"@id":"https:\/\/sagardoarenlurraldea.eus\/eu\/#\/schema\/person\/c0d273e025ac5dbf969479b4523c9763"},"breadcrumb":{"@id":"https:\/\/sagardoarenlurraldea.eus\/eu\/blog\/izarok-hasi-du-2020ko-txotx-denboraldia\/#breadcrumb"},"inLanguage":"eu","potentialAction":[{"@type":"ReadAction","target":["https:\/\/sagardoarenlurraldea.eus\/eu\/blog\/izarok-hasi-du-2020ko-txotx-denboraldia\/"]}]},{"@type":"ImageObject","inLanguage":"eu","@id":"https:\/\/sagardoarenlurraldea.eus\/eu\/blog\/izarok-hasi-du-2020ko-txotx-denboraldia\/#primaryimage","url":"https:\/\/sagardoarenlurraldea.eus\/wp-content\/uploads\/2020\/01\/bb_20200116834720-scaled.jpg","contentUrl":"https:\/\/sagardoarenlurraldea.eus\/wp-content\/uploads\/2020\/01\/bb_20200116834720-scaled.jpg","width":2560,"height":1775,"caption":"2020-01-15, Astigarraga. Txotx denboraldiaren irekiera Sagardoetxean, lehenik aurkezpena, ondoren sagarrondoa landatu Izarok eta Txotx irekiera Alorrenea sagardotegian. Arratsaldez ekitaldi ezberdinak, irudian Izaro txotx irekiera ekitaldian 15-01-2020, Astigarraga. Apertura de la temporada de Sidrer\u00edas en Astigarraga en Sagardoetxea la presentaci\u00f3n, despiu\u00e9s la plantaci\u00f3n del manzano por parte de Izaro y despu\u00e9s apertura de la temporada en Alorrenea. Durante la tarde distintas actividades, en la imagen Izaro durante el comienzo del Txotx"},{"@type":"BreadcrumbList","@id":"https:\/\/sagardoarenlurraldea.eus\/eu\/blog\/izarok-hasi-du-2020ko-txotx-denboraldia\/#breadcrumb","itemListElement":[{"@type":"ListItem","position":1,"name":"Inicio","item":"https:\/\/sagardoarenlurraldea.eus\/eu\/"},{"@type":"ListItem","position":2,"name":"Izarok hasi du 2020ko txotx denboraldia"}]},{"@type":"WebSite","@id":"https:\/\/sagardoarenlurraldea.eus\/eu\/#website","url":"https:\/\/sagardoarenlurraldea.eus\/eu\/","name":"Sagardoaren Lurraldea","description":"El territorio de la sidra","potentialAction":[{"@type":"SearchAction","target":{"@type":"EntryPoint","urlTemplate":"https:\/\/sagardoarenlurraldea.eus\/eu\/?s={search_term_string}"},"query-input":{"@type":"PropertyValueSpecification","valueRequired":true,"valueName":"search_term_string"}}],"inLanguage":"eu"},{"@type":"Person","@id":"https:\/\/sagardoarenlurraldea.eus\/eu\/#\/schema\/person\/c0d273e025ac5dbf969479b4523c9763","name":"Leire","image":{"@type":"ImageObject","inLanguage":"eu","@id":"https:\/\/sagardoarenlurraldea.eus\/eu\/#\/schema\/person\/image\/","url":"https:\/\/secure.gravatar.com\/avatar\/102f988b53fb26afcecf0c4021ce7306431d7c6dcec997c8578b92a1112bcd81?s=96&d=mm&r=g","contentUrl":"https:\/\/secure.gravatar.com\/avatar\/102f988b53fb26afcecf0c4021ce7306431d7c6dcec997c8578b92a1112bcd81?s=96&d=mm&r=g","caption":"Leire"}}]}},"_links":{"self":[{"href":"https:\/\/sagardoarenlurraldea.eus\/eu\/wp-json\/wp\/v2\/posts\/127953","targetHints":{"allow":["GET"]}}],"collection":[{"href":"https:\/\/sagardoarenlurraldea.eus\/eu\/wp-json\/wp\/v2\/posts"}],"about":[{"href":"https:\/\/sagardoarenlurraldea.eus\/eu\/wp-json\/wp\/v2\/types\/post"}],"author":[{"embeddable":true,"href":"https:\/\/sagardoarenlurraldea.eus\/eu\/wp-json\/wp\/v2\/users\/8"}],"replies":[{"embeddable":true,"href":"https:\/\/sagardoarenlurraldea.eus\/eu\/wp-json\/wp\/v2\/comments?post=127953"}],"version-history":[{"count":0,"href":"https:\/\/sagardoarenlurraldea.eus\/eu\/wp-json\/wp\/v2\/posts\/127953\/revisions"}],"wp:featuredmedia":[{"embeddable":true,"href":"https:\/\/sagardoarenlurraldea.eus\/eu\/wp-json\/wp\/v2\/media\/128075"}],"wp:attachment":[{"href":"https:\/\/sagardoarenlurraldea.eus\/eu\/wp-json\/wp\/v2\/media?parent=127953"}],"wp:term":[{"taxonomy":"category","embeddable":true,"href":"https:\/\/sagardoarenlurraldea.eus\/eu\/wp-json\/wp\/v2\/categories?post=127953"},{"taxonomy":"post_tag","embeddable":true,"href":"https:\/\/sagardoarenlurraldea.eus\/eu\/wp-json\/wp\/v2\/tags?post=127953"}],"curies":[{"name":"wp","href":"https:\/\/api.w.org\/{rel}","templated":true}]}}