{"id":309895,"date":"2026-09-03T12:49:54","date_gmt":"2026-09-03T10:49:54","guid":{"rendered":"https:\/\/sagardoarenlurraldea.eus\/?p=309895"},"modified":"2026-09-03T13:06:33","modified_gmt":"2026-09-03T11:06:33","slug":"sagardoetxea-cumple-20-anos-divulgando-la-cultura-y-el-patrimonio-de-la-sidra","status":"publish","type":"post","link":"https:\/\/sagardoarenlurraldea.eus\/es\/blog\/sagardoetxea-cumple-20-anos-divulgando-la-cultura-y-el-patrimonio-de-la-sidra\/","title":{"rendered":"Sagardoetxea cumple 20 a\u00f1os divulgando la cultura y el patrimonio de la sidra"},"content":{"rendered":"<p><strong>Sagardoetxea cumple este a\u00f1o dos d\u00e9cadas<\/strong> dedicadas a dar a conocer la cultura de la sidra, preservar su patrimonio y transmitir el oficio de la producci\u00f3n de sidra de generaci\u00f3n en generaci\u00f3n. Para celebrar este aniversario, el Museo ha organizado una jornada de puertas abiertas para el pr\u00f3ximo <strong>12 de septiembre<\/strong>, con una programaci\u00f3n especial durante todo el d\u00eda.<\/p>\n<p>Desde su nacimiento hace veinte a\u00f1os, Sagardoetxea ha trabajado para transmitir que <strong>la sidra es mucho m\u00e1s que una bebida:<\/strong> es un patrimonio vivo que a\u00fana cultura, paisaje, gastronom\u00eda y la forma de vida de un pueblo. Entorno a ella no solo convergen manzanos, caser\u00edos y lagares, sino tambi\u00e9n un saber hacer, tradiciones, vocabulario, m\u00fasica y celebraciones que se han transmitido a lo largo del tiempo.<\/p>\n<p>Durante estas dos d\u00e9cadas, el Museo se ha dedicado a <strong>acercar este legado<\/strong> tanto a personas locales como a visitantes, ofreciendo experiencias para descubrir, vivir y compartir la cultura de la sidra. Por ello, la mejor manera de conmemorar este recorrido es mirar al futuro y <strong>mantener viva esa cultura<\/strong> junto a la ciudadan\u00eda.<\/p>\n<p>En palabras de<strong> Leire Alkorta, gerente de Sagardoetxea,<\/strong> \u201cla mejor manera de celebrar estos 20 a\u00f1os es abrir nuestras puertas a toda la ciudadan\u00eda y ofrecer la oportunidad de disfrutar de la cultura de la sidra\u201d.<\/p>\n<p>Por este motivo, el 12 de septiembre Sagardoetxea acoger\u00e1 una <a href=\"https:\/\/sagardoarenlurraldea.eus\/es\/evento\/20o-aniversario-de-sagardoetxea\/\"><strong>fiesta por el 20\u00ba aniversario<\/strong><\/a>. Adem\u00e1s, en esa misma l\u00ednea se desarrollar\u00e1 este oto\u00f1o el <a href=\"https:\/\/sagardoarenlurraldea.eus\/es\/evento\/udazken-zaporez\/\"><strong>programa Udazken Zaporez<\/strong><\/a>, que ofrecer\u00e1 diversas actividades y propuestas vinculadas al mundo de la sidra.<\/p>\n<p><strong>Alkorta<\/strong> ha a\u00f1adido que la idea principal que subyace a este amplio programa es que \u201cla cultura de la sidra no es algo del pasado, sino una tradici\u00f3n y una cultura viva\u201d.<\/p>\n<p>Muestra de ello son, tal como ha destacado el <strong>alcalde de Astigarraga, Xabier Urdangarin<\/strong>, las <strong><a href=\"https:\/\/sagardoarenlurraldea.eus\/es\/reservar\/actividad\/visita-guiada-dolareak-nuestro-patrimonio-vivo\/\">visitas guiadas<\/a><\/strong> que se realizar\u00e1n los d\u00edas 24 y 31 de octubre en el marco del <strong>proyecto \u2018Dolareak\u2019:<\/strong> \u201cHace un a\u00f1o comenzamos los trabajos para recuperar el lagar de <strong>Erbetegi-Etxeberri<\/strong> con alumnado de Formaci\u00f3n Profesional de Lapurdi, Navarra y Donostia. Este a\u00f1o, dentro de las Jornadas Europeas del Patrimonio, se ofrecer\u00e1n visitas guiadas para dar a conocer este patrimonio a la ciudadan\u00eda\u201d, ha explicado.<\/p>\n<p><strong><a href=\"https:\/\/www.dropbox.com\/scl\/fo\/j29gqtutvnyg7buylsh7f\/AJwyIiu14Lb4DzPJxYxa85M?rlkey=9q1e47f3jc7kug6btutv0h8wu&amp;dl=0\">Descargar la nota de prensa.<\/a><\/strong><\/p>\n","protected":false},"excerpt":{"rendered":"<p>Sagardoetxea cumple este a\u00f1o dos d\u00e9cadas dedicadas a dar a conocer la cultura de la sidra, preservar su patrimonio y transmitir el oficio de la producci\u00f3n de sidra de generaci\u00f3n [&hellip;]<\/p>\n","protected":false},"author":8,"featured_media":309903,"comment_status":"open","ping_status":"open","sticky":false,"template":"","format":"standard","meta":{"_acf_changed":false,"_et_pb_use_builder":"","_et_pb_old_content":"","_et_gb_content_width":"","footnotes":""},"categories":[1],"tags":[],"class_list":["post-309895","post","type-post","status-publish","format-standard","has-post-thumbnail","hentry","category-sin-categorizar"],"acf":[],"yoast_head":"<!-- This site is optimized with the Yoast SEO plugin v25.4 - https:\/\/yoast.com\/wordpress\/plugins\/seo\/ -->\n<title>Sagardoetxea cumple 20 a\u00f1os divulgando la cultura y el patrimonio de la sidra - Sagardoaren Lurraldea<\/title>\n<meta name=\"robots\" content=\"index, follow, max-snippet:-1, max-image-preview:large, max-video-preview:-1\" \/>\n<link rel=\"canonical\" href=\"https:\/\/sagardoarenlurraldea.eus\/es\/blog\/sagardoetxea-cumple-20-anos-divulgando-la-cultura-y-el-patrimonio-de-la-sidra\/\" \/>\n<meta property=\"og:locale\" content=\"es_ES\" \/>\n<meta property=\"og:type\" content=\"article\" \/>\n<meta property=\"og:title\" content=\"Sagardoetxea cumple 20 a\u00f1os divulgando la cultura y el patrimonio de la sidra - Sagardoaren Lurraldea\" \/>\n<meta property=\"og:description\" content=\"Sagardoetxea cumple este a\u00f1o dos d\u00e9cadas dedicadas a dar a conocer la cultura de la sidra, preservar su patrimonio y transmitir el oficio de la producci\u00f3n de sidra de generaci\u00f3n [&hellip;]\" \/>\n<meta property=\"og:url\" content=\"https:\/\/sagardoarenlurraldea.eus\/es\/blog\/sagardoetxea-cumple-20-anos-divulgando-la-cultura-y-el-patrimonio-de-la-sidra\/\" \/>\n<meta property=\"og:site_name\" content=\"Sagardoaren Lurraldea\" \/>\n<meta property=\"article:publisher\" content=\"https:\/\/www.facebook.com\/sagardoarenlurraldea\" \/>\n<meta property=\"article:published_time\" content=\"2026-09-03T10:49:54+00:00\" \/>\n<meta property=\"article:modified_time\" content=\"2026-09-03T11:06:33+00:00\" \/>\n<meta property=\"og:image\" content=\"https:\/\/sagardoarenlurraldea.eus\/wp-content\/uploads\/2026\/09\/Sagardoetxearen-Urteurrenaren-aurkezpena-1-scaled.jpeg\" \/>\n\t<meta property=\"og:image:width\" content=\"2560\" \/>\n\t<meta property=\"og:image:height\" content=\"1920\" \/>\n\t<meta property=\"og:image:type\" content=\"image\/jpeg\" \/>\n<meta name=\"author\" content=\"Leire\" \/>\n<meta name=\"twitter:card\" content=\"summary_large_image\" \/>\n<meta name=\"twitter:label1\" content=\"Escrito por\" \/>\n\t<meta name=\"twitter:data1\" content=\"Leire\" \/>\n\t<meta name=\"twitter:label2\" content=\"Tiempo de lectura\" \/>\n\t<meta name=\"twitter:data2\" content=\"2 minutos\" \/>\n<script type=\"application\/ld+json\" class=\"yoast-schema-graph\">{\"@context\":\"https:\/\/schema.org\",\"@graph\":[{\"@type\":\"WebPage\",\"@id\":\"https:\/\/sagardoarenlurraldea.eus\/es\/blog\/sagardoetxea-cumple-20-anos-divulgando-la-cultura-y-el-patrimonio-de-la-sidra\/\",\"url\":\"https:\/\/sagardoarenlurraldea.eus\/es\/blog\/sagardoetxea-cumple-20-anos-divulgando-la-cultura-y-el-patrimonio-de-la-sidra\/\",\"name\":\"Sagardoetxea cumple 20 a\u00f1os divulgando la cultura y el patrimonio de la sidra - Sagardoaren Lurraldea\",\"isPartOf\":{\"@id\":\"https:\/\/sagardoarenlurraldea.eus\/es\/#website\"},\"primaryImageOfPage\":{\"@id\":\"https:\/\/sagardoarenlurraldea.eus\/es\/blog\/sagardoetxea-cumple-20-anos-divulgando-la-cultura-y-el-patrimonio-de-la-sidra\/#primaryimage\"},\"image\":{\"@id\":\"https:\/\/sagardoarenlurraldea.eus\/es\/blog\/sagardoetxea-cumple-20-anos-divulgando-la-cultura-y-el-patrimonio-de-la-sidra\/#primaryimage\"},\"thumbnailUrl\":\"https:\/\/sagardoarenlurraldea.eus\/wp-content\/uploads\/2026\/09\/Sagardoetxearen-Urteurrenaren-aurkezpena-1-scaled.jpeg\",\"datePublished\":\"2026-09-03T10:49:54+00:00\",\"dateModified\":\"2026-09-03T11:06:33+00:00\",\"author\":{\"@id\":\"https:\/\/sagardoarenlurraldea.eus\/es\/#\/schema\/person\/c0d273e025ac5dbf969479b4523c9763\"},\"breadcrumb\":{\"@id\":\"https:\/\/sagardoarenlurraldea.eus\/es\/blog\/sagardoetxea-cumple-20-anos-divulgando-la-cultura-y-el-patrimonio-de-la-sidra\/#breadcrumb\"},\"inLanguage\":\"es\",\"potentialAction\":[{\"@type\":\"ReadAction\",\"target\":[\"https:\/\/sagardoarenlurraldea.eus\/es\/blog\/sagardoetxea-cumple-20-anos-divulgando-la-cultura-y-el-patrimonio-de-la-sidra\/\"]}]},{\"@type\":\"ImageObject\",\"inLanguage\":\"es\",\"@id\":\"https:\/\/sagardoarenlurraldea.eus\/es\/blog\/sagardoetxea-cumple-20-anos-divulgando-la-cultura-y-el-patrimonio-de-la-sidra\/#primaryimage\",\"url\":\"https:\/\/sagardoarenlurraldea.eus\/wp-content\/uploads\/2026\/09\/Sagardoetxearen-Urteurrenaren-aurkezpena-1-scaled.jpeg\",\"contentUrl\":\"https:\/\/sagardoarenlurraldea.eus\/wp-content\/uploads\/2026\/09\/Sagardoetxearen-Urteurrenaren-aurkezpena-1-scaled.jpeg\",\"width\":2560,\"height\":1920},{\"@type\":\"BreadcrumbList\",\"@id\":\"https:\/\/sagardoarenlurraldea.eus\/es\/blog\/sagardoetxea-cumple-20-anos-divulgando-la-cultura-y-el-patrimonio-de-la-sidra\/#breadcrumb\",\"itemListElement\":[{\"@type\":\"ListItem\",\"position\":1,\"name\":\"Inicio\",\"item\":\"https:\/\/sagardoarenlurraldea.eus\/es\/\"},{\"@type\":\"ListItem\",\"position\":2,\"name\":\"Sagardoetxea cumple 20 a\u00f1os divulgando la cultura y el patrimonio de la sidra\"}]},{\"@type\":\"WebSite\",\"@id\":\"https:\/\/sagardoarenlurraldea.eus\/es\/#website\",\"url\":\"https:\/\/sagardoarenlurraldea.eus\/es\/\",\"name\":\"Sagardoaren Lurraldea\",\"description\":\"El territorio de la sidra\",\"potentialAction\":[{\"@type\":\"SearchAction\",\"target\":{\"@type\":\"EntryPoint\",\"urlTemplate\":\"https:\/\/sagardoarenlurraldea.eus\/es\/?s={search_term_string}\"},\"query-input\":{\"@type\":\"PropertyValueSpecification\",\"valueRequired\":true,\"valueName\":\"search_term_string\"}}],\"inLanguage\":\"es\"},{\"@type\":\"Person\",\"@id\":\"https:\/\/sagardoarenlurraldea.eus\/es\/#\/schema\/person\/c0d273e025ac5dbf969479b4523c9763\",\"name\":\"Leire\",\"image\":{\"@type\":\"ImageObject\",\"inLanguage\":\"es\",\"@id\":\"https:\/\/sagardoarenlurraldea.eus\/es\/#\/schema\/person\/image\/\",\"url\":\"https:\/\/secure.gravatar.com\/avatar\/102f988b53fb26afcecf0c4021ce7306431d7c6dcec997c8578b92a1112bcd81?s=96&d=mm&r=g\",\"contentUrl\":\"https:\/\/secure.gravatar.com\/avatar\/102f988b53fb26afcecf0c4021ce7306431d7c6dcec997c8578b92a1112bcd81?s=96&d=mm&r=g\",\"caption\":\"Leire\"}}]}<\/script>\n<!-- \/ Yoast SEO plugin. -->","yoast_head_json":{"title":"Sagardoetxea cumple 20 a\u00f1os divulgando la cultura y el patrimonio de la sidra - Sagardoaren Lurraldea","robots":{"index":"index","follow":"follow","max-snippet":"max-snippet:-1","max-image-preview":"max-image-preview:large","max-video-preview":"max-video-preview:-1"},"canonical":"https:\/\/sagardoarenlurraldea.eus\/es\/blog\/sagardoetxea-cumple-20-anos-divulgando-la-cultura-y-el-patrimonio-de-la-sidra\/","og_locale":"es_ES","og_type":"article","og_title":"Sagardoetxea cumple 20 a\u00f1os divulgando la cultura y el patrimonio de la sidra - Sagardoaren Lurraldea","og_description":"Sagardoetxea cumple este a\u00f1o dos d\u00e9cadas dedicadas a dar a conocer la cultura de la sidra, preservar su patrimonio y transmitir el oficio de la producci\u00f3n de sidra de generaci\u00f3n [&hellip;]","og_url":"https:\/\/sagardoarenlurraldea.eus\/es\/blog\/sagardoetxea-cumple-20-anos-divulgando-la-cultura-y-el-patrimonio-de-la-sidra\/","og_site_name":"Sagardoaren Lurraldea","article_publisher":"https:\/\/www.facebook.com\/sagardoarenlurraldea","article_published_time":"2026-09-03T10:49:54+00:00","article_modified_time":"2026-09-03T11:06:33+00:00","og_image":[{"width":2560,"height":1920,"url":"https:\/\/sagardoarenlurraldea.eus\/wp-content\/uploads\/2026\/09\/Sagardoetxearen-Urteurrenaren-aurkezpena-1-scaled.jpeg","type":"image\/jpeg"}],"author":"Leire","twitter_card":"summary_large_image","twitter_misc":{"Escrito por":"Leire","Tiempo de lectura":"2 minutos"},"schema":{"@context":"https:\/\/schema.org","@graph":[{"@type":"WebPage","@id":"https:\/\/sagardoarenlurraldea.eus\/es\/blog\/sagardoetxea-cumple-20-anos-divulgando-la-cultura-y-el-patrimonio-de-la-sidra\/","url":"https:\/\/sagardoarenlurraldea.eus\/es\/blog\/sagardoetxea-cumple-20-anos-divulgando-la-cultura-y-el-patrimonio-de-la-sidra\/","name":"Sagardoetxea cumple 20 a\u00f1os divulgando la cultura y el patrimonio de la sidra - Sagardoaren Lurraldea","isPartOf":{"@id":"https:\/\/sagardoarenlurraldea.eus\/es\/#website"},"primaryImageOfPage":{"@id":"https:\/\/sagardoarenlurraldea.eus\/es\/blog\/sagardoetxea-cumple-20-anos-divulgando-la-cultura-y-el-patrimonio-de-la-sidra\/#primaryimage"},"image":{"@id":"https:\/\/sagardoarenlurraldea.eus\/es\/blog\/sagardoetxea-cumple-20-anos-divulgando-la-cultura-y-el-patrimonio-de-la-sidra\/#primaryimage"},"thumbnailUrl":"https:\/\/sagardoarenlurraldea.eus\/wp-content\/uploads\/2026\/09\/Sagardoetxearen-Urteurrenaren-aurkezpena-1-scaled.jpeg","datePublished":"2026-09-03T10:49:54+00:00","dateModified":"2026-09-03T11:06:33+00:00","author":{"@id":"https:\/\/sagardoarenlurraldea.eus\/es\/#\/schema\/person\/c0d273e025ac5dbf969479b4523c9763"},"breadcrumb":{"@id":"https:\/\/sagardoarenlurraldea.eus\/es\/blog\/sagardoetxea-cumple-20-anos-divulgando-la-cultura-y-el-patrimonio-de-la-sidra\/#breadcrumb"},"inLanguage":"es","potentialAction":[{"@type":"ReadAction","target":["https:\/\/sagardoarenlurraldea.eus\/es\/blog\/sagardoetxea-cumple-20-anos-divulgando-la-cultura-y-el-patrimonio-de-la-sidra\/"]}]},{"@type":"ImageObject","inLanguage":"es","@id":"https:\/\/sagardoarenlurraldea.eus\/es\/blog\/sagardoetxea-cumple-20-anos-divulgando-la-cultura-y-el-patrimonio-de-la-sidra\/#primaryimage","url":"https:\/\/sagardoarenlurraldea.eus\/wp-content\/uploads\/2026\/09\/Sagardoetxearen-Urteurrenaren-aurkezpena-1-scaled.jpeg","contentUrl":"https:\/\/sagardoarenlurraldea.eus\/wp-content\/uploads\/2026\/09\/Sagardoetxearen-Urteurrenaren-aurkezpena-1-scaled.jpeg","width":2560,"height":1920},{"@type":"BreadcrumbList","@id":"https:\/\/sagardoarenlurraldea.eus\/es\/blog\/sagardoetxea-cumple-20-anos-divulgando-la-cultura-y-el-patrimonio-de-la-sidra\/#breadcrumb","itemListElement":[{"@type":"ListItem","position":1,"name":"Inicio","item":"https:\/\/sagardoarenlurraldea.eus\/es\/"},{"@type":"ListItem","position":2,"name":"Sagardoetxea cumple 20 a\u00f1os divulgando la cultura y el patrimonio de la sidra"}]},{"@type":"WebSite","@id":"https:\/\/sagardoarenlurraldea.eus\/es\/#website","url":"https:\/\/sagardoarenlurraldea.eus\/es\/","name":"Sagardoaren Lurraldea","description":"El territorio de la sidra","potentialAction":[{"@type":"SearchAction","target":{"@type":"EntryPoint","urlTemplate":"https:\/\/sagardoarenlurraldea.eus\/es\/?s={search_term_string}"},"query-input":{"@type":"PropertyValueSpecification","valueRequired":true,"valueName":"search_term_string"}}],"inLanguage":"es"},{"@type":"Person","@id":"https:\/\/sagardoarenlurraldea.eus\/es\/#\/schema\/person\/c0d273e025ac5dbf969479b4523c9763","name":"Leire","image":{"@type":"ImageObject","inLanguage":"es","@id":"https:\/\/sagardoarenlurraldea.eus\/es\/#\/schema\/person\/image\/","url":"https:\/\/secure.gravatar.com\/avatar\/102f988b53fb26afcecf0c4021ce7306431d7c6dcec997c8578b92a1112bcd81?s=96&d=mm&r=g","contentUrl":"https:\/\/secure.gravatar.com\/avatar\/102f988b53fb26afcecf0c4021ce7306431d7c6dcec997c8578b92a1112bcd81?s=96&d=mm&r=g","caption":"Leire"}}]}},"_links":{"self":[{"href":"https:\/\/sagardoarenlurraldea.eus\/es\/wp-json\/wp\/v2\/posts\/309895","targetHints":{"allow":["GET"]}}],"collection":[{"href":"https:\/\/sagardoarenlurraldea.eus\/es\/wp-json\/wp\/v2\/posts"}],"about":[{"href":"https:\/\/sagardoarenlurraldea.eus\/es\/wp-json\/wp\/v2\/types\/post"}],"author":[{"embeddable":true,"href":"https:\/\/sagardoarenlurraldea.eus\/es\/wp-json\/wp\/v2\/users\/8"}],"replies":[{"embeddable":true,"href":"https:\/\/sagardoarenlurraldea.eus\/es\/wp-json\/wp\/v2\/comments?post=309895"}],"version-history":[{"count":2,"href":"https:\/\/sagardoarenlurraldea.eus\/es\/wp-json\/wp\/v2\/posts\/309895\/revisions"}],"predecessor-version":[{"id":309897,"href":"https:\/\/sagardoarenlurraldea.eus\/es\/wp-json\/wp\/v2\/posts\/309895\/revisions\/309897"}],"wp:featuredmedia":[{"embeddable":true,"href":"https:\/\/sagardoarenlurraldea.eus\/es\/wp-json\/wp\/v2\/media\/309903"}],"wp:attachment":[{"href":"https:\/\/sagardoarenlurraldea.eus\/es\/wp-json\/wp\/v2\/media?parent=309895"}],"wp:term":[{"taxonomy":"category","embeddable":true,"href":"https:\/\/sagardoarenlurraldea.eus\/es\/wp-json\/wp\/v2\/categories?post=309895"},{"taxonomy":"post_tag","embeddable":true,"href":"https:\/\/sagardoarenlurraldea.eus\/es\/wp-json\/wp\/v2\/tags?post=309895"}],"curies":[{"name":"wp","href":"https:\/\/api.w.org\/{rel}","templated":true}]}}