{"id":28485,"date":"2018-02-16T16:41:47","date_gmt":"2018-02-16T14:41:47","guid":{"rendered":"http:\/\/www.sagardoarenlurraldea.eus\/?p=28485"},"modified":"2018-03-14T16:24:57","modified_gmt":"2018-03-14T14:24:57","slug":"transporte-sidrerias-temporada-del-txotx-2018","status":"publish","type":"post","link":"https:\/\/sagardoarenlurraldea.eus\/es\/blog\/transporte-sidrerias-temporada-del-txotx-2018\/","title":{"rendered":"Transporte a sidrer\u00edas, temporada del txotx 2018"},"content":{"rendered":"<p><strong>Durante la temporada del txotx 2018 habr\u00e1 un servicio de autob\u00fas a las sidrer\u00edas de Astigarraga y Hernani desde el centro de las dos localidades. Consulta los horarios para llegar a la sidrer\u00eda deseada en transporte p\u00fablico:<\/strong><\/p>\n<p><strong><br \/>\nTRANSPORTE A SIDRER\u00cdAS DE ASTIGARRAGA<\/strong><\/p>\n<p><strong>Fechas<\/strong>: 15 de febrero &#8211; 28 de abril<\/p>\n<p><strong>Servicio de transporte a sidrer\u00edas<\/strong>:<br \/>\n<strong>Sidrer\u00edas: <\/strong>Larrarte, Etxeberria, Oyarbide, Sarasola, Artola, Gurutzeta, Bereziartua, Irigoien, Mina, Zapiain, Astarbe, Alorrenea y Petritegi<\/p>\n<p><strong>Parada<\/strong>: Parada de autob\u00fas de Donostia Ibilbidea (direcci\u00f3n Hernani)<\/p>\n<p><strong>Servicio<\/strong>:<br \/>\nDe lunes a viernes noche. S\u00e1bados mediod\u00eda y noche. Servicio gratuito.<\/p>\n<p><strong>Horarios y d\u00edas<\/strong>:<br \/>\n<strong>Servicio de mediod\u00eda<\/strong>:<br \/>\n&#8211; <strong>S\u00e1bados<\/strong>: Ida de 13:30 a 15:00 y vuelta de 16:30 a 18:00<\/p>\n<p><strong>Servicio de noche<\/strong>:<br \/>\n&#8211; <strong>De lunes a jueves<\/strong>: Ida de 20:30 a 22:00 y vuelta de 22:00 a 00:00<br \/>\n&#8211; <strong>Viernes y s\u00e1bado<\/strong>: Ida de 20:30 a 22:30 y vuelta de 22:30 a 00:30.<\/p>\n<p><a href=\"https:\/\/sagardoarenlurraldea.eus\/wp-content\/uploads\/2018\/03\/Kartela-Txotx-2018-garraioa.pdf\"><strong>Descargar horarios en PDF<\/strong><\/a><\/p>\n<p>Por otra parte, <strong>Lurraldebus ofrecer\u00e1 un servicio especial nocturno en temporada de sidrer\u00edas. <\/strong>Desde el d\u00eda 3 de febrero al d\u00eda 14 de Abril, circular\u00e1n<a href=\"http:\/\/www.autobusesareizaga.com\/documentos\/archivos\/horarios\/A1_Noct.pdf\"><strong> servicios nocturnos<\/strong> <\/a>todos los viernes y s\u00e1bados con los horarios habituales.<\/p>\n<p><strong><br \/>\nTRANSPORTE A SIDRER\u00cdAS DE HERNANI<\/strong><\/p>\n<p><strong>Fechas: <\/strong>17 de enero &#8211; 30 de abril<\/p>\n<p><strong>Servicio de autob\u00fas a sidrer\u00edas de la zona de Osi\u00f1aga<\/strong>:<br \/>\n<strong>Sidrer\u00edas<\/strong>: Itxas-Buru, Otsua-Enea, Olaizola, Altzueta, Iparragirre, Elorrabi y Goiko Lastola.<\/p>\n<p><strong>Paradas<\/strong>:<br \/>\n&#8211; Para ira\u00a0 la sidrer\u00eda: parada de Zinkoenea (direcci\u00f3n Astigarraga).<br \/>\n&#8211; Al volver de la sidrer\u00eda parar\u00e1 en Zinkoenea.<\/p>\n<p><strong>Servicio<\/strong>:<br \/>\nViernes noche y s\u00e1bados mediod\u00eda y noche. Var\u00eda en funci\u00f3n del d\u00eda y de la temporada (se puede pagar con la tarjeta de Lurraldebus).<\/p>\n<p><strong>Recorridos, horarios y fechas<\/strong>:<br \/>\n<strong>20 de enero &#8211; 11 de febrero (ambos incluidos)<\/strong><br \/>\nZinkoenea-Osinaga: Viernes a las 21:00. S\u00e1bados: 14:00 y 21:00<br \/>\nOsinaga-Zinkoenea: Viernes: 00:00. S\u00e1bados: 18:00 y 00:00<\/p>\n<p><strong>17 de febrero &#8211; 31 de marzo (ambos incluidos)<\/strong><br \/>\nZinkoenea-Osinaga: Viernes 20:30-21:00-21:30. S\u00e1bados: 13:30-14:00 y 20:30-21:00-21:30<br \/>\nOsinaga-Zinkoenea: Viernes: 23:00-00:00-00:30. S\u00e1bados: 17:30-18:00-18:30 y 23:30-00:00-00:30<\/p>\n<p><strong>25 de marzo &#8211; 30 de abril (ambos incluidos)<\/strong><br \/>\nZinkoenea-Osinaga: Viernes 21:00. S\u00e1bados: 13:30-14:00 y 20:30-21:00<br \/>\nOsinaga-Zinkoenea: Viernes: 00:00. S\u00e1bados: 18:00- 18:30 y 23:30-00:00<\/p>\n<p>* <strong>SERVICIO ESPECIAL para grupos<\/strong>. Tel\u00e9fono para reservas: 622 596 822<br \/>\n***Autob\u00fas a la sidrer\u00eda LARRE-GAIN (desde Elkano kalea): viernes: 20:30 \/ S\u00e1bados: 13:30 y 20:30 (desde la sidrer\u00eda: 18:00 y\u00a0 00:15).<\/p>\n<p><a href=\"https:\/\/sagardoarenlurraldea.eus\/wp-content\/uploads\/2018\/02\/BUSA-Txot-2018-Hernani.pdf\"><strong>Descargar horarios en PDF<\/strong><\/a><\/p>\n<p>Por otra parte, <strong>Lurraldebus ofrecer\u00e1 un servicio especial nocturno en temporada de sidrer\u00edas. <\/strong>Desde el d\u00eda 3 de febrero al d\u00eda 14 de Abril, circular\u00e1n<a href=\"http:\/\/www.autobusesareizaga.com\/documentos\/archivos\/horarios\/A1_Noct.pdf\"><strong> servicios nocturnos<\/strong> <\/a>todos los viernes y s\u00e1bados con los horarios habituales.<\/p>\n","protected":false},"excerpt":{"rendered":"<p>Durante la temporada del txotx 2018 habr\u00e1 un servicio de autob\u00fas a las sidrer\u00edas de Astigarraga y Hernani desde el centro de las dos localidades. Consulta los horarios para llegar [&hellip;]<\/p>\n","protected":false},"author":2,"featured_media":28486,"comment_status":"open","ping_status":"open","sticky":false,"template":"","format":"standard","meta":{"_acf_changed":false,"_et_pb_use_builder":"","_et_pb_old_content":"","_et_gb_content_width":"","footnotes":""},"categories":[255],"tags":[1776,1831,2834],"class_list":["post-28485","post","type-post","status-publish","format-standard","has-post-thumbnail","hentry","category-sidrerias","tag-sidrerias","tag-transporte","tag-txotx-2018"],"acf":[],"yoast_head":"<!-- This site is optimized with the Yoast SEO plugin v25.4 - https:\/\/yoast.com\/wordpress\/plugins\/seo\/ -->\n<title>Transporte a sidrer\u00edas, temporada del txotx 2018 - Sagardoaren Lurraldea<\/title>\n<meta name=\"robots\" content=\"index, follow, max-snippet:-1, max-image-preview:large, max-video-preview:-1\" \/>\n<link rel=\"canonical\" href=\"https:\/\/sagardoarenlurraldea.eus\/es\/blog\/transporte-sidrerias-temporada-del-txotx-2018\/\" \/>\n<meta property=\"og:locale\" content=\"es_ES\" \/>\n<meta property=\"og:type\" content=\"article\" \/>\n<meta property=\"og:title\" content=\"Transporte a sidrer\u00edas, temporada del txotx 2018 - Sagardoaren Lurraldea\" \/>\n<meta property=\"og:description\" content=\"Durante la temporada del txotx 2018 habr\u00e1 un servicio de autob\u00fas a las sidrer\u00edas de Astigarraga y Hernani desde el centro de las dos localidades. Consulta los horarios para llegar [&hellip;]\" \/>\n<meta property=\"og:url\" content=\"https:\/\/sagardoarenlurraldea.eus\/es\/blog\/transporte-sidrerias-temporada-del-txotx-2018\/\" \/>\n<meta property=\"og:site_name\" content=\"Sagardoaren Lurraldea\" \/>\n<meta property=\"article:publisher\" content=\"https:\/\/www.facebook.com\/sagardoarenlurraldea\" \/>\n<meta property=\"article:published_time\" content=\"2018-02-16T14:41:47+00:00\" \/>\n<meta property=\"article:modified_time\" content=\"2018-03-14T14:24:57+00:00\" \/>\n<meta property=\"og:image\" content=\"https:\/\/sagardoarenlurraldea.eus\/wp-content\/uploads\/2018\/02\/Txotx-2018-1.jpg\" \/>\n\t<meta property=\"og:image:width\" content=\"1200\" \/>\n\t<meta property=\"og:image:height\" content=\"800\" \/>\n\t<meta property=\"og:image:type\" content=\"image\/jpeg\" \/>\n<meta name=\"author\" content=\"Leire Alkorta Belaunzaran\" \/>\n<meta name=\"twitter:card\" content=\"summary_large_image\" \/>\n<meta name=\"twitter:label1\" content=\"Escrito por\" \/>\n\t<meta name=\"twitter:data1\" content=\"Leire Alkorta Belaunzaran\" \/>\n\t<meta name=\"twitter:label2\" content=\"Tiempo de lectura\" \/>\n\t<meta name=\"twitter:data2\" content=\"2 minutos\" \/>\n<script type=\"application\/ld+json\" class=\"yoast-schema-graph\">{\"@context\":\"https:\/\/schema.org\",\"@graph\":[{\"@type\":\"WebPage\",\"@id\":\"https:\/\/sagardoarenlurraldea.eus\/es\/blog\/transporte-sidrerias-temporada-del-txotx-2018\/\",\"url\":\"https:\/\/sagardoarenlurraldea.eus\/es\/blog\/transporte-sidrerias-temporada-del-txotx-2018\/\",\"name\":\"Transporte a sidrer\u00edas, temporada del txotx 2018 - Sagardoaren Lurraldea\",\"isPartOf\":{\"@id\":\"https:\/\/sagardoarenlurraldea.eus\/es\/#website\"},\"primaryImageOfPage\":{\"@id\":\"https:\/\/sagardoarenlurraldea.eus\/es\/blog\/transporte-sidrerias-temporada-del-txotx-2018\/#primaryimage\"},\"image\":{\"@id\":\"https:\/\/sagardoarenlurraldea.eus\/es\/blog\/transporte-sidrerias-temporada-del-txotx-2018\/#primaryimage\"},\"thumbnailUrl\":\"https:\/\/sagardoarenlurraldea.eus\/wp-content\/uploads\/2018\/02\/Txotx-2018-1.jpg\",\"datePublished\":\"2018-02-16T14:41:47+00:00\",\"dateModified\":\"2018-03-14T14:24:57+00:00\",\"author\":{\"@id\":\"https:\/\/sagardoarenlurraldea.eus\/es\/#\/schema\/person\/f8f503f199168cab2a3b6a3a30b587de\"},\"breadcrumb\":{\"@id\":\"https:\/\/sagardoarenlurraldea.eus\/es\/blog\/transporte-sidrerias-temporada-del-txotx-2018\/#breadcrumb\"},\"inLanguage\":\"es\",\"potentialAction\":[{\"@type\":\"ReadAction\",\"target\":[\"https:\/\/sagardoarenlurraldea.eus\/es\/blog\/transporte-sidrerias-temporada-del-txotx-2018\/\"]}]},{\"@type\":\"ImageObject\",\"inLanguage\":\"es\",\"@id\":\"https:\/\/sagardoarenlurraldea.eus\/es\/blog\/transporte-sidrerias-temporada-del-txotx-2018\/#primaryimage\",\"url\":\"https:\/\/sagardoarenlurraldea.eus\/wp-content\/uploads\/2018\/02\/Txotx-2018-1.jpg\",\"contentUrl\":\"https:\/\/sagardoarenlurraldea.eus\/wp-content\/uploads\/2018\/02\/Txotx-2018-1.jpg\",\"width\":1200,\"height\":800,\"caption\":\"2018-01-15, Astigarraga. Txotx garaiaren irekiera Astigarragan. 15-01-2018, Astigarraga. Apertura de la temporada de sidrer\u00edas en Astigarraga.\"},{\"@type\":\"BreadcrumbList\",\"@id\":\"https:\/\/sagardoarenlurraldea.eus\/es\/blog\/transporte-sidrerias-temporada-del-txotx-2018\/#breadcrumb\",\"itemListElement\":[{\"@type\":\"ListItem\",\"position\":1,\"name\":\"Inicio\",\"item\":\"https:\/\/sagardoarenlurraldea.eus\/es\/\"},{\"@type\":\"ListItem\",\"position\":2,\"name\":\"Transporte a sidrer\u00edas, temporada del txotx 2018\"}]},{\"@type\":\"WebSite\",\"@id\":\"https:\/\/sagardoarenlurraldea.eus\/es\/#website\",\"url\":\"https:\/\/sagardoarenlurraldea.eus\/es\/\",\"name\":\"Sagardoaren Lurraldea\",\"description\":\"El territorio de la sidra\",\"potentialAction\":[{\"@type\":\"SearchAction\",\"target\":{\"@type\":\"EntryPoint\",\"urlTemplate\":\"https:\/\/sagardoarenlurraldea.eus\/es\/?s={search_term_string}\"},\"query-input\":{\"@type\":\"PropertyValueSpecification\",\"valueRequired\":true,\"valueName\":\"search_term_string\"}}],\"inLanguage\":\"es\"},{\"@type\":\"Person\",\"@id\":\"https:\/\/sagardoarenlurraldea.eus\/es\/#\/schema\/person\/f8f503f199168cab2a3b6a3a30b587de\",\"name\":\"Leire Alkorta Belaunzaran\",\"image\":{\"@type\":\"ImageObject\",\"inLanguage\":\"es\",\"@id\":\"https:\/\/sagardoarenlurraldea.eus\/es\/#\/schema\/person\/image\/\",\"url\":\"https:\/\/secure.gravatar.com\/avatar\/4a49fd688d088f786ec6b952c89ef8eb76b7442a37af103abbdf183d0401499a?s=96&d=mm&r=g\",\"contentUrl\":\"https:\/\/secure.gravatar.com\/avatar\/4a49fd688d088f786ec6b952c89ef8eb76b7442a37af103abbdf183d0401499a?s=96&d=mm&r=g\",\"caption\":\"Leire Alkorta Belaunzaran\"}}]}<\/script>\n<!-- \/ Yoast SEO plugin. -->","yoast_head_json":{"title":"Transporte a sidrer\u00edas, temporada del txotx 2018 - Sagardoaren Lurraldea","robots":{"index":"index","follow":"follow","max-snippet":"max-snippet:-1","max-image-preview":"max-image-preview:large","max-video-preview":"max-video-preview:-1"},"canonical":"https:\/\/sagardoarenlurraldea.eus\/es\/blog\/transporte-sidrerias-temporada-del-txotx-2018\/","og_locale":"es_ES","og_type":"article","og_title":"Transporte a sidrer\u00edas, temporada del txotx 2018 - Sagardoaren Lurraldea","og_description":"Durante la temporada del txotx 2018 habr\u00e1 un servicio de autob\u00fas a las sidrer\u00edas de Astigarraga y Hernani desde el centro de las dos localidades. Consulta los horarios para llegar [&hellip;]","og_url":"https:\/\/sagardoarenlurraldea.eus\/es\/blog\/transporte-sidrerias-temporada-del-txotx-2018\/","og_site_name":"Sagardoaren Lurraldea","article_publisher":"https:\/\/www.facebook.com\/sagardoarenlurraldea","article_published_time":"2018-02-16T14:41:47+00:00","article_modified_time":"2018-03-14T14:24:57+00:00","og_image":[{"width":1200,"height":800,"url":"https:\/\/sagardoarenlurraldea.eus\/wp-content\/uploads\/2018\/02\/Txotx-2018-1.jpg","type":"image\/jpeg"}],"author":"Leire Alkorta Belaunzaran","twitter_card":"summary_large_image","twitter_misc":{"Escrito por":"Leire Alkorta Belaunzaran","Tiempo de lectura":"2 minutos"},"schema":{"@context":"https:\/\/schema.org","@graph":[{"@type":"WebPage","@id":"https:\/\/sagardoarenlurraldea.eus\/es\/blog\/transporte-sidrerias-temporada-del-txotx-2018\/","url":"https:\/\/sagardoarenlurraldea.eus\/es\/blog\/transporte-sidrerias-temporada-del-txotx-2018\/","name":"Transporte a sidrer\u00edas, temporada del txotx 2018 - Sagardoaren Lurraldea","isPartOf":{"@id":"https:\/\/sagardoarenlurraldea.eus\/es\/#website"},"primaryImageOfPage":{"@id":"https:\/\/sagardoarenlurraldea.eus\/es\/blog\/transporte-sidrerias-temporada-del-txotx-2018\/#primaryimage"},"image":{"@id":"https:\/\/sagardoarenlurraldea.eus\/es\/blog\/transporte-sidrerias-temporada-del-txotx-2018\/#primaryimage"},"thumbnailUrl":"https:\/\/sagardoarenlurraldea.eus\/wp-content\/uploads\/2018\/02\/Txotx-2018-1.jpg","datePublished":"2018-02-16T14:41:47+00:00","dateModified":"2018-03-14T14:24:57+00:00","author":{"@id":"https:\/\/sagardoarenlurraldea.eus\/es\/#\/schema\/person\/f8f503f199168cab2a3b6a3a30b587de"},"breadcrumb":{"@id":"https:\/\/sagardoarenlurraldea.eus\/es\/blog\/transporte-sidrerias-temporada-del-txotx-2018\/#breadcrumb"},"inLanguage":"es","potentialAction":[{"@type":"ReadAction","target":["https:\/\/sagardoarenlurraldea.eus\/es\/blog\/transporte-sidrerias-temporada-del-txotx-2018\/"]}]},{"@type":"ImageObject","inLanguage":"es","@id":"https:\/\/sagardoarenlurraldea.eus\/es\/blog\/transporte-sidrerias-temporada-del-txotx-2018\/#primaryimage","url":"https:\/\/sagardoarenlurraldea.eus\/wp-content\/uploads\/2018\/02\/Txotx-2018-1.jpg","contentUrl":"https:\/\/sagardoarenlurraldea.eus\/wp-content\/uploads\/2018\/02\/Txotx-2018-1.jpg","width":1200,"height":800,"caption":"2018-01-15, Astigarraga. Txotx garaiaren irekiera Astigarragan. 15-01-2018, Astigarraga. Apertura de la temporada de sidrer\u00edas en Astigarraga."},{"@type":"BreadcrumbList","@id":"https:\/\/sagardoarenlurraldea.eus\/es\/blog\/transporte-sidrerias-temporada-del-txotx-2018\/#breadcrumb","itemListElement":[{"@type":"ListItem","position":1,"name":"Inicio","item":"https:\/\/sagardoarenlurraldea.eus\/es\/"},{"@type":"ListItem","position":2,"name":"Transporte a sidrer\u00edas, temporada del txotx 2018"}]},{"@type":"WebSite","@id":"https:\/\/sagardoarenlurraldea.eus\/es\/#website","url":"https:\/\/sagardoarenlurraldea.eus\/es\/","name":"Sagardoaren Lurraldea","description":"El territorio de la sidra","potentialAction":[{"@type":"SearchAction","target":{"@type":"EntryPoint","urlTemplate":"https:\/\/sagardoarenlurraldea.eus\/es\/?s={search_term_string}"},"query-input":{"@type":"PropertyValueSpecification","valueRequired":true,"valueName":"search_term_string"}}],"inLanguage":"es"},{"@type":"Person","@id":"https:\/\/sagardoarenlurraldea.eus\/es\/#\/schema\/person\/f8f503f199168cab2a3b6a3a30b587de","name":"Leire Alkorta Belaunzaran","image":{"@type":"ImageObject","inLanguage":"es","@id":"https:\/\/sagardoarenlurraldea.eus\/es\/#\/schema\/person\/image\/","url":"https:\/\/secure.gravatar.com\/avatar\/4a49fd688d088f786ec6b952c89ef8eb76b7442a37af103abbdf183d0401499a?s=96&d=mm&r=g","contentUrl":"https:\/\/secure.gravatar.com\/avatar\/4a49fd688d088f786ec6b952c89ef8eb76b7442a37af103abbdf183d0401499a?s=96&d=mm&r=g","caption":"Leire Alkorta Belaunzaran"}}]}},"_links":{"self":[{"href":"https:\/\/sagardoarenlurraldea.eus\/es\/wp-json\/wp\/v2\/posts\/28485","targetHints":{"allow":["GET"]}}],"collection":[{"href":"https:\/\/sagardoarenlurraldea.eus\/es\/wp-json\/wp\/v2\/posts"}],"about":[{"href":"https:\/\/sagardoarenlurraldea.eus\/es\/wp-json\/wp\/v2\/types\/post"}],"author":[{"embeddable":true,"href":"https:\/\/sagardoarenlurraldea.eus\/es\/wp-json\/wp\/v2\/users\/2"}],"replies":[{"embeddable":true,"href":"https:\/\/sagardoarenlurraldea.eus\/es\/wp-json\/wp\/v2\/comments?post=28485"}],"version-history":[{"count":0,"href":"https:\/\/sagardoarenlurraldea.eus\/es\/wp-json\/wp\/v2\/posts\/28485\/revisions"}],"wp:featuredmedia":[{"embeddable":true,"href":"https:\/\/sagardoarenlurraldea.eus\/es\/wp-json\/wp\/v2\/media\/28486"}],"wp:attachment":[{"href":"https:\/\/sagardoarenlurraldea.eus\/es\/wp-json\/wp\/v2\/media?parent=28485"}],"wp:term":[{"taxonomy":"category","embeddable":true,"href":"https:\/\/sagardoarenlurraldea.eus\/es\/wp-json\/wp\/v2\/categories?post=28485"},{"taxonomy":"post_tag","embeddable":true,"href":"https:\/\/sagardoarenlurraldea.eus\/es\/wp-json\/wp\/v2\/tags?post=28485"}],"curies":[{"name":"wp","href":"https:\/\/api.w.org\/{rel}","templated":true}]}}