{"id":18195,"date":"2017-06-02T00:00:00","date_gmt":"2017-06-01T22:00:00","guid":{"rendered":"http:\/\/www.sagardoarenlurraldea.eus\/blog\/manana-se-celebra-la-final-del-xvi-concurso-de-sidra-de-la-diputacion-foral-de-gipuzkoa\/"},"modified":"2017-07-28T17:03:57","modified_gmt":"2017-07-28T15:03:57","slug":"manana-se-celebra-la-final-del-xvi-concurso-de-sidra-de-la-diputacion-foral-de-gipuzkoa","status":"publish","type":"post","link":"https:\/\/sagardoarenlurraldea.eus\/es\/blog\/manana-se-celebra-la-final-del-xvi-concurso-de-sidra-de-la-diputacion-foral-de-gipuzkoa\/","title":{"rendered":"Ma\u00f1ana se celebra la final del XVI Concurso de Sidra de la Diputaci\u00f3n Foral de Gipuzkoa"},"content":{"rendered":"<p><strong>La final de la XVI edici\u00f3n del Concurso de Sidra de la Diputaci\u00f3n Foral de Gipuzkoa tendr\u00e1 lugar, este pr\u00f3ximo s\u00e1bado, en la Cofrad\u00eda Vasca de Gastronom\u00eda de Donostia-San Sebasti\u00e1n, a las 12:00 del mediod\u00eda. Este a\u00f1o la participaci\u00f3n ha sido mayor que nunca con la presencia de 29 elaboradores de sidra de 18 municipios guipuzcoanos.<\/strong><\/p>\n<p>El concurso se organiza con dos objetivos claros: la puesta en valor del trabajo realizado por los elaboradores de sidra en el proceso productivo y el reconocimiento de la calidad de la sidra embotellada, desde una perspectiva tanto organol\u00e9ptica como anal\u00edtica.<\/p>\n<p>Las muestras se han tomado de las barricas de las sidrer\u00edas participantes y han sido analizadas en el laboratorio de Fraisoro. Si bien en la presente edici\u00f3n se han medido 15 par\u00e1metros, en la fase anal\u00edtica de la misma se han considerado \u00fanicamente cuatro: la acidez vol\u00e1til, el extracto seco total sin az\u00facar, el metanol y la glucosa-fructosa. Las sidrer\u00edas eligieron la barrica desde la cual se tomar\u00eda la sidra y se recogieron un total de trece botellas de cada una de ellas. De las trece botellas tomadas en abril, dos se llevaron al laboratorio Fraisoro de la Diputaci\u00f3n para proceder a su an\u00e1lisis. Las botellas se entregan con las mismas etiquetas para que no puedan ser identificadas en la fase de degustaci\u00f3n. Las catas se realizaron en mayo en Fraisoro, y el jurado ha seleccionado seis sidrer\u00edas finalistas para el s\u00e1bado:<\/p>\n<ul>\n<li>La sidrer\u00eda\u00a0<b>ABURUZA\u00a0<\/b>de Aduna.<\/li>\n<li>La sidrer\u00eda\u00a0<b>ALTZUETA\u00a0<\/b>de Hernani.<\/li>\n<li>La sidrer\u00eda\u00a0<b>GARTZIATEGI <\/b>de Astigarraga.<\/li>\n<li>La sidrer\u00eda\u00a0<b>ETXEBERRIA <\/b>de Astigarraga.<\/li>\n<li>La sidrer\u00eda\u00a0<b>GAZTA\u00d1AGA\u00a0<\/b>de Andoain.<\/li>\n<li>La sidrer\u00eda\u00a0<b>SARASOLA\u00a0<\/b>de Asteasu.<\/li>\n<\/ul>\n<p>En la final del concurso que se celebrar\u00e1 el s\u00e1bado que viene se elegir\u00e1 la mejor sidra guipuzcoana de 2017. Las personas encargadas de elegir la sidra ganadora ser\u00e1n catadores diplomados en el Laboratorio Agroambiental de Fraisoro.<\/p>\n<p>La sidrer\u00eda ganadora de esta edici\u00f3n ser\u00e1 galardonada con 3.000 euros y una txapela. La segunda clasificada recibir\u00e1 1.500 euros y la tercera 1.000. A las primeras tres sidrer\u00edas se les entregar\u00e1, adem\u00e1s, una r\u00e9plica en diferentes escalas de la conocida \u201cGalarrea o karreto barrika\u201d del caser\u00edo Bidarte de Donostia-San Sebasti\u00e1n.<\/p>\n<p><strong>Fuente<\/strong>: Gipuzkoako Foru Aldundia<\/p>\n","protected":false},"excerpt":{"rendered":"<p>La final de la XVI edici\u00f3n del Concurso de Sidra de la Diputaci\u00f3n Foral de Gipuzkoa tendr\u00e1 lugar, este pr\u00f3ximo s\u00e1bado, en la Cofrad\u00eda Vasca de Gastronom\u00eda de Donostia-San Sebasti\u00e1n, [&hellip;]<\/p>\n","protected":false},"author":1,"featured_media":19242,"comment_status":"open","ping_status":"open","sticky":false,"template":"","format":"standard","meta":{"_acf_changed":false,"_et_pb_use_builder":"","_et_pb_old_content":"","_et_gb_content_width":"","footnotes":""},"categories":[249,254],"tags":[626,712,723,964,1597,1607,1752],"class_list":["post-18195","post","type-post","status-publish","format-standard","has-post-thumbnail","hentry","category-concursos","category-sidra","tag-concurso-de-sidra","tag-diputacion-foral-de-gipuzkoa","tag-donostia","tag-gipuzkoako-foru-aldundia","tag-sagardo-lehiaketa","tag-sagardoa-2","tag-sidra"],"acf":[],"yoast_head":"<!-- This site is optimized with the Yoast SEO plugin v25.4 - https:\/\/yoast.com\/wordpress\/plugins\/seo\/ -->\n<title>Ma\u00f1ana se celebra la final del XVI Concurso de Sidra de la Diputaci\u00f3n Foral de Gipuzkoa - Sagardoaren Lurraldea<\/title>\n<meta name=\"robots\" content=\"index, follow, max-snippet:-1, max-image-preview:large, max-video-preview:-1\" \/>\n<link rel=\"canonical\" href=\"https:\/\/sagardoarenlurraldea.eus\/es\/blog\/manana-se-celebra-la-final-del-xvi-concurso-de-sidra-de-la-diputacion-foral-de-gipuzkoa\/\" \/>\n<meta property=\"og:locale\" content=\"es_ES\" \/>\n<meta property=\"og:type\" content=\"article\" \/>\n<meta property=\"og:title\" content=\"Ma\u00f1ana se celebra la final del XVI Concurso de Sidra de la Diputaci\u00f3n Foral de Gipuzkoa - Sagardoaren Lurraldea\" \/>\n<meta property=\"og:description\" content=\"La final de la XVI edici\u00f3n del Concurso de Sidra de la Diputaci\u00f3n Foral de Gipuzkoa tendr\u00e1 lugar, este pr\u00f3ximo s\u00e1bado, en la Cofrad\u00eda Vasca de Gastronom\u00eda de Donostia-San Sebasti\u00e1n, [&hellip;]\" \/>\n<meta property=\"og:url\" content=\"https:\/\/sagardoarenlurraldea.eus\/es\/blog\/manana-se-celebra-la-final-del-xvi-concurso-de-sidra-de-la-diputacion-foral-de-gipuzkoa\/\" \/>\n<meta property=\"og:site_name\" content=\"Sagardoaren Lurraldea\" \/>\n<meta property=\"article:publisher\" content=\"https:\/\/www.facebook.com\/sagardoarenlurraldea\" \/>\n<meta property=\"article:published_time\" content=\"2017-06-01T22:00:00+00:00\" \/>\n<meta property=\"article:modified_time\" content=\"2017-07-28T15:03:57+00:00\" \/>\n<meta property=\"og:image\" content=\"https:\/\/sagardoarenlurraldea.eus\/wp-content\/uploads\/2017\/06\/Sagardo-finalistak-1.jpg\" \/>\n\t<meta property=\"og:image:width\" content=\"1024\" \/>\n\t<meta property=\"og:image:height\" content=\"567\" \/>\n\t<meta property=\"og:image:type\" content=\"image\/jpeg\" \/>\n<meta name=\"author\" content=\"Mikel Ecenarro\" \/>\n<meta name=\"twitter:card\" content=\"summary_large_image\" \/>\n<meta name=\"twitter:label1\" content=\"Escrito por\" \/>\n\t<meta name=\"twitter:data1\" content=\"Mikel Ecenarro\" \/>\n\t<meta name=\"twitter:label2\" content=\"Tiempo de lectura\" \/>\n\t<meta name=\"twitter:data2\" content=\"2 minutos\" \/>\n<script type=\"application\/ld+json\" class=\"yoast-schema-graph\">{\"@context\":\"https:\/\/schema.org\",\"@graph\":[{\"@type\":\"WebPage\",\"@id\":\"https:\/\/sagardoarenlurraldea.eus\/es\/blog\/manana-se-celebra-la-final-del-xvi-concurso-de-sidra-de-la-diputacion-foral-de-gipuzkoa\/\",\"url\":\"https:\/\/sagardoarenlurraldea.eus\/es\/blog\/manana-se-celebra-la-final-del-xvi-concurso-de-sidra-de-la-diputacion-foral-de-gipuzkoa\/\",\"name\":\"Ma\u00f1ana se celebra la final del XVI Concurso de Sidra de la Diputaci\u00f3n Foral de Gipuzkoa - Sagardoaren Lurraldea\",\"isPartOf\":{\"@id\":\"https:\/\/sagardoarenlurraldea.eus\/es\/#website\"},\"primaryImageOfPage\":{\"@id\":\"https:\/\/sagardoarenlurraldea.eus\/es\/blog\/manana-se-celebra-la-final-del-xvi-concurso-de-sidra-de-la-diputacion-foral-de-gipuzkoa\/#primaryimage\"},\"image\":{\"@id\":\"https:\/\/sagardoarenlurraldea.eus\/es\/blog\/manana-se-celebra-la-final-del-xvi-concurso-de-sidra-de-la-diputacion-foral-de-gipuzkoa\/#primaryimage\"},\"thumbnailUrl\":\"https:\/\/sagardoarenlurraldea.eus\/wp-content\/uploads\/2017\/06\/Sagardo-finalistak-1.jpg\",\"datePublished\":\"2017-06-01T22:00:00+00:00\",\"dateModified\":\"2017-07-28T15:03:57+00:00\",\"author\":{\"@id\":\"https:\/\/sagardoarenlurraldea.eus\/es\/#\/schema\/person\/9e9a225eda321f17256838c2fcba65a7\"},\"breadcrumb\":{\"@id\":\"https:\/\/sagardoarenlurraldea.eus\/es\/blog\/manana-se-celebra-la-final-del-xvi-concurso-de-sidra-de-la-diputacion-foral-de-gipuzkoa\/#breadcrumb\"},\"inLanguage\":\"es\",\"potentialAction\":[{\"@type\":\"ReadAction\",\"target\":[\"https:\/\/sagardoarenlurraldea.eus\/es\/blog\/manana-se-celebra-la-final-del-xvi-concurso-de-sidra-de-la-diputacion-foral-de-gipuzkoa\/\"]}]},{\"@type\":\"ImageObject\",\"inLanguage\":\"es\",\"@id\":\"https:\/\/sagardoarenlurraldea.eus\/es\/blog\/manana-se-celebra-la-final-del-xvi-concurso-de-sidra-de-la-diputacion-foral-de-gipuzkoa\/#primaryimage\",\"url\":\"https:\/\/sagardoarenlurraldea.eus\/wp-content\/uploads\/2017\/06\/Sagardo-finalistak-1.jpg\",\"contentUrl\":\"https:\/\/sagardoarenlurraldea.eus\/wp-content\/uploads\/2017\/06\/Sagardo-finalistak-1.jpg\",\"width\":1024,\"height\":567},{\"@type\":\"BreadcrumbList\",\"@id\":\"https:\/\/sagardoarenlurraldea.eus\/es\/blog\/manana-se-celebra-la-final-del-xvi-concurso-de-sidra-de-la-diputacion-foral-de-gipuzkoa\/#breadcrumb\",\"itemListElement\":[{\"@type\":\"ListItem\",\"position\":1,\"name\":\"Inicio\",\"item\":\"https:\/\/sagardoarenlurraldea.eus\/es\/\"},{\"@type\":\"ListItem\",\"position\":2,\"name\":\"Ma\u00f1ana se celebra la final del XVI Concurso de Sidra de la Diputaci\u00f3n Foral de Gipuzkoa\"}]},{\"@type\":\"WebSite\",\"@id\":\"https:\/\/sagardoarenlurraldea.eus\/es\/#website\",\"url\":\"https:\/\/sagardoarenlurraldea.eus\/es\/\",\"name\":\"Sagardoaren Lurraldea\",\"description\":\"El territorio de la sidra\",\"potentialAction\":[{\"@type\":\"SearchAction\",\"target\":{\"@type\":\"EntryPoint\",\"urlTemplate\":\"https:\/\/sagardoarenlurraldea.eus\/es\/?s={search_term_string}\"},\"query-input\":{\"@type\":\"PropertyValueSpecification\",\"valueRequired\":true,\"valueName\":\"search_term_string\"}}],\"inLanguage\":\"es\"},{\"@type\":\"Person\",\"@id\":\"https:\/\/sagardoarenlurraldea.eus\/es\/#\/schema\/person\/9e9a225eda321f17256838c2fcba65a7\",\"name\":\"Mikel Ecenarro\",\"image\":{\"@type\":\"ImageObject\",\"inLanguage\":\"es\",\"@id\":\"https:\/\/sagardoarenlurraldea.eus\/es\/#\/schema\/person\/image\/\",\"url\":\"https:\/\/secure.gravatar.com\/avatar\/1170400e3ac60954a47797ced4deed6bcd49cf85a03b7abd291d8f8be059bd1d?s=96&d=mm&r=g\",\"contentUrl\":\"https:\/\/secure.gravatar.com\/avatar\/1170400e3ac60954a47797ced4deed6bcd49cf85a03b7abd291d8f8be059bd1d?s=96&d=mm&r=g\",\"caption\":\"Mikel Ecenarro\"}}]}<\/script>\n<!-- \/ Yoast SEO plugin. -->","yoast_head_json":{"title":"Ma\u00f1ana se celebra la final del XVI Concurso de Sidra de la Diputaci\u00f3n Foral de Gipuzkoa - Sagardoaren Lurraldea","robots":{"index":"index","follow":"follow","max-snippet":"max-snippet:-1","max-image-preview":"max-image-preview:large","max-video-preview":"max-video-preview:-1"},"canonical":"https:\/\/sagardoarenlurraldea.eus\/es\/blog\/manana-se-celebra-la-final-del-xvi-concurso-de-sidra-de-la-diputacion-foral-de-gipuzkoa\/","og_locale":"es_ES","og_type":"article","og_title":"Ma\u00f1ana se celebra la final del XVI Concurso de Sidra de la Diputaci\u00f3n Foral de Gipuzkoa - Sagardoaren Lurraldea","og_description":"La final de la XVI edici\u00f3n del Concurso de Sidra de la Diputaci\u00f3n Foral de Gipuzkoa tendr\u00e1 lugar, este pr\u00f3ximo s\u00e1bado, en la Cofrad\u00eda Vasca de Gastronom\u00eda de Donostia-San Sebasti\u00e1n, [&hellip;]","og_url":"https:\/\/sagardoarenlurraldea.eus\/es\/blog\/manana-se-celebra-la-final-del-xvi-concurso-de-sidra-de-la-diputacion-foral-de-gipuzkoa\/","og_site_name":"Sagardoaren Lurraldea","article_publisher":"https:\/\/www.facebook.com\/sagardoarenlurraldea","article_published_time":"2017-06-01T22:00:00+00:00","article_modified_time":"2017-07-28T15:03:57+00:00","og_image":[{"width":1024,"height":567,"url":"https:\/\/sagardoarenlurraldea.eus\/wp-content\/uploads\/2017\/06\/Sagardo-finalistak-1.jpg","type":"image\/jpeg"}],"author":"Mikel Ecenarro","twitter_card":"summary_large_image","twitter_misc":{"Escrito por":"Mikel Ecenarro","Tiempo de lectura":"2 minutos"},"schema":{"@context":"https:\/\/schema.org","@graph":[{"@type":"WebPage","@id":"https:\/\/sagardoarenlurraldea.eus\/es\/blog\/manana-se-celebra-la-final-del-xvi-concurso-de-sidra-de-la-diputacion-foral-de-gipuzkoa\/","url":"https:\/\/sagardoarenlurraldea.eus\/es\/blog\/manana-se-celebra-la-final-del-xvi-concurso-de-sidra-de-la-diputacion-foral-de-gipuzkoa\/","name":"Ma\u00f1ana se celebra la final del XVI Concurso de Sidra de la Diputaci\u00f3n Foral de Gipuzkoa - Sagardoaren Lurraldea","isPartOf":{"@id":"https:\/\/sagardoarenlurraldea.eus\/es\/#website"},"primaryImageOfPage":{"@id":"https:\/\/sagardoarenlurraldea.eus\/es\/blog\/manana-se-celebra-la-final-del-xvi-concurso-de-sidra-de-la-diputacion-foral-de-gipuzkoa\/#primaryimage"},"image":{"@id":"https:\/\/sagardoarenlurraldea.eus\/es\/blog\/manana-se-celebra-la-final-del-xvi-concurso-de-sidra-de-la-diputacion-foral-de-gipuzkoa\/#primaryimage"},"thumbnailUrl":"https:\/\/sagardoarenlurraldea.eus\/wp-content\/uploads\/2017\/06\/Sagardo-finalistak-1.jpg","datePublished":"2017-06-01T22:00:00+00:00","dateModified":"2017-07-28T15:03:57+00:00","author":{"@id":"https:\/\/sagardoarenlurraldea.eus\/es\/#\/schema\/person\/9e9a225eda321f17256838c2fcba65a7"},"breadcrumb":{"@id":"https:\/\/sagardoarenlurraldea.eus\/es\/blog\/manana-se-celebra-la-final-del-xvi-concurso-de-sidra-de-la-diputacion-foral-de-gipuzkoa\/#breadcrumb"},"inLanguage":"es","potentialAction":[{"@type":"ReadAction","target":["https:\/\/sagardoarenlurraldea.eus\/es\/blog\/manana-se-celebra-la-final-del-xvi-concurso-de-sidra-de-la-diputacion-foral-de-gipuzkoa\/"]}]},{"@type":"ImageObject","inLanguage":"es","@id":"https:\/\/sagardoarenlurraldea.eus\/es\/blog\/manana-se-celebra-la-final-del-xvi-concurso-de-sidra-de-la-diputacion-foral-de-gipuzkoa\/#primaryimage","url":"https:\/\/sagardoarenlurraldea.eus\/wp-content\/uploads\/2017\/06\/Sagardo-finalistak-1.jpg","contentUrl":"https:\/\/sagardoarenlurraldea.eus\/wp-content\/uploads\/2017\/06\/Sagardo-finalistak-1.jpg","width":1024,"height":567},{"@type":"BreadcrumbList","@id":"https:\/\/sagardoarenlurraldea.eus\/es\/blog\/manana-se-celebra-la-final-del-xvi-concurso-de-sidra-de-la-diputacion-foral-de-gipuzkoa\/#breadcrumb","itemListElement":[{"@type":"ListItem","position":1,"name":"Inicio","item":"https:\/\/sagardoarenlurraldea.eus\/es\/"},{"@type":"ListItem","position":2,"name":"Ma\u00f1ana se celebra la final del XVI Concurso de Sidra de la Diputaci\u00f3n Foral de Gipuzkoa"}]},{"@type":"WebSite","@id":"https:\/\/sagardoarenlurraldea.eus\/es\/#website","url":"https:\/\/sagardoarenlurraldea.eus\/es\/","name":"Sagardoaren Lurraldea","description":"El territorio de la sidra","potentialAction":[{"@type":"SearchAction","target":{"@type":"EntryPoint","urlTemplate":"https:\/\/sagardoarenlurraldea.eus\/es\/?s={search_term_string}"},"query-input":{"@type":"PropertyValueSpecification","valueRequired":true,"valueName":"search_term_string"}}],"inLanguage":"es"},{"@type":"Person","@id":"https:\/\/sagardoarenlurraldea.eus\/es\/#\/schema\/person\/9e9a225eda321f17256838c2fcba65a7","name":"Mikel Ecenarro","image":{"@type":"ImageObject","inLanguage":"es","@id":"https:\/\/sagardoarenlurraldea.eus\/es\/#\/schema\/person\/image\/","url":"https:\/\/secure.gravatar.com\/avatar\/1170400e3ac60954a47797ced4deed6bcd49cf85a03b7abd291d8f8be059bd1d?s=96&d=mm&r=g","contentUrl":"https:\/\/secure.gravatar.com\/avatar\/1170400e3ac60954a47797ced4deed6bcd49cf85a03b7abd291d8f8be059bd1d?s=96&d=mm&r=g","caption":"Mikel Ecenarro"}}]}},"_links":{"self":[{"href":"https:\/\/sagardoarenlurraldea.eus\/es\/wp-json\/wp\/v2\/posts\/18195","targetHints":{"allow":["GET"]}}],"collection":[{"href":"https:\/\/sagardoarenlurraldea.eus\/es\/wp-json\/wp\/v2\/posts"}],"about":[{"href":"https:\/\/sagardoarenlurraldea.eus\/es\/wp-json\/wp\/v2\/types\/post"}],"author":[{"embeddable":true,"href":"https:\/\/sagardoarenlurraldea.eus\/es\/wp-json\/wp\/v2\/users\/1"}],"replies":[{"embeddable":true,"href":"https:\/\/sagardoarenlurraldea.eus\/es\/wp-json\/wp\/v2\/comments?post=18195"}],"version-history":[{"count":0,"href":"https:\/\/sagardoarenlurraldea.eus\/es\/wp-json\/wp\/v2\/posts\/18195\/revisions"}],"wp:featuredmedia":[{"embeddable":true,"href":"https:\/\/sagardoarenlurraldea.eus\/es\/wp-json\/wp\/v2\/media\/19242"}],"wp:attachment":[{"href":"https:\/\/sagardoarenlurraldea.eus\/es\/wp-json\/wp\/v2\/media?parent=18195"}],"wp:term":[{"taxonomy":"category","embeddable":true,"href":"https:\/\/sagardoarenlurraldea.eus\/es\/wp-json\/wp\/v2\/categories?post=18195"},{"taxonomy":"post_tag","embeddable":true,"href":"https:\/\/sagardoarenlurraldea.eus\/es\/wp-json\/wp\/v2\/tags?post=18195"}],"curies":[{"name":"wp","href":"https:\/\/api.w.org\/{rel}","templated":true}]}}