{"id":18178,"date":"2017-03-30T00:00:00","date_gmt":"2017-03-29T22:00:00","guid":{"rendered":"http:\/\/www.sagardoarenlurraldea.eus\/blog\/xv-concurso-de-sidra-premios-diputacion-foral-de-gipuzkoa-2\/"},"modified":"2017-08-03T10:02:06","modified_gmt":"2017-08-03T08:02:06","slug":"xv-concurso-de-sidra-premios-diputacion-foral-de-gipuzkoa-2","status":"publish","type":"post","link":"https:\/\/sagardoarenlurraldea.eus\/es\/blog\/xv-concurso-de-sidra-premios-diputacion-foral-de-gipuzkoa-2\/","title":{"rendered":"XVI Concurso de Sidra, Premios Diputaci\u00f3n Foral de Gipuzkoa"},"content":{"rendered":"<p><strong>El 3 de junio de 2017 se celebrar\u00e1 el \u201cXVI Concurso de Sidra. Premios Diputaci\u00f3n Foral de Gipuzkoa\u201d en la Cofrad\u00eda Vasca de Gastronom\u00eda de San Sebasti\u00e1n<\/strong>.<\/p>\n<p><em>Organizaci\u00f3n<\/em><\/p>\n<p>El Comit\u00e9 del Concurso estar\u00e1 constituido por dos representantes del Departamento de Promoci\u00f3n Econ\u00f3mica, Medio Rural y Equilibrio Territorial de la Diputaci\u00f3n Foral de Gipuzkoa y un representante de la Cofrad\u00eda Vasca de Gastronom\u00eda, encarg\u00e1ndose de la gesti\u00f3n del \u201c<strong>XVI Concurso de Sidra. Premios Diputaci\u00f3n Foral de Gipuzkoa<\/strong>\u201c.<\/p>\n<p>El <strong>Jurado<\/strong> del Concurso de Sidra, estar\u00e1 formado por nueve miembros y se constituir\u00e1 de la siguiente manera:<\/p>\n<ul>\n<li>La Presidenta del mismo ser\u00e1 la Diputada Foral del Departamento de Promoci\u00f3n Econ\u00f3mica, Medio Rural y Equilibrio Territorial.<\/li>\n<li>El\u00a0Departamento de Promoci\u00f3n Econ\u00f3mica, Medio Rural y Equilibrio Territorial de la Diputaci\u00f3n Foral de Gipuzkoa propondr\u00e1 siete miembros para el Jurado. \u00c9stos se escoger\u00e1n entre los componentes del acreditado Panel de Cata de Sagardoa (E.N.A.C).<\/li>\n<li>Actuar\u00e1 como Secretario un funcionario del Departamento de Promoci\u00f3n Econ\u00f3mica, Medio Rural y Equilibrio Territorial, miembro del Comit\u00e9 Organizador, con voz pero sin voto.<\/li>\n<\/ul>\n<p>Las decisiones se tomar\u00e1n por mayor\u00eda, ostentado el Presidente el voto de calidad para dirimir empates.<\/p>\n<p>La composici\u00f3n del Jurado se har\u00e1 p\u00fablica mediante Orden Foral de la Diputada de Departamento de Promoci\u00f3n Econ\u00f3mica, Medio Rural y Equilibrio Territorial, debiendo publicarse en el Bolet\u00edn Oficial de Gipuzkoa.<\/p>\n<p><em>Inscripciones<\/em><\/p>\n<p>Solamente se admitir\u00e1 a concurso, la sidra natural. Las empresas elaboradoras de sidra natural, radicar\u00e1n en territorio guipuzcoano y estar\u00e1n inscritas en el Registro de Industrias Agrarias del Gobierno Vasco; asimismo dispondr\u00e1n del registro de Embotellador y del registro de Sanidad.<\/p>\n<p>Dichos Registros se obtendr\u00e1n antes de las<strong> 14:00 horas del 12 de abril del 2016<\/strong>, plazo en el que finaliza la solicitud de instancias.<\/p>\n<p>Las instancias debidamente cumplimentadas se har\u00e1n llegar a:<\/p>\n<p>Diputaci\u00f3n Foral de Gipuzkoa<br \/>\nDepartamento de Promoci\u00f3n Econ\u00f3mica, Medio Rural y Equilibrio Territorial<br \/>\nUnidad de \u00c1rea Vegetal<br \/>\nPlaza de Gipuzkoa s\/n \u2013 20004 Donostia<br \/>\nTelf: 943112183 \u2013 Fax: 943426920<\/p>\n<p><em>Recogida de muestras<\/em><\/p>\n<p>La organizaci\u00f3n del Concurso recoger\u00e1 las muestras directamente de la kupela o del tonel, en las respectivas bodegas.<\/p>\n<p>Dos botellas de cada muestra se enviar\u00e1 a un laboratorio enol\u00f3gico oficial para su an\u00e1lisis.<\/p>\n<p><em>Premios<\/em><\/p>\n<p>Se establecer\u00e1n premios y trofeos para los tres finalistas del Concurso, consistentes en:<\/p>\n<ul>\n<li>Primer premio: 3.000\u20ac, Txapela y Trofeo.<\/li>\n<li>Segundo premio: 1.500\u20ac y Trofeo.<\/li>\n<li>Tercer premio: 1.000\u20ac y Trofeo.<\/li>\n<\/ul>\n<p>Al resto de los finaliastas se les entregar\u00e1 un diploma acreditativo de su condici\u00f3n.<\/p>\n","protected":false},"excerpt":{"rendered":"<p>El 3 de junio de 2017 se celebrar\u00e1 el \u201cXVI Concurso de Sidra. Premios Diputaci\u00f3n Foral de Gipuzkoa\u201d en la Cofrad\u00eda Vasca de Gastronom\u00eda de San Sebasti\u00e1n. Organizaci\u00f3n El Comit\u00e9 [&hellip;]<\/p>\n","protected":false},"author":1,"featured_media":19684,"comment_status":"open","ping_status":"open","sticky":false,"template":"","format":"standard","meta":{"_acf_changed":false,"_et_pb_use_builder":"","_et_pb_old_content":"","_et_gb_content_width":"","footnotes":""},"categories":[249,254],"tags":[611,626,712,835,964,1597,1607,1752],"class_list":["post-18178","post","type-post","status-publish","format-standard","has-post-thumbnail","hentry","category-concursos","category-sidra","tag-cofradia-vasca-de-gastronomia","tag-concurso-de-sidra","tag-diputacion-foral-de-gipuzkoa","tag-euska-gastronomia-elkartea","tag-gipuzkoako-foru-aldundia","tag-sagardo-lehiaketa","tag-sagardoa-2","tag-sidra"],"acf":[],"yoast_head":"<!-- This site is optimized with the Yoast SEO plugin v25.4 - https:\/\/yoast.com\/wordpress\/plugins\/seo\/ -->\n<title>XVI Concurso de Sidra, Premios Diputaci\u00f3n Foral de Gipuzkoa - Sagardoaren Lurraldea<\/title>\n<meta name=\"robots\" content=\"index, follow, max-snippet:-1, max-image-preview:large, max-video-preview:-1\" \/>\n<link rel=\"canonical\" href=\"https:\/\/sagardoarenlurraldea.eus\/es\/blog\/xv-concurso-de-sidra-premios-diputacion-foral-de-gipuzkoa-2\/\" \/>\n<meta property=\"og:locale\" content=\"es_ES\" \/>\n<meta property=\"og:type\" content=\"article\" \/>\n<meta property=\"og:title\" content=\"XVI Concurso de Sidra, Premios Diputaci\u00f3n Foral de Gipuzkoa - Sagardoaren Lurraldea\" \/>\n<meta property=\"og:description\" content=\"El 3 de junio de 2017 se celebrar\u00e1 el \u201cXVI Concurso de Sidra. Premios Diputaci\u00f3n Foral de Gipuzkoa\u201d en la Cofrad\u00eda Vasca de Gastronom\u00eda de San Sebasti\u00e1n. Organizaci\u00f3n El Comit\u00e9 [&hellip;]\" \/>\n<meta property=\"og:url\" content=\"https:\/\/sagardoarenlurraldea.eus\/es\/blog\/xv-concurso-de-sidra-premios-diputacion-foral-de-gipuzkoa-2\/\" \/>\n<meta property=\"og:site_name\" content=\"Sagardoaren Lurraldea\" \/>\n<meta property=\"article:publisher\" content=\"https:\/\/www.facebook.com\/sagardoarenlurraldea\" \/>\n<meta property=\"article:published_time\" content=\"2017-03-29T22:00:00+00:00\" \/>\n<meta property=\"article:modified_time\" content=\"2017-08-03T08:02:06+00:00\" \/>\n<meta property=\"og:image\" content=\"https:\/\/sagardoarenlurraldea.eus\/wp-content\/uploads\/2017\/03\/GFA-XVI-Sagardo-Lehiaketa-scaled.jpg\" \/>\n\t<meta property=\"og:image:width\" content=\"1718\" \/>\n\t<meta property=\"og:image:height\" content=\"2560\" \/>\n\t<meta property=\"og:image:type\" content=\"image\/jpeg\" \/>\n<meta name=\"author\" content=\"Mikel Ecenarro\" \/>\n<meta name=\"twitter:card\" content=\"summary_large_image\" \/>\n<meta name=\"twitter:label1\" content=\"Escrito por\" \/>\n\t<meta name=\"twitter:data1\" content=\"Mikel Ecenarro\" \/>\n\t<meta name=\"twitter:label2\" content=\"Tiempo de lectura\" \/>\n\t<meta name=\"twitter:data2\" content=\"2 minutos\" \/>\n<script type=\"application\/ld+json\" class=\"yoast-schema-graph\">{\"@context\":\"https:\/\/schema.org\",\"@graph\":[{\"@type\":\"WebPage\",\"@id\":\"https:\/\/sagardoarenlurraldea.eus\/es\/blog\/xv-concurso-de-sidra-premios-diputacion-foral-de-gipuzkoa-2\/\",\"url\":\"https:\/\/sagardoarenlurraldea.eus\/es\/blog\/xv-concurso-de-sidra-premios-diputacion-foral-de-gipuzkoa-2\/\",\"name\":\"XVI Concurso de Sidra, Premios Diputaci\u00f3n Foral de Gipuzkoa - Sagardoaren Lurraldea\",\"isPartOf\":{\"@id\":\"https:\/\/sagardoarenlurraldea.eus\/es\/#website\"},\"primaryImageOfPage\":{\"@id\":\"https:\/\/sagardoarenlurraldea.eus\/es\/blog\/xv-concurso-de-sidra-premios-diputacion-foral-de-gipuzkoa-2\/#primaryimage\"},\"image\":{\"@id\":\"https:\/\/sagardoarenlurraldea.eus\/es\/blog\/xv-concurso-de-sidra-premios-diputacion-foral-de-gipuzkoa-2\/#primaryimage\"},\"thumbnailUrl\":\"https:\/\/sagardoarenlurraldea.eus\/wp-content\/uploads\/2017\/03\/GFA-XVI-Sagardo-Lehiaketa-scaled.jpg\",\"datePublished\":\"2017-03-29T22:00:00+00:00\",\"dateModified\":\"2017-08-03T08:02:06+00:00\",\"author\":{\"@id\":\"https:\/\/sagardoarenlurraldea.eus\/es\/#\/schema\/person\/9e9a225eda321f17256838c2fcba65a7\"},\"breadcrumb\":{\"@id\":\"https:\/\/sagardoarenlurraldea.eus\/es\/blog\/xv-concurso-de-sidra-premios-diputacion-foral-de-gipuzkoa-2\/#breadcrumb\"},\"inLanguage\":\"es\",\"potentialAction\":[{\"@type\":\"ReadAction\",\"target\":[\"https:\/\/sagardoarenlurraldea.eus\/es\/blog\/xv-concurso-de-sidra-premios-diputacion-foral-de-gipuzkoa-2\/\"]}]},{\"@type\":\"ImageObject\",\"inLanguage\":\"es\",\"@id\":\"https:\/\/sagardoarenlurraldea.eus\/es\/blog\/xv-concurso-de-sidra-premios-diputacion-foral-de-gipuzkoa-2\/#primaryimage\",\"url\":\"https:\/\/sagardoarenlurraldea.eus\/wp-content\/uploads\/2017\/03\/GFA-XVI-Sagardo-Lehiaketa-scaled.jpg\",\"contentUrl\":\"https:\/\/sagardoarenlurraldea.eus\/wp-content\/uploads\/2017\/03\/GFA-XVI-Sagardo-Lehiaketa-scaled.jpg\",\"width\":1718,\"height\":2560},{\"@type\":\"BreadcrumbList\",\"@id\":\"https:\/\/sagardoarenlurraldea.eus\/es\/blog\/xv-concurso-de-sidra-premios-diputacion-foral-de-gipuzkoa-2\/#breadcrumb\",\"itemListElement\":[{\"@type\":\"ListItem\",\"position\":1,\"name\":\"Inicio\",\"item\":\"https:\/\/sagardoarenlurraldea.eus\/es\/\"},{\"@type\":\"ListItem\",\"position\":2,\"name\":\"XVI Concurso de Sidra, Premios Diputaci\u00f3n Foral de Gipuzkoa\"}]},{\"@type\":\"WebSite\",\"@id\":\"https:\/\/sagardoarenlurraldea.eus\/es\/#website\",\"url\":\"https:\/\/sagardoarenlurraldea.eus\/es\/\",\"name\":\"Sagardoaren Lurraldea\",\"description\":\"El territorio de la sidra\",\"potentialAction\":[{\"@type\":\"SearchAction\",\"target\":{\"@type\":\"EntryPoint\",\"urlTemplate\":\"https:\/\/sagardoarenlurraldea.eus\/es\/?s={search_term_string}\"},\"query-input\":{\"@type\":\"PropertyValueSpecification\",\"valueRequired\":true,\"valueName\":\"search_term_string\"}}],\"inLanguage\":\"es\"},{\"@type\":\"Person\",\"@id\":\"https:\/\/sagardoarenlurraldea.eus\/es\/#\/schema\/person\/9e9a225eda321f17256838c2fcba65a7\",\"name\":\"Mikel Ecenarro\",\"image\":{\"@type\":\"ImageObject\",\"inLanguage\":\"es\",\"@id\":\"https:\/\/sagardoarenlurraldea.eus\/es\/#\/schema\/person\/image\/\",\"url\":\"https:\/\/secure.gravatar.com\/avatar\/1170400e3ac60954a47797ced4deed6bcd49cf85a03b7abd291d8f8be059bd1d?s=96&d=mm&r=g\",\"contentUrl\":\"https:\/\/secure.gravatar.com\/avatar\/1170400e3ac60954a47797ced4deed6bcd49cf85a03b7abd291d8f8be059bd1d?s=96&d=mm&r=g\",\"caption\":\"Mikel Ecenarro\"}}]}<\/script>\n<!-- \/ Yoast SEO plugin. -->","yoast_head_json":{"title":"XVI Concurso de Sidra, Premios Diputaci\u00f3n Foral de Gipuzkoa - Sagardoaren Lurraldea","robots":{"index":"index","follow":"follow","max-snippet":"max-snippet:-1","max-image-preview":"max-image-preview:large","max-video-preview":"max-video-preview:-1"},"canonical":"https:\/\/sagardoarenlurraldea.eus\/es\/blog\/xv-concurso-de-sidra-premios-diputacion-foral-de-gipuzkoa-2\/","og_locale":"es_ES","og_type":"article","og_title":"XVI Concurso de Sidra, Premios Diputaci\u00f3n Foral de Gipuzkoa - Sagardoaren Lurraldea","og_description":"El 3 de junio de 2017 se celebrar\u00e1 el \u201cXVI Concurso de Sidra. Premios Diputaci\u00f3n Foral de Gipuzkoa\u201d en la Cofrad\u00eda Vasca de Gastronom\u00eda de San Sebasti\u00e1n. Organizaci\u00f3n El Comit\u00e9 [&hellip;]","og_url":"https:\/\/sagardoarenlurraldea.eus\/es\/blog\/xv-concurso-de-sidra-premios-diputacion-foral-de-gipuzkoa-2\/","og_site_name":"Sagardoaren Lurraldea","article_publisher":"https:\/\/www.facebook.com\/sagardoarenlurraldea","article_published_time":"2017-03-29T22:00:00+00:00","article_modified_time":"2017-08-03T08:02:06+00:00","og_image":[{"width":1718,"height":2560,"url":"https:\/\/sagardoarenlurraldea.eus\/wp-content\/uploads\/2017\/03\/GFA-XVI-Sagardo-Lehiaketa-scaled.jpg","type":"image\/jpeg"}],"author":"Mikel Ecenarro","twitter_card":"summary_large_image","twitter_misc":{"Escrito por":"Mikel Ecenarro","Tiempo de lectura":"2 minutos"},"schema":{"@context":"https:\/\/schema.org","@graph":[{"@type":"WebPage","@id":"https:\/\/sagardoarenlurraldea.eus\/es\/blog\/xv-concurso-de-sidra-premios-diputacion-foral-de-gipuzkoa-2\/","url":"https:\/\/sagardoarenlurraldea.eus\/es\/blog\/xv-concurso-de-sidra-premios-diputacion-foral-de-gipuzkoa-2\/","name":"XVI Concurso de Sidra, Premios Diputaci\u00f3n Foral de Gipuzkoa - Sagardoaren Lurraldea","isPartOf":{"@id":"https:\/\/sagardoarenlurraldea.eus\/es\/#website"},"primaryImageOfPage":{"@id":"https:\/\/sagardoarenlurraldea.eus\/es\/blog\/xv-concurso-de-sidra-premios-diputacion-foral-de-gipuzkoa-2\/#primaryimage"},"image":{"@id":"https:\/\/sagardoarenlurraldea.eus\/es\/blog\/xv-concurso-de-sidra-premios-diputacion-foral-de-gipuzkoa-2\/#primaryimage"},"thumbnailUrl":"https:\/\/sagardoarenlurraldea.eus\/wp-content\/uploads\/2017\/03\/GFA-XVI-Sagardo-Lehiaketa-scaled.jpg","datePublished":"2017-03-29T22:00:00+00:00","dateModified":"2017-08-03T08:02:06+00:00","author":{"@id":"https:\/\/sagardoarenlurraldea.eus\/es\/#\/schema\/person\/9e9a225eda321f17256838c2fcba65a7"},"breadcrumb":{"@id":"https:\/\/sagardoarenlurraldea.eus\/es\/blog\/xv-concurso-de-sidra-premios-diputacion-foral-de-gipuzkoa-2\/#breadcrumb"},"inLanguage":"es","potentialAction":[{"@type":"ReadAction","target":["https:\/\/sagardoarenlurraldea.eus\/es\/blog\/xv-concurso-de-sidra-premios-diputacion-foral-de-gipuzkoa-2\/"]}]},{"@type":"ImageObject","inLanguage":"es","@id":"https:\/\/sagardoarenlurraldea.eus\/es\/blog\/xv-concurso-de-sidra-premios-diputacion-foral-de-gipuzkoa-2\/#primaryimage","url":"https:\/\/sagardoarenlurraldea.eus\/wp-content\/uploads\/2017\/03\/GFA-XVI-Sagardo-Lehiaketa-scaled.jpg","contentUrl":"https:\/\/sagardoarenlurraldea.eus\/wp-content\/uploads\/2017\/03\/GFA-XVI-Sagardo-Lehiaketa-scaled.jpg","width":1718,"height":2560},{"@type":"BreadcrumbList","@id":"https:\/\/sagardoarenlurraldea.eus\/es\/blog\/xv-concurso-de-sidra-premios-diputacion-foral-de-gipuzkoa-2\/#breadcrumb","itemListElement":[{"@type":"ListItem","position":1,"name":"Inicio","item":"https:\/\/sagardoarenlurraldea.eus\/es\/"},{"@type":"ListItem","position":2,"name":"XVI Concurso de Sidra, Premios Diputaci\u00f3n Foral de Gipuzkoa"}]},{"@type":"WebSite","@id":"https:\/\/sagardoarenlurraldea.eus\/es\/#website","url":"https:\/\/sagardoarenlurraldea.eus\/es\/","name":"Sagardoaren Lurraldea","description":"El territorio de la sidra","potentialAction":[{"@type":"SearchAction","target":{"@type":"EntryPoint","urlTemplate":"https:\/\/sagardoarenlurraldea.eus\/es\/?s={search_term_string}"},"query-input":{"@type":"PropertyValueSpecification","valueRequired":true,"valueName":"search_term_string"}}],"inLanguage":"es"},{"@type":"Person","@id":"https:\/\/sagardoarenlurraldea.eus\/es\/#\/schema\/person\/9e9a225eda321f17256838c2fcba65a7","name":"Mikel Ecenarro","image":{"@type":"ImageObject","inLanguage":"es","@id":"https:\/\/sagardoarenlurraldea.eus\/es\/#\/schema\/person\/image\/","url":"https:\/\/secure.gravatar.com\/avatar\/1170400e3ac60954a47797ced4deed6bcd49cf85a03b7abd291d8f8be059bd1d?s=96&d=mm&r=g","contentUrl":"https:\/\/secure.gravatar.com\/avatar\/1170400e3ac60954a47797ced4deed6bcd49cf85a03b7abd291d8f8be059bd1d?s=96&d=mm&r=g","caption":"Mikel Ecenarro"}}]}},"_links":{"self":[{"href":"https:\/\/sagardoarenlurraldea.eus\/es\/wp-json\/wp\/v2\/posts\/18178","targetHints":{"allow":["GET"]}}],"collection":[{"href":"https:\/\/sagardoarenlurraldea.eus\/es\/wp-json\/wp\/v2\/posts"}],"about":[{"href":"https:\/\/sagardoarenlurraldea.eus\/es\/wp-json\/wp\/v2\/types\/post"}],"author":[{"embeddable":true,"href":"https:\/\/sagardoarenlurraldea.eus\/es\/wp-json\/wp\/v2\/users\/1"}],"replies":[{"embeddable":true,"href":"https:\/\/sagardoarenlurraldea.eus\/es\/wp-json\/wp\/v2\/comments?post=18178"}],"version-history":[{"count":0,"href":"https:\/\/sagardoarenlurraldea.eus\/es\/wp-json\/wp\/v2\/posts\/18178\/revisions"}],"wp:featuredmedia":[{"embeddable":true,"href":"https:\/\/sagardoarenlurraldea.eus\/es\/wp-json\/wp\/v2\/media\/19684"}],"wp:attachment":[{"href":"https:\/\/sagardoarenlurraldea.eus\/es\/wp-json\/wp\/v2\/media?parent=18178"}],"wp:term":[{"taxonomy":"category","embeddable":true,"href":"https:\/\/sagardoarenlurraldea.eus\/es\/wp-json\/wp\/v2\/categories?post=18178"},{"taxonomy":"post_tag","embeddable":true,"href":"https:\/\/sagardoarenlurraldea.eus\/es\/wp-json\/wp\/v2\/tags?post=18178"}],"curies":[{"name":"wp","href":"https:\/\/api.w.org\/{rel}","templated":true}]}}