{"id":18167,"date":"2017-01-18T00:00:00","date_gmt":"2017-01-17T22:00:00","guid":{"rendered":"http:\/\/www.sagardoarenlurraldea.eus\/blog\/visitantes-en-aumento-en-sagardoaren-lurraldea\/"},"modified":"2017-09-04T18:21:41","modified_gmt":"2017-09-04T16:21:41","slug":"visitantes-en-aumento-en-sagardoaren-lurraldea","status":"publish","type":"post","link":"https:\/\/sagardoarenlurraldea.eus\/es\/blog\/visitantes-en-aumento-en-sagardoaren-lurraldea\/","title":{"rendered":"Visitantes en aumento en Sagardoaren Lurraldea"},"content":{"rendered":"<p><strong>El n\u00famero de visitantes que recibe Sagardoetxea, Museo de la Sidra Vasca en Astigarraga, va en aumento a\u00f1o tras a\u00f1o y cada vez es mayor el n\u00famero de los visitantes nacionales y extranjeros que se acercan a Sagardoaren Lurraldea atra\u00eddos por descubrir la cultura y los secretos que esconde el ritual del txotx.<\/strong><\/p>\n<p>Siguiendo con la tendencia de los \u00faltimos a\u00f1os, en el a\u00f1o 2016 se ha aumentado el n\u00famero de visitantes recibidos tanto en el Museo Sagardoetxea como en las experiencias tur\u00edsticas que ofrece Sagardoaren Lurraldea.<\/p>\n<p>As\u00ed, el n\u00famero total de los <strong>visitantes recibidos en Sagardoetxea en el 2016 asciende a m\u00e1s de 12.000, siendo a d\u00eda de hoy, cerca de 100.000<\/strong> las personas que se han acercado a conocer, descubrir y adentrarse en la cultura de la sidra vasca, desde la apertura del museo en el 2006.<\/p>\n<p>Asimismo, a\u00f1o tras a\u00f1o van en aumento las reservas en sidrer\u00edas y este a\u00f1o 2016 se han alcanzado un total de 3.500 reservas en sidrer\u00edas gestionadas a trav\u00e9s de la Central de Reservas de Sagardoaren Lurraldea: <a href=\"http:\/\/www.sagardoarenlurraldea.com\/reservas\">www.sagardoarenlurraldea.com\/reservas<\/a><\/p>\n<p>Sagardoaren Lurraldea cuenta con una amplia oferta de experiencias tur\u00edsticas y cada vez es mayor el n\u00famero de personas que combina la visita al museo con la comida\/cena en una sidrer\u00eda y la realizaci\u00f3n\/visita de otras actividades como son las visitas a otros museos, queser\u00edas, etc. En ese sentido, la experiencia \u201cLa sidra y el mar\u201d que incluye la visita al Aquarium\/Albaola, un paseo en barco, la visita a Sagardoetxea y la comida\/cena en sidrer\u00eda ha aumentado en un 15% el n\u00famero de visitantes recibidos y la experiencia \u201cLa sidra y el queso\u201d que incluye la visita a Sagardoetxe, D\u2019Elikatuz, Centro de Interpretaci\u00f3n del Queso o queser\u00edas, la comida\/cena en sidrer\u00eda ha registrado el incremento de un 12% de visitantes, respecto al a\u00f1o pasado.<\/p>\n<p><strong>Sagardoetxea en la Red de Museos Enogastron\u00f3micos de Euskadi<\/strong><br \/>\nEn el 2016, Sagardoetxea ha participado junto a la Red de Museos Enogastron\u00f3micos de Euskadi en ferias como la Feria Gustoko (Bilbo), la Feria de Navidad de Ficoba (Irun) y la Feria Santo Tom\u00e1s (Donostia). Tambi\u00e9n ha participado en diversos eventos, como La Semana de la Sidra (Ezkio-Itsaso). Adem\u00e1s de difundir informaci\u00f3n referente a la Red, en estas ferias y eventos ha ofrecido los talleres \u201cJugando con manzanas\u201d para familias.<\/p>\n<p>Tambi\u00e9n se ha creado una oferta conjunta de la Red de Museos Enogastron\u00f3micos de Euskadi, que incluye 4 rutas gastron\u00f3micas: \u201cRuta del txotx\u201d, \u201cRuta de la sidra y el queso Idiazabal\u201d, \u201cRuta gastron\u00f3mica y mercados\u201d y \u201cRuta de los vinos de Euskadi\u201d. Toda esta oferta se incluye dentro de la nueva marca GASTROMUSEUMS, que presentar\u00e1 en FITUR el 18 de enero su nueva web <a href=\"http:\/\/www.gastromuseums.com\">www.gastromuseums.com<\/a>.<\/p>\n","protected":false},"excerpt":{"rendered":"<p>El n\u00famero de visitantes que recibe Sagardoetxea, Museo de la Sidra Vasca en Astigarraga, va en aumento a\u00f1o tras a\u00f1o y cada vez es mayor el n\u00famero de los visitantes [&hellip;]<\/p>\n","protected":false},"author":1,"featured_media":1956,"comment_status":"open","ping_status":"open","sticky":false,"template":"","format":"standard","meta":{"_acf_changed":false,"_et_pb_use_builder":"","_et_pb_old_content":"","_et_gb_content_width":"","footnotes":""},"categories":[244,256],"tags":[512,1625,1635,1932],"class_list":["post-18167","post","type-post","status-publish","format-standard","has-post-thumbnail","hentry","category-experiencias","category-turismo","tag-bisitariak","tag-sagardoaren-lurraldea","tag-sagardoetxea","tag-visitantes"],"acf":[],"yoast_head":"<!-- This site is optimized with the Yoast SEO plugin v25.4 - https:\/\/yoast.com\/wordpress\/plugins\/seo\/ -->\n<title>Visitantes en aumento en Sagardoaren Lurraldea - Sagardoaren Lurraldea<\/title>\n<meta name=\"robots\" content=\"index, follow, max-snippet:-1, max-image-preview:large, max-video-preview:-1\" \/>\n<link rel=\"canonical\" href=\"https:\/\/sagardoarenlurraldea.eus\/es\/blog\/visitantes-en-aumento-en-sagardoaren-lurraldea\/\" \/>\n<meta property=\"og:locale\" content=\"es_ES\" \/>\n<meta property=\"og:type\" content=\"article\" \/>\n<meta property=\"og:title\" content=\"Visitantes en aumento en Sagardoaren Lurraldea - Sagardoaren Lurraldea\" \/>\n<meta property=\"og:description\" content=\"El n\u00famero de visitantes que recibe Sagardoetxea, Museo de la Sidra Vasca en Astigarraga, va en aumento a\u00f1o tras a\u00f1o y cada vez es mayor el n\u00famero de los visitantes [&hellip;]\" \/>\n<meta property=\"og:url\" content=\"https:\/\/sagardoarenlurraldea.eus\/es\/blog\/visitantes-en-aumento-en-sagardoaren-lurraldea\/\" \/>\n<meta property=\"og:site_name\" content=\"Sagardoaren Lurraldea\" \/>\n<meta property=\"article:publisher\" content=\"https:\/\/www.facebook.com\/sagardoarenlurraldea\" \/>\n<meta property=\"article:published_time\" content=\"2017-01-17T22:00:00+00:00\" \/>\n<meta property=\"article:modified_time\" content=\"2017-09-04T16:21:41+00:00\" \/>\n<meta property=\"og:image\" content=\"https:\/\/sagardoarenlurraldea.eus\/wp-content\/uploads\/2012\/04\/Sagardoetxea136.jpg\" \/>\n\t<meta property=\"og:image:width\" content=\"1772\" \/>\n\t<meta property=\"og:image:height\" content=\"1181\" \/>\n\t<meta property=\"og:image:type\" content=\"image\/jpeg\" \/>\n<meta name=\"author\" content=\"Mikel Ecenarro\" \/>\n<meta name=\"twitter:card\" content=\"summary_large_image\" \/>\n<meta name=\"twitter:label1\" content=\"Escrito por\" \/>\n\t<meta name=\"twitter:data1\" content=\"Mikel Ecenarro\" \/>\n\t<meta name=\"twitter:label2\" content=\"Tiempo de lectura\" \/>\n\t<meta name=\"twitter:data2\" content=\"2 minutos\" \/>\n<script type=\"application\/ld+json\" class=\"yoast-schema-graph\">{\"@context\":\"https:\/\/schema.org\",\"@graph\":[{\"@type\":\"WebPage\",\"@id\":\"https:\/\/sagardoarenlurraldea.eus\/es\/blog\/visitantes-en-aumento-en-sagardoaren-lurraldea\/\",\"url\":\"https:\/\/sagardoarenlurraldea.eus\/es\/blog\/visitantes-en-aumento-en-sagardoaren-lurraldea\/\",\"name\":\"Visitantes en aumento en Sagardoaren Lurraldea - Sagardoaren Lurraldea\",\"isPartOf\":{\"@id\":\"https:\/\/sagardoarenlurraldea.eus\/es\/#website\"},\"primaryImageOfPage\":{\"@id\":\"https:\/\/sagardoarenlurraldea.eus\/es\/blog\/visitantes-en-aumento-en-sagardoaren-lurraldea\/#primaryimage\"},\"image\":{\"@id\":\"https:\/\/sagardoarenlurraldea.eus\/es\/blog\/visitantes-en-aumento-en-sagardoaren-lurraldea\/#primaryimage\"},\"thumbnailUrl\":\"https:\/\/sagardoarenlurraldea.eus\/wp-content\/uploads\/2012\/04\/Sagardoetxea136.jpg\",\"datePublished\":\"2017-01-17T22:00:00+00:00\",\"dateModified\":\"2017-09-04T16:21:41+00:00\",\"author\":{\"@id\":\"https:\/\/sagardoarenlurraldea.eus\/es\/#\/schema\/person\/9e9a225eda321f17256838c2fcba65a7\"},\"breadcrumb\":{\"@id\":\"https:\/\/sagardoarenlurraldea.eus\/es\/blog\/visitantes-en-aumento-en-sagardoaren-lurraldea\/#breadcrumb\"},\"inLanguage\":\"es\",\"potentialAction\":[{\"@type\":\"ReadAction\",\"target\":[\"https:\/\/sagardoarenlurraldea.eus\/es\/blog\/visitantes-en-aumento-en-sagardoaren-lurraldea\/\"]}]},{\"@type\":\"ImageObject\",\"inLanguage\":\"es\",\"@id\":\"https:\/\/sagardoarenlurraldea.eus\/es\/blog\/visitantes-en-aumento-en-sagardoaren-lurraldea\/#primaryimage\",\"url\":\"https:\/\/sagardoarenlurraldea.eus\/wp-content\/uploads\/2012\/04\/Sagardoetxea136.jpg\",\"contentUrl\":\"https:\/\/sagardoarenlurraldea.eus\/wp-content\/uploads\/2012\/04\/Sagardoetxea136.jpg\",\"width\":1772,\"height\":1181},{\"@type\":\"BreadcrumbList\",\"@id\":\"https:\/\/sagardoarenlurraldea.eus\/es\/blog\/visitantes-en-aumento-en-sagardoaren-lurraldea\/#breadcrumb\",\"itemListElement\":[{\"@type\":\"ListItem\",\"position\":1,\"name\":\"Inicio\",\"item\":\"https:\/\/sagardoarenlurraldea.eus\/es\/\"},{\"@type\":\"ListItem\",\"position\":2,\"name\":\"Visitantes en aumento en Sagardoaren Lurraldea\"}]},{\"@type\":\"WebSite\",\"@id\":\"https:\/\/sagardoarenlurraldea.eus\/es\/#website\",\"url\":\"https:\/\/sagardoarenlurraldea.eus\/es\/\",\"name\":\"Sagardoaren Lurraldea\",\"description\":\"El territorio de la sidra\",\"potentialAction\":[{\"@type\":\"SearchAction\",\"target\":{\"@type\":\"EntryPoint\",\"urlTemplate\":\"https:\/\/sagardoarenlurraldea.eus\/es\/?s={search_term_string}\"},\"query-input\":{\"@type\":\"PropertyValueSpecification\",\"valueRequired\":true,\"valueName\":\"search_term_string\"}}],\"inLanguage\":\"es\"},{\"@type\":\"Person\",\"@id\":\"https:\/\/sagardoarenlurraldea.eus\/es\/#\/schema\/person\/9e9a225eda321f17256838c2fcba65a7\",\"name\":\"Mikel Ecenarro\",\"image\":{\"@type\":\"ImageObject\",\"inLanguage\":\"es\",\"@id\":\"https:\/\/sagardoarenlurraldea.eus\/es\/#\/schema\/person\/image\/\",\"url\":\"https:\/\/secure.gravatar.com\/avatar\/1170400e3ac60954a47797ced4deed6bcd49cf85a03b7abd291d8f8be059bd1d?s=96&d=mm&r=g\",\"contentUrl\":\"https:\/\/secure.gravatar.com\/avatar\/1170400e3ac60954a47797ced4deed6bcd49cf85a03b7abd291d8f8be059bd1d?s=96&d=mm&r=g\",\"caption\":\"Mikel Ecenarro\"}}]}<\/script>\n<!-- \/ Yoast SEO plugin. -->","yoast_head_json":{"title":"Visitantes en aumento en Sagardoaren Lurraldea - Sagardoaren Lurraldea","robots":{"index":"index","follow":"follow","max-snippet":"max-snippet:-1","max-image-preview":"max-image-preview:large","max-video-preview":"max-video-preview:-1"},"canonical":"https:\/\/sagardoarenlurraldea.eus\/es\/blog\/visitantes-en-aumento-en-sagardoaren-lurraldea\/","og_locale":"es_ES","og_type":"article","og_title":"Visitantes en aumento en Sagardoaren Lurraldea - Sagardoaren Lurraldea","og_description":"El n\u00famero de visitantes que recibe Sagardoetxea, Museo de la Sidra Vasca en Astigarraga, va en aumento a\u00f1o tras a\u00f1o y cada vez es mayor el n\u00famero de los visitantes [&hellip;]","og_url":"https:\/\/sagardoarenlurraldea.eus\/es\/blog\/visitantes-en-aumento-en-sagardoaren-lurraldea\/","og_site_name":"Sagardoaren Lurraldea","article_publisher":"https:\/\/www.facebook.com\/sagardoarenlurraldea","article_published_time":"2017-01-17T22:00:00+00:00","article_modified_time":"2017-09-04T16:21:41+00:00","og_image":[{"width":1772,"height":1181,"url":"https:\/\/sagardoarenlurraldea.eus\/wp-content\/uploads\/2012\/04\/Sagardoetxea136.jpg","type":"image\/jpeg"}],"author":"Mikel Ecenarro","twitter_card":"summary_large_image","twitter_misc":{"Escrito por":"Mikel Ecenarro","Tiempo de lectura":"2 minutos"},"schema":{"@context":"https:\/\/schema.org","@graph":[{"@type":"WebPage","@id":"https:\/\/sagardoarenlurraldea.eus\/es\/blog\/visitantes-en-aumento-en-sagardoaren-lurraldea\/","url":"https:\/\/sagardoarenlurraldea.eus\/es\/blog\/visitantes-en-aumento-en-sagardoaren-lurraldea\/","name":"Visitantes en aumento en Sagardoaren Lurraldea - Sagardoaren Lurraldea","isPartOf":{"@id":"https:\/\/sagardoarenlurraldea.eus\/es\/#website"},"primaryImageOfPage":{"@id":"https:\/\/sagardoarenlurraldea.eus\/es\/blog\/visitantes-en-aumento-en-sagardoaren-lurraldea\/#primaryimage"},"image":{"@id":"https:\/\/sagardoarenlurraldea.eus\/es\/blog\/visitantes-en-aumento-en-sagardoaren-lurraldea\/#primaryimage"},"thumbnailUrl":"https:\/\/sagardoarenlurraldea.eus\/wp-content\/uploads\/2012\/04\/Sagardoetxea136.jpg","datePublished":"2017-01-17T22:00:00+00:00","dateModified":"2017-09-04T16:21:41+00:00","author":{"@id":"https:\/\/sagardoarenlurraldea.eus\/es\/#\/schema\/person\/9e9a225eda321f17256838c2fcba65a7"},"breadcrumb":{"@id":"https:\/\/sagardoarenlurraldea.eus\/es\/blog\/visitantes-en-aumento-en-sagardoaren-lurraldea\/#breadcrumb"},"inLanguage":"es","potentialAction":[{"@type":"ReadAction","target":["https:\/\/sagardoarenlurraldea.eus\/es\/blog\/visitantes-en-aumento-en-sagardoaren-lurraldea\/"]}]},{"@type":"ImageObject","inLanguage":"es","@id":"https:\/\/sagardoarenlurraldea.eus\/es\/blog\/visitantes-en-aumento-en-sagardoaren-lurraldea\/#primaryimage","url":"https:\/\/sagardoarenlurraldea.eus\/wp-content\/uploads\/2012\/04\/Sagardoetxea136.jpg","contentUrl":"https:\/\/sagardoarenlurraldea.eus\/wp-content\/uploads\/2012\/04\/Sagardoetxea136.jpg","width":1772,"height":1181},{"@type":"BreadcrumbList","@id":"https:\/\/sagardoarenlurraldea.eus\/es\/blog\/visitantes-en-aumento-en-sagardoaren-lurraldea\/#breadcrumb","itemListElement":[{"@type":"ListItem","position":1,"name":"Inicio","item":"https:\/\/sagardoarenlurraldea.eus\/es\/"},{"@type":"ListItem","position":2,"name":"Visitantes en aumento en Sagardoaren Lurraldea"}]},{"@type":"WebSite","@id":"https:\/\/sagardoarenlurraldea.eus\/es\/#website","url":"https:\/\/sagardoarenlurraldea.eus\/es\/","name":"Sagardoaren Lurraldea","description":"El territorio de la sidra","potentialAction":[{"@type":"SearchAction","target":{"@type":"EntryPoint","urlTemplate":"https:\/\/sagardoarenlurraldea.eus\/es\/?s={search_term_string}"},"query-input":{"@type":"PropertyValueSpecification","valueRequired":true,"valueName":"search_term_string"}}],"inLanguage":"es"},{"@type":"Person","@id":"https:\/\/sagardoarenlurraldea.eus\/es\/#\/schema\/person\/9e9a225eda321f17256838c2fcba65a7","name":"Mikel Ecenarro","image":{"@type":"ImageObject","inLanguage":"es","@id":"https:\/\/sagardoarenlurraldea.eus\/es\/#\/schema\/person\/image\/","url":"https:\/\/secure.gravatar.com\/avatar\/1170400e3ac60954a47797ced4deed6bcd49cf85a03b7abd291d8f8be059bd1d?s=96&d=mm&r=g","contentUrl":"https:\/\/secure.gravatar.com\/avatar\/1170400e3ac60954a47797ced4deed6bcd49cf85a03b7abd291d8f8be059bd1d?s=96&d=mm&r=g","caption":"Mikel Ecenarro"}}]}},"_links":{"self":[{"href":"https:\/\/sagardoarenlurraldea.eus\/es\/wp-json\/wp\/v2\/posts\/18167","targetHints":{"allow":["GET"]}}],"collection":[{"href":"https:\/\/sagardoarenlurraldea.eus\/es\/wp-json\/wp\/v2\/posts"}],"about":[{"href":"https:\/\/sagardoarenlurraldea.eus\/es\/wp-json\/wp\/v2\/types\/post"}],"author":[{"embeddable":true,"href":"https:\/\/sagardoarenlurraldea.eus\/es\/wp-json\/wp\/v2\/users\/1"}],"replies":[{"embeddable":true,"href":"https:\/\/sagardoarenlurraldea.eus\/es\/wp-json\/wp\/v2\/comments?post=18167"}],"version-history":[{"count":0,"href":"https:\/\/sagardoarenlurraldea.eus\/es\/wp-json\/wp\/v2\/posts\/18167\/revisions"}],"wp:featuredmedia":[{"embeddable":true,"href":"https:\/\/sagardoarenlurraldea.eus\/es\/wp-json\/wp\/v2\/media\/1956"}],"wp:attachment":[{"href":"https:\/\/sagardoarenlurraldea.eus\/es\/wp-json\/wp\/v2\/media?parent=18167"}],"wp:term":[{"taxonomy":"category","embeddable":true,"href":"https:\/\/sagardoarenlurraldea.eus\/es\/wp-json\/wp\/v2\/categories?post=18167"},{"taxonomy":"post_tag","embeddable":true,"href":"https:\/\/sagardoarenlurraldea.eus\/es\/wp-json\/wp\/v2\/tags?post=18167"}],"curies":[{"name":"wp","href":"https:\/\/api.w.org\/{rel}","templated":true}]}}