{"id":18145,"date":"2016-09-19T00:00:00","date_gmt":"2016-09-18T22:00:00","guid":{"rendered":"http:\/\/www.sagardoarenlurraldea.eus\/blog\/la-exposicion-sagardo-ibaiak-bizitza-iturri-sale-a-la-calle\/"},"modified":"2016-09-19T00:00:00","modified_gmt":"2016-09-18T22:00:00","slug":"la-exposicion-sagardo-ibaiak-bizitza-iturri-sale-a-la-calle","status":"publish","type":"post","link":"https:\/\/sagardoarenlurraldea.eus\/es\/blog\/la-exposicion-sagardo-ibaiak-bizitza-iturri-sale-a-la-calle\/","title":{"rendered":"La exposici\u00f3n \u00abSagardo ibaiak, bizitza iturri\u00bb sale a la calle."},"content":{"rendered":"<p><strong>El s\u00e1bado, d\u00eda 17 de septiembre, la exposici\u00f3n \u00ab<a href=\"https:\/\/sagardoarenlurraldea.eus\/blog\/exposicion-sagardo-ibaiak-bizitza-iturri-en-astigarraga\/\">Sagardo ibaiak, bizitza iturri<\/a>\u00bb se hizo al r\u00edo con la realizaci\u00f3n de una visita guiada en stand up paddle a trav\u00e9s del r\u00edo Urumea. La exposici\u00f3n se podr\u00e1 visitar hasta el 25 de septiembre en <a href=\"http:\/\/www.sagardoarenlurraldea.com\/el-museo\/\">Sagardoetxea, Museo de la Sidra Vasca en Astigarraga<\/a>.<\/strong><\/p>\n<p>Un grupo de remeros partieron en stand up paddle desde Loiola, y acompa\u00f1ados por el ala de las sidrer\u00eda Petritegi y Lizeaga, llegaron a las 18:00 al puente de Ergobia. Durante el recorrido, la historiadora Lourdes Odriozola cont\u00f3 los secretos que esconde el r\u00edo, finalizando la visita guiada en Ergobia ante los numerosos ciudadanos que all\u00ed se reunieron para disfrutar del evento.<\/p>\n<p>Despu\u00e9s, Andoni Arzallus relat\u00f3 varias curiosidades y vivencias para conocer las sidrer\u00edas que hab\u00eda en Ergobia a principios del siglo XX:\u00a0Ramon Isasa (Joakitene), Martin Berrondo (Pagua), Joxe Arrieta (Casa Ota\u00f1o), Crispin Lete (Etxehandi), Antonino Arzallus (Estanco), Jeronimo Bereziartua (Iraberri baserria), Manuel Irigoien (Gazta\u00f1aga berri) y Eduardo Alberro (Eprepa). La fiesta estuvo amenizada con m\u00fasica y no falt\u00f3 la sidra.<\/p>\n<p><strong><\/p>\n<p><\/strong><\/p>\n<p>&nbsp;<\/p>\n<p>&nbsp;<\/p>\n","protected":false},"excerpt":{"rendered":"<p>El s\u00e1bado, d\u00eda 17 de septiembre, la exposici\u00f3n \u00abSagardo ibaiak, bizitza iturri\u00bb se hizo al r\u00edo con la realizaci\u00f3n de una visita guiada en stand up paddle a trav\u00e9s del [&hellip;]<\/p>\n","protected":false},"author":1,"featured_media":0,"comment_status":"open","ping_status":"open","sticky":false,"template":"","format":"standard","meta":{"_acf_changed":false,"_et_pb_use_builder":"","_et_pb_old_content":"","_et_gb_content_width":"","footnotes":""},"categories":[248,242,254],"tags":[517,791,875,1596,3468,1901],"class_list":["post-18145","post","type-post","status-publish","format-standard","hentry","category-kultura","category-eventos","category-sidra","tag-bizitza-iturri","tag-erakusketa","tag-exposicin","tag-sagardo-ibaiak","tag-stand-up-paddle-es","tag-urumea"],"acf":[],"yoast_head":"<!-- This site is optimized with the Yoast SEO plugin v25.4 - https:\/\/yoast.com\/wordpress\/plugins\/seo\/ -->\n<title>La exposici\u00f3n &quot;Sagardo ibaiak, bizitza iturri&quot; sale a la calle. - Sagardoaren Lurraldea<\/title>\n<meta name=\"robots\" content=\"index, follow, max-snippet:-1, max-image-preview:large, max-video-preview:-1\" \/>\n<link rel=\"canonical\" href=\"https:\/\/sagardoarenlurraldea.eus\/es\/blog\/la-exposicion-sagardo-ibaiak-bizitza-iturri-sale-a-la-calle\/\" \/>\n<meta property=\"og:locale\" content=\"es_ES\" \/>\n<meta property=\"og:type\" content=\"article\" \/>\n<meta property=\"og:title\" content=\"La exposici\u00f3n &quot;Sagardo ibaiak, bizitza iturri&quot; sale a la calle. - Sagardoaren Lurraldea\" \/>\n<meta property=\"og:description\" content=\"El s\u00e1bado, d\u00eda 17 de septiembre, la exposici\u00f3n \u00abSagardo ibaiak, bizitza iturri\u00bb se hizo al r\u00edo con la realizaci\u00f3n de una visita guiada en stand up paddle a trav\u00e9s del [&hellip;]\" \/>\n<meta property=\"og:url\" content=\"https:\/\/sagardoarenlurraldea.eus\/es\/blog\/la-exposicion-sagardo-ibaiak-bizitza-iturri-sale-a-la-calle\/\" \/>\n<meta property=\"og:site_name\" content=\"Sagardoaren Lurraldea\" \/>\n<meta property=\"article:publisher\" content=\"https:\/\/www.facebook.com\/sagardoarenlurraldea\" \/>\n<meta property=\"article:published_time\" content=\"2016-09-18T22:00:00+00:00\" \/>\n<meta name=\"author\" content=\"Mikel Ecenarro\" \/>\n<meta name=\"twitter:card\" content=\"summary_large_image\" \/>\n<meta name=\"twitter:label1\" content=\"Escrito por\" \/>\n\t<meta name=\"twitter:data1\" content=\"Mikel Ecenarro\" \/>\n\t<meta name=\"twitter:label2\" content=\"Tiempo de lectura\" \/>\n\t<meta name=\"twitter:data2\" content=\"1 minuto\" \/>\n<script type=\"application\/ld+json\" class=\"yoast-schema-graph\">{\"@context\":\"https:\/\/schema.org\",\"@graph\":[{\"@type\":\"WebPage\",\"@id\":\"https:\/\/sagardoarenlurraldea.eus\/es\/blog\/la-exposicion-sagardo-ibaiak-bizitza-iturri-sale-a-la-calle\/\",\"url\":\"https:\/\/sagardoarenlurraldea.eus\/es\/blog\/la-exposicion-sagardo-ibaiak-bizitza-iturri-sale-a-la-calle\/\",\"name\":\"La exposici\u00f3n \\\"Sagardo ibaiak, bizitza iturri\\\" sale a la calle. - Sagardoaren Lurraldea\",\"isPartOf\":{\"@id\":\"https:\/\/sagardoarenlurraldea.eus\/es\/#website\"},\"datePublished\":\"2016-09-18T22:00:00+00:00\",\"author\":{\"@id\":\"https:\/\/sagardoarenlurraldea.eus\/es\/#\/schema\/person\/9e9a225eda321f17256838c2fcba65a7\"},\"breadcrumb\":{\"@id\":\"https:\/\/sagardoarenlurraldea.eus\/es\/blog\/la-exposicion-sagardo-ibaiak-bizitza-iturri-sale-a-la-calle\/#breadcrumb\"},\"inLanguage\":\"es\",\"potentialAction\":[{\"@type\":\"ReadAction\",\"target\":[\"https:\/\/sagardoarenlurraldea.eus\/es\/blog\/la-exposicion-sagardo-ibaiak-bizitza-iturri-sale-a-la-calle\/\"]}]},{\"@type\":\"BreadcrumbList\",\"@id\":\"https:\/\/sagardoarenlurraldea.eus\/es\/blog\/la-exposicion-sagardo-ibaiak-bizitza-iturri-sale-a-la-calle\/#breadcrumb\",\"itemListElement\":[{\"@type\":\"ListItem\",\"position\":1,\"name\":\"Inicio\",\"item\":\"https:\/\/sagardoarenlurraldea.eus\/es\/\"},{\"@type\":\"ListItem\",\"position\":2,\"name\":\"La exposici\u00f3n \u00abSagardo ibaiak, bizitza iturri\u00bb sale a la calle.\"}]},{\"@type\":\"WebSite\",\"@id\":\"https:\/\/sagardoarenlurraldea.eus\/es\/#website\",\"url\":\"https:\/\/sagardoarenlurraldea.eus\/es\/\",\"name\":\"Sagardoaren Lurraldea\",\"description\":\"El territorio de la sidra\",\"potentialAction\":[{\"@type\":\"SearchAction\",\"target\":{\"@type\":\"EntryPoint\",\"urlTemplate\":\"https:\/\/sagardoarenlurraldea.eus\/es\/?s={search_term_string}\"},\"query-input\":{\"@type\":\"PropertyValueSpecification\",\"valueRequired\":true,\"valueName\":\"search_term_string\"}}],\"inLanguage\":\"es\"},{\"@type\":\"Person\",\"@id\":\"https:\/\/sagardoarenlurraldea.eus\/es\/#\/schema\/person\/9e9a225eda321f17256838c2fcba65a7\",\"name\":\"Mikel Ecenarro\",\"image\":{\"@type\":\"ImageObject\",\"inLanguage\":\"es\",\"@id\":\"https:\/\/sagardoarenlurraldea.eus\/es\/#\/schema\/person\/image\/\",\"url\":\"https:\/\/secure.gravatar.com\/avatar\/1170400e3ac60954a47797ced4deed6bcd49cf85a03b7abd291d8f8be059bd1d?s=96&d=mm&r=g\",\"contentUrl\":\"https:\/\/secure.gravatar.com\/avatar\/1170400e3ac60954a47797ced4deed6bcd49cf85a03b7abd291d8f8be059bd1d?s=96&d=mm&r=g\",\"caption\":\"Mikel Ecenarro\"}}]}<\/script>\n<!-- \/ Yoast SEO plugin. -->","yoast_head_json":{"title":"La exposici\u00f3n \"Sagardo ibaiak, bizitza iturri\" sale a la calle. - Sagardoaren Lurraldea","robots":{"index":"index","follow":"follow","max-snippet":"max-snippet:-1","max-image-preview":"max-image-preview:large","max-video-preview":"max-video-preview:-1"},"canonical":"https:\/\/sagardoarenlurraldea.eus\/es\/blog\/la-exposicion-sagardo-ibaiak-bizitza-iturri-sale-a-la-calle\/","og_locale":"es_ES","og_type":"article","og_title":"La exposici\u00f3n \"Sagardo ibaiak, bizitza iturri\" sale a la calle. - Sagardoaren Lurraldea","og_description":"El s\u00e1bado, d\u00eda 17 de septiembre, la exposici\u00f3n \u00abSagardo ibaiak, bizitza iturri\u00bb se hizo al r\u00edo con la realizaci\u00f3n de una visita guiada en stand up paddle a trav\u00e9s del [&hellip;]","og_url":"https:\/\/sagardoarenlurraldea.eus\/es\/blog\/la-exposicion-sagardo-ibaiak-bizitza-iturri-sale-a-la-calle\/","og_site_name":"Sagardoaren Lurraldea","article_publisher":"https:\/\/www.facebook.com\/sagardoarenlurraldea","article_published_time":"2016-09-18T22:00:00+00:00","author":"Mikel Ecenarro","twitter_card":"summary_large_image","twitter_misc":{"Escrito por":"Mikel Ecenarro","Tiempo de lectura":"1 minuto"},"schema":{"@context":"https:\/\/schema.org","@graph":[{"@type":"WebPage","@id":"https:\/\/sagardoarenlurraldea.eus\/es\/blog\/la-exposicion-sagardo-ibaiak-bizitza-iturri-sale-a-la-calle\/","url":"https:\/\/sagardoarenlurraldea.eus\/es\/blog\/la-exposicion-sagardo-ibaiak-bizitza-iturri-sale-a-la-calle\/","name":"La exposici\u00f3n \"Sagardo ibaiak, bizitza iturri\" sale a la calle. - Sagardoaren Lurraldea","isPartOf":{"@id":"https:\/\/sagardoarenlurraldea.eus\/es\/#website"},"datePublished":"2016-09-18T22:00:00+00:00","author":{"@id":"https:\/\/sagardoarenlurraldea.eus\/es\/#\/schema\/person\/9e9a225eda321f17256838c2fcba65a7"},"breadcrumb":{"@id":"https:\/\/sagardoarenlurraldea.eus\/es\/blog\/la-exposicion-sagardo-ibaiak-bizitza-iturri-sale-a-la-calle\/#breadcrumb"},"inLanguage":"es","potentialAction":[{"@type":"ReadAction","target":["https:\/\/sagardoarenlurraldea.eus\/es\/blog\/la-exposicion-sagardo-ibaiak-bizitza-iturri-sale-a-la-calle\/"]}]},{"@type":"BreadcrumbList","@id":"https:\/\/sagardoarenlurraldea.eus\/es\/blog\/la-exposicion-sagardo-ibaiak-bizitza-iturri-sale-a-la-calle\/#breadcrumb","itemListElement":[{"@type":"ListItem","position":1,"name":"Inicio","item":"https:\/\/sagardoarenlurraldea.eus\/es\/"},{"@type":"ListItem","position":2,"name":"La exposici\u00f3n \u00abSagardo ibaiak, bizitza iturri\u00bb sale a la calle."}]},{"@type":"WebSite","@id":"https:\/\/sagardoarenlurraldea.eus\/es\/#website","url":"https:\/\/sagardoarenlurraldea.eus\/es\/","name":"Sagardoaren Lurraldea","description":"El territorio de la sidra","potentialAction":[{"@type":"SearchAction","target":{"@type":"EntryPoint","urlTemplate":"https:\/\/sagardoarenlurraldea.eus\/es\/?s={search_term_string}"},"query-input":{"@type":"PropertyValueSpecification","valueRequired":true,"valueName":"search_term_string"}}],"inLanguage":"es"},{"@type":"Person","@id":"https:\/\/sagardoarenlurraldea.eus\/es\/#\/schema\/person\/9e9a225eda321f17256838c2fcba65a7","name":"Mikel Ecenarro","image":{"@type":"ImageObject","inLanguage":"es","@id":"https:\/\/sagardoarenlurraldea.eus\/es\/#\/schema\/person\/image\/","url":"https:\/\/secure.gravatar.com\/avatar\/1170400e3ac60954a47797ced4deed6bcd49cf85a03b7abd291d8f8be059bd1d?s=96&d=mm&r=g","contentUrl":"https:\/\/secure.gravatar.com\/avatar\/1170400e3ac60954a47797ced4deed6bcd49cf85a03b7abd291d8f8be059bd1d?s=96&d=mm&r=g","caption":"Mikel Ecenarro"}}]}},"_links":{"self":[{"href":"https:\/\/sagardoarenlurraldea.eus\/es\/wp-json\/wp\/v2\/posts\/18145","targetHints":{"allow":["GET"]}}],"collection":[{"href":"https:\/\/sagardoarenlurraldea.eus\/es\/wp-json\/wp\/v2\/posts"}],"about":[{"href":"https:\/\/sagardoarenlurraldea.eus\/es\/wp-json\/wp\/v2\/types\/post"}],"author":[{"embeddable":true,"href":"https:\/\/sagardoarenlurraldea.eus\/es\/wp-json\/wp\/v2\/users\/1"}],"replies":[{"embeddable":true,"href":"https:\/\/sagardoarenlurraldea.eus\/es\/wp-json\/wp\/v2\/comments?post=18145"}],"version-history":[{"count":0,"href":"https:\/\/sagardoarenlurraldea.eus\/es\/wp-json\/wp\/v2\/posts\/18145\/revisions"}],"wp:attachment":[{"href":"https:\/\/sagardoarenlurraldea.eus\/es\/wp-json\/wp\/v2\/media?parent=18145"}],"wp:term":[{"taxonomy":"category","embeddable":true,"href":"https:\/\/sagardoarenlurraldea.eus\/es\/wp-json\/wp\/v2\/categories?post=18145"},{"taxonomy":"post_tag","embeddable":true,"href":"https:\/\/sagardoarenlurraldea.eus\/es\/wp-json\/wp\/v2\/tags?post=18145"}],"curies":[{"name":"wp","href":"https:\/\/api.w.org\/{rel}","templated":true}]}}