{"id":18108,"date":"2016-03-22T00:00:00","date_gmt":"2016-03-21T22:00:00","guid":{"rendered":"http:\/\/www.sagardoarenlurraldea.eus\/blog\/sidrerias-abiertas-en-semana-santa-2\/"},"modified":"2021-07-29T12:04:58","modified_gmt":"2021-07-29T10:04:58","slug":"sidrerias-abiertas-en-semana-santa-2","status":"publish","type":"post","link":"https:\/\/sagardoarenlurraldea.eus\/es\/blog\/sidrerias-abiertas-en-semana-santa-2\/","title":{"rendered":"Sidrer\u00edas abiertas en Semana Santa."},"content":{"rendered":"<p><a href=\"https:\/\/sagardoarenlurraldea.eus\/wp-content\/uploads\/2016\/01\/13-Copy.jpg\"><img loading=\"lazy\" decoding=\"async\" class=\"size-medium wp-image-4858 alignleft\" src=\"https:\/\/sagardoarenlurraldea.eus\/wp-content\/uploads\/2016\/01\/13-Copy-300x188.jpg\" alt=\"\" width=\"300\" height=\"188\" \/><\/a><\/p>\n<p>Estas son las sidrer\u00edas que est\u00e1n abiertas en <strong>Semana Santa<\/strong>:<\/p>\n<p><strong>&#8211; Alorrenea <\/strong>(Astigarraga): 24, 25, 26, 27 y 28 de marzo abierto mediod\u00eda y noche. <strong><a href=\"https:\/\/sagardoarenlurraldea.eus\/reservas\/?sag=8&amp;exp=6&amp;L=0\">Reservar<\/a><\/strong>.<br \/>\n<strong>&#8211; Astarbe <\/strong> (Astigarraga): 24, 25 y 26 de marzo abierto mediod\u00eda y noche. 27 mediod\u00eda abierto y noche cerrado. 28 cerrado todo el d\u00eda. <strong><a href=\"https:\/\/sagardoarenlurraldea.eus\/reservas\/?sag=9&amp;exp=6&amp;L=0\">Reservar<\/a><\/strong>.<br \/>\n<strong>&#8211; Gartziategi <\/strong> (Astigarraga): 24, 25 y 26 de marzo abierto mediod\u00eda y noche. 27 mediod\u00eda abierto y noche cerrado. 28 cerrado todo el d\u00eda. <strong><a href=\"https:\/\/sagardoarenlurraldea.eus\/reservas\/?sag=11&amp;exp=6&amp;L=0\">Reservar<\/a><\/strong>.<br \/>\n<strong>&#8211; Lizeaga <\/strong> (Astigarraga): 24, 25 y 26 de marzo abierto mediod\u00eda y noche. 27 y 28 cerrado todo el d\u00eda. <strong><a href=\"https:\/\/sagardoarenlurraldea.eus\/reservas\/?sag=14&amp;exp=6&amp;L=0\">Reservar<\/a><\/strong>.<br \/>\n<strong>&#8211; Petritegi <\/strong> (Astigarraga): 24, 25, 26, 27 y 28 de marzo abierto mediod\u00eda y noche. <strong><a href=\"https:\/\/sagardoarenlurraldea.eus\/reservas\/?sag=16&amp;exp=6&amp;L=0\">Reservar<\/a><\/strong>.<br \/>\n<strong>&#8211; Rezola <\/strong> (Astigarraga): 24, 25, 26, 27 y 28 de marzo abierto mediod\u00eda y noche. <strong><a href=\"https:\/\/sagardoarenlurraldea.eus\/reservas\/?sag=17&amp;exp=6&amp;L=0\">Reservar<\/a><\/strong>.<br \/>\n<strong>&#8211; Saizar <\/strong> (Usurbil): 24, 25, 26 y 27 de marzo abierto mediod\u00eda y noche. 28 cerrado todo el d\u00eda. <strong><a href=\"https:\/\/sagardoarenlurraldea.eus\/reservas\/?sag=18&amp;exp=6&amp;L=0\">Reservar<\/a><\/strong>.<br \/>\n<strong>&#8211; Txopinondo <\/strong> (Azkaine): 24, 25, 26 y 27 de marzo abierto mediod\u00eda y noche. 28 abierto mediod\u00eda. <strong><a href=\"https:\/\/sagardoarenlurraldea.eus\/reservas\/?sag=19&amp;exp=6&amp;L=0\">Reservar<\/a><\/strong>.<br \/>\n<strong>&#8211; Zapiain <\/strong> (Astigarraga): 24 y 25 de marzo abierto noche y el 26 de marzo abierto mediod\u00eda y noche. 27 y 28 cerrado todo el d\u00eda. <strong><a href=\"https:\/\/sagardoarenlurraldea.eus\/reservas\/?sag=20&amp;exp=6&amp;L=0\">Reservar<\/a><\/strong>.<br \/>\n<strong>&#8211; Zelaia <\/strong> (Hernani): 24 y 25 de marzo abierto noche y el 26 de marzo abierto mediod\u00eda y noche. 27 y 28 cerrado todo el d\u00eda. <strong><a href=\"https:\/\/sagardoarenlurraldea.eus\/reservas\/?sag=21&amp;exp=6&amp;L=0\">Reservar<\/a><\/strong>.<\/p>\n","protected":false},"excerpt":{"rendered":"<p>Estas son las sidrer\u00edas que est\u00e1n abiertas en Semana Santa: &#8211; Alorrenea (Astigarraga): 24, 25, 26, 27 y 28 de marzo abierto mediod\u00eda y noche. Reservar. &#8211; Astarbe (Astigarraga): 24, [&hellip;]<\/p>\n","protected":false},"author":1,"featured_media":4858,"comment_status":"open","ping_status":"open","sticky":false,"template":"","format":"standard","meta":{"_acf_changed":false,"_et_pb_use_builder":"","_et_pb_old_content":"","_et_gb_content_width":"","footnotes":""},"categories":[255],"tags":[416,1607,1652,1740,1752,1776,1868],"class_list":["post-18108","post","type-post","status-publish","format-standard","has-post-thumbnail","hentry","category-sidrerias","tag-aste-santua","tag-sagardoa-2","tag-sagardotegiak-2","tag-semana-santa","tag-sidra","tag-sidrerias","tag-txotx"],"acf":[],"yoast_head":"<!-- This site is optimized with the Yoast SEO plugin v25.4 - https:\/\/yoast.com\/wordpress\/plugins\/seo\/ -->\n<title>Sidrer\u00edas abiertas en Semana Santa. - Sagardoaren Lurraldea<\/title>\n<meta name=\"robots\" content=\"index, follow, max-snippet:-1, max-image-preview:large, max-video-preview:-1\" \/>\n<link rel=\"canonical\" href=\"https:\/\/sagardoarenlurraldea.eus\/es\/blog\/sidrerias-abiertas-en-semana-santa-2\/\" \/>\n<meta property=\"og:locale\" content=\"es_ES\" \/>\n<meta property=\"og:type\" content=\"article\" \/>\n<meta property=\"og:title\" content=\"Sidrer\u00edas abiertas en Semana Santa. - Sagardoaren Lurraldea\" \/>\n<meta property=\"og:description\" content=\"Estas son las sidrer\u00edas que est\u00e1n abiertas en Semana Santa: &#8211; Alorrenea (Astigarraga): 24, 25, 26, 27 y 28 de marzo abierto mediod\u00eda y noche. Reservar. &#8211; Astarbe (Astigarraga): 24, [&hellip;]\" \/>\n<meta property=\"og:url\" content=\"https:\/\/sagardoarenlurraldea.eus\/es\/blog\/sidrerias-abiertas-en-semana-santa-2\/\" \/>\n<meta property=\"og:site_name\" content=\"Sagardoaren Lurraldea\" \/>\n<meta property=\"article:publisher\" content=\"https:\/\/www.facebook.com\/sagardoarenlurraldea\" \/>\n<meta property=\"article:published_time\" content=\"2016-03-21T22:00:00+00:00\" \/>\n<meta property=\"article:modified_time\" content=\"2021-07-29T10:04:58+00:00\" \/>\n<meta property=\"og:image\" content=\"https:\/\/sagardoarenlurraldea.eus\/wp-content\/uploads\/2016\/01\/13-Copy.jpg\" \/>\n\t<meta property=\"og:image:width\" content=\"800\" \/>\n\t<meta property=\"og:image:height\" content=\"503\" \/>\n\t<meta property=\"og:image:type\" content=\"image\/jpeg\" \/>\n<meta name=\"author\" content=\"Mikel Ecenarro\" \/>\n<meta name=\"twitter:card\" content=\"summary_large_image\" \/>\n<meta name=\"twitter:label1\" content=\"Escrito por\" \/>\n\t<meta name=\"twitter:data1\" content=\"Mikel Ecenarro\" \/>\n\t<meta name=\"twitter:label2\" content=\"Tiempo de lectura\" \/>\n\t<meta name=\"twitter:data2\" content=\"1 minuto\" \/>\n<script type=\"application\/ld+json\" class=\"yoast-schema-graph\">{\"@context\":\"https:\/\/schema.org\",\"@graph\":[{\"@type\":\"WebPage\",\"@id\":\"https:\/\/sagardoarenlurraldea.eus\/es\/blog\/sidrerias-abiertas-en-semana-santa-2\/\",\"url\":\"https:\/\/sagardoarenlurraldea.eus\/es\/blog\/sidrerias-abiertas-en-semana-santa-2\/\",\"name\":\"Sidrer\u00edas abiertas en Semana Santa. - Sagardoaren Lurraldea\",\"isPartOf\":{\"@id\":\"https:\/\/sagardoarenlurraldea.eus\/es\/#website\"},\"primaryImageOfPage\":{\"@id\":\"https:\/\/sagardoarenlurraldea.eus\/es\/blog\/sidrerias-abiertas-en-semana-santa-2\/#primaryimage\"},\"image\":{\"@id\":\"https:\/\/sagardoarenlurraldea.eus\/es\/blog\/sidrerias-abiertas-en-semana-santa-2\/#primaryimage\"},\"thumbnailUrl\":\"https:\/\/sagardoarenlurraldea.eus\/wp-content\/uploads\/2016\/01\/13-Copy.jpg\",\"datePublished\":\"2016-03-21T22:00:00+00:00\",\"dateModified\":\"2021-07-29T10:04:58+00:00\",\"author\":{\"@id\":\"https:\/\/sagardoarenlurraldea.eus\/es\/#\/schema\/person\/9e9a225eda321f17256838c2fcba65a7\"},\"breadcrumb\":{\"@id\":\"https:\/\/sagardoarenlurraldea.eus\/es\/blog\/sidrerias-abiertas-en-semana-santa-2\/#breadcrumb\"},\"inLanguage\":\"es\",\"potentialAction\":[{\"@type\":\"ReadAction\",\"target\":[\"https:\/\/sagardoarenlurraldea.eus\/es\/blog\/sidrerias-abiertas-en-semana-santa-2\/\"]}]},{\"@type\":\"ImageObject\",\"inLanguage\":\"es\",\"@id\":\"https:\/\/sagardoarenlurraldea.eus\/es\/blog\/sidrerias-abiertas-en-semana-santa-2\/#primaryimage\",\"url\":\"https:\/\/sagardoarenlurraldea.eus\/wp-content\/uploads\/2016\/01\/13-Copy.jpg\",\"contentUrl\":\"https:\/\/sagardoarenlurraldea.eus\/wp-content\/uploads\/2016\/01\/13-Copy.jpg\",\"width\":800,\"height\":503,\"caption\":\"Apertura de la temporada del txotx 2016 \/ 2016ko txotx boladaren irekier\"},{\"@type\":\"BreadcrumbList\",\"@id\":\"https:\/\/sagardoarenlurraldea.eus\/es\/blog\/sidrerias-abiertas-en-semana-santa-2\/#breadcrumb\",\"itemListElement\":[{\"@type\":\"ListItem\",\"position\":1,\"name\":\"Inicio\",\"item\":\"https:\/\/sagardoarenlurraldea.eus\/es\/\"},{\"@type\":\"ListItem\",\"position\":2,\"name\":\"Sidrer\u00edas abiertas en Semana Santa.\"}]},{\"@type\":\"WebSite\",\"@id\":\"https:\/\/sagardoarenlurraldea.eus\/es\/#website\",\"url\":\"https:\/\/sagardoarenlurraldea.eus\/es\/\",\"name\":\"Sagardoaren Lurraldea\",\"description\":\"El territorio de la sidra\",\"potentialAction\":[{\"@type\":\"SearchAction\",\"target\":{\"@type\":\"EntryPoint\",\"urlTemplate\":\"https:\/\/sagardoarenlurraldea.eus\/es\/?s={search_term_string}\"},\"query-input\":{\"@type\":\"PropertyValueSpecification\",\"valueRequired\":true,\"valueName\":\"search_term_string\"}}],\"inLanguage\":\"es\"},{\"@type\":\"Person\",\"@id\":\"https:\/\/sagardoarenlurraldea.eus\/es\/#\/schema\/person\/9e9a225eda321f17256838c2fcba65a7\",\"name\":\"Mikel Ecenarro\",\"image\":{\"@type\":\"ImageObject\",\"inLanguage\":\"es\",\"@id\":\"https:\/\/sagardoarenlurraldea.eus\/es\/#\/schema\/person\/image\/\",\"url\":\"https:\/\/secure.gravatar.com\/avatar\/1170400e3ac60954a47797ced4deed6bcd49cf85a03b7abd291d8f8be059bd1d?s=96&d=mm&r=g\",\"contentUrl\":\"https:\/\/secure.gravatar.com\/avatar\/1170400e3ac60954a47797ced4deed6bcd49cf85a03b7abd291d8f8be059bd1d?s=96&d=mm&r=g\",\"caption\":\"Mikel Ecenarro\"}}]}<\/script>\n<!-- \/ Yoast SEO plugin. -->","yoast_head_json":{"title":"Sidrer\u00edas abiertas en Semana Santa. - Sagardoaren Lurraldea","robots":{"index":"index","follow":"follow","max-snippet":"max-snippet:-1","max-image-preview":"max-image-preview:large","max-video-preview":"max-video-preview:-1"},"canonical":"https:\/\/sagardoarenlurraldea.eus\/es\/blog\/sidrerias-abiertas-en-semana-santa-2\/","og_locale":"es_ES","og_type":"article","og_title":"Sidrer\u00edas abiertas en Semana Santa. - Sagardoaren Lurraldea","og_description":"Estas son las sidrer\u00edas que est\u00e1n abiertas en Semana Santa: &#8211; Alorrenea (Astigarraga): 24, 25, 26, 27 y 28 de marzo abierto mediod\u00eda y noche. Reservar. &#8211; Astarbe (Astigarraga): 24, [&hellip;]","og_url":"https:\/\/sagardoarenlurraldea.eus\/es\/blog\/sidrerias-abiertas-en-semana-santa-2\/","og_site_name":"Sagardoaren Lurraldea","article_publisher":"https:\/\/www.facebook.com\/sagardoarenlurraldea","article_published_time":"2016-03-21T22:00:00+00:00","article_modified_time":"2021-07-29T10:04:58+00:00","og_image":[{"width":800,"height":503,"url":"https:\/\/sagardoarenlurraldea.eus\/wp-content\/uploads\/2016\/01\/13-Copy.jpg","type":"image\/jpeg"}],"author":"Mikel Ecenarro","twitter_card":"summary_large_image","twitter_misc":{"Escrito por":"Mikel Ecenarro","Tiempo de lectura":"1 minuto"},"schema":{"@context":"https:\/\/schema.org","@graph":[{"@type":"WebPage","@id":"https:\/\/sagardoarenlurraldea.eus\/es\/blog\/sidrerias-abiertas-en-semana-santa-2\/","url":"https:\/\/sagardoarenlurraldea.eus\/es\/blog\/sidrerias-abiertas-en-semana-santa-2\/","name":"Sidrer\u00edas abiertas en Semana Santa. - Sagardoaren Lurraldea","isPartOf":{"@id":"https:\/\/sagardoarenlurraldea.eus\/es\/#website"},"primaryImageOfPage":{"@id":"https:\/\/sagardoarenlurraldea.eus\/es\/blog\/sidrerias-abiertas-en-semana-santa-2\/#primaryimage"},"image":{"@id":"https:\/\/sagardoarenlurraldea.eus\/es\/blog\/sidrerias-abiertas-en-semana-santa-2\/#primaryimage"},"thumbnailUrl":"https:\/\/sagardoarenlurraldea.eus\/wp-content\/uploads\/2016\/01\/13-Copy.jpg","datePublished":"2016-03-21T22:00:00+00:00","dateModified":"2021-07-29T10:04:58+00:00","author":{"@id":"https:\/\/sagardoarenlurraldea.eus\/es\/#\/schema\/person\/9e9a225eda321f17256838c2fcba65a7"},"breadcrumb":{"@id":"https:\/\/sagardoarenlurraldea.eus\/es\/blog\/sidrerias-abiertas-en-semana-santa-2\/#breadcrumb"},"inLanguage":"es","potentialAction":[{"@type":"ReadAction","target":["https:\/\/sagardoarenlurraldea.eus\/es\/blog\/sidrerias-abiertas-en-semana-santa-2\/"]}]},{"@type":"ImageObject","inLanguage":"es","@id":"https:\/\/sagardoarenlurraldea.eus\/es\/blog\/sidrerias-abiertas-en-semana-santa-2\/#primaryimage","url":"https:\/\/sagardoarenlurraldea.eus\/wp-content\/uploads\/2016\/01\/13-Copy.jpg","contentUrl":"https:\/\/sagardoarenlurraldea.eus\/wp-content\/uploads\/2016\/01\/13-Copy.jpg","width":800,"height":503,"caption":"Apertura de la temporada del txotx 2016 \/ 2016ko txotx boladaren irekier"},{"@type":"BreadcrumbList","@id":"https:\/\/sagardoarenlurraldea.eus\/es\/blog\/sidrerias-abiertas-en-semana-santa-2\/#breadcrumb","itemListElement":[{"@type":"ListItem","position":1,"name":"Inicio","item":"https:\/\/sagardoarenlurraldea.eus\/es\/"},{"@type":"ListItem","position":2,"name":"Sidrer\u00edas abiertas en Semana Santa."}]},{"@type":"WebSite","@id":"https:\/\/sagardoarenlurraldea.eus\/es\/#website","url":"https:\/\/sagardoarenlurraldea.eus\/es\/","name":"Sagardoaren Lurraldea","description":"El territorio de la sidra","potentialAction":[{"@type":"SearchAction","target":{"@type":"EntryPoint","urlTemplate":"https:\/\/sagardoarenlurraldea.eus\/es\/?s={search_term_string}"},"query-input":{"@type":"PropertyValueSpecification","valueRequired":true,"valueName":"search_term_string"}}],"inLanguage":"es"},{"@type":"Person","@id":"https:\/\/sagardoarenlurraldea.eus\/es\/#\/schema\/person\/9e9a225eda321f17256838c2fcba65a7","name":"Mikel Ecenarro","image":{"@type":"ImageObject","inLanguage":"es","@id":"https:\/\/sagardoarenlurraldea.eus\/es\/#\/schema\/person\/image\/","url":"https:\/\/secure.gravatar.com\/avatar\/1170400e3ac60954a47797ced4deed6bcd49cf85a03b7abd291d8f8be059bd1d?s=96&d=mm&r=g","contentUrl":"https:\/\/secure.gravatar.com\/avatar\/1170400e3ac60954a47797ced4deed6bcd49cf85a03b7abd291d8f8be059bd1d?s=96&d=mm&r=g","caption":"Mikel Ecenarro"}}]}},"_links":{"self":[{"href":"https:\/\/sagardoarenlurraldea.eus\/es\/wp-json\/wp\/v2\/posts\/18108","targetHints":{"allow":["GET"]}}],"collection":[{"href":"https:\/\/sagardoarenlurraldea.eus\/es\/wp-json\/wp\/v2\/posts"}],"about":[{"href":"https:\/\/sagardoarenlurraldea.eus\/es\/wp-json\/wp\/v2\/types\/post"}],"author":[{"embeddable":true,"href":"https:\/\/sagardoarenlurraldea.eus\/es\/wp-json\/wp\/v2\/users\/1"}],"replies":[{"embeddable":true,"href":"https:\/\/sagardoarenlurraldea.eus\/es\/wp-json\/wp\/v2\/comments?post=18108"}],"version-history":[{"count":0,"href":"https:\/\/sagardoarenlurraldea.eus\/es\/wp-json\/wp\/v2\/posts\/18108\/revisions"}],"wp:featuredmedia":[{"embeddable":true,"href":"https:\/\/sagardoarenlurraldea.eus\/es\/wp-json\/wp\/v2\/media\/4858"}],"wp:attachment":[{"href":"https:\/\/sagardoarenlurraldea.eus\/es\/wp-json\/wp\/v2\/media?parent=18108"}],"wp:term":[{"taxonomy":"category","embeddable":true,"href":"https:\/\/sagardoarenlurraldea.eus\/es\/wp-json\/wp\/v2\/categories?post=18108"},{"taxonomy":"post_tag","embeddable":true,"href":"https:\/\/sagardoarenlurraldea.eus\/es\/wp-json\/wp\/v2\/tags?post=18108"}],"curies":[{"name":"wp","href":"https:\/\/api.w.org\/{rel}","templated":true}]}}