{"id":18063,"date":"2015-09-22T00:00:00","date_gmt":"2015-09-21T22:00:00","guid":{"rendered":"http:\/\/www.sagardoarenlurraldea.eus\/blog\/viii-rally-fotografico-digital-sagar-uzta\/"},"modified":"2015-09-22T00:00:00","modified_gmt":"2015-09-21T22:00:00","slug":"viii-rally-fotografico-digital-sagar-uzta","status":"publish","type":"post","link":"https:\/\/sagardoarenlurraldea.eus\/es\/blog\/viii-rally-fotografico-digital-sagar-uzta\/","title":{"rendered":"VIII.Rally Fotogr\u00e1fico digital Sagar Uzta."},"content":{"rendered":"<p><strong><a href=\"https:\/\/sagardoarenlurraldea.eus\/wp-content\/uploads\/2014\/09\/Rally.jpg\"><img loading=\"lazy\" decoding=\"async\" class=\"alignleft size-medium wp-image-3857\" alt=\"Rally\" src=\"https:\/\/sagardoarenlurraldea.eus\/wp-content\/uploads\/2014\/09\/Rally-300x174.jpg\" width=\"300\" height=\"174\" \/><\/a>Dentro de la <a href=\"http:\/\/www.sagardoarenlurraldea.com\/que-hacer\/eventos\/detalle\/?eve=15&amp;cat=\">XV edici\u00f3n de Sagar Uzta<\/a>, fiesta dedicada a la manzana, se va a celebrar el VIII. Rally Fotogr\u00e1fico Digital en Astigarraga. Se podr\u00e1n presentar a concurso fotograf\u00edas de cualquier actividad organizada dentro de los cuatro d\u00edas de la XV. edici\u00f3n de Sagar Uzta<\/strong>.<\/p>\n<p><strong>Bases<\/strong>:<br \/>\n1. Podr\u00e1 participar toda persona aficionada a la fotograf\u00eda.<br \/>\n2. Inscripciones: 943550575 \/ info@elterritoriodelasidra.com \/ 27 de septiembre de 10:30-12:00 en la plaza de los Fueros.<br \/>\n3. La inscripci\u00f3n ser\u00e1 de 5\u20ac. Modos de pago: en met\u00e1lico el 27 de septiembre de 10:30-12:00 en la plaza de los Fueros.<br \/>\n4. Temas: Se podr\u00e1n presentar a concurso fotograf\u00edas representativas de cualquier actividad organizada dentro de la fiesta Sagar Uzta (<a href=\"http:\/\/www.sagardoarenlurraldea.com\/que-hacer\/eventos\/detalle\/?eve=15&amp;cat=\">ver programa<\/a>).<br \/>\n5. Cada participante deber\u00e1 presentar 6 fotograf\u00edas en formato JPG y con una resoluci\u00f3n m\u00ednima de 300 pixeles. La entrega de la colecci\u00f3n se realizar\u00e1 a trav\u00e9s de una descarga de fotograf\u00edas en <a href=\"http:\/\/www.elterritoriodelasidra.com\">www.elterritoriodelasidra.com<\/a> entre el 28 de septiembre y el 4 de octubre.<br \/>\n6. Premios:<br \/>\n&#8211; Mejor colecci\u00f3n: lote de productos locales.<br \/>\n&#8211; Segundo clasificado: lote de productos locales.<br \/>\n7. El jurado estar\u00e1 compuesto por dos fot\u00f3grafos profesionales y la Direcci\u00f3n de Sagardoetxea.<br \/>\n8. El viernes 16 de Octubre a las 19:00 se realizar\u00e1 una proyecci\u00f3n comentada de fotograf\u00edas del rally, se inaugurar\u00e1 la exposici\u00f3n de fotograf\u00edas y se entregar\u00e1n los premios a los ganadores del concurso en Sagardoetxea.<br \/>\n9. Cualquier cuesti\u00f3n no contemplada en estas bases ser\u00e1 resuelta por la organizaci\u00f3n.<\/p>\n<p><strong>Notas<\/strong>:<br \/>\n1. Las fotos presentadas a concurso quedar\u00e1n en poder de la organizaci\u00f3n.<br \/>\n2. La exposici\u00f3n se realizar\u00e1 en Sagardoetxea Museoa desde el 16 de Octubre al 1 de Noviembre en horarios del museo.<br \/>\n3. Se expondr\u00e1n todas las fotos ganadoras y una foto por cada participante.<br \/>\n4. La participaci\u00f3n en este Rally supone la aceptaci\u00f3n de estas bases.<br \/>\n5. La decisi\u00f3n del jurado ser\u00e1 inapelable.<br \/>\n6. La inscripci\u00f3n en el Rally incluye un vaso para la degustaci\u00f3n de sidra y un pintxo.<br \/>\n7. Cada participante optar\u00e1 a un \u00fanico premio<\/p>\n","protected":false},"excerpt":{"rendered":"<p>Dentro de la XV edici\u00f3n de Sagar Uzta, fiesta dedicada a la manzana, se va a celebrar el VIII. Rally Fotogr\u00e1fico Digital en Astigarraga. Se podr\u00e1n presentar a concurso fotograf\u00edas [&hellip;]<\/p>\n","protected":false},"author":1,"featured_media":1114,"comment_status":"open","ping_status":"open","sticky":false,"template":"","format":"standard","meta":{"_acf_changed":false,"_et_pb_use_builder":"","_et_pb_old_content":"","_et_gb_content_width":"","footnotes":""},"categories":[242,252],"tags":[395,420,471,1225,1357,1499,1666,1954],"class_list":["post-18063","post","type-post","status-publish","format-standard","has-post-thumbnail","hentry","category-eventos","category-manzana","tag-argazki-rallya","tag-astigarraga","tag-bases","tag-manzana","tag-oinarriak","tag-rally-fotografico","tag-sagarra","tag-xv-sagar-uzta"],"acf":[],"yoast_head":"<!-- This site is optimized with the Yoast SEO plugin v25.4 - https:\/\/yoast.com\/wordpress\/plugins\/seo\/ -->\n<title>VIII.Rally Fotogr\u00e1fico digital Sagar Uzta. - Sagardoaren Lurraldea<\/title>\n<meta name=\"robots\" content=\"index, follow, max-snippet:-1, max-image-preview:large, max-video-preview:-1\" \/>\n<link rel=\"canonical\" href=\"https:\/\/sagardoarenlurraldea.eus\/es\/blog\/viii-rally-fotografico-digital-sagar-uzta\/\" \/>\n<meta property=\"og:locale\" content=\"es_ES\" \/>\n<meta property=\"og:type\" content=\"article\" \/>\n<meta property=\"og:title\" content=\"VIII.Rally Fotogr\u00e1fico digital Sagar Uzta. - Sagardoaren Lurraldea\" \/>\n<meta property=\"og:description\" content=\"Dentro de la XV edici\u00f3n de Sagar Uzta, fiesta dedicada a la manzana, se va a celebrar el VIII. Rally Fotogr\u00e1fico Digital en Astigarraga. Se podr\u00e1n presentar a concurso fotograf\u00edas [&hellip;]\" \/>\n<meta property=\"og:url\" content=\"https:\/\/sagardoarenlurraldea.eus\/es\/blog\/viii-rally-fotografico-digital-sagar-uzta\/\" \/>\n<meta property=\"og:site_name\" content=\"Sagardoaren Lurraldea\" \/>\n<meta property=\"article:publisher\" content=\"https:\/\/www.facebook.com\/sagardoarenlurraldea\" \/>\n<meta property=\"article:published_time\" content=\"2015-09-21T22:00:00+00:00\" \/>\n<meta property=\"og:image\" content=\"https:\/\/sagardoarenlurraldea.eus\/wp-content\/uploads\/2016\/07\/Rally.jpg\" \/>\n\t<meta property=\"og:image:width\" content=\"1024\" \/>\n\t<meta property=\"og:image:height\" content=\"596\" \/>\n\t<meta property=\"og:image:type\" content=\"image\/jpeg\" \/>\n<meta name=\"author\" content=\"Mikel Ecenarro\" \/>\n<meta name=\"twitter:card\" content=\"summary_large_image\" \/>\n<meta name=\"twitter:label1\" content=\"Escrito por\" \/>\n\t<meta name=\"twitter:data1\" content=\"Mikel Ecenarro\" \/>\n\t<meta name=\"twitter:label2\" content=\"Tiempo de lectura\" \/>\n\t<meta name=\"twitter:data2\" content=\"2 minutos\" \/>\n<script type=\"application\/ld+json\" class=\"yoast-schema-graph\">{\"@context\":\"https:\/\/schema.org\",\"@graph\":[{\"@type\":\"WebPage\",\"@id\":\"https:\/\/sagardoarenlurraldea.eus\/es\/blog\/viii-rally-fotografico-digital-sagar-uzta\/\",\"url\":\"https:\/\/sagardoarenlurraldea.eus\/es\/blog\/viii-rally-fotografico-digital-sagar-uzta\/\",\"name\":\"VIII.Rally Fotogr\u00e1fico digital Sagar Uzta. - Sagardoaren Lurraldea\",\"isPartOf\":{\"@id\":\"https:\/\/sagardoarenlurraldea.eus\/es\/#website\"},\"primaryImageOfPage\":{\"@id\":\"https:\/\/sagardoarenlurraldea.eus\/es\/blog\/viii-rally-fotografico-digital-sagar-uzta\/#primaryimage\"},\"image\":{\"@id\":\"https:\/\/sagardoarenlurraldea.eus\/es\/blog\/viii-rally-fotografico-digital-sagar-uzta\/#primaryimage\"},\"thumbnailUrl\":\"https:\/\/sagardoarenlurraldea.eus\/wp-content\/uploads\/2016\/07\/Rally.jpg\",\"datePublished\":\"2015-09-21T22:00:00+00:00\",\"author\":{\"@id\":\"https:\/\/sagardoarenlurraldea.eus\/es\/#\/schema\/person\/9e9a225eda321f17256838c2fcba65a7\"},\"breadcrumb\":{\"@id\":\"https:\/\/sagardoarenlurraldea.eus\/es\/blog\/viii-rally-fotografico-digital-sagar-uzta\/#breadcrumb\"},\"inLanguage\":\"es\",\"potentialAction\":[{\"@type\":\"ReadAction\",\"target\":[\"https:\/\/sagardoarenlurraldea.eus\/es\/blog\/viii-rally-fotografico-digital-sagar-uzta\/\"]}]},{\"@type\":\"ImageObject\",\"inLanguage\":\"es\",\"@id\":\"https:\/\/sagardoarenlurraldea.eus\/es\/blog\/viii-rally-fotografico-digital-sagar-uzta\/#primaryimage\",\"url\":\"https:\/\/sagardoarenlurraldea.eus\/wp-content\/uploads\/2016\/07\/Rally.jpg\",\"contentUrl\":\"https:\/\/sagardoarenlurraldea.eus\/wp-content\/uploads\/2016\/07\/Rally.jpg\",\"width\":1024,\"height\":596},{\"@type\":\"BreadcrumbList\",\"@id\":\"https:\/\/sagardoarenlurraldea.eus\/es\/blog\/viii-rally-fotografico-digital-sagar-uzta\/#breadcrumb\",\"itemListElement\":[{\"@type\":\"ListItem\",\"position\":1,\"name\":\"Inicio\",\"item\":\"https:\/\/sagardoarenlurraldea.eus\/es\/\"},{\"@type\":\"ListItem\",\"position\":2,\"name\":\"VIII.Rally Fotogr\u00e1fico digital Sagar Uzta.\"}]},{\"@type\":\"WebSite\",\"@id\":\"https:\/\/sagardoarenlurraldea.eus\/es\/#website\",\"url\":\"https:\/\/sagardoarenlurraldea.eus\/es\/\",\"name\":\"Sagardoaren Lurraldea\",\"description\":\"El territorio de la sidra\",\"potentialAction\":[{\"@type\":\"SearchAction\",\"target\":{\"@type\":\"EntryPoint\",\"urlTemplate\":\"https:\/\/sagardoarenlurraldea.eus\/es\/?s={search_term_string}\"},\"query-input\":{\"@type\":\"PropertyValueSpecification\",\"valueRequired\":true,\"valueName\":\"search_term_string\"}}],\"inLanguage\":\"es\"},{\"@type\":\"Person\",\"@id\":\"https:\/\/sagardoarenlurraldea.eus\/es\/#\/schema\/person\/9e9a225eda321f17256838c2fcba65a7\",\"name\":\"Mikel Ecenarro\",\"image\":{\"@type\":\"ImageObject\",\"inLanguage\":\"es\",\"@id\":\"https:\/\/sagardoarenlurraldea.eus\/es\/#\/schema\/person\/image\/\",\"url\":\"https:\/\/secure.gravatar.com\/avatar\/1170400e3ac60954a47797ced4deed6bcd49cf85a03b7abd291d8f8be059bd1d?s=96&d=mm&r=g\",\"contentUrl\":\"https:\/\/secure.gravatar.com\/avatar\/1170400e3ac60954a47797ced4deed6bcd49cf85a03b7abd291d8f8be059bd1d?s=96&d=mm&r=g\",\"caption\":\"Mikel Ecenarro\"}}]}<\/script>\n<!-- \/ Yoast SEO plugin. -->","yoast_head_json":{"title":"VIII.Rally Fotogr\u00e1fico digital Sagar Uzta. - Sagardoaren Lurraldea","robots":{"index":"index","follow":"follow","max-snippet":"max-snippet:-1","max-image-preview":"max-image-preview:large","max-video-preview":"max-video-preview:-1"},"canonical":"https:\/\/sagardoarenlurraldea.eus\/es\/blog\/viii-rally-fotografico-digital-sagar-uzta\/","og_locale":"es_ES","og_type":"article","og_title":"VIII.Rally Fotogr\u00e1fico digital Sagar Uzta. - Sagardoaren Lurraldea","og_description":"Dentro de la XV edici\u00f3n de Sagar Uzta, fiesta dedicada a la manzana, se va a celebrar el VIII. Rally Fotogr\u00e1fico Digital en Astigarraga. Se podr\u00e1n presentar a concurso fotograf\u00edas [&hellip;]","og_url":"https:\/\/sagardoarenlurraldea.eus\/es\/blog\/viii-rally-fotografico-digital-sagar-uzta\/","og_site_name":"Sagardoaren Lurraldea","article_publisher":"https:\/\/www.facebook.com\/sagardoarenlurraldea","article_published_time":"2015-09-21T22:00:00+00:00","og_image":[{"width":1024,"height":596,"url":"https:\/\/sagardoarenlurraldea.eus\/wp-content\/uploads\/2016\/07\/Rally.jpg","type":"image\/jpeg"}],"author":"Mikel Ecenarro","twitter_card":"summary_large_image","twitter_misc":{"Escrito por":"Mikel Ecenarro","Tiempo de lectura":"2 minutos"},"schema":{"@context":"https:\/\/schema.org","@graph":[{"@type":"WebPage","@id":"https:\/\/sagardoarenlurraldea.eus\/es\/blog\/viii-rally-fotografico-digital-sagar-uzta\/","url":"https:\/\/sagardoarenlurraldea.eus\/es\/blog\/viii-rally-fotografico-digital-sagar-uzta\/","name":"VIII.Rally Fotogr\u00e1fico digital Sagar Uzta. - Sagardoaren Lurraldea","isPartOf":{"@id":"https:\/\/sagardoarenlurraldea.eus\/es\/#website"},"primaryImageOfPage":{"@id":"https:\/\/sagardoarenlurraldea.eus\/es\/blog\/viii-rally-fotografico-digital-sagar-uzta\/#primaryimage"},"image":{"@id":"https:\/\/sagardoarenlurraldea.eus\/es\/blog\/viii-rally-fotografico-digital-sagar-uzta\/#primaryimage"},"thumbnailUrl":"https:\/\/sagardoarenlurraldea.eus\/wp-content\/uploads\/2016\/07\/Rally.jpg","datePublished":"2015-09-21T22:00:00+00:00","author":{"@id":"https:\/\/sagardoarenlurraldea.eus\/es\/#\/schema\/person\/9e9a225eda321f17256838c2fcba65a7"},"breadcrumb":{"@id":"https:\/\/sagardoarenlurraldea.eus\/es\/blog\/viii-rally-fotografico-digital-sagar-uzta\/#breadcrumb"},"inLanguage":"es","potentialAction":[{"@type":"ReadAction","target":["https:\/\/sagardoarenlurraldea.eus\/es\/blog\/viii-rally-fotografico-digital-sagar-uzta\/"]}]},{"@type":"ImageObject","inLanguage":"es","@id":"https:\/\/sagardoarenlurraldea.eus\/es\/blog\/viii-rally-fotografico-digital-sagar-uzta\/#primaryimage","url":"https:\/\/sagardoarenlurraldea.eus\/wp-content\/uploads\/2016\/07\/Rally.jpg","contentUrl":"https:\/\/sagardoarenlurraldea.eus\/wp-content\/uploads\/2016\/07\/Rally.jpg","width":1024,"height":596},{"@type":"BreadcrumbList","@id":"https:\/\/sagardoarenlurraldea.eus\/es\/blog\/viii-rally-fotografico-digital-sagar-uzta\/#breadcrumb","itemListElement":[{"@type":"ListItem","position":1,"name":"Inicio","item":"https:\/\/sagardoarenlurraldea.eus\/es\/"},{"@type":"ListItem","position":2,"name":"VIII.Rally Fotogr\u00e1fico digital Sagar Uzta."}]},{"@type":"WebSite","@id":"https:\/\/sagardoarenlurraldea.eus\/es\/#website","url":"https:\/\/sagardoarenlurraldea.eus\/es\/","name":"Sagardoaren Lurraldea","description":"El territorio de la sidra","potentialAction":[{"@type":"SearchAction","target":{"@type":"EntryPoint","urlTemplate":"https:\/\/sagardoarenlurraldea.eus\/es\/?s={search_term_string}"},"query-input":{"@type":"PropertyValueSpecification","valueRequired":true,"valueName":"search_term_string"}}],"inLanguage":"es"},{"@type":"Person","@id":"https:\/\/sagardoarenlurraldea.eus\/es\/#\/schema\/person\/9e9a225eda321f17256838c2fcba65a7","name":"Mikel Ecenarro","image":{"@type":"ImageObject","inLanguage":"es","@id":"https:\/\/sagardoarenlurraldea.eus\/es\/#\/schema\/person\/image\/","url":"https:\/\/secure.gravatar.com\/avatar\/1170400e3ac60954a47797ced4deed6bcd49cf85a03b7abd291d8f8be059bd1d?s=96&d=mm&r=g","contentUrl":"https:\/\/secure.gravatar.com\/avatar\/1170400e3ac60954a47797ced4deed6bcd49cf85a03b7abd291d8f8be059bd1d?s=96&d=mm&r=g","caption":"Mikel Ecenarro"}}]}},"_links":{"self":[{"href":"https:\/\/sagardoarenlurraldea.eus\/es\/wp-json\/wp\/v2\/posts\/18063","targetHints":{"allow":["GET"]}}],"collection":[{"href":"https:\/\/sagardoarenlurraldea.eus\/es\/wp-json\/wp\/v2\/posts"}],"about":[{"href":"https:\/\/sagardoarenlurraldea.eus\/es\/wp-json\/wp\/v2\/types\/post"}],"author":[{"embeddable":true,"href":"https:\/\/sagardoarenlurraldea.eus\/es\/wp-json\/wp\/v2\/users\/1"}],"replies":[{"embeddable":true,"href":"https:\/\/sagardoarenlurraldea.eus\/es\/wp-json\/wp\/v2\/comments?post=18063"}],"version-history":[{"count":0,"href":"https:\/\/sagardoarenlurraldea.eus\/es\/wp-json\/wp\/v2\/posts\/18063\/revisions"}],"wp:featuredmedia":[{"embeddable":true,"href":"https:\/\/sagardoarenlurraldea.eus\/es\/wp-json\/wp\/v2\/media\/1114"}],"wp:attachment":[{"href":"https:\/\/sagardoarenlurraldea.eus\/es\/wp-json\/wp\/v2\/media?parent=18063"}],"wp:term":[{"taxonomy":"category","embeddable":true,"href":"https:\/\/sagardoarenlurraldea.eus\/es\/wp-json\/wp\/v2\/categories?post=18063"},{"taxonomy":"post_tag","embeddable":true,"href":"https:\/\/sagardoarenlurraldea.eus\/es\/wp-json\/wp\/v2\/tags?post=18063"}],"curies":[{"name":"wp","href":"https:\/\/api.w.org\/{rel}","templated":true}]}}