{"id":18053,"date":"2015-09-09T00:00:00","date_gmt":"2015-09-08T22:00:00","guid":{"rendered":"http:\/\/www.sagardoarenlurraldea.eus\/blog\/txerriboda-sagardofesta-en-las-fiestas-vascas-de-ordizia\/"},"modified":"2015-09-09T00:00:00","modified_gmt":"2015-09-08T22:00:00","slug":"txerriboda-sagardofesta-en-las-fiestas-vascas-de-ordizia","status":"publish","type":"post","link":"https:\/\/sagardoarenlurraldea.eus\/es\/blog\/txerriboda-sagardofesta-en-las-fiestas-vascas-de-ordizia\/","title":{"rendered":"\u00abTxerriboda &#038; Sagardofesta\u00bb en las Fiestas Vascas de Ordizia."},"content":{"rendered":"<p><a href=\"https:\/\/sagardoarenlurraldea.eus\/wp-content\/uploads\/2015\/09\/Txerriboda.jpg\"><img loading=\"lazy\" decoding=\"async\" class=\"alignleft size-medium wp-image-4517\" alt=\"Txerriboda\" src=\"https:\/\/sagardoarenlurraldea.eus\/wp-content\/uploads\/2015\/09\/Txerriboda-212x300.jpg\" width=\"212\" height=\"300\" \/><\/a>Durante el 8-12 de septiembre se celebran las <strong>Fiestas Vascas en Ordizia<\/strong> y este a\u00f1o la <strong>sidra<\/strong> va a tener un protagonismo especial, ya que se han organizado diversas actividades dentro de la celebraci\u00f3n de \u00ab<strong>Txerriboda &amp; Sagardofesta<\/strong>\u00ab:<\/p>\n<p><strong><strong>Txerriboda &amp; Sagardofesta<\/strong>:<\/strong><\/p>\n<p>&#8211; 8 de septiembre, martes, a las 20:00: <strong>Barrikote de sidra <\/strong>en Plaza Nagusia.<br \/>\n&#8211; 9 de septiembre, mi\u00e9rcoles, de 10:00 a 23:00: \u00ab<strong>Txerriboda &amp; Sagardofesta<\/strong>\u00bb en la Carpa de Garagartza.<br \/>\n&#8211; 10 de septiembre, jueves, a las 19:00:<strong> Cata comentada de sidras de Goerri<\/strong> en Larraun Arri Elkartea. Despu\u00e9s, bertso-afarimerienda en la Carpa de Garagartza con los bertsolaris Aitor Mendiluze y Agin Rezola.<br \/>\n&#8211; 11 de septiembre, viernes, de 18:30 a 20:30: <strong>I Open de Bolos de Ordizia.<\/strong><br \/>\n&#8211; 12 de septiembre, s\u00e1bado, a las 19:00:<strong> Sagardo Eguna de Ordizia.<\/strong><\/p>\n<p>Adem\u00e1s, todos los d\u00edas de 19:00 a 23:00 habr\u00e1 posibilidad de degustar 12 sidras diferentes con carne de cerdo y productos de caser\u00edo en la Carpa de Garagartza.<\/p>\n","protected":false},"excerpt":{"rendered":"<p>Durante el 8-12 de septiembre se celebran las Fiestas Vascas en Ordizia y este a\u00f1o la sidra va a tener un protagonismo especial, ya que se han organizado diversas actividades [&hellip;]<\/p>\n","protected":false},"author":1,"featured_media":4517,"comment_status":"open","ping_status":"open","sticky":false,"template":"","format":"standard","meta":{"_acf_changed":false,"_et_pb_use_builder":"","_et_pb_old_content":"","_et_gb_content_width":"","footnotes":""},"categories":[242,254],"tags":[464,851,1373,1584,1607,1752,1862],"class_list":["post-18053","post","type-post","status-publish","format-standard","has-post-thumbnail","hentry","category-eventos","category-sidra","tag-barrikote","tag-euskal-jaiak","tag-ordzia","tag-sagardo-eguna","tag-sagardoa-2","tag-sidra","tag-txerriboda-sagardofesta"],"acf":[],"yoast_head":"<!-- This site is optimized with the Yoast SEO plugin v25.4 - https:\/\/yoast.com\/wordpress\/plugins\/seo\/ -->\n<title>&quot;Txerriboda &amp; Sagardofesta&quot; en las Fiestas Vascas de Ordizia. - Sagardoaren Lurraldea<\/title>\n<meta name=\"robots\" content=\"index, follow, max-snippet:-1, max-image-preview:large, max-video-preview:-1\" \/>\n<link rel=\"canonical\" href=\"https:\/\/sagardoarenlurraldea.eus\/es\/blog\/txerriboda-sagardofesta-en-las-fiestas-vascas-de-ordizia\/\" \/>\n<meta property=\"og:locale\" content=\"es_ES\" \/>\n<meta property=\"og:type\" content=\"article\" \/>\n<meta property=\"og:title\" content=\"&quot;Txerriboda &amp; Sagardofesta&quot; en las Fiestas Vascas de Ordizia. - Sagardoaren Lurraldea\" \/>\n<meta property=\"og:description\" content=\"Durante el 8-12 de septiembre se celebran las Fiestas Vascas en Ordizia y este a\u00f1o la sidra va a tener un protagonismo especial, ya que se han organizado diversas actividades [&hellip;]\" \/>\n<meta property=\"og:url\" content=\"https:\/\/sagardoarenlurraldea.eus\/es\/blog\/txerriboda-sagardofesta-en-las-fiestas-vascas-de-ordizia\/\" \/>\n<meta property=\"og:site_name\" content=\"Sagardoaren Lurraldea\" \/>\n<meta property=\"article:publisher\" content=\"https:\/\/www.facebook.com\/sagardoarenlurraldea\" \/>\n<meta property=\"article:published_time\" content=\"2015-09-08T22:00:00+00:00\" \/>\n<meta property=\"og:image\" content=\"https:\/\/sagardoarenlurraldea.eus\/wp-content\/uploads\/2015\/09\/Txerriboda.jpg\" \/>\n\t<meta property=\"og:image:width\" content=\"681\" \/>\n\t<meta property=\"og:image:height\" content=\"960\" \/>\n\t<meta property=\"og:image:type\" content=\"image\/jpeg\" \/>\n<meta name=\"author\" content=\"Mikel Ecenarro\" \/>\n<meta name=\"twitter:card\" content=\"summary_large_image\" \/>\n<meta name=\"twitter:label1\" content=\"Escrito por\" \/>\n\t<meta name=\"twitter:data1\" content=\"Mikel Ecenarro\" \/>\n\t<meta name=\"twitter:label2\" content=\"Tiempo de lectura\" \/>\n\t<meta name=\"twitter:data2\" content=\"1 minuto\" \/>\n<script type=\"application\/ld+json\" class=\"yoast-schema-graph\">{\"@context\":\"https:\/\/schema.org\",\"@graph\":[{\"@type\":\"WebPage\",\"@id\":\"https:\/\/sagardoarenlurraldea.eus\/es\/blog\/txerriboda-sagardofesta-en-las-fiestas-vascas-de-ordizia\/\",\"url\":\"https:\/\/sagardoarenlurraldea.eus\/es\/blog\/txerriboda-sagardofesta-en-las-fiestas-vascas-de-ordizia\/\",\"name\":\"\\\"Txerriboda & Sagardofesta\\\" en las Fiestas Vascas de Ordizia. - Sagardoaren Lurraldea\",\"isPartOf\":{\"@id\":\"https:\/\/sagardoarenlurraldea.eus\/es\/#website\"},\"primaryImageOfPage\":{\"@id\":\"https:\/\/sagardoarenlurraldea.eus\/es\/blog\/txerriboda-sagardofesta-en-las-fiestas-vascas-de-ordizia\/#primaryimage\"},\"image\":{\"@id\":\"https:\/\/sagardoarenlurraldea.eus\/es\/blog\/txerriboda-sagardofesta-en-las-fiestas-vascas-de-ordizia\/#primaryimage\"},\"thumbnailUrl\":\"https:\/\/sagardoarenlurraldea.eus\/wp-content\/uploads\/2015\/09\/Txerriboda.jpg\",\"datePublished\":\"2015-09-08T22:00:00+00:00\",\"author\":{\"@id\":\"https:\/\/sagardoarenlurraldea.eus\/es\/#\/schema\/person\/9e9a225eda321f17256838c2fcba65a7\"},\"breadcrumb\":{\"@id\":\"https:\/\/sagardoarenlurraldea.eus\/es\/blog\/txerriboda-sagardofesta-en-las-fiestas-vascas-de-ordizia\/#breadcrumb\"},\"inLanguage\":\"es\",\"potentialAction\":[{\"@type\":\"ReadAction\",\"target\":[\"https:\/\/sagardoarenlurraldea.eus\/es\/blog\/txerriboda-sagardofesta-en-las-fiestas-vascas-de-ordizia\/\"]}]},{\"@type\":\"ImageObject\",\"inLanguage\":\"es\",\"@id\":\"https:\/\/sagardoarenlurraldea.eus\/es\/blog\/txerriboda-sagardofesta-en-las-fiestas-vascas-de-ordizia\/#primaryimage\",\"url\":\"https:\/\/sagardoarenlurraldea.eus\/wp-content\/uploads\/2015\/09\/Txerriboda.jpg\",\"contentUrl\":\"https:\/\/sagardoarenlurraldea.eus\/wp-content\/uploads\/2015\/09\/Txerriboda.jpg\",\"width\":681,\"height\":960},{\"@type\":\"BreadcrumbList\",\"@id\":\"https:\/\/sagardoarenlurraldea.eus\/es\/blog\/txerriboda-sagardofesta-en-las-fiestas-vascas-de-ordizia\/#breadcrumb\",\"itemListElement\":[{\"@type\":\"ListItem\",\"position\":1,\"name\":\"Inicio\",\"item\":\"https:\/\/sagardoarenlurraldea.eus\/es\/\"},{\"@type\":\"ListItem\",\"position\":2,\"name\":\"\u00abTxerriboda &#038; Sagardofesta\u00bb en las Fiestas Vascas de Ordizia.\"}]},{\"@type\":\"WebSite\",\"@id\":\"https:\/\/sagardoarenlurraldea.eus\/es\/#website\",\"url\":\"https:\/\/sagardoarenlurraldea.eus\/es\/\",\"name\":\"Sagardoaren Lurraldea\",\"description\":\"El territorio de la sidra\",\"potentialAction\":[{\"@type\":\"SearchAction\",\"target\":{\"@type\":\"EntryPoint\",\"urlTemplate\":\"https:\/\/sagardoarenlurraldea.eus\/es\/?s={search_term_string}\"},\"query-input\":{\"@type\":\"PropertyValueSpecification\",\"valueRequired\":true,\"valueName\":\"search_term_string\"}}],\"inLanguage\":\"es\"},{\"@type\":\"Person\",\"@id\":\"https:\/\/sagardoarenlurraldea.eus\/es\/#\/schema\/person\/9e9a225eda321f17256838c2fcba65a7\",\"name\":\"Mikel Ecenarro\",\"image\":{\"@type\":\"ImageObject\",\"inLanguage\":\"es\",\"@id\":\"https:\/\/sagardoarenlurraldea.eus\/es\/#\/schema\/person\/image\/\",\"url\":\"https:\/\/secure.gravatar.com\/avatar\/1170400e3ac60954a47797ced4deed6bcd49cf85a03b7abd291d8f8be059bd1d?s=96&d=mm&r=g\",\"contentUrl\":\"https:\/\/secure.gravatar.com\/avatar\/1170400e3ac60954a47797ced4deed6bcd49cf85a03b7abd291d8f8be059bd1d?s=96&d=mm&r=g\",\"caption\":\"Mikel Ecenarro\"}}]}<\/script>\n<!-- \/ Yoast SEO plugin. -->","yoast_head_json":{"title":"\"Txerriboda & Sagardofesta\" en las Fiestas Vascas de Ordizia. - Sagardoaren Lurraldea","robots":{"index":"index","follow":"follow","max-snippet":"max-snippet:-1","max-image-preview":"max-image-preview:large","max-video-preview":"max-video-preview:-1"},"canonical":"https:\/\/sagardoarenlurraldea.eus\/es\/blog\/txerriboda-sagardofesta-en-las-fiestas-vascas-de-ordizia\/","og_locale":"es_ES","og_type":"article","og_title":"\"Txerriboda & Sagardofesta\" en las Fiestas Vascas de Ordizia. - Sagardoaren Lurraldea","og_description":"Durante el 8-12 de septiembre se celebran las Fiestas Vascas en Ordizia y este a\u00f1o la sidra va a tener un protagonismo especial, ya que se han organizado diversas actividades [&hellip;]","og_url":"https:\/\/sagardoarenlurraldea.eus\/es\/blog\/txerriboda-sagardofesta-en-las-fiestas-vascas-de-ordizia\/","og_site_name":"Sagardoaren Lurraldea","article_publisher":"https:\/\/www.facebook.com\/sagardoarenlurraldea","article_published_time":"2015-09-08T22:00:00+00:00","og_image":[{"width":681,"height":960,"url":"https:\/\/sagardoarenlurraldea.eus\/wp-content\/uploads\/2015\/09\/Txerriboda.jpg","type":"image\/jpeg"}],"author":"Mikel Ecenarro","twitter_card":"summary_large_image","twitter_misc":{"Escrito por":"Mikel Ecenarro","Tiempo de lectura":"1 minuto"},"schema":{"@context":"https:\/\/schema.org","@graph":[{"@type":"WebPage","@id":"https:\/\/sagardoarenlurraldea.eus\/es\/blog\/txerriboda-sagardofesta-en-las-fiestas-vascas-de-ordizia\/","url":"https:\/\/sagardoarenlurraldea.eus\/es\/blog\/txerriboda-sagardofesta-en-las-fiestas-vascas-de-ordizia\/","name":"\"Txerriboda & Sagardofesta\" en las Fiestas Vascas de Ordizia. - Sagardoaren Lurraldea","isPartOf":{"@id":"https:\/\/sagardoarenlurraldea.eus\/es\/#website"},"primaryImageOfPage":{"@id":"https:\/\/sagardoarenlurraldea.eus\/es\/blog\/txerriboda-sagardofesta-en-las-fiestas-vascas-de-ordizia\/#primaryimage"},"image":{"@id":"https:\/\/sagardoarenlurraldea.eus\/es\/blog\/txerriboda-sagardofesta-en-las-fiestas-vascas-de-ordizia\/#primaryimage"},"thumbnailUrl":"https:\/\/sagardoarenlurraldea.eus\/wp-content\/uploads\/2015\/09\/Txerriboda.jpg","datePublished":"2015-09-08T22:00:00+00:00","author":{"@id":"https:\/\/sagardoarenlurraldea.eus\/es\/#\/schema\/person\/9e9a225eda321f17256838c2fcba65a7"},"breadcrumb":{"@id":"https:\/\/sagardoarenlurraldea.eus\/es\/blog\/txerriboda-sagardofesta-en-las-fiestas-vascas-de-ordizia\/#breadcrumb"},"inLanguage":"es","potentialAction":[{"@type":"ReadAction","target":["https:\/\/sagardoarenlurraldea.eus\/es\/blog\/txerriboda-sagardofesta-en-las-fiestas-vascas-de-ordizia\/"]}]},{"@type":"ImageObject","inLanguage":"es","@id":"https:\/\/sagardoarenlurraldea.eus\/es\/blog\/txerriboda-sagardofesta-en-las-fiestas-vascas-de-ordizia\/#primaryimage","url":"https:\/\/sagardoarenlurraldea.eus\/wp-content\/uploads\/2015\/09\/Txerriboda.jpg","contentUrl":"https:\/\/sagardoarenlurraldea.eus\/wp-content\/uploads\/2015\/09\/Txerriboda.jpg","width":681,"height":960},{"@type":"BreadcrumbList","@id":"https:\/\/sagardoarenlurraldea.eus\/es\/blog\/txerriboda-sagardofesta-en-las-fiestas-vascas-de-ordizia\/#breadcrumb","itemListElement":[{"@type":"ListItem","position":1,"name":"Inicio","item":"https:\/\/sagardoarenlurraldea.eus\/es\/"},{"@type":"ListItem","position":2,"name":"\u00abTxerriboda &#038; Sagardofesta\u00bb en las Fiestas Vascas de Ordizia."}]},{"@type":"WebSite","@id":"https:\/\/sagardoarenlurraldea.eus\/es\/#website","url":"https:\/\/sagardoarenlurraldea.eus\/es\/","name":"Sagardoaren Lurraldea","description":"El territorio de la sidra","potentialAction":[{"@type":"SearchAction","target":{"@type":"EntryPoint","urlTemplate":"https:\/\/sagardoarenlurraldea.eus\/es\/?s={search_term_string}"},"query-input":{"@type":"PropertyValueSpecification","valueRequired":true,"valueName":"search_term_string"}}],"inLanguage":"es"},{"@type":"Person","@id":"https:\/\/sagardoarenlurraldea.eus\/es\/#\/schema\/person\/9e9a225eda321f17256838c2fcba65a7","name":"Mikel Ecenarro","image":{"@type":"ImageObject","inLanguage":"es","@id":"https:\/\/sagardoarenlurraldea.eus\/es\/#\/schema\/person\/image\/","url":"https:\/\/secure.gravatar.com\/avatar\/1170400e3ac60954a47797ced4deed6bcd49cf85a03b7abd291d8f8be059bd1d?s=96&d=mm&r=g","contentUrl":"https:\/\/secure.gravatar.com\/avatar\/1170400e3ac60954a47797ced4deed6bcd49cf85a03b7abd291d8f8be059bd1d?s=96&d=mm&r=g","caption":"Mikel Ecenarro"}}]}},"_links":{"self":[{"href":"https:\/\/sagardoarenlurraldea.eus\/es\/wp-json\/wp\/v2\/posts\/18053","targetHints":{"allow":["GET"]}}],"collection":[{"href":"https:\/\/sagardoarenlurraldea.eus\/es\/wp-json\/wp\/v2\/posts"}],"about":[{"href":"https:\/\/sagardoarenlurraldea.eus\/es\/wp-json\/wp\/v2\/types\/post"}],"author":[{"embeddable":true,"href":"https:\/\/sagardoarenlurraldea.eus\/es\/wp-json\/wp\/v2\/users\/1"}],"replies":[{"embeddable":true,"href":"https:\/\/sagardoarenlurraldea.eus\/es\/wp-json\/wp\/v2\/comments?post=18053"}],"version-history":[{"count":0,"href":"https:\/\/sagardoarenlurraldea.eus\/es\/wp-json\/wp\/v2\/posts\/18053\/revisions"}],"wp:featuredmedia":[{"embeddable":true,"href":"https:\/\/sagardoarenlurraldea.eus\/es\/wp-json\/wp\/v2\/media\/4517"}],"wp:attachment":[{"href":"https:\/\/sagardoarenlurraldea.eus\/es\/wp-json\/wp\/v2\/media?parent=18053"}],"wp:term":[{"taxonomy":"category","embeddable":true,"href":"https:\/\/sagardoarenlurraldea.eus\/es\/wp-json\/wp\/v2\/categories?post=18053"},{"taxonomy":"post_tag","embeddable":true,"href":"https:\/\/sagardoarenlurraldea.eus\/es\/wp-json\/wp\/v2\/tags?post=18053"}],"curies":[{"name":"wp","href":"https:\/\/api.w.org\/{rel}","templated":true}]}}