{"id":18029,"date":"2015-05-19T00:00:00","date_gmt":"2015-05-18T22:00:00","guid":{"rendered":"http:\/\/www.sagardoarenlurraldea.eus\/blog\/udajolas-2015-en-sagardoetxea\/"},"modified":"2015-05-19T00:00:00","modified_gmt":"2015-05-18T22:00:00","slug":"udajolas-2015-en-sagardoetxea","status":"publish","type":"post","link":"https:\/\/sagardoarenlurraldea.eus\/es\/blog\/udajolas-2015-en-sagardoetxea\/","title":{"rendered":"Udajolas 2015 en Sagardoetxea."},"content":{"rendered":"<p><b><a href=\"https:\/\/sagardoarenlurraldea.eus\/wp-content\/uploads\/2015\/05\/MG_5718.jpg\"><img loading=\"lazy\" decoding=\"async\" class=\"alignleft size-medium wp-image-4331\" alt=\"Dasti Sagardoetxean\" src=\"https:\/\/sagardoarenlurraldea.eus\/wp-content\/uploads\/2015\/05\/MG_5718-300x199.jpg\" width=\"300\" height=\"199\" \/><\/a>Sagardoetxea museoa ha preparado una amplia oferta para los grupos de tiempo libre de verano del 2015: <\/b><\/p>\n<p>1)<b> \u201cPescadores, nos vamos a Terranova!\u201d<\/b>: \u00a1Menudo viaje m\u00e1s largo nos espera! Como todos los a\u00f1os, los pescadores tenemos que viajar hasta Terranova a cazar ballenas! Tenemos que preparar el barco, pedir al calafate que tape los agujeros y pedir litros de sidra a los baserritarras de Astigarraga para llenar las barricas y hacer frente a este largo viaje. \u00a1Por favor, afilar los arpones, los vamos a necesitar! \u00a1A ver cuantas ballenas cazamos este a\u00f1o!<\/p>\n<p>2) <b>\u201c\u00a1Un poco de az\u00facar para el cacao, por favor!\u201d<\/b>: \u00a1Por fin hemos llegado a Caracas! \u00a1Menudo viajes m\u00e1s largo que hemos hecho para volver a sentir los aromas de este preciado tesoro! \u00a1Qu\u00e9 ganas ten\u00eda de volver a ver la planta del cacao! Ahora que hemos llegado, tendremos que reponer fuerzas con un chocolate caliente&#8230; P\u00e1same un poco de az\u00facar para el cacao por favor!<\/p>\n<p>3) <i><b>\u201cHuele&#8230; \u00bfQu\u00e9 es eso que tienes en las manos?\u201d<\/b>: \u00a1P\u00e1same eso que tienes en las manos! Tiene un olor muy especial\u2026 \u00bfQu\u00e9 ser\u00e1? No lo se&#8230; D\u00e9jame pensar un poco y mientras intentar\u00e9 adivinar que es lo que tienes entre las manos&#8230; \u00a1Pero no lo digas en alto!!Quiero adivinar lo que es!<\/i><\/p>\n<p>4) <b>\u201cDasti ipuinkontalari\u201d<\/b>: \u00a1Hola amig@s! Os presentamos a Dasti, nuestra mascota de Sagardoetxea: \u00a1Hola Dasti! \u00bfC\u00f3mo est\u00e1s? Dasti, no te vayas muy lejos, porque tenemos que jugar con los ni\u00f1os que nos visiten este verano \u2026 Amig@s, \u00bfQuer\u00e9is conocer el cuento de Dasti?<\/p>\n<p>5) <b>\u201cDasti sukaldari\u201d<\/b>: <i>Mmm&#8230; \u00a1Qu\u00e9 bien huele en esta cocina! Dasti, \u00bfHas hecho tu estas galletas tan ricas? \u00a1Yo tambi\u00e9n quiero aprender a hacerlas! \u00a1Dame la receta y las haremos juntos!<\/i><\/p>\n<p>6) <b>\u201cChapoteando en la piscina de Astigarraga\u201d<\/b>: \u00a1Qu\u00e9 calor hace!!Vamos al agua! Los pescadores hemos cazado una gran ballena. \u00bfY si entramos al agua para refrescarnos un poco? \u00a1Seguramente nos encontraremos con otro tipo de pez! \u00a1Cuidado!!Voy a saltar al agua!<\/p>\n<p><b>Descargar <\/b>la <a href=\"http:\/\/issuu.com\/sagardoetxea\/docs\/udajolas_en_sagardoetxea_2015\">oferta de Sagardoetxea para los grupos de tiempo libre del verano del 2015 en formato PDF.<\/a><\/p>\n<p><b>TARIFAS<\/b>:<br \/>\n&#8211; Visita: 2\u20ac por ni\u00f1o<br \/>\n&#8211; Visita + Taller: 5\u20ac por ni\u00f1o<br \/>\n&#8211; Taller: 4\u20ac por ni\u00f1o<br \/>\n&#8211; Visita + Taller + Piscina: 8,20\u20ac por ni\u00f1o<br \/>\n&#8211; Piscina: 3,20 \u20ac por ni\u00f1o<\/p>\n<p><strong>Reservas<\/strong>:943550575 \/ <a href=\"mailto:info@sagardoetxea.com\">info@sagardoetxea.com<\/a> \/ <a href=\"http:\/\/www.sagardoarenlurraldea.com\/reservas\/?L=0&amp;exp=9\">Reservar online<\/a><\/p>\n","protected":false},"excerpt":{"rendered":"<p>Sagardoetxea museoa ha preparado una amplia oferta para los grupos de tiempo libre de verano del 2015: 1) \u201cPescadores, nos vamos a Terranova!\u201d: \u00a1Menudo viaje m\u00e1s largo nos espera! Como [&hellip;]<\/p>\n","protected":false},"author":1,"featured_media":4331,"comment_status":"open","ping_status":"open","sticky":false,"template":"","format":"standard","meta":{"_acf_changed":false,"_et_pb_use_builder":"","_et_pb_old_content":"","_et_gb_content_width":"","footnotes":""},"categories":[244,250],"tags":[320,673,1094,1607,1635,1808,1809,1815,1885,1921],"class_list":["post-18029","post","type-post","status-publish","format-standard","has-post-thumbnail","hentry","category-experiencias","category-museo","tag-aisialdia","tag-dasti","tag-itsasoa","tag-sagardoa-2","tag-sagardoetxea","tag-ternua","tag-terranova","tag-tiempo-libre","tag-udara","tag-verano"],"acf":[],"yoast_head":"<!-- This site is optimized with the Yoast SEO plugin v25.4 - https:\/\/yoast.com\/wordpress\/plugins\/seo\/ -->\n<title>Udajolas 2015 en Sagardoetxea. - Sagardoaren Lurraldea<\/title>\n<meta name=\"robots\" content=\"index, follow, max-snippet:-1, max-image-preview:large, max-video-preview:-1\" \/>\n<link rel=\"canonical\" href=\"https:\/\/sagardoarenlurraldea.eus\/es\/blog\/udajolas-2015-en-sagardoetxea\/\" \/>\n<meta property=\"og:locale\" content=\"es_ES\" \/>\n<meta property=\"og:type\" content=\"article\" \/>\n<meta property=\"og:title\" content=\"Udajolas 2015 en Sagardoetxea. - Sagardoaren Lurraldea\" \/>\n<meta property=\"og:description\" content=\"Sagardoetxea museoa ha preparado una amplia oferta para los grupos de tiempo libre de verano del 2015: 1) \u201cPescadores, nos vamos a Terranova!\u201d: \u00a1Menudo viaje m\u00e1s largo nos espera! Como [&hellip;]\" \/>\n<meta property=\"og:url\" content=\"https:\/\/sagardoarenlurraldea.eus\/es\/blog\/udajolas-2015-en-sagardoetxea\/\" \/>\n<meta property=\"og:site_name\" content=\"Sagardoaren Lurraldea\" \/>\n<meta property=\"article:publisher\" content=\"https:\/\/www.facebook.com\/sagardoarenlurraldea\" \/>\n<meta property=\"article:published_time\" content=\"2015-05-18T22:00:00+00:00\" \/>\n<meta property=\"og:image\" content=\"https:\/\/sagardoarenlurraldea.eus\/wp-content\/uploads\/2015\/05\/MG_5718.jpg\" \/>\n\t<meta property=\"og:image:width\" content=\"1158\" \/>\n\t<meta property=\"og:image:height\" content=\"772\" \/>\n\t<meta property=\"og:image:type\" content=\"image\/jpeg\" \/>\n<meta name=\"author\" content=\"Mikel Ecenarro\" \/>\n<meta name=\"twitter:card\" content=\"summary_large_image\" \/>\n<meta name=\"twitter:label1\" content=\"Escrito por\" \/>\n\t<meta name=\"twitter:data1\" content=\"Mikel Ecenarro\" \/>\n\t<meta name=\"twitter:label2\" content=\"Tiempo de lectura\" \/>\n\t<meta name=\"twitter:data2\" content=\"2 minutos\" \/>\n<script type=\"application\/ld+json\" class=\"yoast-schema-graph\">{\"@context\":\"https:\/\/schema.org\",\"@graph\":[{\"@type\":\"WebPage\",\"@id\":\"https:\/\/sagardoarenlurraldea.eus\/es\/blog\/udajolas-2015-en-sagardoetxea\/\",\"url\":\"https:\/\/sagardoarenlurraldea.eus\/es\/blog\/udajolas-2015-en-sagardoetxea\/\",\"name\":\"Udajolas 2015 en Sagardoetxea. - Sagardoaren Lurraldea\",\"isPartOf\":{\"@id\":\"https:\/\/sagardoarenlurraldea.eus\/es\/#website\"},\"primaryImageOfPage\":{\"@id\":\"https:\/\/sagardoarenlurraldea.eus\/es\/blog\/udajolas-2015-en-sagardoetxea\/#primaryimage\"},\"image\":{\"@id\":\"https:\/\/sagardoarenlurraldea.eus\/es\/blog\/udajolas-2015-en-sagardoetxea\/#primaryimage\"},\"thumbnailUrl\":\"https:\/\/sagardoarenlurraldea.eus\/wp-content\/uploads\/2015\/05\/MG_5718.jpg\",\"datePublished\":\"2015-05-18T22:00:00+00:00\",\"author\":{\"@id\":\"https:\/\/sagardoarenlurraldea.eus\/es\/#\/schema\/person\/9e9a225eda321f17256838c2fcba65a7\"},\"breadcrumb\":{\"@id\":\"https:\/\/sagardoarenlurraldea.eus\/es\/blog\/udajolas-2015-en-sagardoetxea\/#breadcrumb\"},\"inLanguage\":\"es\",\"potentialAction\":[{\"@type\":\"ReadAction\",\"target\":[\"https:\/\/sagardoarenlurraldea.eus\/es\/blog\/udajolas-2015-en-sagardoetxea\/\"]}]},{\"@type\":\"ImageObject\",\"inLanguage\":\"es\",\"@id\":\"https:\/\/sagardoarenlurraldea.eus\/es\/blog\/udajolas-2015-en-sagardoetxea\/#primaryimage\",\"url\":\"https:\/\/sagardoarenlurraldea.eus\/wp-content\/uploads\/2015\/05\/MG_5718.jpg\",\"contentUrl\":\"https:\/\/sagardoarenlurraldea.eus\/wp-content\/uploads\/2015\/05\/MG_5718.jpg\",\"width\":1158,\"height\":772},{\"@type\":\"BreadcrumbList\",\"@id\":\"https:\/\/sagardoarenlurraldea.eus\/es\/blog\/udajolas-2015-en-sagardoetxea\/#breadcrumb\",\"itemListElement\":[{\"@type\":\"ListItem\",\"position\":1,\"name\":\"Inicio\",\"item\":\"https:\/\/sagardoarenlurraldea.eus\/es\/\"},{\"@type\":\"ListItem\",\"position\":2,\"name\":\"Udajolas 2015 en Sagardoetxea.\"}]},{\"@type\":\"WebSite\",\"@id\":\"https:\/\/sagardoarenlurraldea.eus\/es\/#website\",\"url\":\"https:\/\/sagardoarenlurraldea.eus\/es\/\",\"name\":\"Sagardoaren Lurraldea\",\"description\":\"El territorio de la sidra\",\"potentialAction\":[{\"@type\":\"SearchAction\",\"target\":{\"@type\":\"EntryPoint\",\"urlTemplate\":\"https:\/\/sagardoarenlurraldea.eus\/es\/?s={search_term_string}\"},\"query-input\":{\"@type\":\"PropertyValueSpecification\",\"valueRequired\":true,\"valueName\":\"search_term_string\"}}],\"inLanguage\":\"es\"},{\"@type\":\"Person\",\"@id\":\"https:\/\/sagardoarenlurraldea.eus\/es\/#\/schema\/person\/9e9a225eda321f17256838c2fcba65a7\",\"name\":\"Mikel Ecenarro\",\"image\":{\"@type\":\"ImageObject\",\"inLanguage\":\"es\",\"@id\":\"https:\/\/sagardoarenlurraldea.eus\/es\/#\/schema\/person\/image\/\",\"url\":\"https:\/\/secure.gravatar.com\/avatar\/1170400e3ac60954a47797ced4deed6bcd49cf85a03b7abd291d8f8be059bd1d?s=96&d=mm&r=g\",\"contentUrl\":\"https:\/\/secure.gravatar.com\/avatar\/1170400e3ac60954a47797ced4deed6bcd49cf85a03b7abd291d8f8be059bd1d?s=96&d=mm&r=g\",\"caption\":\"Mikel Ecenarro\"}}]}<\/script>\n<!-- \/ Yoast SEO plugin. -->","yoast_head_json":{"title":"Udajolas 2015 en Sagardoetxea. - Sagardoaren Lurraldea","robots":{"index":"index","follow":"follow","max-snippet":"max-snippet:-1","max-image-preview":"max-image-preview:large","max-video-preview":"max-video-preview:-1"},"canonical":"https:\/\/sagardoarenlurraldea.eus\/es\/blog\/udajolas-2015-en-sagardoetxea\/","og_locale":"es_ES","og_type":"article","og_title":"Udajolas 2015 en Sagardoetxea. - Sagardoaren Lurraldea","og_description":"Sagardoetxea museoa ha preparado una amplia oferta para los grupos de tiempo libre de verano del 2015: 1) \u201cPescadores, nos vamos a Terranova!\u201d: \u00a1Menudo viaje m\u00e1s largo nos espera! Como [&hellip;]","og_url":"https:\/\/sagardoarenlurraldea.eus\/es\/blog\/udajolas-2015-en-sagardoetxea\/","og_site_name":"Sagardoaren Lurraldea","article_publisher":"https:\/\/www.facebook.com\/sagardoarenlurraldea","article_published_time":"2015-05-18T22:00:00+00:00","og_image":[{"width":1158,"height":772,"url":"https:\/\/sagardoarenlurraldea.eus\/wp-content\/uploads\/2015\/05\/MG_5718.jpg","type":"image\/jpeg"}],"author":"Mikel Ecenarro","twitter_card":"summary_large_image","twitter_misc":{"Escrito por":"Mikel Ecenarro","Tiempo de lectura":"2 minutos"},"schema":{"@context":"https:\/\/schema.org","@graph":[{"@type":"WebPage","@id":"https:\/\/sagardoarenlurraldea.eus\/es\/blog\/udajolas-2015-en-sagardoetxea\/","url":"https:\/\/sagardoarenlurraldea.eus\/es\/blog\/udajolas-2015-en-sagardoetxea\/","name":"Udajolas 2015 en Sagardoetxea. - Sagardoaren Lurraldea","isPartOf":{"@id":"https:\/\/sagardoarenlurraldea.eus\/es\/#website"},"primaryImageOfPage":{"@id":"https:\/\/sagardoarenlurraldea.eus\/es\/blog\/udajolas-2015-en-sagardoetxea\/#primaryimage"},"image":{"@id":"https:\/\/sagardoarenlurraldea.eus\/es\/blog\/udajolas-2015-en-sagardoetxea\/#primaryimage"},"thumbnailUrl":"https:\/\/sagardoarenlurraldea.eus\/wp-content\/uploads\/2015\/05\/MG_5718.jpg","datePublished":"2015-05-18T22:00:00+00:00","author":{"@id":"https:\/\/sagardoarenlurraldea.eus\/es\/#\/schema\/person\/9e9a225eda321f17256838c2fcba65a7"},"breadcrumb":{"@id":"https:\/\/sagardoarenlurraldea.eus\/es\/blog\/udajolas-2015-en-sagardoetxea\/#breadcrumb"},"inLanguage":"es","potentialAction":[{"@type":"ReadAction","target":["https:\/\/sagardoarenlurraldea.eus\/es\/blog\/udajolas-2015-en-sagardoetxea\/"]}]},{"@type":"ImageObject","inLanguage":"es","@id":"https:\/\/sagardoarenlurraldea.eus\/es\/blog\/udajolas-2015-en-sagardoetxea\/#primaryimage","url":"https:\/\/sagardoarenlurraldea.eus\/wp-content\/uploads\/2015\/05\/MG_5718.jpg","contentUrl":"https:\/\/sagardoarenlurraldea.eus\/wp-content\/uploads\/2015\/05\/MG_5718.jpg","width":1158,"height":772},{"@type":"BreadcrumbList","@id":"https:\/\/sagardoarenlurraldea.eus\/es\/blog\/udajolas-2015-en-sagardoetxea\/#breadcrumb","itemListElement":[{"@type":"ListItem","position":1,"name":"Inicio","item":"https:\/\/sagardoarenlurraldea.eus\/es\/"},{"@type":"ListItem","position":2,"name":"Udajolas 2015 en Sagardoetxea."}]},{"@type":"WebSite","@id":"https:\/\/sagardoarenlurraldea.eus\/es\/#website","url":"https:\/\/sagardoarenlurraldea.eus\/es\/","name":"Sagardoaren Lurraldea","description":"El territorio de la sidra","potentialAction":[{"@type":"SearchAction","target":{"@type":"EntryPoint","urlTemplate":"https:\/\/sagardoarenlurraldea.eus\/es\/?s={search_term_string}"},"query-input":{"@type":"PropertyValueSpecification","valueRequired":true,"valueName":"search_term_string"}}],"inLanguage":"es"},{"@type":"Person","@id":"https:\/\/sagardoarenlurraldea.eus\/es\/#\/schema\/person\/9e9a225eda321f17256838c2fcba65a7","name":"Mikel Ecenarro","image":{"@type":"ImageObject","inLanguage":"es","@id":"https:\/\/sagardoarenlurraldea.eus\/es\/#\/schema\/person\/image\/","url":"https:\/\/secure.gravatar.com\/avatar\/1170400e3ac60954a47797ced4deed6bcd49cf85a03b7abd291d8f8be059bd1d?s=96&d=mm&r=g","contentUrl":"https:\/\/secure.gravatar.com\/avatar\/1170400e3ac60954a47797ced4deed6bcd49cf85a03b7abd291d8f8be059bd1d?s=96&d=mm&r=g","caption":"Mikel Ecenarro"}}]}},"_links":{"self":[{"href":"https:\/\/sagardoarenlurraldea.eus\/es\/wp-json\/wp\/v2\/posts\/18029","targetHints":{"allow":["GET"]}}],"collection":[{"href":"https:\/\/sagardoarenlurraldea.eus\/es\/wp-json\/wp\/v2\/posts"}],"about":[{"href":"https:\/\/sagardoarenlurraldea.eus\/es\/wp-json\/wp\/v2\/types\/post"}],"author":[{"embeddable":true,"href":"https:\/\/sagardoarenlurraldea.eus\/es\/wp-json\/wp\/v2\/users\/1"}],"replies":[{"embeddable":true,"href":"https:\/\/sagardoarenlurraldea.eus\/es\/wp-json\/wp\/v2\/comments?post=18029"}],"version-history":[{"count":0,"href":"https:\/\/sagardoarenlurraldea.eus\/es\/wp-json\/wp\/v2\/posts\/18029\/revisions"}],"wp:featuredmedia":[{"embeddable":true,"href":"https:\/\/sagardoarenlurraldea.eus\/es\/wp-json\/wp\/v2\/media\/4331"}],"wp:attachment":[{"href":"https:\/\/sagardoarenlurraldea.eus\/es\/wp-json\/wp\/v2\/media?parent=18029"}],"wp:term":[{"taxonomy":"category","embeddable":true,"href":"https:\/\/sagardoarenlurraldea.eus\/es\/wp-json\/wp\/v2\/categories?post=18029"},{"taxonomy":"post_tag","embeddable":true,"href":"https:\/\/sagardoarenlurraldea.eus\/es\/wp-json\/wp\/v2\/tags?post=18029"}],"curies":[{"name":"wp","href":"https:\/\/api.w.org\/{rel}","templated":true}]}}