{"id":18015,"date":"2015-03-04T00:00:00","date_gmt":"2015-03-03T22:00:00","guid":{"rendered":"http:\/\/www.sagardoarenlurraldea.eus\/blog\/jornada-sobre-variedades-de-manzana-de-sidra\/"},"modified":"2015-03-04T00:00:00","modified_gmt":"2015-03-03T22:00:00","slug":"jornada-sobre-variedades-de-manzana-de-sidra","status":"publish","type":"post","link":"https:\/\/sagardoarenlurraldea.eus\/es\/blog\/jornada-sobre-variedades-de-manzana-de-sidra\/","title":{"rendered":"Jornada sobre variedades de manzana de sidra."},"content":{"rendered":"<p><strong><a href=\"https:\/\/sagardoarenlurraldea.eus\/wp-content\/uploads\/2015\/03\/Jornada.jpg\"><img loading=\"lazy\" decoding=\"async\" class=\"alignleft size-medium wp-image-4210\" alt=\"Jornada\" src=\"https:\/\/sagardoarenlurraldea.eus\/wp-content\/uploads\/2015\/03\/Jornada-292x300.jpg\" width=\"292\" height=\"300\" srcset=\"https:\/\/sagardoarenlurraldea.eus\/wp-content\/uploads\/2015\/03\/Jornada-292x300.jpg 292w, https:\/\/sagardoarenlurraldea.eus\/wp-content\/uploads\/2015\/03\/Jornada-510x523.jpg 510w, https:\/\/sagardoarenlurraldea.eus\/wp-content\/uploads\/2015\/03\/Jornada.jpg 648w\" sizes=\"(max-width: 292px) 100vw, 292px\" \/><\/a>En la campa\u00f1a 2014, la Direcci\u00f3n de Calidad e Industrias Alimentarias del Gobierno Vasco encarg\u00f3 a NEIKER una caracterizaci\u00f3n gen\u00e9tica de las variedades vascas de manzana de sidra. Esta jornada, organizada con la colaboraci\u00f3n de la escuela agraria de Fraisoro, sirve para difundir los resultados de dicha investigaci\u00f3n, a la vez que se ha invitado a expertos de nivel estatal para poner en contexto esos resultados<\/strong>.<\/p>\n<p><strong>Informaci\u00f3n sobre la jornada:<\/strong><\/p>\n<p><strong>Fecha: 18 de marzo<\/strong> <strong>de 2015<\/strong>, de 10:00-13:00h.<br \/>\n<strong>Lugar<\/strong>: Sal\u00f3n de Actos de la Escuela de Fraisoro. Zizurkil (Gipuzkoa).<\/p>\n<p><strong>Programa<\/strong>:<br \/>\n<strong>10:00<\/strong> Presentaci\u00f3n de la Jornada. Peli Manterola. Director de Calidad e \u00a0Industrias Alimentarias.<br \/>\n<strong>10:15<\/strong> Gen\u00e9tica del manzano y panorama varietal en el norte de Espa\u00f1a. Carlos Miranda. Universidad P\u00fablica de Navarra (UPNA).<br \/>\n<strong>10:45<\/strong> Caracterizaci\u00f3n y evaluaci\u00f3n de variedades vascas de manzano en el Banco de Germoplasma de Asturias.\u00a0 Enrique Dapena. Servicio Regional de Investigaci\u00f3n y Desarrollo Agrario de Asturias (SERIDA).<br \/>\n<strong>11:15<\/strong> Caf\u00e9<br \/>\n<strong>11:45<\/strong> Caracterizaci\u00f3n molecular de variedades de manzano de sidra en Bizkaia y Gipuzkoa. Javier Legorburu\/Pablo G. Goicoechea. NEIKER Tecnalia, Instituto Vasco de Investigaci\u00f3n y Desarrollo Agrario.<br \/>\n<strong>12:15<\/strong> Mesa redonda<br \/>\n<strong>13:00<\/strong> Clausura.<\/p>\n<p><a href=\"https:\/\/docs.google.com\/forms\/d\/1dDONqTHTaLt-YpI9UPz6wf5_B4xkYkXVvriQYWE2d2c\/viewform?c=0&amp;w=1\"><strong>Inscripci\u00f3n en la jornada<\/strong><\/a><\/p>\n","protected":false},"excerpt":{"rendered":"<p>En la campa\u00f1a 2014, la Direcci\u00f3n de Calidad e Industrias Alimentarias del Gobierno Vasco encarg\u00f3 a NEIKER una caracterizaci\u00f3n gen\u00e9tica de las variedades vascas de manzana de sidra. Esta jornada, [&hellip;]<\/p>\n","protected":false},"author":1,"featured_media":4210,"comment_status":"open","ping_status":"open","sticky":false,"template":"","format":"standard","meta":{"_acf_changed":false,"_et_pb_use_builder":"","_et_pb_old_content":"","_et_gb_content_width":"","footnotes":""},"categories":[242,252],"tags":[920,1109,1119,1225,1327,1607,1666,1745,1752],"class_list":["post-18015","post","type-post","status-publish","format-standard","has-post-thumbnail","hentry","category-eventos","category-manzana","tag-fraisoro","tag-jardunaldia","tag-jornada","tag-manzana","tag-neiker","tag-sagardoa-2","tag-sagarra","tag-serida","tag-sidra"],"acf":[],"yoast_head":"<!-- This site is optimized with the Yoast SEO plugin v25.4 - https:\/\/yoast.com\/wordpress\/plugins\/seo\/ -->\n<title>Jornada sobre variedades de manzana de sidra. - Sagardoaren Lurraldea<\/title>\n<meta name=\"robots\" content=\"index, follow, max-snippet:-1, max-image-preview:large, max-video-preview:-1\" \/>\n<link rel=\"canonical\" href=\"https:\/\/sagardoarenlurraldea.eus\/es\/blog\/jornada-sobre-variedades-de-manzana-de-sidra\/\" \/>\n<meta property=\"og:locale\" content=\"es_ES\" \/>\n<meta property=\"og:type\" content=\"article\" \/>\n<meta property=\"og:title\" content=\"Jornada sobre variedades de manzana de sidra. - Sagardoaren Lurraldea\" \/>\n<meta property=\"og:description\" content=\"En la campa\u00f1a 2014, la Direcci\u00f3n de Calidad e Industrias Alimentarias del Gobierno Vasco encarg\u00f3 a NEIKER una caracterizaci\u00f3n gen\u00e9tica de las variedades vascas de manzana de sidra. Esta jornada, [&hellip;]\" \/>\n<meta property=\"og:url\" content=\"https:\/\/sagardoarenlurraldea.eus\/es\/blog\/jornada-sobre-variedades-de-manzana-de-sidra\/\" \/>\n<meta property=\"og:site_name\" content=\"Sagardoaren Lurraldea\" \/>\n<meta property=\"article:publisher\" content=\"https:\/\/www.facebook.com\/sagardoarenlurraldea\" \/>\n<meta property=\"article:published_time\" content=\"2015-03-03T22:00:00+00:00\" \/>\n<meta property=\"og:image\" content=\"https:\/\/sagardoarenlurraldea.eus\/wp-content\/uploads\/2015\/03\/Jornada.jpg\" \/>\n\t<meta property=\"og:image:width\" content=\"648\" \/>\n\t<meta property=\"og:image:height\" content=\"665\" \/>\n\t<meta property=\"og:image:type\" content=\"image\/jpeg\" \/>\n<meta name=\"author\" content=\"Mikel Ecenarro\" \/>\n<meta name=\"twitter:card\" content=\"summary_large_image\" \/>\n<meta name=\"twitter:label1\" content=\"Escrito por\" \/>\n\t<meta name=\"twitter:data1\" content=\"Mikel Ecenarro\" \/>\n\t<meta name=\"twitter:label2\" content=\"Tiempo de lectura\" \/>\n\t<meta name=\"twitter:data2\" content=\"1 minuto\" \/>\n<script type=\"application\/ld+json\" class=\"yoast-schema-graph\">{\"@context\":\"https:\/\/schema.org\",\"@graph\":[{\"@type\":\"WebPage\",\"@id\":\"https:\/\/sagardoarenlurraldea.eus\/es\/blog\/jornada-sobre-variedades-de-manzana-de-sidra\/\",\"url\":\"https:\/\/sagardoarenlurraldea.eus\/es\/blog\/jornada-sobre-variedades-de-manzana-de-sidra\/\",\"name\":\"Jornada sobre variedades de manzana de sidra. - Sagardoaren Lurraldea\",\"isPartOf\":{\"@id\":\"https:\/\/sagardoarenlurraldea.eus\/es\/#website\"},\"primaryImageOfPage\":{\"@id\":\"https:\/\/sagardoarenlurraldea.eus\/es\/blog\/jornada-sobre-variedades-de-manzana-de-sidra\/#primaryimage\"},\"image\":{\"@id\":\"https:\/\/sagardoarenlurraldea.eus\/es\/blog\/jornada-sobre-variedades-de-manzana-de-sidra\/#primaryimage\"},\"thumbnailUrl\":\"https:\/\/sagardoarenlurraldea.eus\/wp-content\/uploads\/2015\/03\/Jornada.jpg\",\"datePublished\":\"2015-03-03T22:00:00+00:00\",\"author\":{\"@id\":\"https:\/\/sagardoarenlurraldea.eus\/es\/#\/schema\/person\/9e9a225eda321f17256838c2fcba65a7\"},\"breadcrumb\":{\"@id\":\"https:\/\/sagardoarenlurraldea.eus\/es\/blog\/jornada-sobre-variedades-de-manzana-de-sidra\/#breadcrumb\"},\"inLanguage\":\"es\",\"potentialAction\":[{\"@type\":\"ReadAction\",\"target\":[\"https:\/\/sagardoarenlurraldea.eus\/es\/blog\/jornada-sobre-variedades-de-manzana-de-sidra\/\"]}]},{\"@type\":\"ImageObject\",\"inLanguage\":\"es\",\"@id\":\"https:\/\/sagardoarenlurraldea.eus\/es\/blog\/jornada-sobre-variedades-de-manzana-de-sidra\/#primaryimage\",\"url\":\"https:\/\/sagardoarenlurraldea.eus\/wp-content\/uploads\/2015\/03\/Jornada.jpg\",\"contentUrl\":\"https:\/\/sagardoarenlurraldea.eus\/wp-content\/uploads\/2015\/03\/Jornada.jpg\",\"width\":648,\"height\":665},{\"@type\":\"BreadcrumbList\",\"@id\":\"https:\/\/sagardoarenlurraldea.eus\/es\/blog\/jornada-sobre-variedades-de-manzana-de-sidra\/#breadcrumb\",\"itemListElement\":[{\"@type\":\"ListItem\",\"position\":1,\"name\":\"Inicio\",\"item\":\"https:\/\/sagardoarenlurraldea.eus\/es\/\"},{\"@type\":\"ListItem\",\"position\":2,\"name\":\"Jornada sobre variedades de manzana de sidra.\"}]},{\"@type\":\"WebSite\",\"@id\":\"https:\/\/sagardoarenlurraldea.eus\/es\/#website\",\"url\":\"https:\/\/sagardoarenlurraldea.eus\/es\/\",\"name\":\"Sagardoaren Lurraldea\",\"description\":\"El territorio de la sidra\",\"potentialAction\":[{\"@type\":\"SearchAction\",\"target\":{\"@type\":\"EntryPoint\",\"urlTemplate\":\"https:\/\/sagardoarenlurraldea.eus\/es\/?s={search_term_string}\"},\"query-input\":{\"@type\":\"PropertyValueSpecification\",\"valueRequired\":true,\"valueName\":\"search_term_string\"}}],\"inLanguage\":\"es\"},{\"@type\":\"Person\",\"@id\":\"https:\/\/sagardoarenlurraldea.eus\/es\/#\/schema\/person\/9e9a225eda321f17256838c2fcba65a7\",\"name\":\"Mikel Ecenarro\",\"image\":{\"@type\":\"ImageObject\",\"inLanguage\":\"es\",\"@id\":\"https:\/\/sagardoarenlurraldea.eus\/es\/#\/schema\/person\/image\/\",\"url\":\"https:\/\/secure.gravatar.com\/avatar\/1170400e3ac60954a47797ced4deed6bcd49cf85a03b7abd291d8f8be059bd1d?s=96&d=mm&r=g\",\"contentUrl\":\"https:\/\/secure.gravatar.com\/avatar\/1170400e3ac60954a47797ced4deed6bcd49cf85a03b7abd291d8f8be059bd1d?s=96&d=mm&r=g\",\"caption\":\"Mikel Ecenarro\"}}]}<\/script>\n<!-- \/ Yoast SEO plugin. -->","yoast_head_json":{"title":"Jornada sobre variedades de manzana de sidra. - Sagardoaren Lurraldea","robots":{"index":"index","follow":"follow","max-snippet":"max-snippet:-1","max-image-preview":"max-image-preview:large","max-video-preview":"max-video-preview:-1"},"canonical":"https:\/\/sagardoarenlurraldea.eus\/es\/blog\/jornada-sobre-variedades-de-manzana-de-sidra\/","og_locale":"es_ES","og_type":"article","og_title":"Jornada sobre variedades de manzana de sidra. - Sagardoaren Lurraldea","og_description":"En la campa\u00f1a 2014, la Direcci\u00f3n de Calidad e Industrias Alimentarias del Gobierno Vasco encarg\u00f3 a NEIKER una caracterizaci\u00f3n gen\u00e9tica de las variedades vascas de manzana de sidra. Esta jornada, [&hellip;]","og_url":"https:\/\/sagardoarenlurraldea.eus\/es\/blog\/jornada-sobre-variedades-de-manzana-de-sidra\/","og_site_name":"Sagardoaren Lurraldea","article_publisher":"https:\/\/www.facebook.com\/sagardoarenlurraldea","article_published_time":"2015-03-03T22:00:00+00:00","og_image":[{"width":648,"height":665,"url":"https:\/\/sagardoarenlurraldea.eus\/wp-content\/uploads\/2015\/03\/Jornada.jpg","type":"image\/jpeg"}],"author":"Mikel Ecenarro","twitter_card":"summary_large_image","twitter_misc":{"Escrito por":"Mikel Ecenarro","Tiempo de lectura":"1 minuto"},"schema":{"@context":"https:\/\/schema.org","@graph":[{"@type":"WebPage","@id":"https:\/\/sagardoarenlurraldea.eus\/es\/blog\/jornada-sobre-variedades-de-manzana-de-sidra\/","url":"https:\/\/sagardoarenlurraldea.eus\/es\/blog\/jornada-sobre-variedades-de-manzana-de-sidra\/","name":"Jornada sobre variedades de manzana de sidra. - Sagardoaren Lurraldea","isPartOf":{"@id":"https:\/\/sagardoarenlurraldea.eus\/es\/#website"},"primaryImageOfPage":{"@id":"https:\/\/sagardoarenlurraldea.eus\/es\/blog\/jornada-sobre-variedades-de-manzana-de-sidra\/#primaryimage"},"image":{"@id":"https:\/\/sagardoarenlurraldea.eus\/es\/blog\/jornada-sobre-variedades-de-manzana-de-sidra\/#primaryimage"},"thumbnailUrl":"https:\/\/sagardoarenlurraldea.eus\/wp-content\/uploads\/2015\/03\/Jornada.jpg","datePublished":"2015-03-03T22:00:00+00:00","author":{"@id":"https:\/\/sagardoarenlurraldea.eus\/es\/#\/schema\/person\/9e9a225eda321f17256838c2fcba65a7"},"breadcrumb":{"@id":"https:\/\/sagardoarenlurraldea.eus\/es\/blog\/jornada-sobre-variedades-de-manzana-de-sidra\/#breadcrumb"},"inLanguage":"es","potentialAction":[{"@type":"ReadAction","target":["https:\/\/sagardoarenlurraldea.eus\/es\/blog\/jornada-sobre-variedades-de-manzana-de-sidra\/"]}]},{"@type":"ImageObject","inLanguage":"es","@id":"https:\/\/sagardoarenlurraldea.eus\/es\/blog\/jornada-sobre-variedades-de-manzana-de-sidra\/#primaryimage","url":"https:\/\/sagardoarenlurraldea.eus\/wp-content\/uploads\/2015\/03\/Jornada.jpg","contentUrl":"https:\/\/sagardoarenlurraldea.eus\/wp-content\/uploads\/2015\/03\/Jornada.jpg","width":648,"height":665},{"@type":"BreadcrumbList","@id":"https:\/\/sagardoarenlurraldea.eus\/es\/blog\/jornada-sobre-variedades-de-manzana-de-sidra\/#breadcrumb","itemListElement":[{"@type":"ListItem","position":1,"name":"Inicio","item":"https:\/\/sagardoarenlurraldea.eus\/es\/"},{"@type":"ListItem","position":2,"name":"Jornada sobre variedades de manzana de sidra."}]},{"@type":"WebSite","@id":"https:\/\/sagardoarenlurraldea.eus\/es\/#website","url":"https:\/\/sagardoarenlurraldea.eus\/es\/","name":"Sagardoaren Lurraldea","description":"El territorio de la sidra","potentialAction":[{"@type":"SearchAction","target":{"@type":"EntryPoint","urlTemplate":"https:\/\/sagardoarenlurraldea.eus\/es\/?s={search_term_string}"},"query-input":{"@type":"PropertyValueSpecification","valueRequired":true,"valueName":"search_term_string"}}],"inLanguage":"es"},{"@type":"Person","@id":"https:\/\/sagardoarenlurraldea.eus\/es\/#\/schema\/person\/9e9a225eda321f17256838c2fcba65a7","name":"Mikel Ecenarro","image":{"@type":"ImageObject","inLanguage":"es","@id":"https:\/\/sagardoarenlurraldea.eus\/es\/#\/schema\/person\/image\/","url":"https:\/\/secure.gravatar.com\/avatar\/1170400e3ac60954a47797ced4deed6bcd49cf85a03b7abd291d8f8be059bd1d?s=96&d=mm&r=g","contentUrl":"https:\/\/secure.gravatar.com\/avatar\/1170400e3ac60954a47797ced4deed6bcd49cf85a03b7abd291d8f8be059bd1d?s=96&d=mm&r=g","caption":"Mikel Ecenarro"}}]}},"_links":{"self":[{"href":"https:\/\/sagardoarenlurraldea.eus\/es\/wp-json\/wp\/v2\/posts\/18015","targetHints":{"allow":["GET"]}}],"collection":[{"href":"https:\/\/sagardoarenlurraldea.eus\/es\/wp-json\/wp\/v2\/posts"}],"about":[{"href":"https:\/\/sagardoarenlurraldea.eus\/es\/wp-json\/wp\/v2\/types\/post"}],"author":[{"embeddable":true,"href":"https:\/\/sagardoarenlurraldea.eus\/es\/wp-json\/wp\/v2\/users\/1"}],"replies":[{"embeddable":true,"href":"https:\/\/sagardoarenlurraldea.eus\/es\/wp-json\/wp\/v2\/comments?post=18015"}],"version-history":[{"count":0,"href":"https:\/\/sagardoarenlurraldea.eus\/es\/wp-json\/wp\/v2\/posts\/18015\/revisions"}],"wp:featuredmedia":[{"embeddable":true,"href":"https:\/\/sagardoarenlurraldea.eus\/es\/wp-json\/wp\/v2\/media\/4210"}],"wp:attachment":[{"href":"https:\/\/sagardoarenlurraldea.eus\/es\/wp-json\/wp\/v2\/media?parent=18015"}],"wp:term":[{"taxonomy":"category","embeddable":true,"href":"https:\/\/sagardoarenlurraldea.eus\/es\/wp-json\/wp\/v2\/categories?post=18015"},{"taxonomy":"post_tag","embeddable":true,"href":"https:\/\/sagardoarenlurraldea.eus\/es\/wp-json\/wp\/v2\/tags?post=18015"}],"curies":[{"name":"wp","href":"https:\/\/api.w.org\/{rel}","templated":true}]}}