{"id":18006,"date":"2015-02-03T00:00:00","date_gmt":"2015-02-02T22:00:00","guid":{"rendered":"http:\/\/www.sagardoarenlurraldea.eus\/blog\/la-sidreria-zapiain-en-la-cider-conference-de-chicago\/"},"modified":"2015-02-03T00:00:00","modified_gmt":"2015-02-02T22:00:00","slug":"la-sidreria-zapiain-en-la-cider-conference-de-chicago","status":"publish","type":"post","link":"https:\/\/sagardoarenlurraldea.eus\/es\/blog\/la-sidreria-zapiain-en-la-cider-conference-de-chicago\/","title":{"rendered":"La sidrer\u00eda Zapiain en la \u201cCider Conference\u201d de Chicago."},"content":{"rendered":"<p><a href=\"https:\/\/sagardoarenlurraldea.eus\/wp-content\/uploads\/2015\/02\/cidercon-logo-2015.jpg\"><img loading=\"lazy\" decoding=\"async\" class=\"alignleft size-full wp-image-4141\" alt=\"cidercon-logo-2015\" src=\"https:\/\/sagardoarenlurraldea.eus\/wp-content\/uploads\/2015\/02\/cidercon-logo-2015.jpg\" width=\"203\" height=\"226\" \/><\/a>La<a href=\"http:\/\/www.zapiainsagardoa.com\"><strong> sidrer\u00eda Zapiain<\/strong><\/a> de <strong>Astigarraga<\/strong> asistir\u00e1 al \u201c<a href=\"http:\/\/www.ciderassociation.org\/page-1523059\"><strong>Cider Conference (CiderCON)<\/strong><\/a>\u201d que se celebrar\u00e1 durante el 3-6 de febrero en <strong>Chicago<\/strong> (EE.UU). Este evento, es el m\u00e1s importante de los que se organizan en el sector en Estados Unidos y <strong>Zapiain ser\u00e1 la \u00fanica Sagardoa presente de Euskal Herria<\/strong>.<\/p>\n<p>Zapiain participar\u00e1 en una <strong>conferencia<\/strong> dedicada exclusivamente a la sidra dentro de CiderCON y durante la jornada reservada a sidras de todo el mundo, los representantes de Zapiain dar\u00e1n una charla en torno a su producto, su filosof\u00eda y la sagardoa de Euskal Herria. Adem\u00e1s, Zapiain ha sido seleccionada como una de las dos <strong>sidras oficiales para la fiesta de clausura del evento<\/strong>.<\/p>\n<p>Con la asistencia al evento CiderCON, Zapiain tendr\u00e1 la oportunidad de presentarse ante la masa cr\u00edtica del sector estadounidense y defender all\u00ed sus valores, algo que ser\u00e1 necesario para el \u00e9xito de la marca en aquel mercado.<\/p>\n<p>La participaci\u00f3n en este prestiogioso evento del sector responde a la apertura hacia nuevos mercados que Zapiain est\u00e1 viviendo en los \u00faltimos a\u00f1os, siendo cada vez mayor la exportaci\u00f3n a mercados internacionales.<\/p>\n<p>En ese sentido, y con el objetivo de estrechar lazos con el mercado estadounidense, en agosto del 2014, un grupo de profesionales y expertos del sector provenientes de Estados Unidos y Canad\u00e1, realiz\u00f3 una visita a Sagardoaren Lurraldea con el objetivo de conocer la cultura de la sidra vasca y algunas de sus sidrer\u00edas. En la misma, tuvieron la oportunidad de conocer tres sidrer\u00edas del Pais Vasco y 8 de Asturias, entre las cuales, una de ellas era Zapiain. Tras el buen sabor de boca con el que se quedaron, parte de esta expedici\u00f3n influenci\u00f3 para que la Cider Conference de Chicago invitara a Zapiain a la edici\u00f3n del 2015.<\/p>\n<p>Con el objetivo de divulgar la experiencia vivida en la CiderCON, el d\u00eda <strong>21 de febrero<\/strong> <strong>Zapian<\/strong> ofrecer\u00e1 una <strong>degustaci\u00f3n de sidras de Zapiain y EE.UU.<\/strong> a las 11:00, degustaci\u00f3n que se incluye dentro de las <strong>probaketas<\/strong> organizadas junto a <strong>Sagardoaren Lurraldea<\/strong> para la<strong> temporada del txotx 2015<\/strong>.<\/p>\n<p><strong>Para m\u00e1s informaci\u00f3n<\/strong>:<br \/>\nEgoitz Zapiain (Responsable de Calidad)<br \/>\nTelf: 653715761<br \/>\nE-mail: <a href=\"mailto:calidad@zapiainsagardoa.com\">calidad@zapiainsagardoa.com<\/a><\/p>\n","protected":false},"excerpt":{"rendered":"<p>La sidrer\u00eda Zapiain de Astigarraga asistir\u00e1 al \u201cCider Conference (CiderCON)\u201d que se celebrar\u00e1 durante el 3-6 de febrero en Chicago (EE.UU). Este evento, es el m\u00e1s importante de los que [&hellip;]<\/p>\n","protected":false},"author":1,"featured_media":4141,"comment_status":"open","ping_status":"open","sticky":false,"template":"","format":"standard","meta":{"_acf_changed":false,"_et_pb_use_builder":"","_et_pb_old_content":"","_et_gb_content_width":"","footnotes":""},"categories":[242,254,255],"tags":[420,563,592,599,600,738,739,1465,1607,1752,1959],"class_list":["post-18006","post","type-post","status-publish","format-standard","has-post-thumbnail","hentry","category-eventos","category-sidra","category-sidrerias","tag-astigarraga","tag-cata","tag-chicago","tag-cider-conference","tag-cidercon","tag-ee-bb","tag-ee-uu","tag-probaketa","tag-sagardoa-2","tag-sidra","tag-zapiain"],"acf":[],"yoast_head":"<!-- This site is optimized with the Yoast SEO plugin v25.4 - https:\/\/yoast.com\/wordpress\/plugins\/seo\/ -->\n<title>La sidrer\u00eda Zapiain en la \u201cCider Conference\u201d de Chicago. - Sagardoaren Lurraldea<\/title>\n<meta name=\"robots\" content=\"index, follow, max-snippet:-1, max-image-preview:large, max-video-preview:-1\" \/>\n<link rel=\"canonical\" href=\"https:\/\/sagardoarenlurraldea.eus\/es\/blog\/la-sidreria-zapiain-en-la-cider-conference-de-chicago\/\" \/>\n<meta property=\"og:locale\" content=\"es_ES\" \/>\n<meta property=\"og:type\" content=\"article\" \/>\n<meta property=\"og:title\" content=\"La sidrer\u00eda Zapiain en la \u201cCider Conference\u201d de Chicago. - Sagardoaren Lurraldea\" \/>\n<meta property=\"og:description\" content=\"La sidrer\u00eda Zapiain de Astigarraga asistir\u00e1 al \u201cCider Conference (CiderCON)\u201d que se celebrar\u00e1 durante el 3-6 de febrero en Chicago (EE.UU). Este evento, es el m\u00e1s importante de los que [&hellip;]\" \/>\n<meta property=\"og:url\" content=\"https:\/\/sagardoarenlurraldea.eus\/es\/blog\/la-sidreria-zapiain-en-la-cider-conference-de-chicago\/\" \/>\n<meta property=\"og:site_name\" content=\"Sagardoaren Lurraldea\" \/>\n<meta property=\"article:publisher\" content=\"https:\/\/www.facebook.com\/sagardoarenlurraldea\" \/>\n<meta property=\"article:published_time\" content=\"2015-02-02T22:00:00+00:00\" \/>\n<meta property=\"og:image\" content=\"https:\/\/sagardoarenlurraldea.eus\/wp-content\/uploads\/2015\/02\/cidercon-logo-2015.jpg\" \/>\n\t<meta property=\"og:image:width\" content=\"203\" \/>\n\t<meta property=\"og:image:height\" content=\"226\" \/>\n\t<meta property=\"og:image:type\" content=\"image\/jpeg\" \/>\n<meta name=\"author\" content=\"Mikel Ecenarro\" \/>\n<meta name=\"twitter:card\" content=\"summary_large_image\" \/>\n<meta name=\"twitter:label1\" content=\"Escrito por\" \/>\n\t<meta name=\"twitter:data1\" content=\"Mikel Ecenarro\" \/>\n\t<meta name=\"twitter:label2\" content=\"Tiempo de lectura\" \/>\n\t<meta name=\"twitter:data2\" content=\"2 minutos\" \/>\n<script type=\"application\/ld+json\" class=\"yoast-schema-graph\">{\"@context\":\"https:\/\/schema.org\",\"@graph\":[{\"@type\":\"WebPage\",\"@id\":\"https:\/\/sagardoarenlurraldea.eus\/es\/blog\/la-sidreria-zapiain-en-la-cider-conference-de-chicago\/\",\"url\":\"https:\/\/sagardoarenlurraldea.eus\/es\/blog\/la-sidreria-zapiain-en-la-cider-conference-de-chicago\/\",\"name\":\"La sidrer\u00eda Zapiain en la \u201cCider Conference\u201d de Chicago. - Sagardoaren Lurraldea\",\"isPartOf\":{\"@id\":\"https:\/\/sagardoarenlurraldea.eus\/es\/#website\"},\"primaryImageOfPage\":{\"@id\":\"https:\/\/sagardoarenlurraldea.eus\/es\/blog\/la-sidreria-zapiain-en-la-cider-conference-de-chicago\/#primaryimage\"},\"image\":{\"@id\":\"https:\/\/sagardoarenlurraldea.eus\/es\/blog\/la-sidreria-zapiain-en-la-cider-conference-de-chicago\/#primaryimage\"},\"thumbnailUrl\":\"https:\/\/sagardoarenlurraldea.eus\/wp-content\/uploads\/2015\/02\/cidercon-logo-2015.jpg\",\"datePublished\":\"2015-02-02T22:00:00+00:00\",\"author\":{\"@id\":\"https:\/\/sagardoarenlurraldea.eus\/es\/#\/schema\/person\/9e9a225eda321f17256838c2fcba65a7\"},\"breadcrumb\":{\"@id\":\"https:\/\/sagardoarenlurraldea.eus\/es\/blog\/la-sidreria-zapiain-en-la-cider-conference-de-chicago\/#breadcrumb\"},\"inLanguage\":\"es\",\"potentialAction\":[{\"@type\":\"ReadAction\",\"target\":[\"https:\/\/sagardoarenlurraldea.eus\/es\/blog\/la-sidreria-zapiain-en-la-cider-conference-de-chicago\/\"]}]},{\"@type\":\"ImageObject\",\"inLanguage\":\"es\",\"@id\":\"https:\/\/sagardoarenlurraldea.eus\/es\/blog\/la-sidreria-zapiain-en-la-cider-conference-de-chicago\/#primaryimage\",\"url\":\"https:\/\/sagardoarenlurraldea.eus\/wp-content\/uploads\/2015\/02\/cidercon-logo-2015.jpg\",\"contentUrl\":\"https:\/\/sagardoarenlurraldea.eus\/wp-content\/uploads\/2015\/02\/cidercon-logo-2015.jpg\",\"width\":203,\"height\":226},{\"@type\":\"BreadcrumbList\",\"@id\":\"https:\/\/sagardoarenlurraldea.eus\/es\/blog\/la-sidreria-zapiain-en-la-cider-conference-de-chicago\/#breadcrumb\",\"itemListElement\":[{\"@type\":\"ListItem\",\"position\":1,\"name\":\"Inicio\",\"item\":\"https:\/\/sagardoarenlurraldea.eus\/es\/\"},{\"@type\":\"ListItem\",\"position\":2,\"name\":\"La sidrer\u00eda Zapiain en la \u201cCider Conference\u201d de Chicago.\"}]},{\"@type\":\"WebSite\",\"@id\":\"https:\/\/sagardoarenlurraldea.eus\/es\/#website\",\"url\":\"https:\/\/sagardoarenlurraldea.eus\/es\/\",\"name\":\"Sagardoaren Lurraldea\",\"description\":\"El territorio de la sidra\",\"potentialAction\":[{\"@type\":\"SearchAction\",\"target\":{\"@type\":\"EntryPoint\",\"urlTemplate\":\"https:\/\/sagardoarenlurraldea.eus\/es\/?s={search_term_string}\"},\"query-input\":{\"@type\":\"PropertyValueSpecification\",\"valueRequired\":true,\"valueName\":\"search_term_string\"}}],\"inLanguage\":\"es\"},{\"@type\":\"Person\",\"@id\":\"https:\/\/sagardoarenlurraldea.eus\/es\/#\/schema\/person\/9e9a225eda321f17256838c2fcba65a7\",\"name\":\"Mikel Ecenarro\",\"image\":{\"@type\":\"ImageObject\",\"inLanguage\":\"es\",\"@id\":\"https:\/\/sagardoarenlurraldea.eus\/es\/#\/schema\/person\/image\/\",\"url\":\"https:\/\/secure.gravatar.com\/avatar\/1170400e3ac60954a47797ced4deed6bcd49cf85a03b7abd291d8f8be059bd1d?s=96&d=mm&r=g\",\"contentUrl\":\"https:\/\/secure.gravatar.com\/avatar\/1170400e3ac60954a47797ced4deed6bcd49cf85a03b7abd291d8f8be059bd1d?s=96&d=mm&r=g\",\"caption\":\"Mikel Ecenarro\"}}]}<\/script>\n<!-- \/ Yoast SEO plugin. -->","yoast_head_json":{"title":"La sidrer\u00eda Zapiain en la \u201cCider Conference\u201d de Chicago. - Sagardoaren Lurraldea","robots":{"index":"index","follow":"follow","max-snippet":"max-snippet:-1","max-image-preview":"max-image-preview:large","max-video-preview":"max-video-preview:-1"},"canonical":"https:\/\/sagardoarenlurraldea.eus\/es\/blog\/la-sidreria-zapiain-en-la-cider-conference-de-chicago\/","og_locale":"es_ES","og_type":"article","og_title":"La sidrer\u00eda Zapiain en la \u201cCider Conference\u201d de Chicago. - Sagardoaren Lurraldea","og_description":"La sidrer\u00eda Zapiain de Astigarraga asistir\u00e1 al \u201cCider Conference (CiderCON)\u201d que se celebrar\u00e1 durante el 3-6 de febrero en Chicago (EE.UU). Este evento, es el m\u00e1s importante de los que [&hellip;]","og_url":"https:\/\/sagardoarenlurraldea.eus\/es\/blog\/la-sidreria-zapiain-en-la-cider-conference-de-chicago\/","og_site_name":"Sagardoaren Lurraldea","article_publisher":"https:\/\/www.facebook.com\/sagardoarenlurraldea","article_published_time":"2015-02-02T22:00:00+00:00","og_image":[{"width":203,"height":226,"url":"https:\/\/sagardoarenlurraldea.eus\/wp-content\/uploads\/2015\/02\/cidercon-logo-2015.jpg","type":"image\/jpeg"}],"author":"Mikel Ecenarro","twitter_card":"summary_large_image","twitter_misc":{"Escrito por":"Mikel Ecenarro","Tiempo de lectura":"2 minutos"},"schema":{"@context":"https:\/\/schema.org","@graph":[{"@type":"WebPage","@id":"https:\/\/sagardoarenlurraldea.eus\/es\/blog\/la-sidreria-zapiain-en-la-cider-conference-de-chicago\/","url":"https:\/\/sagardoarenlurraldea.eus\/es\/blog\/la-sidreria-zapiain-en-la-cider-conference-de-chicago\/","name":"La sidrer\u00eda Zapiain en la \u201cCider Conference\u201d de Chicago. - Sagardoaren Lurraldea","isPartOf":{"@id":"https:\/\/sagardoarenlurraldea.eus\/es\/#website"},"primaryImageOfPage":{"@id":"https:\/\/sagardoarenlurraldea.eus\/es\/blog\/la-sidreria-zapiain-en-la-cider-conference-de-chicago\/#primaryimage"},"image":{"@id":"https:\/\/sagardoarenlurraldea.eus\/es\/blog\/la-sidreria-zapiain-en-la-cider-conference-de-chicago\/#primaryimage"},"thumbnailUrl":"https:\/\/sagardoarenlurraldea.eus\/wp-content\/uploads\/2015\/02\/cidercon-logo-2015.jpg","datePublished":"2015-02-02T22:00:00+00:00","author":{"@id":"https:\/\/sagardoarenlurraldea.eus\/es\/#\/schema\/person\/9e9a225eda321f17256838c2fcba65a7"},"breadcrumb":{"@id":"https:\/\/sagardoarenlurraldea.eus\/es\/blog\/la-sidreria-zapiain-en-la-cider-conference-de-chicago\/#breadcrumb"},"inLanguage":"es","potentialAction":[{"@type":"ReadAction","target":["https:\/\/sagardoarenlurraldea.eus\/es\/blog\/la-sidreria-zapiain-en-la-cider-conference-de-chicago\/"]}]},{"@type":"ImageObject","inLanguage":"es","@id":"https:\/\/sagardoarenlurraldea.eus\/es\/blog\/la-sidreria-zapiain-en-la-cider-conference-de-chicago\/#primaryimage","url":"https:\/\/sagardoarenlurraldea.eus\/wp-content\/uploads\/2015\/02\/cidercon-logo-2015.jpg","contentUrl":"https:\/\/sagardoarenlurraldea.eus\/wp-content\/uploads\/2015\/02\/cidercon-logo-2015.jpg","width":203,"height":226},{"@type":"BreadcrumbList","@id":"https:\/\/sagardoarenlurraldea.eus\/es\/blog\/la-sidreria-zapiain-en-la-cider-conference-de-chicago\/#breadcrumb","itemListElement":[{"@type":"ListItem","position":1,"name":"Inicio","item":"https:\/\/sagardoarenlurraldea.eus\/es\/"},{"@type":"ListItem","position":2,"name":"La sidrer\u00eda Zapiain en la \u201cCider Conference\u201d de Chicago."}]},{"@type":"WebSite","@id":"https:\/\/sagardoarenlurraldea.eus\/es\/#website","url":"https:\/\/sagardoarenlurraldea.eus\/es\/","name":"Sagardoaren Lurraldea","description":"El territorio de la sidra","potentialAction":[{"@type":"SearchAction","target":{"@type":"EntryPoint","urlTemplate":"https:\/\/sagardoarenlurraldea.eus\/es\/?s={search_term_string}"},"query-input":{"@type":"PropertyValueSpecification","valueRequired":true,"valueName":"search_term_string"}}],"inLanguage":"es"},{"@type":"Person","@id":"https:\/\/sagardoarenlurraldea.eus\/es\/#\/schema\/person\/9e9a225eda321f17256838c2fcba65a7","name":"Mikel Ecenarro","image":{"@type":"ImageObject","inLanguage":"es","@id":"https:\/\/sagardoarenlurraldea.eus\/es\/#\/schema\/person\/image\/","url":"https:\/\/secure.gravatar.com\/avatar\/1170400e3ac60954a47797ced4deed6bcd49cf85a03b7abd291d8f8be059bd1d?s=96&d=mm&r=g","contentUrl":"https:\/\/secure.gravatar.com\/avatar\/1170400e3ac60954a47797ced4deed6bcd49cf85a03b7abd291d8f8be059bd1d?s=96&d=mm&r=g","caption":"Mikel Ecenarro"}}]}},"_links":{"self":[{"href":"https:\/\/sagardoarenlurraldea.eus\/es\/wp-json\/wp\/v2\/posts\/18006","targetHints":{"allow":["GET"]}}],"collection":[{"href":"https:\/\/sagardoarenlurraldea.eus\/es\/wp-json\/wp\/v2\/posts"}],"about":[{"href":"https:\/\/sagardoarenlurraldea.eus\/es\/wp-json\/wp\/v2\/types\/post"}],"author":[{"embeddable":true,"href":"https:\/\/sagardoarenlurraldea.eus\/es\/wp-json\/wp\/v2\/users\/1"}],"replies":[{"embeddable":true,"href":"https:\/\/sagardoarenlurraldea.eus\/es\/wp-json\/wp\/v2\/comments?post=18006"}],"version-history":[{"count":0,"href":"https:\/\/sagardoarenlurraldea.eus\/es\/wp-json\/wp\/v2\/posts\/18006\/revisions"}],"wp:featuredmedia":[{"embeddable":true,"href":"https:\/\/sagardoarenlurraldea.eus\/es\/wp-json\/wp\/v2\/media\/4141"}],"wp:attachment":[{"href":"https:\/\/sagardoarenlurraldea.eus\/es\/wp-json\/wp\/v2\/media?parent=18006"}],"wp:term":[{"taxonomy":"category","embeddable":true,"href":"https:\/\/sagardoarenlurraldea.eus\/es\/wp-json\/wp\/v2\/categories?post=18006"},{"taxonomy":"post_tag","embeddable":true,"href":"https:\/\/sagardoarenlurraldea.eus\/es\/wp-json\/wp\/v2\/tags?post=18006"}],"curies":[{"name":"wp","href":"https:\/\/api.w.org\/{rel}","templated":true}]}}