{"id":18000,"date":"2015-01-16T00:00:00","date_gmt":"2015-01-15T22:00:00","guid":{"rendered":"http:\/\/www.sagardoarenlurraldea.eus\/blog\/acuerdo-de-colaboracion-entre-sagardoaren-lurraldea-y-el-ayuntamiento-de-hernani\/"},"modified":"2015-01-16T00:00:00","modified_gmt":"2015-01-15T22:00:00","slug":"acuerdo-de-colaboracion-entre-sagardoaren-lurraldea-y-el-ayuntamiento-de-hernani","status":"publish","type":"post","link":"https:\/\/sagardoarenlurraldea.eus\/es\/blog\/acuerdo-de-colaboracion-entre-sagardoaren-lurraldea-y-el-ayuntamiento-de-hernani\/","title":{"rendered":"Acuerdo de colaboraci\u00f3n entre Sagardoaren Lurraldea y el Ayuntamiento de Hernani."},"content":{"rendered":"<p><strong><a href=\"https:\/\/sagardoarenlurraldea.eus\/wp-content\/uploads\/2015\/01\/SL_1.jpg\"><img loading=\"lazy\" decoding=\"async\" class=\"size-medium wp-image-4117 alignleft\" alt=\"SL_1\" src=\"https:\/\/sagardoarenlurraldea.eus\/wp-content\/uploads\/2015\/01\/SL_1-300x168.jpg\" width=\"300\" height=\"168\" \/><\/a>Sagardun cre\u00f3 la marca tur\u00edstica Sagardoaren Lurraldea (el territorio de la sidra) con el fin de promover la participaci\u00f3n y el trabajo en com\u00fan entre diferentes localidades para promocionar la cultura de la sidra. De esta forma, en el a\u00f1o 2015 daremos los primeros pasos de colaboraci\u00f3n con el Ayuntamiento de Hernani<\/strong>.<\/p>\n<p><a href=\"http:\/\/www.sagardoetxea.com\"><strong>Sagardoetxea, Museo de la Sidra Vasca<\/strong><\/a>, se convertir\u00e1 en el Museo de la Sidra de Euskal Herria que conforman el territorio de la sidra, y adem\u00e1s de con Astigarraga, tendr\u00e1 relaci\u00f3n con otras ciudades para la divulgaci\u00f3n y el mantenimiento de contenidos en torno a la cultura de la sidra.<\/p>\n<p>Se utilizar\u00e1n los <strong>recursos de promoci\u00f3n<\/strong> que a d\u00eda de hoy se gestionan desde Sagardoetxea y Sagardoaren Lurraldea para promocionar la cultura de la sidra (p\u00e1ginas web para reservas, redes sociales, etc.), divulgar informaci\u00f3n sobre eventos, actividades, experiencias, etc. en torno<br \/>\na la cultura de la sidra y fortalecer la marca Sagardoaren Lurraldea (el territorio de la sidra).<\/p>\n<p>A\u00f1o tras a\u00f1o la cultura de la sidra se va abriendo a nuevos mercados internacionales y cada vez son m\u00e1s los <strong>periodistas<\/strong>, <strong>bloggers<\/strong>, etc. que se acercan hasta nuestro territorio en busca de informaci\u00f3n. Gracias a este trabajo en com\u00fan, los trabajos de recepci\u00f3n y informaci\u00f3n de estos<br \/>\nintermediarios que divulgan la cultura de la sidra se gestionar\u00e1n desde Sagardoaren Lurraldea (el territorio de la sidra) a fi n de trasmitirles la importancia y la presencia que la cultura de la sidra tiene en nuestra cultura y territorio.<\/p>\n<p>Por otra parte, y gracias a este trabajo de colaboraci\u00f3n, se promover\u00e1 la participaci\u00f3n de sidrer\u00edas y grupos culturales para la creaci\u00f3n de nuevos <strong>eventos<\/strong>, <strong>actividades<\/strong> o <strong>experiencias<\/strong> en torno a la cultura de la sidra.<\/p>\n<p>Con este tipo de actividades conseguiremos fortalecer la <strong>marca<\/strong> <strong>Sagardoaren Lurraldea (el territorio de la sidra)<\/strong> y recordaremos que el <strong>proyecto<\/strong> est\u00e1 abierto a cualquiera que quiera promocionar la cultura de la sidra.<\/p>\n","protected":false},"excerpt":{"rendered":"<p>Sagardun cre\u00f3 la marca tur\u00edstica Sagardoaren Lurraldea (el territorio de la sidra) con el fin de promover la participaci\u00f3n y el trabajo en com\u00fan entre diferentes localidades para promocionar la [&hellip;]<\/p>\n","protected":false},"author":1,"featured_media":1997,"comment_status":"open","ping_status":"open","sticky":false,"template":"","format":"standard","meta":{"_acf_changed":false,"_et_pb_use_builder":"","_et_pb_old_content":"","_et_gb_content_width":"","footnotes":""},"categories":[248,254,256],"tags":[305,420,652,1005,1188,1476,1624,1625,1792,1906],"class_list":["post-18000","post","type-post","status-publish","format-standard","has-post-thumbnail","hentry","category-kultura","category-sidra","category-turismo","tag-acuerdo-de-colaboracion","tag-astigarraga","tag-cultura-ed-la-sidra","tag-hernani","tag-lankidetza-hitzarmena","tag-promocion","tag-sagardoaren-kultura","tag-sagardoaren-lurraldea","tag-sustapena","tag-usurbil"],"acf":[],"yoast_head":"<!-- This site is optimized with the Yoast SEO plugin v25.4 - https:\/\/yoast.com\/wordpress\/plugins\/seo\/ -->\n<title>Acuerdo de colaboraci\u00f3n entre Sagardoaren Lurraldea y el Ayuntamiento de Hernani. - Sagardoaren Lurraldea<\/title>\n<meta name=\"robots\" content=\"index, follow, max-snippet:-1, max-image-preview:large, max-video-preview:-1\" \/>\n<link rel=\"canonical\" href=\"https:\/\/sagardoarenlurraldea.eus\/es\/blog\/acuerdo-de-colaboracion-entre-sagardoaren-lurraldea-y-el-ayuntamiento-de-hernani\/\" \/>\n<meta property=\"og:locale\" content=\"es_ES\" \/>\n<meta property=\"og:type\" content=\"article\" \/>\n<meta property=\"og:title\" content=\"Acuerdo de colaboraci\u00f3n entre Sagardoaren Lurraldea y el Ayuntamiento de Hernani. - Sagardoaren Lurraldea\" \/>\n<meta property=\"og:description\" content=\"Sagardun cre\u00f3 la marca tur\u00edstica Sagardoaren Lurraldea (el territorio de la sidra) con el fin de promover la participaci\u00f3n y el trabajo en com\u00fan entre diferentes localidades para promocionar la [&hellip;]\" \/>\n<meta property=\"og:url\" content=\"https:\/\/sagardoarenlurraldea.eus\/es\/blog\/acuerdo-de-colaboracion-entre-sagardoaren-lurraldea-y-el-ayuntamiento-de-hernani\/\" \/>\n<meta property=\"og:site_name\" content=\"Sagardoaren Lurraldea\" \/>\n<meta property=\"article:publisher\" content=\"https:\/\/www.facebook.com\/sagardoarenlurraldea\" \/>\n<meta property=\"article:published_time\" content=\"2015-01-15T22:00:00+00:00\" \/>\n<meta property=\"og:image\" content=\"https:\/\/sagardoarenlurraldea.eus\/wp-content\/uploads\/2012\/06\/SL_1.jpg\" \/>\n\t<meta property=\"og:image:width\" content=\"842\" \/>\n\t<meta property=\"og:image:height\" content=\"474\" \/>\n\t<meta property=\"og:image:type\" content=\"image\/jpeg\" \/>\n<meta name=\"author\" content=\"Mikel Ecenarro\" \/>\n<meta name=\"twitter:card\" content=\"summary_large_image\" \/>\n<meta name=\"twitter:label1\" content=\"Escrito por\" \/>\n\t<meta name=\"twitter:data1\" content=\"Mikel Ecenarro\" \/>\n\t<meta name=\"twitter:label2\" content=\"Tiempo de lectura\" \/>\n\t<meta name=\"twitter:data2\" content=\"2 minutos\" \/>\n<script type=\"application\/ld+json\" class=\"yoast-schema-graph\">{\"@context\":\"https:\/\/schema.org\",\"@graph\":[{\"@type\":\"WebPage\",\"@id\":\"https:\/\/sagardoarenlurraldea.eus\/es\/blog\/acuerdo-de-colaboracion-entre-sagardoaren-lurraldea-y-el-ayuntamiento-de-hernani\/\",\"url\":\"https:\/\/sagardoarenlurraldea.eus\/es\/blog\/acuerdo-de-colaboracion-entre-sagardoaren-lurraldea-y-el-ayuntamiento-de-hernani\/\",\"name\":\"Acuerdo de colaboraci\u00f3n entre Sagardoaren Lurraldea y el Ayuntamiento de Hernani. - Sagardoaren Lurraldea\",\"isPartOf\":{\"@id\":\"https:\/\/sagardoarenlurraldea.eus\/es\/#website\"},\"primaryImageOfPage\":{\"@id\":\"https:\/\/sagardoarenlurraldea.eus\/es\/blog\/acuerdo-de-colaboracion-entre-sagardoaren-lurraldea-y-el-ayuntamiento-de-hernani\/#primaryimage\"},\"image\":{\"@id\":\"https:\/\/sagardoarenlurraldea.eus\/es\/blog\/acuerdo-de-colaboracion-entre-sagardoaren-lurraldea-y-el-ayuntamiento-de-hernani\/#primaryimage\"},\"thumbnailUrl\":\"https:\/\/sagardoarenlurraldea.eus\/wp-content\/uploads\/2012\/06\/SL_1.jpg\",\"datePublished\":\"2015-01-15T22:00:00+00:00\",\"author\":{\"@id\":\"https:\/\/sagardoarenlurraldea.eus\/es\/#\/schema\/person\/9e9a225eda321f17256838c2fcba65a7\"},\"breadcrumb\":{\"@id\":\"https:\/\/sagardoarenlurraldea.eus\/es\/blog\/acuerdo-de-colaboracion-entre-sagardoaren-lurraldea-y-el-ayuntamiento-de-hernani\/#breadcrumb\"},\"inLanguage\":\"es\",\"potentialAction\":[{\"@type\":\"ReadAction\",\"target\":[\"https:\/\/sagardoarenlurraldea.eus\/es\/blog\/acuerdo-de-colaboracion-entre-sagardoaren-lurraldea-y-el-ayuntamiento-de-hernani\/\"]}]},{\"@type\":\"ImageObject\",\"inLanguage\":\"es\",\"@id\":\"https:\/\/sagardoarenlurraldea.eus\/es\/blog\/acuerdo-de-colaboracion-entre-sagardoaren-lurraldea-y-el-ayuntamiento-de-hernani\/#primaryimage\",\"url\":\"https:\/\/sagardoarenlurraldea.eus\/wp-content\/uploads\/2012\/06\/SL_1.jpg\",\"contentUrl\":\"https:\/\/sagardoarenlurraldea.eus\/wp-content\/uploads\/2012\/06\/SL_1.jpg\",\"width\":842,\"height\":474},{\"@type\":\"BreadcrumbList\",\"@id\":\"https:\/\/sagardoarenlurraldea.eus\/es\/blog\/acuerdo-de-colaboracion-entre-sagardoaren-lurraldea-y-el-ayuntamiento-de-hernani\/#breadcrumb\",\"itemListElement\":[{\"@type\":\"ListItem\",\"position\":1,\"name\":\"Inicio\",\"item\":\"https:\/\/sagardoarenlurraldea.eus\/es\/\"},{\"@type\":\"ListItem\",\"position\":2,\"name\":\"Acuerdo de colaboraci\u00f3n entre Sagardoaren Lurraldea y el Ayuntamiento de Hernani.\"}]},{\"@type\":\"WebSite\",\"@id\":\"https:\/\/sagardoarenlurraldea.eus\/es\/#website\",\"url\":\"https:\/\/sagardoarenlurraldea.eus\/es\/\",\"name\":\"Sagardoaren Lurraldea\",\"description\":\"El territorio de la sidra\",\"potentialAction\":[{\"@type\":\"SearchAction\",\"target\":{\"@type\":\"EntryPoint\",\"urlTemplate\":\"https:\/\/sagardoarenlurraldea.eus\/es\/?s={search_term_string}\"},\"query-input\":{\"@type\":\"PropertyValueSpecification\",\"valueRequired\":true,\"valueName\":\"search_term_string\"}}],\"inLanguage\":\"es\"},{\"@type\":\"Person\",\"@id\":\"https:\/\/sagardoarenlurraldea.eus\/es\/#\/schema\/person\/9e9a225eda321f17256838c2fcba65a7\",\"name\":\"Mikel Ecenarro\",\"image\":{\"@type\":\"ImageObject\",\"inLanguage\":\"es\",\"@id\":\"https:\/\/sagardoarenlurraldea.eus\/es\/#\/schema\/person\/image\/\",\"url\":\"https:\/\/secure.gravatar.com\/avatar\/1170400e3ac60954a47797ced4deed6bcd49cf85a03b7abd291d8f8be059bd1d?s=96&d=mm&r=g\",\"contentUrl\":\"https:\/\/secure.gravatar.com\/avatar\/1170400e3ac60954a47797ced4deed6bcd49cf85a03b7abd291d8f8be059bd1d?s=96&d=mm&r=g\",\"caption\":\"Mikel Ecenarro\"}}]}<\/script>\n<!-- \/ Yoast SEO plugin. -->","yoast_head_json":{"title":"Acuerdo de colaboraci\u00f3n entre Sagardoaren Lurraldea y el Ayuntamiento de Hernani. - Sagardoaren Lurraldea","robots":{"index":"index","follow":"follow","max-snippet":"max-snippet:-1","max-image-preview":"max-image-preview:large","max-video-preview":"max-video-preview:-1"},"canonical":"https:\/\/sagardoarenlurraldea.eus\/es\/blog\/acuerdo-de-colaboracion-entre-sagardoaren-lurraldea-y-el-ayuntamiento-de-hernani\/","og_locale":"es_ES","og_type":"article","og_title":"Acuerdo de colaboraci\u00f3n entre Sagardoaren Lurraldea y el Ayuntamiento de Hernani. - Sagardoaren Lurraldea","og_description":"Sagardun cre\u00f3 la marca tur\u00edstica Sagardoaren Lurraldea (el territorio de la sidra) con el fin de promover la participaci\u00f3n y el trabajo en com\u00fan entre diferentes localidades para promocionar la [&hellip;]","og_url":"https:\/\/sagardoarenlurraldea.eus\/es\/blog\/acuerdo-de-colaboracion-entre-sagardoaren-lurraldea-y-el-ayuntamiento-de-hernani\/","og_site_name":"Sagardoaren Lurraldea","article_publisher":"https:\/\/www.facebook.com\/sagardoarenlurraldea","article_published_time":"2015-01-15T22:00:00+00:00","og_image":[{"width":842,"height":474,"url":"https:\/\/sagardoarenlurraldea.eus\/wp-content\/uploads\/2012\/06\/SL_1.jpg","type":"image\/jpeg"}],"author":"Mikel Ecenarro","twitter_card":"summary_large_image","twitter_misc":{"Escrito por":"Mikel Ecenarro","Tiempo de lectura":"2 minutos"},"schema":{"@context":"https:\/\/schema.org","@graph":[{"@type":"WebPage","@id":"https:\/\/sagardoarenlurraldea.eus\/es\/blog\/acuerdo-de-colaboracion-entre-sagardoaren-lurraldea-y-el-ayuntamiento-de-hernani\/","url":"https:\/\/sagardoarenlurraldea.eus\/es\/blog\/acuerdo-de-colaboracion-entre-sagardoaren-lurraldea-y-el-ayuntamiento-de-hernani\/","name":"Acuerdo de colaboraci\u00f3n entre Sagardoaren Lurraldea y el Ayuntamiento de Hernani. - Sagardoaren Lurraldea","isPartOf":{"@id":"https:\/\/sagardoarenlurraldea.eus\/es\/#website"},"primaryImageOfPage":{"@id":"https:\/\/sagardoarenlurraldea.eus\/es\/blog\/acuerdo-de-colaboracion-entre-sagardoaren-lurraldea-y-el-ayuntamiento-de-hernani\/#primaryimage"},"image":{"@id":"https:\/\/sagardoarenlurraldea.eus\/es\/blog\/acuerdo-de-colaboracion-entre-sagardoaren-lurraldea-y-el-ayuntamiento-de-hernani\/#primaryimage"},"thumbnailUrl":"https:\/\/sagardoarenlurraldea.eus\/wp-content\/uploads\/2012\/06\/SL_1.jpg","datePublished":"2015-01-15T22:00:00+00:00","author":{"@id":"https:\/\/sagardoarenlurraldea.eus\/es\/#\/schema\/person\/9e9a225eda321f17256838c2fcba65a7"},"breadcrumb":{"@id":"https:\/\/sagardoarenlurraldea.eus\/es\/blog\/acuerdo-de-colaboracion-entre-sagardoaren-lurraldea-y-el-ayuntamiento-de-hernani\/#breadcrumb"},"inLanguage":"es","potentialAction":[{"@type":"ReadAction","target":["https:\/\/sagardoarenlurraldea.eus\/es\/blog\/acuerdo-de-colaboracion-entre-sagardoaren-lurraldea-y-el-ayuntamiento-de-hernani\/"]}]},{"@type":"ImageObject","inLanguage":"es","@id":"https:\/\/sagardoarenlurraldea.eus\/es\/blog\/acuerdo-de-colaboracion-entre-sagardoaren-lurraldea-y-el-ayuntamiento-de-hernani\/#primaryimage","url":"https:\/\/sagardoarenlurraldea.eus\/wp-content\/uploads\/2012\/06\/SL_1.jpg","contentUrl":"https:\/\/sagardoarenlurraldea.eus\/wp-content\/uploads\/2012\/06\/SL_1.jpg","width":842,"height":474},{"@type":"BreadcrumbList","@id":"https:\/\/sagardoarenlurraldea.eus\/es\/blog\/acuerdo-de-colaboracion-entre-sagardoaren-lurraldea-y-el-ayuntamiento-de-hernani\/#breadcrumb","itemListElement":[{"@type":"ListItem","position":1,"name":"Inicio","item":"https:\/\/sagardoarenlurraldea.eus\/es\/"},{"@type":"ListItem","position":2,"name":"Acuerdo de colaboraci\u00f3n entre Sagardoaren Lurraldea y el Ayuntamiento de Hernani."}]},{"@type":"WebSite","@id":"https:\/\/sagardoarenlurraldea.eus\/es\/#website","url":"https:\/\/sagardoarenlurraldea.eus\/es\/","name":"Sagardoaren Lurraldea","description":"El territorio de la sidra","potentialAction":[{"@type":"SearchAction","target":{"@type":"EntryPoint","urlTemplate":"https:\/\/sagardoarenlurraldea.eus\/es\/?s={search_term_string}"},"query-input":{"@type":"PropertyValueSpecification","valueRequired":true,"valueName":"search_term_string"}}],"inLanguage":"es"},{"@type":"Person","@id":"https:\/\/sagardoarenlurraldea.eus\/es\/#\/schema\/person\/9e9a225eda321f17256838c2fcba65a7","name":"Mikel Ecenarro","image":{"@type":"ImageObject","inLanguage":"es","@id":"https:\/\/sagardoarenlurraldea.eus\/es\/#\/schema\/person\/image\/","url":"https:\/\/secure.gravatar.com\/avatar\/1170400e3ac60954a47797ced4deed6bcd49cf85a03b7abd291d8f8be059bd1d?s=96&d=mm&r=g","contentUrl":"https:\/\/secure.gravatar.com\/avatar\/1170400e3ac60954a47797ced4deed6bcd49cf85a03b7abd291d8f8be059bd1d?s=96&d=mm&r=g","caption":"Mikel Ecenarro"}}]}},"_links":{"self":[{"href":"https:\/\/sagardoarenlurraldea.eus\/es\/wp-json\/wp\/v2\/posts\/18000","targetHints":{"allow":["GET"]}}],"collection":[{"href":"https:\/\/sagardoarenlurraldea.eus\/es\/wp-json\/wp\/v2\/posts"}],"about":[{"href":"https:\/\/sagardoarenlurraldea.eus\/es\/wp-json\/wp\/v2\/types\/post"}],"author":[{"embeddable":true,"href":"https:\/\/sagardoarenlurraldea.eus\/es\/wp-json\/wp\/v2\/users\/1"}],"replies":[{"embeddable":true,"href":"https:\/\/sagardoarenlurraldea.eus\/es\/wp-json\/wp\/v2\/comments?post=18000"}],"version-history":[{"count":0,"href":"https:\/\/sagardoarenlurraldea.eus\/es\/wp-json\/wp\/v2\/posts\/18000\/revisions"}],"wp:featuredmedia":[{"embeddable":true,"href":"https:\/\/sagardoarenlurraldea.eus\/es\/wp-json\/wp\/v2\/media\/1997"}],"wp:attachment":[{"href":"https:\/\/sagardoarenlurraldea.eus\/es\/wp-json\/wp\/v2\/media?parent=18000"}],"wp:term":[{"taxonomy":"category","embeddable":true,"href":"https:\/\/sagardoarenlurraldea.eus\/es\/wp-json\/wp\/v2\/categories?post=18000"},{"taxonomy":"post_tag","embeddable":true,"href":"https:\/\/sagardoarenlurraldea.eus\/es\/wp-json\/wp\/v2\/tags?post=18000"}],"curies":[{"name":"wp","href":"https:\/\/api.w.org\/{rel}","templated":true}]}}