{"id":17996,"date":"2015-01-16T00:00:00","date_gmt":"2015-01-15T22:00:00","guid":{"rendered":"http:\/\/www.sagardoarenlurraldea.eus\/blog\/la-manzana-cosecha-muy-irregular-segun-variedades\/"},"modified":"2015-01-16T00:00:00","modified_gmt":"2015-01-15T22:00:00","slug":"la-manzana-cosecha-muy-irregular-segun-variedades","status":"publish","type":"post","link":"https:\/\/sagardoarenlurraldea.eus\/es\/blog\/la-manzana-cosecha-muy-irregular-segun-variedades\/","title":{"rendered":"La manzana: Cosecha muy irregular seg\u00fan variedades."},"content":{"rendered":"<p><a href=\"https:\/\/sagardoarenlurraldea.eus\/wp-content\/uploads\/2014\/01\/Sagarra.jpg\"><img loading=\"lazy\" decoding=\"async\" class=\"alignleft size-medium wp-image-3337\" alt=\"Sagarra\" src=\"https:\/\/sagardoarenlurraldea.eus\/wp-content\/uploads\/2014\/01\/Sagarra-300x199.jpg\" width=\"300\" height=\"199\" srcset=\"https:\/\/sagardoarenlurraldea.eus\/wp-content\/uploads\/2014\/01\/Sagarra-300x199.jpg 300w, https:\/\/sagardoarenlurraldea.eus\/wp-content\/uploads\/2014\/01\/Sagarra-510x339.jpg 510w, https:\/\/sagardoarenlurraldea.eus\/wp-content\/uploads\/2014\/01\/Sagarra-768x510.jpg 768w, https:\/\/sagardoarenlurraldea.eus\/wp-content\/uploads\/2014\/01\/Sagarra.jpg 850w\" sizes=\"(max-width: 300px) 100vw, 300px\" \/><\/a>La producci\u00f3n ha sido desigual tanto entre zonas como dentro de las mismas plantaciones, con variedades con apenas fruta y variedades excepcionalmente cargadas, llegando incluso a romper abundantes ramas. Esta situaci\u00f3n se ha producido de forma similar en toda Gipuzkoa.<\/p>\n<p>Por decimocuarto a\u00f1o consecutivo, a comienzos de septiembre realizamos un control en varias plantaciones de Gipuzkoa para conocer el estado en que se encontraban las manzanas. Para ello se, realizamos un segumiento de las plantaciones situadas en diferentes zonas de Gipuzkoa, aunque con mayor incidencia en Beterri. Las variedades que se controlaron fueron 14: Aritza, Errezila, Gezamina, Goikoetxe, Manttoni, Moko, Mozolua, Patzolua, Txalaka, Udare Marroi, Urdin, Urtebi Haundi, Urtebi Txiki y Verde Agria.<\/p>\n<p><strong>Caracter\u00edsticas de la cosecha 2014<\/strong>:<br \/>\n&#8211; Las diferencias de maduraci\u00f3n han sido importantes entre las variedades y las plantaciones.<br \/>\n&#8211; El estado de maduraci\u00f3n en cuanto al nivel de az\u00facar ha sido de 10,2 \u00baBrix de media. Es el dato m\u00e1s bajo de los \u00faltimos 10 a\u00f1os, seguramente por el verano h\u00famedo y fresco que hemos tenido.<br \/>\n&#8211; La regresi\u00f3n del almid\u00f3n ha presentado un \u00edndice de 3,4. Ha sido m\u00e1s alto que en 2012 y 2013, lo que ha signifi cado una cosecha adelantada.<br \/>\n&#8211; El porcentaje de manzanas en el \u00e1rbol da\u00f1adas el gusano de la manzana han sido importantes debido a la presencia constante de este insecto durante todo el verano.<\/p>\n","protected":false},"excerpt":{"rendered":"<p>La producci\u00f3n ha sido desigual tanto entre zonas como dentro de las mismas plantaciones, con variedades con apenas fruta y variedades excepcionalmente cargadas, llegando incluso a romper abundantes ramas. Esta [&hellip;]<\/p>\n","protected":false},"author":1,"featured_media":1834,"comment_status":"open","ping_status":"open","sticky":false,"template":"","format":"standard","meta":{"_acf_changed":false,"_et_pb_use_builder":"","_et_pb_old_content":"","_et_gb_content_width":"","footnotes":""},"categories":[252],"tags":[639,1225,1607,1666,1752,1910],"class_list":["post-17996","post","type-post","status-publish","format-standard","has-post-thumbnail","hentry","category-manzana","tag-cosecha","tag-manzana","tag-sagardoa-2","tag-sagarra","tag-sidra","tag-uzta"],"acf":[],"yoast_head":"<!-- This site is optimized with the Yoast SEO plugin v25.4 - https:\/\/yoast.com\/wordpress\/plugins\/seo\/ -->\n<title>La manzana: Cosecha muy irregular seg\u00fan variedades. - Sagardoaren Lurraldea<\/title>\n<meta name=\"robots\" content=\"index, follow, max-snippet:-1, max-image-preview:large, max-video-preview:-1\" \/>\n<link rel=\"canonical\" href=\"https:\/\/sagardoarenlurraldea.eus\/es\/blog\/la-manzana-cosecha-muy-irregular-segun-variedades\/\" \/>\n<meta property=\"og:locale\" content=\"es_ES\" \/>\n<meta property=\"og:type\" content=\"article\" \/>\n<meta property=\"og:title\" content=\"La manzana: Cosecha muy irregular seg\u00fan variedades. - Sagardoaren Lurraldea\" \/>\n<meta property=\"og:description\" content=\"La producci\u00f3n ha sido desigual tanto entre zonas como dentro de las mismas plantaciones, con variedades con apenas fruta y variedades excepcionalmente cargadas, llegando incluso a romper abundantes ramas. Esta [&hellip;]\" \/>\n<meta property=\"og:url\" content=\"https:\/\/sagardoarenlurraldea.eus\/es\/blog\/la-manzana-cosecha-muy-irregular-segun-variedades\/\" \/>\n<meta property=\"og:site_name\" content=\"Sagardoaren Lurraldea\" \/>\n<meta property=\"article:publisher\" content=\"https:\/\/www.facebook.com\/sagardoarenlurraldea\" \/>\n<meta property=\"article:published_time\" content=\"2015-01-15T22:00:00+00:00\" \/>\n<meta property=\"og:image\" content=\"https:\/\/sagardoarenlurraldea.eus\/wp-content\/uploads\/2011\/04\/Sagarra.jpg\" \/>\n\t<meta property=\"og:image:width\" content=\"675\" \/>\n\t<meta property=\"og:image:height\" content=\"493\" \/>\n\t<meta property=\"og:image:type\" content=\"image\/jpeg\" \/>\n<meta name=\"author\" content=\"Mikel Ecenarro\" \/>\n<meta name=\"twitter:card\" content=\"summary_large_image\" \/>\n<meta name=\"twitter:label1\" content=\"Escrito por\" \/>\n\t<meta name=\"twitter:data1\" content=\"Mikel Ecenarro\" \/>\n\t<meta name=\"twitter:label2\" content=\"Tiempo de lectura\" \/>\n\t<meta name=\"twitter:data2\" content=\"1 minuto\" \/>\n<script type=\"application\/ld+json\" class=\"yoast-schema-graph\">{\"@context\":\"https:\/\/schema.org\",\"@graph\":[{\"@type\":\"WebPage\",\"@id\":\"https:\/\/sagardoarenlurraldea.eus\/es\/blog\/la-manzana-cosecha-muy-irregular-segun-variedades\/\",\"url\":\"https:\/\/sagardoarenlurraldea.eus\/es\/blog\/la-manzana-cosecha-muy-irregular-segun-variedades\/\",\"name\":\"La manzana: Cosecha muy irregular seg\u00fan variedades. - Sagardoaren Lurraldea\",\"isPartOf\":{\"@id\":\"https:\/\/sagardoarenlurraldea.eus\/es\/#website\"},\"primaryImageOfPage\":{\"@id\":\"https:\/\/sagardoarenlurraldea.eus\/es\/blog\/la-manzana-cosecha-muy-irregular-segun-variedades\/#primaryimage\"},\"image\":{\"@id\":\"https:\/\/sagardoarenlurraldea.eus\/es\/blog\/la-manzana-cosecha-muy-irregular-segun-variedades\/#primaryimage\"},\"thumbnailUrl\":\"https:\/\/sagardoarenlurraldea.eus\/wp-content\/uploads\/2011\/04\/Sagarra.jpg\",\"datePublished\":\"2015-01-15T22:00:00+00:00\",\"author\":{\"@id\":\"https:\/\/sagardoarenlurraldea.eus\/es\/#\/schema\/person\/9e9a225eda321f17256838c2fcba65a7\"},\"breadcrumb\":{\"@id\":\"https:\/\/sagardoarenlurraldea.eus\/es\/blog\/la-manzana-cosecha-muy-irregular-segun-variedades\/#breadcrumb\"},\"inLanguage\":\"es\",\"potentialAction\":[{\"@type\":\"ReadAction\",\"target\":[\"https:\/\/sagardoarenlurraldea.eus\/es\/blog\/la-manzana-cosecha-muy-irregular-segun-variedades\/\"]}]},{\"@type\":\"ImageObject\",\"inLanguage\":\"es\",\"@id\":\"https:\/\/sagardoarenlurraldea.eus\/es\/blog\/la-manzana-cosecha-muy-irregular-segun-variedades\/#primaryimage\",\"url\":\"https:\/\/sagardoarenlurraldea.eus\/wp-content\/uploads\/2011\/04\/Sagarra.jpg\",\"contentUrl\":\"https:\/\/sagardoarenlurraldea.eus\/wp-content\/uploads\/2011\/04\/Sagarra.jpg\",\"width\":675,\"height\":493},{\"@type\":\"BreadcrumbList\",\"@id\":\"https:\/\/sagardoarenlurraldea.eus\/es\/blog\/la-manzana-cosecha-muy-irregular-segun-variedades\/#breadcrumb\",\"itemListElement\":[{\"@type\":\"ListItem\",\"position\":1,\"name\":\"Inicio\",\"item\":\"https:\/\/sagardoarenlurraldea.eus\/es\/\"},{\"@type\":\"ListItem\",\"position\":2,\"name\":\"La manzana: Cosecha muy irregular seg\u00fan variedades.\"}]},{\"@type\":\"WebSite\",\"@id\":\"https:\/\/sagardoarenlurraldea.eus\/es\/#website\",\"url\":\"https:\/\/sagardoarenlurraldea.eus\/es\/\",\"name\":\"Sagardoaren Lurraldea\",\"description\":\"El territorio de la sidra\",\"potentialAction\":[{\"@type\":\"SearchAction\",\"target\":{\"@type\":\"EntryPoint\",\"urlTemplate\":\"https:\/\/sagardoarenlurraldea.eus\/es\/?s={search_term_string}\"},\"query-input\":{\"@type\":\"PropertyValueSpecification\",\"valueRequired\":true,\"valueName\":\"search_term_string\"}}],\"inLanguage\":\"es\"},{\"@type\":\"Person\",\"@id\":\"https:\/\/sagardoarenlurraldea.eus\/es\/#\/schema\/person\/9e9a225eda321f17256838c2fcba65a7\",\"name\":\"Mikel Ecenarro\",\"image\":{\"@type\":\"ImageObject\",\"inLanguage\":\"es\",\"@id\":\"https:\/\/sagardoarenlurraldea.eus\/es\/#\/schema\/person\/image\/\",\"url\":\"https:\/\/secure.gravatar.com\/avatar\/1170400e3ac60954a47797ced4deed6bcd49cf85a03b7abd291d8f8be059bd1d?s=96&d=mm&r=g\",\"contentUrl\":\"https:\/\/secure.gravatar.com\/avatar\/1170400e3ac60954a47797ced4deed6bcd49cf85a03b7abd291d8f8be059bd1d?s=96&d=mm&r=g\",\"caption\":\"Mikel Ecenarro\"}}]}<\/script>\n<!-- \/ Yoast SEO plugin. -->","yoast_head_json":{"title":"La manzana: Cosecha muy irregular seg\u00fan variedades. - Sagardoaren Lurraldea","robots":{"index":"index","follow":"follow","max-snippet":"max-snippet:-1","max-image-preview":"max-image-preview:large","max-video-preview":"max-video-preview:-1"},"canonical":"https:\/\/sagardoarenlurraldea.eus\/es\/blog\/la-manzana-cosecha-muy-irregular-segun-variedades\/","og_locale":"es_ES","og_type":"article","og_title":"La manzana: Cosecha muy irregular seg\u00fan variedades. - Sagardoaren Lurraldea","og_description":"La producci\u00f3n ha sido desigual tanto entre zonas como dentro de las mismas plantaciones, con variedades con apenas fruta y variedades excepcionalmente cargadas, llegando incluso a romper abundantes ramas. Esta [&hellip;]","og_url":"https:\/\/sagardoarenlurraldea.eus\/es\/blog\/la-manzana-cosecha-muy-irregular-segun-variedades\/","og_site_name":"Sagardoaren Lurraldea","article_publisher":"https:\/\/www.facebook.com\/sagardoarenlurraldea","article_published_time":"2015-01-15T22:00:00+00:00","og_image":[{"width":675,"height":493,"url":"https:\/\/sagardoarenlurraldea.eus\/wp-content\/uploads\/2011\/04\/Sagarra.jpg","type":"image\/jpeg"}],"author":"Mikel Ecenarro","twitter_card":"summary_large_image","twitter_misc":{"Escrito por":"Mikel Ecenarro","Tiempo de lectura":"1 minuto"},"schema":{"@context":"https:\/\/schema.org","@graph":[{"@type":"WebPage","@id":"https:\/\/sagardoarenlurraldea.eus\/es\/blog\/la-manzana-cosecha-muy-irregular-segun-variedades\/","url":"https:\/\/sagardoarenlurraldea.eus\/es\/blog\/la-manzana-cosecha-muy-irregular-segun-variedades\/","name":"La manzana: Cosecha muy irregular seg\u00fan variedades. - Sagardoaren Lurraldea","isPartOf":{"@id":"https:\/\/sagardoarenlurraldea.eus\/es\/#website"},"primaryImageOfPage":{"@id":"https:\/\/sagardoarenlurraldea.eus\/es\/blog\/la-manzana-cosecha-muy-irregular-segun-variedades\/#primaryimage"},"image":{"@id":"https:\/\/sagardoarenlurraldea.eus\/es\/blog\/la-manzana-cosecha-muy-irregular-segun-variedades\/#primaryimage"},"thumbnailUrl":"https:\/\/sagardoarenlurraldea.eus\/wp-content\/uploads\/2011\/04\/Sagarra.jpg","datePublished":"2015-01-15T22:00:00+00:00","author":{"@id":"https:\/\/sagardoarenlurraldea.eus\/es\/#\/schema\/person\/9e9a225eda321f17256838c2fcba65a7"},"breadcrumb":{"@id":"https:\/\/sagardoarenlurraldea.eus\/es\/blog\/la-manzana-cosecha-muy-irregular-segun-variedades\/#breadcrumb"},"inLanguage":"es","potentialAction":[{"@type":"ReadAction","target":["https:\/\/sagardoarenlurraldea.eus\/es\/blog\/la-manzana-cosecha-muy-irregular-segun-variedades\/"]}]},{"@type":"ImageObject","inLanguage":"es","@id":"https:\/\/sagardoarenlurraldea.eus\/es\/blog\/la-manzana-cosecha-muy-irregular-segun-variedades\/#primaryimage","url":"https:\/\/sagardoarenlurraldea.eus\/wp-content\/uploads\/2011\/04\/Sagarra.jpg","contentUrl":"https:\/\/sagardoarenlurraldea.eus\/wp-content\/uploads\/2011\/04\/Sagarra.jpg","width":675,"height":493},{"@type":"BreadcrumbList","@id":"https:\/\/sagardoarenlurraldea.eus\/es\/blog\/la-manzana-cosecha-muy-irregular-segun-variedades\/#breadcrumb","itemListElement":[{"@type":"ListItem","position":1,"name":"Inicio","item":"https:\/\/sagardoarenlurraldea.eus\/es\/"},{"@type":"ListItem","position":2,"name":"La manzana: Cosecha muy irregular seg\u00fan variedades."}]},{"@type":"WebSite","@id":"https:\/\/sagardoarenlurraldea.eus\/es\/#website","url":"https:\/\/sagardoarenlurraldea.eus\/es\/","name":"Sagardoaren Lurraldea","description":"El territorio de la sidra","potentialAction":[{"@type":"SearchAction","target":{"@type":"EntryPoint","urlTemplate":"https:\/\/sagardoarenlurraldea.eus\/es\/?s={search_term_string}"},"query-input":{"@type":"PropertyValueSpecification","valueRequired":true,"valueName":"search_term_string"}}],"inLanguage":"es"},{"@type":"Person","@id":"https:\/\/sagardoarenlurraldea.eus\/es\/#\/schema\/person\/9e9a225eda321f17256838c2fcba65a7","name":"Mikel Ecenarro","image":{"@type":"ImageObject","inLanguage":"es","@id":"https:\/\/sagardoarenlurraldea.eus\/es\/#\/schema\/person\/image\/","url":"https:\/\/secure.gravatar.com\/avatar\/1170400e3ac60954a47797ced4deed6bcd49cf85a03b7abd291d8f8be059bd1d?s=96&d=mm&r=g","contentUrl":"https:\/\/secure.gravatar.com\/avatar\/1170400e3ac60954a47797ced4deed6bcd49cf85a03b7abd291d8f8be059bd1d?s=96&d=mm&r=g","caption":"Mikel Ecenarro"}}]}},"_links":{"self":[{"href":"https:\/\/sagardoarenlurraldea.eus\/es\/wp-json\/wp\/v2\/posts\/17996","targetHints":{"allow":["GET"]}}],"collection":[{"href":"https:\/\/sagardoarenlurraldea.eus\/es\/wp-json\/wp\/v2\/posts"}],"about":[{"href":"https:\/\/sagardoarenlurraldea.eus\/es\/wp-json\/wp\/v2\/types\/post"}],"author":[{"embeddable":true,"href":"https:\/\/sagardoarenlurraldea.eus\/es\/wp-json\/wp\/v2\/users\/1"}],"replies":[{"embeddable":true,"href":"https:\/\/sagardoarenlurraldea.eus\/es\/wp-json\/wp\/v2\/comments?post=17996"}],"version-history":[{"count":0,"href":"https:\/\/sagardoarenlurraldea.eus\/es\/wp-json\/wp\/v2\/posts\/17996\/revisions"}],"wp:featuredmedia":[{"embeddable":true,"href":"https:\/\/sagardoarenlurraldea.eus\/es\/wp-json\/wp\/v2\/media\/1834"}],"wp:attachment":[{"href":"https:\/\/sagardoarenlurraldea.eus\/es\/wp-json\/wp\/v2\/media?parent=17996"}],"wp:term":[{"taxonomy":"category","embeddable":true,"href":"https:\/\/sagardoarenlurraldea.eus\/es\/wp-json\/wp\/v2\/categories?post=17996"},{"taxonomy":"post_tag","embeddable":true,"href":"https:\/\/sagardoarenlurraldea.eus\/es\/wp-json\/wp\/v2\/tags?post=17996"}],"curies":[{"name":"wp","href":"https:\/\/api.w.org\/{rel}","templated":true}]}}