{"id":17983,"date":"2014-11-04T00:00:00","date_gmt":"2014-11-03T22:00:00","guid":{"rendered":"http:\/\/www.sagardoarenlurraldea.eus\/blog\/curso-de-poda-y-plantacion-de-arboles-frutales\/"},"modified":"2014-11-04T00:00:00","modified_gmt":"2014-11-03T22:00:00","slug":"curso-de-poda-y-plantacion-de-arboles-frutales","status":"publish","type":"post","link":"https:\/\/sagardoarenlurraldea.eus\/es\/blog\/curso-de-poda-y-plantacion-de-arboles-frutales\/","title":{"rendered":"Curso de poda y plantaci\u00f3n de \u00e1rboles frutales."},"content":{"rendered":"<p><strong><a href=\"https:\/\/sagardoarenlurraldea.eus\/wp-content\/uploads\/2014\/11\/Fraisoro.jpg\"><img loading=\"lazy\" decoding=\"async\" class=\"alignleft size-medium wp-image-3954\" alt=\"Fraisoro\" src=\"https:\/\/sagardoarenlurraldea.eus\/wp-content\/uploads\/2014\/11\/Fraisoro-300x168.jpg\" width=\"300\" height=\"168\" \/><\/a>Fraisoro Eskola<\/strong> de Zizurkil en Colaboraci\u00f3n con <strong>HAZI<\/strong>, ha organizado el curso \u00abPoda y plantaci\u00f3n de \u00e1rboles frutales\u00bb que se celebrar\u00e1 a partir del 11 de noviembre. El curso ser\u00e1 impartido por Aitor Etxeandia (Sagarlan) de 15:00 a 19:00 de la tarde. El curso se celebrar\u00e1 el aa, 12, 25, 26 y 27 de noviembre, el 9,10,11,16, 17 y 18 de diciembre y el 8, 13, 14 y 15 de enero.<\/p>\n<p>El el curso se tratar\u00e1n temas como el clima, la morfolog\u00eda, la tierra, el PH y la composici\u00f3n de la tierra, su modo de preparaci\u00f3n, plantaci\u00f3n, variedades de manzana de mesa, manzana para sidra, la maduraci\u00f3n y las enfermedades.<\/p>\n<p>Para m\u00e1s informaci\u00f3n: Fraisoro Eskola 943692166 \/ fpefraisoro@hazi.es. El curso ser\u00e1 impartido en euskara si se completa el grupo. Si no, se impartir\u00e1 en castellano.<\/p>\n<p><strong>Fuente<\/strong>: <a href=\"http:\/\/www.diariovasco.com\/tolosa-goierri\/201411\/03\/fruta-arbolen-inausketa-landaketaren-20141103173354.html\">El Diario Vasco<\/a><\/p>\n<p>&nbsp;<\/p>\n","protected":false},"excerpt":{"rendered":"<p>Fraisoro Eskola de Zizurkil en Colaboraci\u00f3n con HAZI, ha organizado el curso \u00abPoda y plantaci\u00f3n de \u00e1rboles frutales\u00bb que se celebrar\u00e1 a partir del 11 de noviembre. El curso ser\u00e1 [&hellip;]<\/p>\n","protected":false},"author":1,"featured_media":3954,"comment_status":"open","ping_status":"open","sticky":false,"template":"","format":"standard","meta":{"_acf_changed":false,"_et_pb_use_builder":"","_et_pb_old_content":"","_et_gb_content_width":"","footnotes":""},"categories":[245,252,253],"tags":[322,920,997,1050,1662,1666,1972],"class_list":["post-17983","post","type-post","status-publish","format-standard","has-post-thumbnail","hentry","category-formacion","category-manzana","category-manzanal","tag-aitor-etxeandia","tag-fraisoro","tag-hazi","tag-ikastaroa","tag-sagarlan","tag-sagarra","tag-zizurkil"],"acf":[],"yoast_head":"<!-- This site is optimized with the Yoast SEO plugin v25.4 - https:\/\/yoast.com\/wordpress\/plugins\/seo\/ -->\n<title>Curso de poda y plantaci\u00f3n de \u00e1rboles frutales. - Sagardoaren Lurraldea<\/title>\n<meta name=\"robots\" content=\"index, follow, max-snippet:-1, max-image-preview:large, max-video-preview:-1\" \/>\n<link rel=\"canonical\" href=\"https:\/\/sagardoarenlurraldea.eus\/es\/blog\/curso-de-poda-y-plantacion-de-arboles-frutales\/\" \/>\n<meta property=\"og:locale\" content=\"es_ES\" \/>\n<meta property=\"og:type\" content=\"article\" \/>\n<meta property=\"og:title\" content=\"Curso de poda y plantaci\u00f3n de \u00e1rboles frutales. - Sagardoaren Lurraldea\" \/>\n<meta property=\"og:description\" content=\"Fraisoro Eskola de Zizurkil en Colaboraci\u00f3n con HAZI, ha organizado el curso \u00abPoda y plantaci\u00f3n de \u00e1rboles frutales\u00bb que se celebrar\u00e1 a partir del 11 de noviembre. El curso ser\u00e1 [&hellip;]\" \/>\n<meta property=\"og:url\" content=\"https:\/\/sagardoarenlurraldea.eus\/es\/blog\/curso-de-poda-y-plantacion-de-arboles-frutales\/\" \/>\n<meta property=\"og:site_name\" content=\"Sagardoaren Lurraldea\" \/>\n<meta property=\"article:publisher\" content=\"https:\/\/www.facebook.com\/sagardoarenlurraldea\" \/>\n<meta property=\"article:published_time\" content=\"2014-11-03T22:00:00+00:00\" \/>\n<meta property=\"og:image\" content=\"https:\/\/sagardoarenlurraldea.eus\/wp-content\/uploads\/2014\/11\/Fraisoro.jpg\" \/>\n\t<meta property=\"og:image:width\" content=\"575\" \/>\n\t<meta property=\"og:image:height\" content=\"323\" \/>\n\t<meta property=\"og:image:type\" content=\"image\/jpeg\" \/>\n<meta name=\"author\" content=\"Mikel Ecenarro\" \/>\n<meta name=\"twitter:card\" content=\"summary_large_image\" \/>\n<meta name=\"twitter:label1\" content=\"Escrito por\" \/>\n\t<meta name=\"twitter:data1\" content=\"Mikel Ecenarro\" \/>\n\t<meta name=\"twitter:label2\" content=\"Tiempo de lectura\" \/>\n\t<meta name=\"twitter:data2\" content=\"1 minuto\" \/>\n<script type=\"application\/ld+json\" class=\"yoast-schema-graph\">{\"@context\":\"https:\/\/schema.org\",\"@graph\":[{\"@type\":\"WebPage\",\"@id\":\"https:\/\/sagardoarenlurraldea.eus\/es\/blog\/curso-de-poda-y-plantacion-de-arboles-frutales\/\",\"url\":\"https:\/\/sagardoarenlurraldea.eus\/es\/blog\/curso-de-poda-y-plantacion-de-arboles-frutales\/\",\"name\":\"Curso de poda y plantaci\u00f3n de \u00e1rboles frutales. - Sagardoaren Lurraldea\",\"isPartOf\":{\"@id\":\"https:\/\/sagardoarenlurraldea.eus\/es\/#website\"},\"primaryImageOfPage\":{\"@id\":\"https:\/\/sagardoarenlurraldea.eus\/es\/blog\/curso-de-poda-y-plantacion-de-arboles-frutales\/#primaryimage\"},\"image\":{\"@id\":\"https:\/\/sagardoarenlurraldea.eus\/es\/blog\/curso-de-poda-y-plantacion-de-arboles-frutales\/#primaryimage\"},\"thumbnailUrl\":\"https:\/\/sagardoarenlurraldea.eus\/wp-content\/uploads\/2014\/11\/Fraisoro.jpg\",\"datePublished\":\"2014-11-03T22:00:00+00:00\",\"author\":{\"@id\":\"https:\/\/sagardoarenlurraldea.eus\/es\/#\/schema\/person\/9e9a225eda321f17256838c2fcba65a7\"},\"breadcrumb\":{\"@id\":\"https:\/\/sagardoarenlurraldea.eus\/es\/blog\/curso-de-poda-y-plantacion-de-arboles-frutales\/#breadcrumb\"},\"inLanguage\":\"es\",\"potentialAction\":[{\"@type\":\"ReadAction\",\"target\":[\"https:\/\/sagardoarenlurraldea.eus\/es\/blog\/curso-de-poda-y-plantacion-de-arboles-frutales\/\"]}]},{\"@type\":\"ImageObject\",\"inLanguage\":\"es\",\"@id\":\"https:\/\/sagardoarenlurraldea.eus\/es\/blog\/curso-de-poda-y-plantacion-de-arboles-frutales\/#primaryimage\",\"url\":\"https:\/\/sagardoarenlurraldea.eus\/wp-content\/uploads\/2014\/11\/Fraisoro.jpg\",\"contentUrl\":\"https:\/\/sagardoarenlurraldea.eus\/wp-content\/uploads\/2014\/11\/Fraisoro.jpg\",\"width\":575,\"height\":323},{\"@type\":\"BreadcrumbList\",\"@id\":\"https:\/\/sagardoarenlurraldea.eus\/es\/blog\/curso-de-poda-y-plantacion-de-arboles-frutales\/#breadcrumb\",\"itemListElement\":[{\"@type\":\"ListItem\",\"position\":1,\"name\":\"Inicio\",\"item\":\"https:\/\/sagardoarenlurraldea.eus\/es\/\"},{\"@type\":\"ListItem\",\"position\":2,\"name\":\"Curso de poda y plantaci\u00f3n de \u00e1rboles frutales.\"}]},{\"@type\":\"WebSite\",\"@id\":\"https:\/\/sagardoarenlurraldea.eus\/es\/#website\",\"url\":\"https:\/\/sagardoarenlurraldea.eus\/es\/\",\"name\":\"Sagardoaren Lurraldea\",\"description\":\"El territorio de la sidra\",\"potentialAction\":[{\"@type\":\"SearchAction\",\"target\":{\"@type\":\"EntryPoint\",\"urlTemplate\":\"https:\/\/sagardoarenlurraldea.eus\/es\/?s={search_term_string}\"},\"query-input\":{\"@type\":\"PropertyValueSpecification\",\"valueRequired\":true,\"valueName\":\"search_term_string\"}}],\"inLanguage\":\"es\"},{\"@type\":\"Person\",\"@id\":\"https:\/\/sagardoarenlurraldea.eus\/es\/#\/schema\/person\/9e9a225eda321f17256838c2fcba65a7\",\"name\":\"Mikel Ecenarro\",\"image\":{\"@type\":\"ImageObject\",\"inLanguage\":\"es\",\"@id\":\"https:\/\/sagardoarenlurraldea.eus\/es\/#\/schema\/person\/image\/\",\"url\":\"https:\/\/secure.gravatar.com\/avatar\/1170400e3ac60954a47797ced4deed6bcd49cf85a03b7abd291d8f8be059bd1d?s=96&d=mm&r=g\",\"contentUrl\":\"https:\/\/secure.gravatar.com\/avatar\/1170400e3ac60954a47797ced4deed6bcd49cf85a03b7abd291d8f8be059bd1d?s=96&d=mm&r=g\",\"caption\":\"Mikel Ecenarro\"}}]}<\/script>\n<!-- \/ Yoast SEO plugin. -->","yoast_head_json":{"title":"Curso de poda y plantaci\u00f3n de \u00e1rboles frutales. - Sagardoaren Lurraldea","robots":{"index":"index","follow":"follow","max-snippet":"max-snippet:-1","max-image-preview":"max-image-preview:large","max-video-preview":"max-video-preview:-1"},"canonical":"https:\/\/sagardoarenlurraldea.eus\/es\/blog\/curso-de-poda-y-plantacion-de-arboles-frutales\/","og_locale":"es_ES","og_type":"article","og_title":"Curso de poda y plantaci\u00f3n de \u00e1rboles frutales. - Sagardoaren Lurraldea","og_description":"Fraisoro Eskola de Zizurkil en Colaboraci\u00f3n con HAZI, ha organizado el curso \u00abPoda y plantaci\u00f3n de \u00e1rboles frutales\u00bb que se celebrar\u00e1 a partir del 11 de noviembre. El curso ser\u00e1 [&hellip;]","og_url":"https:\/\/sagardoarenlurraldea.eus\/es\/blog\/curso-de-poda-y-plantacion-de-arboles-frutales\/","og_site_name":"Sagardoaren Lurraldea","article_publisher":"https:\/\/www.facebook.com\/sagardoarenlurraldea","article_published_time":"2014-11-03T22:00:00+00:00","og_image":[{"width":575,"height":323,"url":"https:\/\/sagardoarenlurraldea.eus\/wp-content\/uploads\/2014\/11\/Fraisoro.jpg","type":"image\/jpeg"}],"author":"Mikel Ecenarro","twitter_card":"summary_large_image","twitter_misc":{"Escrito por":"Mikel Ecenarro","Tiempo de lectura":"1 minuto"},"schema":{"@context":"https:\/\/schema.org","@graph":[{"@type":"WebPage","@id":"https:\/\/sagardoarenlurraldea.eus\/es\/blog\/curso-de-poda-y-plantacion-de-arboles-frutales\/","url":"https:\/\/sagardoarenlurraldea.eus\/es\/blog\/curso-de-poda-y-plantacion-de-arboles-frutales\/","name":"Curso de poda y plantaci\u00f3n de \u00e1rboles frutales. - Sagardoaren Lurraldea","isPartOf":{"@id":"https:\/\/sagardoarenlurraldea.eus\/es\/#website"},"primaryImageOfPage":{"@id":"https:\/\/sagardoarenlurraldea.eus\/es\/blog\/curso-de-poda-y-plantacion-de-arboles-frutales\/#primaryimage"},"image":{"@id":"https:\/\/sagardoarenlurraldea.eus\/es\/blog\/curso-de-poda-y-plantacion-de-arboles-frutales\/#primaryimage"},"thumbnailUrl":"https:\/\/sagardoarenlurraldea.eus\/wp-content\/uploads\/2014\/11\/Fraisoro.jpg","datePublished":"2014-11-03T22:00:00+00:00","author":{"@id":"https:\/\/sagardoarenlurraldea.eus\/es\/#\/schema\/person\/9e9a225eda321f17256838c2fcba65a7"},"breadcrumb":{"@id":"https:\/\/sagardoarenlurraldea.eus\/es\/blog\/curso-de-poda-y-plantacion-de-arboles-frutales\/#breadcrumb"},"inLanguage":"es","potentialAction":[{"@type":"ReadAction","target":["https:\/\/sagardoarenlurraldea.eus\/es\/blog\/curso-de-poda-y-plantacion-de-arboles-frutales\/"]}]},{"@type":"ImageObject","inLanguage":"es","@id":"https:\/\/sagardoarenlurraldea.eus\/es\/blog\/curso-de-poda-y-plantacion-de-arboles-frutales\/#primaryimage","url":"https:\/\/sagardoarenlurraldea.eus\/wp-content\/uploads\/2014\/11\/Fraisoro.jpg","contentUrl":"https:\/\/sagardoarenlurraldea.eus\/wp-content\/uploads\/2014\/11\/Fraisoro.jpg","width":575,"height":323},{"@type":"BreadcrumbList","@id":"https:\/\/sagardoarenlurraldea.eus\/es\/blog\/curso-de-poda-y-plantacion-de-arboles-frutales\/#breadcrumb","itemListElement":[{"@type":"ListItem","position":1,"name":"Inicio","item":"https:\/\/sagardoarenlurraldea.eus\/es\/"},{"@type":"ListItem","position":2,"name":"Curso de poda y plantaci\u00f3n de \u00e1rboles frutales."}]},{"@type":"WebSite","@id":"https:\/\/sagardoarenlurraldea.eus\/es\/#website","url":"https:\/\/sagardoarenlurraldea.eus\/es\/","name":"Sagardoaren Lurraldea","description":"El territorio de la sidra","potentialAction":[{"@type":"SearchAction","target":{"@type":"EntryPoint","urlTemplate":"https:\/\/sagardoarenlurraldea.eus\/es\/?s={search_term_string}"},"query-input":{"@type":"PropertyValueSpecification","valueRequired":true,"valueName":"search_term_string"}}],"inLanguage":"es"},{"@type":"Person","@id":"https:\/\/sagardoarenlurraldea.eus\/es\/#\/schema\/person\/9e9a225eda321f17256838c2fcba65a7","name":"Mikel Ecenarro","image":{"@type":"ImageObject","inLanguage":"es","@id":"https:\/\/sagardoarenlurraldea.eus\/es\/#\/schema\/person\/image\/","url":"https:\/\/secure.gravatar.com\/avatar\/1170400e3ac60954a47797ced4deed6bcd49cf85a03b7abd291d8f8be059bd1d?s=96&d=mm&r=g","contentUrl":"https:\/\/secure.gravatar.com\/avatar\/1170400e3ac60954a47797ced4deed6bcd49cf85a03b7abd291d8f8be059bd1d?s=96&d=mm&r=g","caption":"Mikel Ecenarro"}}]}},"_links":{"self":[{"href":"https:\/\/sagardoarenlurraldea.eus\/es\/wp-json\/wp\/v2\/posts\/17983","targetHints":{"allow":["GET"]}}],"collection":[{"href":"https:\/\/sagardoarenlurraldea.eus\/es\/wp-json\/wp\/v2\/posts"}],"about":[{"href":"https:\/\/sagardoarenlurraldea.eus\/es\/wp-json\/wp\/v2\/types\/post"}],"author":[{"embeddable":true,"href":"https:\/\/sagardoarenlurraldea.eus\/es\/wp-json\/wp\/v2\/users\/1"}],"replies":[{"embeddable":true,"href":"https:\/\/sagardoarenlurraldea.eus\/es\/wp-json\/wp\/v2\/comments?post=17983"}],"version-history":[{"count":0,"href":"https:\/\/sagardoarenlurraldea.eus\/es\/wp-json\/wp\/v2\/posts\/17983\/revisions"}],"wp:featuredmedia":[{"embeddable":true,"href":"https:\/\/sagardoarenlurraldea.eus\/es\/wp-json\/wp\/v2\/media\/3954"}],"wp:attachment":[{"href":"https:\/\/sagardoarenlurraldea.eus\/es\/wp-json\/wp\/v2\/media?parent=17983"}],"wp:term":[{"taxonomy":"category","embeddable":true,"href":"https:\/\/sagardoarenlurraldea.eus\/es\/wp-json\/wp\/v2\/categories?post=17983"},{"taxonomy":"post_tag","embeddable":true,"href":"https:\/\/sagardoarenlurraldea.eus\/es\/wp-json\/wp\/v2\/tags?post=17983"}],"curies":[{"name":"wp","href":"https:\/\/api.w.org\/{rel}","templated":true}]}}