{"id":17964,"date":"2014-09-24T00:00:00","date_gmt":"2014-09-23T22:00:00","guid":{"rendered":"http:\/\/www.sagardoarenlurraldea.eus\/blog\/i-sagardobide-erronka\/"},"modified":"2014-09-24T00:00:00","modified_gmt":"2014-09-23T22:00:00","slug":"i-sagardobide-erronka","status":"publish","type":"post","link":"https:\/\/sagardoarenlurraldea.eus\/es\/blog\/i-sagardobide-erronka\/","title":{"rendered":"I. Sagardobide Erronka."},"content":{"rendered":"<div>\n<p><strong><a href=\"https:\/\/sagardoarenlurraldea.eus\/wp-content\/uploads\/2014\/09\/Sagardobide-erronka-kartela.jpg\"><img loading=\"lazy\" decoding=\"async\" class=\"alignleft size-medium wp-image-3851\" alt=\"Sagardobide erronka kartela\" src=\"https:\/\/sagardoarenlurraldea.eus\/wp-content\/uploads\/2014\/09\/Sagardobide-erronka-kartela-213x300.jpg\" width=\"213\" height=\"300\" srcset=\"https:\/\/sagardoarenlurraldea.eus\/wp-content\/uploads\/2014\/09\/Sagardobide-erronka-kartela-213x300.jpg 213w, https:\/\/sagardoarenlurraldea.eus\/wp-content\/uploads\/2014\/09\/Sagardobide-erronka-kartela-510x718.jpg 510w, https:\/\/sagardoarenlurraldea.eus\/wp-content\/uploads\/2014\/09\/Sagardobide-erronka-kartela-768x1081.jpg 768w, https:\/\/sagardoarenlurraldea.eus\/wp-content\/uploads\/2014\/09\/Sagardobide-erronka-kartela-728x1024.jpg 728w, https:\/\/sagardoarenlurraldea.eus\/wp-content\/uploads\/2014\/09\/Sagardobide-erronka-kartela.jpg 842w\" sizes=\"(max-width: 213px) 100vw, 213px\" \/><\/a>Este a\u00f1o se celebrar\u00e1 la \u201cI. Sagardobide Erronka\u201d, prueba de relevos entre sidrer\u00edas por Santiagomendi. Las sidrer\u00edas que participar\u00e1n en esta prueba son las siguientes: Alorrenea, Astarbe, Gurutzeta, Petritegi, Zapiain y Zelai<\/strong>a.<\/p>\n<p>Cada grupo estar\u00e1 compuesto por 2 chicos y dos chicas y el orden de los relevos ser\u00e1 el siguiente:<br \/>\n&#8211; 1\u00aa vuelta: los chicos en bicicleta.<br \/>\n&#8211; 2\u00aa vuelta: las chicas corriendo.<br \/>\n&#8211; 3\u00aa vuelta: las chicas en bicicleta.<br \/>\n&#8211; 4\u00aa vuelta: llegada a meta de los chicos corriendo.<\/p>\n<p><strong>Fecha<\/strong>: 28 de septiembre.<br \/>\n<strong>Hora<\/strong>: 09:00<br \/>\n<strong>Punto de salida<\/strong>: Foru Plaza (Astigarraga)<br \/>\n<strong>Punto de llegada<\/strong>: Foru Plaza (Astigarraga)<br \/>\n<strong>Duraci\u00f3n<\/strong>: 02:30 horas aprox.<\/p>\n<\/div>\n","protected":false},"excerpt":{"rendered":"<p>Este a\u00f1o se celebrar\u00e1 la \u201cI. Sagardobide Erronka\u201d, prueba de relevos entre sidrer\u00edas por Santiagomendi. Las sidrer\u00edas que participar\u00e1n en esta prueba son las siguientes: Alorrenea, Astarbe, Gurutzeta, Petritegi, Zapiain [&hellip;]<\/p>\n","protected":false},"author":1,"featured_media":3851,"comment_status":"open","ping_status":"open","sticky":false,"template":"","format":"standard","meta":{"_acf_changed":false,"_et_pb_use_builder":"","_et_pb_old_content":"","_et_gb_content_width":"","footnotes":""},"categories":[242,255],"tags":[420,807,1482,1568,1652,1717,1776],"class_list":["post-17964","post","type-post","status-publish","format-standard","has-post-thumbnail","hentry","category-eventos","category-sidrerias","tag-astigarraga","tag-erronka","tag-prueba","tag-sagar-uzta","tag-sagardotegiak-2","tag-santiagomendi","tag-sidrerias"],"acf":[],"yoast_head":"<!-- This site is optimized with the Yoast SEO plugin v25.4 - https:\/\/yoast.com\/wordpress\/plugins\/seo\/ -->\n<title>I. Sagardobide Erronka. - Sagardoaren Lurraldea<\/title>\n<meta name=\"robots\" content=\"index, follow, max-snippet:-1, max-image-preview:large, max-video-preview:-1\" \/>\n<link rel=\"canonical\" href=\"https:\/\/sagardoarenlurraldea.eus\/es\/blog\/i-sagardobide-erronka\/\" \/>\n<meta property=\"og:locale\" content=\"es_ES\" \/>\n<meta property=\"og:type\" content=\"article\" \/>\n<meta property=\"og:title\" content=\"I. Sagardobide Erronka. - Sagardoaren Lurraldea\" \/>\n<meta property=\"og:description\" content=\"Este a\u00f1o se celebrar\u00e1 la \u201cI. Sagardobide Erronka\u201d, prueba de relevos entre sidrer\u00edas por Santiagomendi. Las sidrer\u00edas que participar\u00e1n en esta prueba son las siguientes: Alorrenea, Astarbe, Gurutzeta, Petritegi, Zapiain [&hellip;]\" \/>\n<meta property=\"og:url\" content=\"https:\/\/sagardoarenlurraldea.eus\/es\/blog\/i-sagardobide-erronka\/\" \/>\n<meta property=\"og:site_name\" content=\"Sagardoaren Lurraldea\" \/>\n<meta property=\"article:publisher\" content=\"https:\/\/www.facebook.com\/sagardoarenlurraldea\" \/>\n<meta property=\"article:published_time\" content=\"2014-09-23T22:00:00+00:00\" \/>\n<meta property=\"og:image\" content=\"https:\/\/sagardoarenlurraldea.eus\/wp-content\/uploads\/2014\/09\/Sagardobide-erronka-kartela.jpg\" \/>\n\t<meta property=\"og:image:width\" content=\"842\" \/>\n\t<meta property=\"og:image:height\" content=\"1185\" \/>\n\t<meta property=\"og:image:type\" content=\"image\/jpeg\" \/>\n<meta name=\"author\" content=\"Mikel Ecenarro\" \/>\n<meta name=\"twitter:card\" content=\"summary_large_image\" \/>\n<meta name=\"twitter:label1\" content=\"Escrito por\" \/>\n\t<meta name=\"twitter:data1\" content=\"Mikel Ecenarro\" \/>\n\t<meta name=\"twitter:label2\" content=\"Tiempo de lectura\" \/>\n\t<meta name=\"twitter:data2\" content=\"1 minuto\" \/>\n<script type=\"application\/ld+json\" class=\"yoast-schema-graph\">{\"@context\":\"https:\/\/schema.org\",\"@graph\":[{\"@type\":\"WebPage\",\"@id\":\"https:\/\/sagardoarenlurraldea.eus\/es\/blog\/i-sagardobide-erronka\/\",\"url\":\"https:\/\/sagardoarenlurraldea.eus\/es\/blog\/i-sagardobide-erronka\/\",\"name\":\"I. Sagardobide Erronka. - Sagardoaren Lurraldea\",\"isPartOf\":{\"@id\":\"https:\/\/sagardoarenlurraldea.eus\/es\/#website\"},\"primaryImageOfPage\":{\"@id\":\"https:\/\/sagardoarenlurraldea.eus\/es\/blog\/i-sagardobide-erronka\/#primaryimage\"},\"image\":{\"@id\":\"https:\/\/sagardoarenlurraldea.eus\/es\/blog\/i-sagardobide-erronka\/#primaryimage\"},\"thumbnailUrl\":\"https:\/\/sagardoarenlurraldea.eus\/wp-content\/uploads\/2014\/09\/Sagardobide-erronka-kartela.jpg\",\"datePublished\":\"2014-09-23T22:00:00+00:00\",\"author\":{\"@id\":\"https:\/\/sagardoarenlurraldea.eus\/es\/#\/schema\/person\/9e9a225eda321f17256838c2fcba65a7\"},\"breadcrumb\":{\"@id\":\"https:\/\/sagardoarenlurraldea.eus\/es\/blog\/i-sagardobide-erronka\/#breadcrumb\"},\"inLanguage\":\"es\",\"potentialAction\":[{\"@type\":\"ReadAction\",\"target\":[\"https:\/\/sagardoarenlurraldea.eus\/es\/blog\/i-sagardobide-erronka\/\"]}]},{\"@type\":\"ImageObject\",\"inLanguage\":\"es\",\"@id\":\"https:\/\/sagardoarenlurraldea.eus\/es\/blog\/i-sagardobide-erronka\/#primaryimage\",\"url\":\"https:\/\/sagardoarenlurraldea.eus\/wp-content\/uploads\/2014\/09\/Sagardobide-erronka-kartela.jpg\",\"contentUrl\":\"https:\/\/sagardoarenlurraldea.eus\/wp-content\/uploads\/2014\/09\/Sagardobide-erronka-kartela.jpg\",\"width\":842,\"height\":1185},{\"@type\":\"BreadcrumbList\",\"@id\":\"https:\/\/sagardoarenlurraldea.eus\/es\/blog\/i-sagardobide-erronka\/#breadcrumb\",\"itemListElement\":[{\"@type\":\"ListItem\",\"position\":1,\"name\":\"Inicio\",\"item\":\"https:\/\/sagardoarenlurraldea.eus\/es\/\"},{\"@type\":\"ListItem\",\"position\":2,\"name\":\"I. Sagardobide Erronka.\"}]},{\"@type\":\"WebSite\",\"@id\":\"https:\/\/sagardoarenlurraldea.eus\/es\/#website\",\"url\":\"https:\/\/sagardoarenlurraldea.eus\/es\/\",\"name\":\"Sagardoaren Lurraldea\",\"description\":\"El territorio de la sidra\",\"potentialAction\":[{\"@type\":\"SearchAction\",\"target\":{\"@type\":\"EntryPoint\",\"urlTemplate\":\"https:\/\/sagardoarenlurraldea.eus\/es\/?s={search_term_string}\"},\"query-input\":{\"@type\":\"PropertyValueSpecification\",\"valueRequired\":true,\"valueName\":\"search_term_string\"}}],\"inLanguage\":\"es\"},{\"@type\":\"Person\",\"@id\":\"https:\/\/sagardoarenlurraldea.eus\/es\/#\/schema\/person\/9e9a225eda321f17256838c2fcba65a7\",\"name\":\"Mikel Ecenarro\",\"image\":{\"@type\":\"ImageObject\",\"inLanguage\":\"es\",\"@id\":\"https:\/\/sagardoarenlurraldea.eus\/es\/#\/schema\/person\/image\/\",\"url\":\"https:\/\/secure.gravatar.com\/avatar\/1170400e3ac60954a47797ced4deed6bcd49cf85a03b7abd291d8f8be059bd1d?s=96&d=mm&r=g\",\"contentUrl\":\"https:\/\/secure.gravatar.com\/avatar\/1170400e3ac60954a47797ced4deed6bcd49cf85a03b7abd291d8f8be059bd1d?s=96&d=mm&r=g\",\"caption\":\"Mikel Ecenarro\"}}]}<\/script>\n<!-- \/ Yoast SEO plugin. -->","yoast_head_json":{"title":"I. Sagardobide Erronka. - Sagardoaren Lurraldea","robots":{"index":"index","follow":"follow","max-snippet":"max-snippet:-1","max-image-preview":"max-image-preview:large","max-video-preview":"max-video-preview:-1"},"canonical":"https:\/\/sagardoarenlurraldea.eus\/es\/blog\/i-sagardobide-erronka\/","og_locale":"es_ES","og_type":"article","og_title":"I. Sagardobide Erronka. - Sagardoaren Lurraldea","og_description":"Este a\u00f1o se celebrar\u00e1 la \u201cI. Sagardobide Erronka\u201d, prueba de relevos entre sidrer\u00edas por Santiagomendi. Las sidrer\u00edas que participar\u00e1n en esta prueba son las siguientes: Alorrenea, Astarbe, Gurutzeta, Petritegi, Zapiain [&hellip;]","og_url":"https:\/\/sagardoarenlurraldea.eus\/es\/blog\/i-sagardobide-erronka\/","og_site_name":"Sagardoaren Lurraldea","article_publisher":"https:\/\/www.facebook.com\/sagardoarenlurraldea","article_published_time":"2014-09-23T22:00:00+00:00","og_image":[{"width":842,"height":1185,"url":"https:\/\/sagardoarenlurraldea.eus\/wp-content\/uploads\/2014\/09\/Sagardobide-erronka-kartela.jpg","type":"image\/jpeg"}],"author":"Mikel Ecenarro","twitter_card":"summary_large_image","twitter_misc":{"Escrito por":"Mikel Ecenarro","Tiempo de lectura":"1 minuto"},"schema":{"@context":"https:\/\/schema.org","@graph":[{"@type":"WebPage","@id":"https:\/\/sagardoarenlurraldea.eus\/es\/blog\/i-sagardobide-erronka\/","url":"https:\/\/sagardoarenlurraldea.eus\/es\/blog\/i-sagardobide-erronka\/","name":"I. Sagardobide Erronka. - Sagardoaren Lurraldea","isPartOf":{"@id":"https:\/\/sagardoarenlurraldea.eus\/es\/#website"},"primaryImageOfPage":{"@id":"https:\/\/sagardoarenlurraldea.eus\/es\/blog\/i-sagardobide-erronka\/#primaryimage"},"image":{"@id":"https:\/\/sagardoarenlurraldea.eus\/es\/blog\/i-sagardobide-erronka\/#primaryimage"},"thumbnailUrl":"https:\/\/sagardoarenlurraldea.eus\/wp-content\/uploads\/2014\/09\/Sagardobide-erronka-kartela.jpg","datePublished":"2014-09-23T22:00:00+00:00","author":{"@id":"https:\/\/sagardoarenlurraldea.eus\/es\/#\/schema\/person\/9e9a225eda321f17256838c2fcba65a7"},"breadcrumb":{"@id":"https:\/\/sagardoarenlurraldea.eus\/es\/blog\/i-sagardobide-erronka\/#breadcrumb"},"inLanguage":"es","potentialAction":[{"@type":"ReadAction","target":["https:\/\/sagardoarenlurraldea.eus\/es\/blog\/i-sagardobide-erronka\/"]}]},{"@type":"ImageObject","inLanguage":"es","@id":"https:\/\/sagardoarenlurraldea.eus\/es\/blog\/i-sagardobide-erronka\/#primaryimage","url":"https:\/\/sagardoarenlurraldea.eus\/wp-content\/uploads\/2014\/09\/Sagardobide-erronka-kartela.jpg","contentUrl":"https:\/\/sagardoarenlurraldea.eus\/wp-content\/uploads\/2014\/09\/Sagardobide-erronka-kartela.jpg","width":842,"height":1185},{"@type":"BreadcrumbList","@id":"https:\/\/sagardoarenlurraldea.eus\/es\/blog\/i-sagardobide-erronka\/#breadcrumb","itemListElement":[{"@type":"ListItem","position":1,"name":"Inicio","item":"https:\/\/sagardoarenlurraldea.eus\/es\/"},{"@type":"ListItem","position":2,"name":"I. Sagardobide Erronka."}]},{"@type":"WebSite","@id":"https:\/\/sagardoarenlurraldea.eus\/es\/#website","url":"https:\/\/sagardoarenlurraldea.eus\/es\/","name":"Sagardoaren Lurraldea","description":"El territorio de la sidra","potentialAction":[{"@type":"SearchAction","target":{"@type":"EntryPoint","urlTemplate":"https:\/\/sagardoarenlurraldea.eus\/es\/?s={search_term_string}"},"query-input":{"@type":"PropertyValueSpecification","valueRequired":true,"valueName":"search_term_string"}}],"inLanguage":"es"},{"@type":"Person","@id":"https:\/\/sagardoarenlurraldea.eus\/es\/#\/schema\/person\/9e9a225eda321f17256838c2fcba65a7","name":"Mikel Ecenarro","image":{"@type":"ImageObject","inLanguage":"es","@id":"https:\/\/sagardoarenlurraldea.eus\/es\/#\/schema\/person\/image\/","url":"https:\/\/secure.gravatar.com\/avatar\/1170400e3ac60954a47797ced4deed6bcd49cf85a03b7abd291d8f8be059bd1d?s=96&d=mm&r=g","contentUrl":"https:\/\/secure.gravatar.com\/avatar\/1170400e3ac60954a47797ced4deed6bcd49cf85a03b7abd291d8f8be059bd1d?s=96&d=mm&r=g","caption":"Mikel Ecenarro"}}]}},"_links":{"self":[{"href":"https:\/\/sagardoarenlurraldea.eus\/es\/wp-json\/wp\/v2\/posts\/17964","targetHints":{"allow":["GET"]}}],"collection":[{"href":"https:\/\/sagardoarenlurraldea.eus\/es\/wp-json\/wp\/v2\/posts"}],"about":[{"href":"https:\/\/sagardoarenlurraldea.eus\/es\/wp-json\/wp\/v2\/types\/post"}],"author":[{"embeddable":true,"href":"https:\/\/sagardoarenlurraldea.eus\/es\/wp-json\/wp\/v2\/users\/1"}],"replies":[{"embeddable":true,"href":"https:\/\/sagardoarenlurraldea.eus\/es\/wp-json\/wp\/v2\/comments?post=17964"}],"version-history":[{"count":0,"href":"https:\/\/sagardoarenlurraldea.eus\/es\/wp-json\/wp\/v2\/posts\/17964\/revisions"}],"wp:featuredmedia":[{"embeddable":true,"href":"https:\/\/sagardoarenlurraldea.eus\/es\/wp-json\/wp\/v2\/media\/3851"}],"wp:attachment":[{"href":"https:\/\/sagardoarenlurraldea.eus\/es\/wp-json\/wp\/v2\/media?parent=17964"}],"wp:term":[{"taxonomy":"category","embeddable":true,"href":"https:\/\/sagardoarenlurraldea.eus\/es\/wp-json\/wp\/v2\/categories?post=17964"},{"taxonomy":"post_tag","embeddable":true,"href":"https:\/\/sagardoarenlurraldea.eus\/es\/wp-json\/wp\/v2\/tags?post=17964"}],"curies":[{"name":"wp","href":"https:\/\/api.w.org\/{rel}","templated":true}]}}