{"id":17945,"date":"2014-07-01T00:00:00","date_gmt":"2014-06-30T22:00:00","guid":{"rendered":"http:\/\/www.sagardoarenlurraldea.eus\/blog\/responsable-de-ventas-en-una-sidreria\/"},"modified":"2014-07-01T00:00:00","modified_gmt":"2014-06-30T22:00:00","slug":"responsable-de-ventas-en-una-sidreria","status":"publish","type":"post","link":"https:\/\/sagardoarenlurraldea.eus\/es\/blog\/responsable-de-ventas-en-una-sidreria\/","title":{"rendered":"Responsable de ventas en una sidrer\u00eda."},"content":{"rendered":"<p><a href=\"https:\/\/sagardoarenlurraldea.eus\/wp-content\/uploads\/2014\/07\/EJL0240-GARTZIATEGI_2834x1882.jpg\"><img loading=\"lazy\" decoding=\"async\" class=\"alignleft size-medium wp-image-3741\" alt=\"EJL0240-(GARTZIATEGI)_2834x1882\" src=\"https:\/\/sagardoarenlurraldea.eus\/wp-content\/uploads\/2014\/07\/EJL0240-GARTZIATEGI_2834x1882-300x199.jpg\" width=\"300\" height=\"199\" srcset=\"https:\/\/sagardoarenlurraldea.eus\/wp-content\/uploads\/2014\/07\/EJL0240-GARTZIATEGI_2834x1882-300x199.jpg 300w, https:\/\/sagardoarenlurraldea.eus\/wp-content\/uploads\/2014\/07\/EJL0240-GARTZIATEGI_2834x1882-510x339.jpg 510w, https:\/\/sagardoarenlurraldea.eus\/wp-content\/uploads\/2014\/07\/EJL0240-GARTZIATEGI_2834x1882-768x510.jpg 768w, https:\/\/sagardoarenlurraldea.eus\/wp-content\/uploads\/2014\/07\/EJL0240-GARTZIATEGI_2834x1882-1024x680.jpg 1024w, https:\/\/sagardoarenlurraldea.eus\/wp-content\/uploads\/2014\/07\/EJL0240-GARTZIATEGI_2834x1882-1080x717.jpg 1080w\" sizes=\"(max-width: 300px) 100vw, 300px\" \/><\/a>El responsable de ventas o t\u00e9cnico comercial en sidras y bebidas derivadas de la manzana se caracteriza por ser la persona encargada de la negociaci\u00f3n comercial y de conocer a la perfecci\u00f3n los productos que vende. Es un especialista de la venta a \u201cla carta\u201d que sabe adaptar su oferta a las necesidades del cliente.<\/p>\n<p>Es asimismo, el encargado de conectar y unir a la bodega con los distribuidores. Como tal, busca y mantiene su cartera de clientes, tanto a nivel nacional como internacional, analiza sus necesidades y les propone productos y servicios personalizados<b>.<\/b><\/p>\n<p><b>1. TAREAS Y CONDICIONES DE TRABAJO:<\/b><\/p>\n<p><em><b>Vender, comprar, negociar<\/b><\/em><\/p>\n<p>En el sector agroalimentario, la funci\u00f3n de t\u00e9cnico comercial es una actividad esencial en un contexto de competencia internacional. Vender, o a veces comprar, a medida es el papel del comercial de una sidrer\u00eda.<\/p>\n<p>Es al mismo tiempo un vendedor que negocia contratos con sus clientes y un t\u00e9cnico que sabe explicar la composici\u00f3n y las excelencias de su producto.<\/p>\n<p>Este doble papel le permite obtener el respeto de una gran variedad de clientes como, por ejemplo, cadenas de gran distribuci\u00f3n, empresarios de restauraci\u00f3n, tiendas de vinos, distribuidores especializados en bebidas, etc.<\/p>\n<p><em><b>Analizar las necesidades<\/b><\/em><\/p>\n<p>Si bien su cometido principal es la venta de las bebidas de la bodega, el comercial primeramente analiza las necesidades de sus interlocutores, tipo de bebida, etiquetas, embalaje, promociones, etc. Con este fin colabora con el gerente, el maestro de bodega y el responsable calidad.<\/p>\n<p><em><b>Administrar y planificar<\/b><\/em><\/p>\n<p>El t\u00e9cnico comercial es el encargado, tambi\u00e9n, de la gesti\u00f3n de costes, de la planificaci\u00f3n anual de producci\u00f3n y de la gesti\u00f3n de ventas garantizando los plazos de entrega a los clientes.<\/p>\n<p>Organiza y planifica las reservas y aprovisionamiento necesario en todo lo que se refiere al etiquetado y embalado de los productos as\u00ed como en el material de promoci\u00f3n comercial (folletos, carteles, muchos varios).<\/p>\n<p><em><b>Explicar y dar valor a\u00f1adido al producto<\/b><\/em><\/p>\n<p>\u201cEn qu\u00e9 se distingue y es \u00fanico lo que vendo\u201d, es el gran arte del t\u00e9cnico comercial de nuestras sagardotegis.<\/p>\n<p>Nuestras empresas no tiene el tama\u00f1o suficiente para ganar la guerra de precios, pero nuestra cultura vasca es altamente competitiva en el mercado en lo referente a la calidad y al origen. Tiene que transmitir las peculiaridades y caracter\u00edsticas de su bodega en los diferentes soportes de venta y muy particularmente en los medios digitales. Con lo cual se impone el conocimiento y utilizaci\u00f3n de cuatro idiomas: euskera, castellano, franc\u00e9s e ingl\u00e9s.<\/p>\n<p>Igualmente, es el responsable de la organizaci\u00f3n y la log\u00edstica de las ferias y eventos en lo que participa \u201csu\u201d sagardotegia.<\/p>\n<p>Supervisa con el maestro de bodega las visitas a la misma y establece los contenidos culturales a transmitir a los clientes del Txotx!<\/p>\n<p><b>2. REQUERIMIENTOS PROFESIONALES:<\/b><\/p>\n<p>Persona emprendedora, con dotes sociales e investigador. Con sentido de los negocios, agilidad relacional, capacidad de escucha, diplomacia, persuasi\u00f3n. Conocedor de la legislaci\u00f3n medio ambiental y las certificaciones calidad para dominar la trazabilidad de sus productos.<\/p>\n<p>Aunque aut\u00f3nomo en la organizaci\u00f3n de su trabajo, da cuenta regularmente al gerente de las acciones llevadas a cabo y muy especialmente de las relativas a la consecuci\u00f3n de objetivos<\/p>\n<p>comerciales (volumen y margen).<\/p>\n<p>Se le exige una gran disponibilidad horaria y de movilidad para garantizar el contacto y trato directo con sus clientes. Utilizar\u00e1 cualquier medio de locomoci\u00f3n y su jornada no tendr\u00e1 un horario establecido, sobre todo, en los meses de fuerte consumo y demanda de sagardoa.<\/p>\n<p><b>3. PERSPECTIVAS DE EVOLUCI\u00d3N<\/b>:<\/p>\n<p>Completando su formaci\u00f3n con conocimientos en marketing y en gesti\u00f3n empresarial, el t\u00e9cnico comercial puede llegar a ser gerente de la sidrer\u00eda o director comercial en empresas importantes del sector vin\u00edcola.<\/p>\n<p>________________<\/p>\n<p><strong>Fuente<\/strong>: <a href=\"http:\/\/bit.ly\/1uO04zp \">Bolet\u00edn Sagardoaren Lurraldea n\u00ba35<\/a><br \/>\n<strong>Autor<\/strong>: Dominic Lagadec\u00a0 &#8211; TXOPINONDO SARL.<\/p>\n","protected":false},"excerpt":{"rendered":"<p>El responsable de ventas o t\u00e9cnico comercial en sidras y bebidas derivadas de la manzana se caracteriza por ser la persona encargada de la negociaci\u00f3n comercial y de conocer a [&hellip;]<\/p>\n","protected":false},"author":1,"featured_media":3741,"comment_status":"open","ping_status":"open","sticky":false,"template":"","format":"standard","meta":{"_acf_changed":false,"_et_pb_use_builder":"","_et_pb_old_content":"","_et_gb_content_width":"","footnotes":""},"categories":[255],"tags":[523,1348,1349,1527,1607,1626,1651,1703,1752,1771],"class_list":["post-17945","post","type-post","status-publish","format-standard","has-post-thumbnail","hentry","category-sidrerias","tag-boletin-sagardoaren-lurraldea","tag-oficios","tag-ofizioak","tag-responsable-de-ventas","tag-sagardoa-2","tag-sagardoaren-lurraldea-boletina","tag-sagardotegia","tag-salmenten-arduraduna","tag-sidra","tag-sidreria"],"acf":[],"yoast_head":"<!-- This site is optimized with the Yoast SEO plugin v25.4 - https:\/\/yoast.com\/wordpress\/plugins\/seo\/ -->\n<title>Responsable de ventas en una sidrer\u00eda. - Sagardoaren Lurraldea<\/title>\n<meta name=\"robots\" content=\"index, follow, max-snippet:-1, max-image-preview:large, max-video-preview:-1\" \/>\n<link rel=\"canonical\" href=\"https:\/\/sagardoarenlurraldea.eus\/es\/blog\/responsable-de-ventas-en-una-sidreria\/\" \/>\n<meta property=\"og:locale\" content=\"es_ES\" \/>\n<meta property=\"og:type\" content=\"article\" \/>\n<meta property=\"og:title\" content=\"Responsable de ventas en una sidrer\u00eda. - Sagardoaren Lurraldea\" \/>\n<meta property=\"og:description\" content=\"El responsable de ventas o t\u00e9cnico comercial en sidras y bebidas derivadas de la manzana se caracteriza por ser la persona encargada de la negociaci\u00f3n comercial y de conocer a [&hellip;]\" \/>\n<meta property=\"og:url\" content=\"https:\/\/sagardoarenlurraldea.eus\/es\/blog\/responsable-de-ventas-en-una-sidreria\/\" \/>\n<meta property=\"og:site_name\" content=\"Sagardoaren Lurraldea\" \/>\n<meta property=\"article:publisher\" content=\"https:\/\/www.facebook.com\/sagardoarenlurraldea\" \/>\n<meta property=\"article:published_time\" content=\"2014-06-30T22:00:00+00:00\" \/>\n<meta property=\"og:image\" content=\"https:\/\/sagardoarenlurraldea.eus\/wp-content\/uploads\/2014\/07\/EJL0240-GARTZIATEGI_2834x1882-scaled.jpg\" \/>\n\t<meta property=\"og:image:width\" content=\"2560\" \/>\n\t<meta property=\"og:image:height\" content=\"1700\" \/>\n\t<meta property=\"og:image:type\" content=\"image\/jpeg\" \/>\n<meta name=\"author\" content=\"Mikel Ecenarro\" \/>\n<meta name=\"twitter:card\" content=\"summary_large_image\" \/>\n<meta name=\"twitter:label1\" content=\"Escrito por\" \/>\n\t<meta name=\"twitter:data1\" content=\"Mikel Ecenarro\" \/>\n\t<meta name=\"twitter:label2\" content=\"Tiempo de lectura\" \/>\n\t<meta name=\"twitter:data2\" content=\"3 minutos\" \/>\n<script type=\"application\/ld+json\" class=\"yoast-schema-graph\">{\"@context\":\"https:\/\/schema.org\",\"@graph\":[{\"@type\":\"WebPage\",\"@id\":\"https:\/\/sagardoarenlurraldea.eus\/es\/blog\/responsable-de-ventas-en-una-sidreria\/\",\"url\":\"https:\/\/sagardoarenlurraldea.eus\/es\/blog\/responsable-de-ventas-en-una-sidreria\/\",\"name\":\"Responsable de ventas en una sidrer\u00eda. - Sagardoaren Lurraldea\",\"isPartOf\":{\"@id\":\"https:\/\/sagardoarenlurraldea.eus\/es\/#website\"},\"primaryImageOfPage\":{\"@id\":\"https:\/\/sagardoarenlurraldea.eus\/es\/blog\/responsable-de-ventas-en-una-sidreria\/#primaryimage\"},\"image\":{\"@id\":\"https:\/\/sagardoarenlurraldea.eus\/es\/blog\/responsable-de-ventas-en-una-sidreria\/#primaryimage\"},\"thumbnailUrl\":\"https:\/\/sagardoarenlurraldea.eus\/wp-content\/uploads\/2014\/07\/EJL0240-GARTZIATEGI_2834x1882-scaled.jpg\",\"datePublished\":\"2014-06-30T22:00:00+00:00\",\"author\":{\"@id\":\"https:\/\/sagardoarenlurraldea.eus\/es\/#\/schema\/person\/9e9a225eda321f17256838c2fcba65a7\"},\"breadcrumb\":{\"@id\":\"https:\/\/sagardoarenlurraldea.eus\/es\/blog\/responsable-de-ventas-en-una-sidreria\/#breadcrumb\"},\"inLanguage\":\"es\",\"potentialAction\":[{\"@type\":\"ReadAction\",\"target\":[\"https:\/\/sagardoarenlurraldea.eus\/es\/blog\/responsable-de-ventas-en-una-sidreria\/\"]}]},{\"@type\":\"ImageObject\",\"inLanguage\":\"es\",\"@id\":\"https:\/\/sagardoarenlurraldea.eus\/es\/blog\/responsable-de-ventas-en-una-sidreria\/#primaryimage\",\"url\":\"https:\/\/sagardoarenlurraldea.eus\/wp-content\/uploads\/2014\/07\/EJL0240-GARTZIATEGI_2834x1882-scaled.jpg\",\"contentUrl\":\"https:\/\/sagardoarenlurraldea.eus\/wp-content\/uploads\/2014\/07\/EJL0240-GARTZIATEGI_2834x1882-scaled.jpg\",\"width\":2560,\"height\":1700},{\"@type\":\"BreadcrumbList\",\"@id\":\"https:\/\/sagardoarenlurraldea.eus\/es\/blog\/responsable-de-ventas-en-una-sidreria\/#breadcrumb\",\"itemListElement\":[{\"@type\":\"ListItem\",\"position\":1,\"name\":\"Inicio\",\"item\":\"https:\/\/sagardoarenlurraldea.eus\/es\/\"},{\"@type\":\"ListItem\",\"position\":2,\"name\":\"Responsable de ventas en una sidrer\u00eda.\"}]},{\"@type\":\"WebSite\",\"@id\":\"https:\/\/sagardoarenlurraldea.eus\/es\/#website\",\"url\":\"https:\/\/sagardoarenlurraldea.eus\/es\/\",\"name\":\"Sagardoaren Lurraldea\",\"description\":\"El territorio de la sidra\",\"potentialAction\":[{\"@type\":\"SearchAction\",\"target\":{\"@type\":\"EntryPoint\",\"urlTemplate\":\"https:\/\/sagardoarenlurraldea.eus\/es\/?s={search_term_string}\"},\"query-input\":{\"@type\":\"PropertyValueSpecification\",\"valueRequired\":true,\"valueName\":\"search_term_string\"}}],\"inLanguage\":\"es\"},{\"@type\":\"Person\",\"@id\":\"https:\/\/sagardoarenlurraldea.eus\/es\/#\/schema\/person\/9e9a225eda321f17256838c2fcba65a7\",\"name\":\"Mikel Ecenarro\",\"image\":{\"@type\":\"ImageObject\",\"inLanguage\":\"es\",\"@id\":\"https:\/\/sagardoarenlurraldea.eus\/es\/#\/schema\/person\/image\/\",\"url\":\"https:\/\/secure.gravatar.com\/avatar\/1170400e3ac60954a47797ced4deed6bcd49cf85a03b7abd291d8f8be059bd1d?s=96&d=mm&r=g\",\"contentUrl\":\"https:\/\/secure.gravatar.com\/avatar\/1170400e3ac60954a47797ced4deed6bcd49cf85a03b7abd291d8f8be059bd1d?s=96&d=mm&r=g\",\"caption\":\"Mikel Ecenarro\"}}]}<\/script>\n<!-- \/ Yoast SEO plugin. -->","yoast_head_json":{"title":"Responsable de ventas en una sidrer\u00eda. - Sagardoaren Lurraldea","robots":{"index":"index","follow":"follow","max-snippet":"max-snippet:-1","max-image-preview":"max-image-preview:large","max-video-preview":"max-video-preview:-1"},"canonical":"https:\/\/sagardoarenlurraldea.eus\/es\/blog\/responsable-de-ventas-en-una-sidreria\/","og_locale":"es_ES","og_type":"article","og_title":"Responsable de ventas en una sidrer\u00eda. - Sagardoaren Lurraldea","og_description":"El responsable de ventas o t\u00e9cnico comercial en sidras y bebidas derivadas de la manzana se caracteriza por ser la persona encargada de la negociaci\u00f3n comercial y de conocer a [&hellip;]","og_url":"https:\/\/sagardoarenlurraldea.eus\/es\/blog\/responsable-de-ventas-en-una-sidreria\/","og_site_name":"Sagardoaren Lurraldea","article_publisher":"https:\/\/www.facebook.com\/sagardoarenlurraldea","article_published_time":"2014-06-30T22:00:00+00:00","og_image":[{"width":2560,"height":1700,"url":"https:\/\/sagardoarenlurraldea.eus\/wp-content\/uploads\/2014\/07\/EJL0240-GARTZIATEGI_2834x1882-scaled.jpg","type":"image\/jpeg"}],"author":"Mikel Ecenarro","twitter_card":"summary_large_image","twitter_misc":{"Escrito por":"Mikel Ecenarro","Tiempo de lectura":"3 minutos"},"schema":{"@context":"https:\/\/schema.org","@graph":[{"@type":"WebPage","@id":"https:\/\/sagardoarenlurraldea.eus\/es\/blog\/responsable-de-ventas-en-una-sidreria\/","url":"https:\/\/sagardoarenlurraldea.eus\/es\/blog\/responsable-de-ventas-en-una-sidreria\/","name":"Responsable de ventas en una sidrer\u00eda. - Sagardoaren Lurraldea","isPartOf":{"@id":"https:\/\/sagardoarenlurraldea.eus\/es\/#website"},"primaryImageOfPage":{"@id":"https:\/\/sagardoarenlurraldea.eus\/es\/blog\/responsable-de-ventas-en-una-sidreria\/#primaryimage"},"image":{"@id":"https:\/\/sagardoarenlurraldea.eus\/es\/blog\/responsable-de-ventas-en-una-sidreria\/#primaryimage"},"thumbnailUrl":"https:\/\/sagardoarenlurraldea.eus\/wp-content\/uploads\/2014\/07\/EJL0240-GARTZIATEGI_2834x1882-scaled.jpg","datePublished":"2014-06-30T22:00:00+00:00","author":{"@id":"https:\/\/sagardoarenlurraldea.eus\/es\/#\/schema\/person\/9e9a225eda321f17256838c2fcba65a7"},"breadcrumb":{"@id":"https:\/\/sagardoarenlurraldea.eus\/es\/blog\/responsable-de-ventas-en-una-sidreria\/#breadcrumb"},"inLanguage":"es","potentialAction":[{"@type":"ReadAction","target":["https:\/\/sagardoarenlurraldea.eus\/es\/blog\/responsable-de-ventas-en-una-sidreria\/"]}]},{"@type":"ImageObject","inLanguage":"es","@id":"https:\/\/sagardoarenlurraldea.eus\/es\/blog\/responsable-de-ventas-en-una-sidreria\/#primaryimage","url":"https:\/\/sagardoarenlurraldea.eus\/wp-content\/uploads\/2014\/07\/EJL0240-GARTZIATEGI_2834x1882-scaled.jpg","contentUrl":"https:\/\/sagardoarenlurraldea.eus\/wp-content\/uploads\/2014\/07\/EJL0240-GARTZIATEGI_2834x1882-scaled.jpg","width":2560,"height":1700},{"@type":"BreadcrumbList","@id":"https:\/\/sagardoarenlurraldea.eus\/es\/blog\/responsable-de-ventas-en-una-sidreria\/#breadcrumb","itemListElement":[{"@type":"ListItem","position":1,"name":"Inicio","item":"https:\/\/sagardoarenlurraldea.eus\/es\/"},{"@type":"ListItem","position":2,"name":"Responsable de ventas en una sidrer\u00eda."}]},{"@type":"WebSite","@id":"https:\/\/sagardoarenlurraldea.eus\/es\/#website","url":"https:\/\/sagardoarenlurraldea.eus\/es\/","name":"Sagardoaren Lurraldea","description":"El territorio de la sidra","potentialAction":[{"@type":"SearchAction","target":{"@type":"EntryPoint","urlTemplate":"https:\/\/sagardoarenlurraldea.eus\/es\/?s={search_term_string}"},"query-input":{"@type":"PropertyValueSpecification","valueRequired":true,"valueName":"search_term_string"}}],"inLanguage":"es"},{"@type":"Person","@id":"https:\/\/sagardoarenlurraldea.eus\/es\/#\/schema\/person\/9e9a225eda321f17256838c2fcba65a7","name":"Mikel Ecenarro","image":{"@type":"ImageObject","inLanguage":"es","@id":"https:\/\/sagardoarenlurraldea.eus\/es\/#\/schema\/person\/image\/","url":"https:\/\/secure.gravatar.com\/avatar\/1170400e3ac60954a47797ced4deed6bcd49cf85a03b7abd291d8f8be059bd1d?s=96&d=mm&r=g","contentUrl":"https:\/\/secure.gravatar.com\/avatar\/1170400e3ac60954a47797ced4deed6bcd49cf85a03b7abd291d8f8be059bd1d?s=96&d=mm&r=g","caption":"Mikel Ecenarro"}}]}},"_links":{"self":[{"href":"https:\/\/sagardoarenlurraldea.eus\/es\/wp-json\/wp\/v2\/posts\/17945","targetHints":{"allow":["GET"]}}],"collection":[{"href":"https:\/\/sagardoarenlurraldea.eus\/es\/wp-json\/wp\/v2\/posts"}],"about":[{"href":"https:\/\/sagardoarenlurraldea.eus\/es\/wp-json\/wp\/v2\/types\/post"}],"author":[{"embeddable":true,"href":"https:\/\/sagardoarenlurraldea.eus\/es\/wp-json\/wp\/v2\/users\/1"}],"replies":[{"embeddable":true,"href":"https:\/\/sagardoarenlurraldea.eus\/es\/wp-json\/wp\/v2\/comments?post=17945"}],"version-history":[{"count":0,"href":"https:\/\/sagardoarenlurraldea.eus\/es\/wp-json\/wp\/v2\/posts\/17945\/revisions"}],"wp:featuredmedia":[{"embeddable":true,"href":"https:\/\/sagardoarenlurraldea.eus\/es\/wp-json\/wp\/v2\/media\/3741"}],"wp:attachment":[{"href":"https:\/\/sagardoarenlurraldea.eus\/es\/wp-json\/wp\/v2\/media?parent=17945"}],"wp:term":[{"taxonomy":"category","embeddable":true,"href":"https:\/\/sagardoarenlurraldea.eus\/es\/wp-json\/wp\/v2\/categories?post=17945"},{"taxonomy":"post_tag","embeddable":true,"href":"https:\/\/sagardoarenlurraldea.eus\/es\/wp-json\/wp\/v2\/tags?post=17945"}],"curies":[{"name":"wp","href":"https:\/\/api.w.org\/{rel}","templated":true}]}}