{"id":17944,"date":"2014-07-01T00:00:00","date_gmt":"2014-06-30T22:00:00","guid":{"rendered":"http:\/\/www.sagardoarenlurraldea.eus\/blog\/calendario-practico-de-actividades-en-el-manzanal-junio-julio-y-agosto\/"},"modified":"2014-07-01T00:00:00","modified_gmt":"2014-06-30T22:00:00","slug":"calendario-practico-de-actividades-en-el-manzanal-junio-julio-y-agosto","status":"publish","type":"post","link":"https:\/\/sagardoarenlurraldea.eus\/es\/blog\/calendario-practico-de-actividades-en-el-manzanal-junio-julio-y-agosto\/","title":{"rendered":"Calendario pr\u00e1ctico de actividades en el manzanal: junio, julio y agosto."},"content":{"rendered":"<p><a href=\"https:\/\/sagardoarenlurraldea.eus\/wp-content\/uploads\/2013\/03\/Sagastia.jpg\"><img loading=\"lazy\" decoding=\"async\" class=\"alignleft size-medium wp-image-2054\" alt=\"sagastia-jpg\" src=\"https:\/\/sagardoarenlurraldea.eus\/wp-content\/uploads\/2013\/03\/Sagastia-300x199.jpg\" width=\"300\" height=\"199\" \/><\/a>Las labores a realizar durante el verano son las siguientes:<\/p>\n<p><strong>JUNIO:<\/strong><\/p>\n<p><em><b>SUELO-FERTILIZACI\u00d3N<\/b><\/em><\/p>\n<p>Es el momento para realizar el segundo aporte del nitr\u00f3geno.<\/p>\n<p>As\u00ed mismo, hay que cortar la hierba alrededor de los \u00e1rboles.<\/p>\n<p><em><b>CONDUCCI\u00d3N DEL \u00c1RBOL<\/b><\/em><\/p>\n<p>Se puede comenzar a realizar la poda verde.<\/p>\n<p>Si queremos frenar el vigor del \u00e1rbol, la poda verde la haremos en luna descendente. En cambio, si queremos darle m\u00e1s vigor, la poda la haremos en luna ascendente. Asegurad la dominancia del eje dejando los 15 cm finales sin ramas para que no le hagan competencia.<\/p>\n<p>Asimismo, eliminar las ramas bajas y las que salen con un \u00e1ngulo muy cerrado y las que pueden ser competencia para el eje. Eliminad tambi\u00e9n los chupones o reiteraciones, despuntando los que en la base presenten fruta.<\/p>\n<p>Para plantaciones de uno \u00f3 dos a\u00f1os:<br \/>\n&#8211; Poda en luna ascendente.<br \/>\n&#8211; Para plantaciones adultas: Poda en luna descendente.<\/p>\n<p><em><b>PLAGAS Y ENFERMEDADES<\/b><\/em><\/p>\n<p>Estamos ante la primera generaci\u00f3n de carpocapsa. En caso de presencia de 4 mariposas adultas en la trampa en el plazo de una semana hay que tratar.<\/p>\n<p>Estar atentos a un posible ataque de pulg\u00f3n, especialmente en los \u00e1rboles m\u00e1s j\u00f3venes.<\/p>\n<p><strong>JULIO-AGOSTO:<\/strong><\/p>\n<p><em><b>SUELO- FERTILIZACI\u00d3N<\/b><\/em><\/p>\n<p>En caso de no haberlo hecho anteriormente, controlar la hierba.<\/p>\n<p>Si tenemos pensado realizar una nueva plantaci\u00f3n el pr\u00f3ximo invierno, esta \u00e9poca es la m\u00e1s id\u00f3nea para preparar el terreno.<\/p>\n<p><em><b>CONDUCCI\u00d3N DEL \u00c1RBOL<\/b><\/em><\/p>\n<p>Durante julio, realizaci\u00f3n de la poda verde.<\/p>\n<p><em><b>PLAGAS Y ENFERMEDADES<\/b><\/em><\/p>\n<p>Comienzo en julio de la segunda generaci\u00f3n de carpocapsa. Es necesario colocar una trampa con feromonas para as\u00ed poder conocer cuando hace su aparici\u00f3n esta segunda generaci\u00f3n y determinar de esta forma cuando debemos tratar contra esta plaga.<\/p>\n<p>Posible aumento de la presencia de pulg\u00f3n lan\u00edgero. En caso de observar su presencia en brotes del a\u00f1o de la parte media o superior del \u00e1rbol ser\u00eda preciso realizar un tratamiento utilizando un volumen alto de agua para que el producto penetre bien en todas las grietas y huecos de los \u00e1rboles.<\/p>\n<p>________________<\/p>\n<p><strong>Fuente<\/strong>: <a href=\"http:\/\/bit.ly\/1uO04zp \">Bolet\u00edn Sagardoaren Lurraldea n\u00ba35<\/a><br \/>\n<strong>Autor<\/strong>: Aitor Etxeandia &#8211; SAGARLAN S.L.<\/p>\n<p>&nbsp;<\/p>\n","protected":false},"excerpt":{"rendered":"<p>Las labores a realizar durante el verano son las siguientes: JUNIO: SUELO-FERTILIZACI\u00d3N Es el momento para realizar el segundo aporte del nitr\u00f3geno. As\u00ed mismo, hay que cortar la hierba alrededor [&hellip;]<\/p>\n","protected":false},"author":1,"featured_media":1972,"comment_status":"open","ping_status":"open","sticky":false,"template":"","format":"standard","meta":{"_acf_changed":false,"_et_pb_use_builder":"","_et_pb_old_content":"","_et_gb_content_width":"","footnotes":""},"categories":[253],"tags":[302,1228,1626,1686,1694,1885,1921],"class_list":["post-17944","post","type-post","status-publish","format-standard","has-post-thumbnail","hentry","category-manzanal","tag-actividades-manzanal","tag-manzanal","tag-sagardoaren-lurraldea-boletina","tag-sagastia","tag-sagastiko-lanak","tag-udara","tag-verano"],"acf":[],"yoast_head":"<!-- This site is optimized with the Yoast SEO plugin v25.4 - https:\/\/yoast.com\/wordpress\/plugins\/seo\/ -->\n<title>Calendario pr\u00e1ctico de actividades en el manzanal: junio, julio y agosto. - Sagardoaren Lurraldea<\/title>\n<meta name=\"robots\" content=\"index, follow, max-snippet:-1, max-image-preview:large, max-video-preview:-1\" \/>\n<link rel=\"canonical\" href=\"https:\/\/sagardoarenlurraldea.eus\/es\/blog\/calendario-practico-de-actividades-en-el-manzanal-junio-julio-y-agosto\/\" \/>\n<meta property=\"og:locale\" content=\"es_ES\" \/>\n<meta property=\"og:type\" content=\"article\" \/>\n<meta property=\"og:title\" content=\"Calendario pr\u00e1ctico de actividades en el manzanal: junio, julio y agosto. - Sagardoaren Lurraldea\" \/>\n<meta property=\"og:description\" content=\"Las labores a realizar durante el verano son las siguientes: JUNIO: SUELO-FERTILIZACI\u00d3N Es el momento para realizar el segundo aporte del nitr\u00f3geno. As\u00ed mismo, hay que cortar la hierba alrededor [&hellip;]\" \/>\n<meta property=\"og:url\" content=\"https:\/\/sagardoarenlurraldea.eus\/es\/blog\/calendario-practico-de-actividades-en-el-manzanal-junio-julio-y-agosto\/\" \/>\n<meta property=\"og:site_name\" content=\"Sagardoaren Lurraldea\" \/>\n<meta property=\"article:publisher\" content=\"https:\/\/www.facebook.com\/sagardoarenlurraldea\" \/>\n<meta property=\"article:published_time\" content=\"2014-06-30T22:00:00+00:00\" \/>\n<meta property=\"og:image\" content=\"https:\/\/sagardoarenlurraldea.eus\/wp-content\/uploads\/2012\/05\/Sagastia.jpg\" \/>\n\t<meta property=\"og:image:width\" content=\"1024\" \/>\n\t<meta property=\"og:image:height\" content=\"768\" \/>\n\t<meta property=\"og:image:type\" content=\"image\/jpeg\" \/>\n<meta name=\"author\" content=\"Mikel Ecenarro\" \/>\n<meta name=\"twitter:card\" content=\"summary_large_image\" \/>\n<meta name=\"twitter:label1\" content=\"Escrito por\" \/>\n\t<meta name=\"twitter:data1\" content=\"Mikel Ecenarro\" \/>\n\t<meta name=\"twitter:label2\" content=\"Tiempo de lectura\" \/>\n\t<meta name=\"twitter:data2\" content=\"2 minutos\" \/>\n<script type=\"application\/ld+json\" class=\"yoast-schema-graph\">{\"@context\":\"https:\/\/schema.org\",\"@graph\":[{\"@type\":\"WebPage\",\"@id\":\"https:\/\/sagardoarenlurraldea.eus\/es\/blog\/calendario-practico-de-actividades-en-el-manzanal-junio-julio-y-agosto\/\",\"url\":\"https:\/\/sagardoarenlurraldea.eus\/es\/blog\/calendario-practico-de-actividades-en-el-manzanal-junio-julio-y-agosto\/\",\"name\":\"Calendario pr\u00e1ctico de actividades en el manzanal: junio, julio y agosto. - Sagardoaren Lurraldea\",\"isPartOf\":{\"@id\":\"https:\/\/sagardoarenlurraldea.eus\/es\/#website\"},\"primaryImageOfPage\":{\"@id\":\"https:\/\/sagardoarenlurraldea.eus\/es\/blog\/calendario-practico-de-actividades-en-el-manzanal-junio-julio-y-agosto\/#primaryimage\"},\"image\":{\"@id\":\"https:\/\/sagardoarenlurraldea.eus\/es\/blog\/calendario-practico-de-actividades-en-el-manzanal-junio-julio-y-agosto\/#primaryimage\"},\"thumbnailUrl\":\"https:\/\/sagardoarenlurraldea.eus\/wp-content\/uploads\/2012\/05\/Sagastia.jpg\",\"datePublished\":\"2014-06-30T22:00:00+00:00\",\"author\":{\"@id\":\"https:\/\/sagardoarenlurraldea.eus\/es\/#\/schema\/person\/9e9a225eda321f17256838c2fcba65a7\"},\"breadcrumb\":{\"@id\":\"https:\/\/sagardoarenlurraldea.eus\/es\/blog\/calendario-practico-de-actividades-en-el-manzanal-junio-julio-y-agosto\/#breadcrumb\"},\"inLanguage\":\"es\",\"potentialAction\":[{\"@type\":\"ReadAction\",\"target\":[\"https:\/\/sagardoarenlurraldea.eus\/es\/blog\/calendario-practico-de-actividades-en-el-manzanal-junio-julio-y-agosto\/\"]}]},{\"@type\":\"ImageObject\",\"inLanguage\":\"es\",\"@id\":\"https:\/\/sagardoarenlurraldea.eus\/es\/blog\/calendario-practico-de-actividades-en-el-manzanal-junio-julio-y-agosto\/#primaryimage\",\"url\":\"https:\/\/sagardoarenlurraldea.eus\/wp-content\/uploads\/2012\/05\/Sagastia.jpg\",\"contentUrl\":\"https:\/\/sagardoarenlurraldea.eus\/wp-content\/uploads\/2012\/05\/Sagastia.jpg\",\"width\":1024,\"height\":768},{\"@type\":\"BreadcrumbList\",\"@id\":\"https:\/\/sagardoarenlurraldea.eus\/es\/blog\/calendario-practico-de-actividades-en-el-manzanal-junio-julio-y-agosto\/#breadcrumb\",\"itemListElement\":[{\"@type\":\"ListItem\",\"position\":1,\"name\":\"Inicio\",\"item\":\"https:\/\/sagardoarenlurraldea.eus\/es\/\"},{\"@type\":\"ListItem\",\"position\":2,\"name\":\"Calendario pr\u00e1ctico de actividades en el manzanal: junio, julio y agosto.\"}]},{\"@type\":\"WebSite\",\"@id\":\"https:\/\/sagardoarenlurraldea.eus\/es\/#website\",\"url\":\"https:\/\/sagardoarenlurraldea.eus\/es\/\",\"name\":\"Sagardoaren Lurraldea\",\"description\":\"El territorio de la sidra\",\"potentialAction\":[{\"@type\":\"SearchAction\",\"target\":{\"@type\":\"EntryPoint\",\"urlTemplate\":\"https:\/\/sagardoarenlurraldea.eus\/es\/?s={search_term_string}\"},\"query-input\":{\"@type\":\"PropertyValueSpecification\",\"valueRequired\":true,\"valueName\":\"search_term_string\"}}],\"inLanguage\":\"es\"},{\"@type\":\"Person\",\"@id\":\"https:\/\/sagardoarenlurraldea.eus\/es\/#\/schema\/person\/9e9a225eda321f17256838c2fcba65a7\",\"name\":\"Mikel Ecenarro\",\"image\":{\"@type\":\"ImageObject\",\"inLanguage\":\"es\",\"@id\":\"https:\/\/sagardoarenlurraldea.eus\/es\/#\/schema\/person\/image\/\",\"url\":\"https:\/\/secure.gravatar.com\/avatar\/1170400e3ac60954a47797ced4deed6bcd49cf85a03b7abd291d8f8be059bd1d?s=96&d=mm&r=g\",\"contentUrl\":\"https:\/\/secure.gravatar.com\/avatar\/1170400e3ac60954a47797ced4deed6bcd49cf85a03b7abd291d8f8be059bd1d?s=96&d=mm&r=g\",\"caption\":\"Mikel Ecenarro\"}}]}<\/script>\n<!-- \/ Yoast SEO plugin. -->","yoast_head_json":{"title":"Calendario pr\u00e1ctico de actividades en el manzanal: junio, julio y agosto. - Sagardoaren Lurraldea","robots":{"index":"index","follow":"follow","max-snippet":"max-snippet:-1","max-image-preview":"max-image-preview:large","max-video-preview":"max-video-preview:-1"},"canonical":"https:\/\/sagardoarenlurraldea.eus\/es\/blog\/calendario-practico-de-actividades-en-el-manzanal-junio-julio-y-agosto\/","og_locale":"es_ES","og_type":"article","og_title":"Calendario pr\u00e1ctico de actividades en el manzanal: junio, julio y agosto. - Sagardoaren Lurraldea","og_description":"Las labores a realizar durante el verano son las siguientes: JUNIO: SUELO-FERTILIZACI\u00d3N Es el momento para realizar el segundo aporte del nitr\u00f3geno. As\u00ed mismo, hay que cortar la hierba alrededor [&hellip;]","og_url":"https:\/\/sagardoarenlurraldea.eus\/es\/blog\/calendario-practico-de-actividades-en-el-manzanal-junio-julio-y-agosto\/","og_site_name":"Sagardoaren Lurraldea","article_publisher":"https:\/\/www.facebook.com\/sagardoarenlurraldea","article_published_time":"2014-06-30T22:00:00+00:00","og_image":[{"width":1024,"height":768,"url":"https:\/\/sagardoarenlurraldea.eus\/wp-content\/uploads\/2012\/05\/Sagastia.jpg","type":"image\/jpeg"}],"author":"Mikel Ecenarro","twitter_card":"summary_large_image","twitter_misc":{"Escrito por":"Mikel Ecenarro","Tiempo de lectura":"2 minutos"},"schema":{"@context":"https:\/\/schema.org","@graph":[{"@type":"WebPage","@id":"https:\/\/sagardoarenlurraldea.eus\/es\/blog\/calendario-practico-de-actividades-en-el-manzanal-junio-julio-y-agosto\/","url":"https:\/\/sagardoarenlurraldea.eus\/es\/blog\/calendario-practico-de-actividades-en-el-manzanal-junio-julio-y-agosto\/","name":"Calendario pr\u00e1ctico de actividades en el manzanal: junio, julio y agosto. - Sagardoaren Lurraldea","isPartOf":{"@id":"https:\/\/sagardoarenlurraldea.eus\/es\/#website"},"primaryImageOfPage":{"@id":"https:\/\/sagardoarenlurraldea.eus\/es\/blog\/calendario-practico-de-actividades-en-el-manzanal-junio-julio-y-agosto\/#primaryimage"},"image":{"@id":"https:\/\/sagardoarenlurraldea.eus\/es\/blog\/calendario-practico-de-actividades-en-el-manzanal-junio-julio-y-agosto\/#primaryimage"},"thumbnailUrl":"https:\/\/sagardoarenlurraldea.eus\/wp-content\/uploads\/2012\/05\/Sagastia.jpg","datePublished":"2014-06-30T22:00:00+00:00","author":{"@id":"https:\/\/sagardoarenlurraldea.eus\/es\/#\/schema\/person\/9e9a225eda321f17256838c2fcba65a7"},"breadcrumb":{"@id":"https:\/\/sagardoarenlurraldea.eus\/es\/blog\/calendario-practico-de-actividades-en-el-manzanal-junio-julio-y-agosto\/#breadcrumb"},"inLanguage":"es","potentialAction":[{"@type":"ReadAction","target":["https:\/\/sagardoarenlurraldea.eus\/es\/blog\/calendario-practico-de-actividades-en-el-manzanal-junio-julio-y-agosto\/"]}]},{"@type":"ImageObject","inLanguage":"es","@id":"https:\/\/sagardoarenlurraldea.eus\/es\/blog\/calendario-practico-de-actividades-en-el-manzanal-junio-julio-y-agosto\/#primaryimage","url":"https:\/\/sagardoarenlurraldea.eus\/wp-content\/uploads\/2012\/05\/Sagastia.jpg","contentUrl":"https:\/\/sagardoarenlurraldea.eus\/wp-content\/uploads\/2012\/05\/Sagastia.jpg","width":1024,"height":768},{"@type":"BreadcrumbList","@id":"https:\/\/sagardoarenlurraldea.eus\/es\/blog\/calendario-practico-de-actividades-en-el-manzanal-junio-julio-y-agosto\/#breadcrumb","itemListElement":[{"@type":"ListItem","position":1,"name":"Inicio","item":"https:\/\/sagardoarenlurraldea.eus\/es\/"},{"@type":"ListItem","position":2,"name":"Calendario pr\u00e1ctico de actividades en el manzanal: junio, julio y agosto."}]},{"@type":"WebSite","@id":"https:\/\/sagardoarenlurraldea.eus\/es\/#website","url":"https:\/\/sagardoarenlurraldea.eus\/es\/","name":"Sagardoaren Lurraldea","description":"El territorio de la sidra","potentialAction":[{"@type":"SearchAction","target":{"@type":"EntryPoint","urlTemplate":"https:\/\/sagardoarenlurraldea.eus\/es\/?s={search_term_string}"},"query-input":{"@type":"PropertyValueSpecification","valueRequired":true,"valueName":"search_term_string"}}],"inLanguage":"es"},{"@type":"Person","@id":"https:\/\/sagardoarenlurraldea.eus\/es\/#\/schema\/person\/9e9a225eda321f17256838c2fcba65a7","name":"Mikel Ecenarro","image":{"@type":"ImageObject","inLanguage":"es","@id":"https:\/\/sagardoarenlurraldea.eus\/es\/#\/schema\/person\/image\/","url":"https:\/\/secure.gravatar.com\/avatar\/1170400e3ac60954a47797ced4deed6bcd49cf85a03b7abd291d8f8be059bd1d?s=96&d=mm&r=g","contentUrl":"https:\/\/secure.gravatar.com\/avatar\/1170400e3ac60954a47797ced4deed6bcd49cf85a03b7abd291d8f8be059bd1d?s=96&d=mm&r=g","caption":"Mikel Ecenarro"}}]}},"_links":{"self":[{"href":"https:\/\/sagardoarenlurraldea.eus\/es\/wp-json\/wp\/v2\/posts\/17944","targetHints":{"allow":["GET"]}}],"collection":[{"href":"https:\/\/sagardoarenlurraldea.eus\/es\/wp-json\/wp\/v2\/posts"}],"about":[{"href":"https:\/\/sagardoarenlurraldea.eus\/es\/wp-json\/wp\/v2\/types\/post"}],"author":[{"embeddable":true,"href":"https:\/\/sagardoarenlurraldea.eus\/es\/wp-json\/wp\/v2\/users\/1"}],"replies":[{"embeddable":true,"href":"https:\/\/sagardoarenlurraldea.eus\/es\/wp-json\/wp\/v2\/comments?post=17944"}],"version-history":[{"count":0,"href":"https:\/\/sagardoarenlurraldea.eus\/es\/wp-json\/wp\/v2\/posts\/17944\/revisions"}],"wp:featuredmedia":[{"embeddable":true,"href":"https:\/\/sagardoarenlurraldea.eus\/es\/wp-json\/wp\/v2\/media\/1972"}],"wp:attachment":[{"href":"https:\/\/sagardoarenlurraldea.eus\/es\/wp-json\/wp\/v2\/media?parent=17944"}],"wp:term":[{"taxonomy":"category","embeddable":true,"href":"https:\/\/sagardoarenlurraldea.eus\/es\/wp-json\/wp\/v2\/categories?post=17944"},{"taxonomy":"post_tag","embeddable":true,"href":"https:\/\/sagardoarenlurraldea.eus\/es\/wp-json\/wp\/v2\/tags?post=17944"}],"curies":[{"name":"wp","href":"https:\/\/api.w.org\/{rel}","templated":true}]}}