{"id":17937,"date":"2014-05-29T00:00:00","date_gmt":"2014-05-28T22:00:00","guid":{"rendered":"http:\/\/www.sagardoarenlurraldea.eus\/blog\/la-sidra-estara-presente-en-el-espacio-sagardoaren-ibaia-de-ziklobia\/"},"modified":"2014-05-29T00:00:00","modified_gmt":"2014-05-28T22:00:00","slug":"la-sidra-estara-presente-en-el-espacio-sagardoaren-ibaia-de-ziklobia","status":"publish","type":"post","link":"https:\/\/sagardoarenlurraldea.eus\/es\/blog\/la-sidra-estara-presente-en-el-espacio-sagardoaren-ibaia-de-ziklobia\/","title":{"rendered":"La sidra estar\u00e1 presente en el espacio \u201cSagardoaren ibaia\u201d de Ziklobia."},"content":{"rendered":"<p><strong><a href=\"https:\/\/sagardoarenlurraldea.eus\/wp-content\/uploads\/2014\/05\/Ziklobia.jpg\"><img loading=\"lazy\" decoding=\"async\" class=\"alignleft size-medium wp-image-3701\" alt=\"Ziklobia\" src=\"https:\/\/sagardoarenlurraldea.eus\/wp-content\/uploads\/2014\/05\/Ziklobia-214x300.jpg\" width=\"214\" height=\"300\" \/><\/a>Dentro de la iniciativa Olatu Talka<\/strong> de <strong>Donostia 2016, <\/strong>el d\u00eda 1 de junio (domingo) se celebrar\u00e1 la Z<strong>iklobia<\/strong>. Durante un d\u00eda, la ziklobia vac\u00eda las carreteras de veh\u00edculos de motor para uso y disfrute exclusivo de peatones, ciclistas y medios de transporte sin motor. Ofrece una nueva forma de disfrutar de la carretera y apuesta, a su vez, por una ciudad m\u00e1s din\u00e1mica y saludable.<\/p>\n<p>El recorrido de la ziklobia de este a\u00f1o es entre Donostia y Hernani (Riberas de Loiola &#8211; Txomin-enea \u2013 Martutene &#8211; \u00a0espacio \u201cSagardoaren ibaia\u201d \u2013 Astigarraga &#8211; Erribera plaza \u2013 Martindegi &#8211; Hernani) y en este recorrido de 7 kilometros se ofrecer\u00e1n diversas actividades para disfrutar del ocio en familia.<\/p>\n<p>El <strong>programa<\/strong> es el siguiente:<\/p>\n<p><b><span style=\"text-decoration: underline;\">RIBERAS DE LOIOLA<\/span><\/b><b>:<br \/>\nPatinada<\/b>:<br \/>\n\u00b7 10:00: Palacio de Hielo<br \/>\n<b>Bizikletaz Ziklobiara:<br \/>\n<\/b>10:30: Sag\u00fces (Kalapie)<br \/>\n11:00: Puente de Mundaiz<br \/>\n10:30: Ambulatorio del Antiguo (Kalapie)<br \/>\n11:00: Puente de Mundaiz<br \/>\n\u00b7 10:00:<b> Taller de puesta a punto de bicicletas<\/b> (Miner)<br \/>\n\u00b7 10:00: <b>Gipuzkoan bizikletaz<\/b> (Diputaci\u00f3n Foral de Gipuzkoa)<br \/>\n\u00b7 11:00: Bebes de la bulla<br \/>\n<b>En el escenario:<br \/>\n<\/b>\u00b7 11:30: Tutti-Frutti (m\u00fasica Jazz)<br \/>\n\u00b7 12:30: Illumbe Akordeoi Orkestra<\/p>\n<p><b><span style=\"text-decoration: underline;\">TXOMIN-ENEA<\/span><\/b><b>:<br \/>\n<\/b>\u00b7 10:00-14:00: <b>Taller para hacer chapas<\/b> (Haurtxoko, Auzo Elkartea)<br \/>\n\u00b7 10:00: <b>Puesto de Intercambio Cultural <\/b>(Centro de Acogida de Urgencia Uba)<br \/>\n\u00b7 12:00: <b>Sambatuak<\/b><\/p>\n<p><b><span style=\"text-decoration: underline;\">MARTUTENE<\/span><\/b><b>:<br \/>\nDurante todo el d\u00eda<\/b>:<br \/>\n\u00b7 <b>Ginkana<\/b> (Donosti berri)<br \/>\n\u00b7 <b>Patinada<\/b> (Txuri Urdin Izotz Jauregia, Patin Eskola, Donosti Roller)<br \/>\n\u00b7 <b>Exposici\u00f3n Fotogr\u00e1fica<\/b> (Donostiako Museo Sarea)<\/p>\n<p><b><span style=\"text-decoration: underline;\">SAGARDOAREN IBAIA<\/span><\/b><b>:<br \/>\n<\/b>\u00b7 12:00 y 16:30: <b>Curso b\u00e1sico de mec\u00e1nica<\/b> (Kalapie)<br \/>\n<b>Durante todo el d\u00eda<\/b>:<br \/>\n\u00b7 <b>Exposici\u00f3n En Construcci\u00f3n<\/b> (Albaola, Petritegi Sagardotegia, Lizeaga Sagardotegia)<br \/>\n\u00b7 <b>Puesto de comida y bebida<br \/>\n<\/b>\u00b7 <b>Juego de bolos y toca <\/b>(Gipuzkoako Bolo Elkartea)<br \/>\n<b>En el escenario:<br \/>\n<\/b>\u00b7 11:30: <b>Los Improbables<\/b> (Blues)<br \/>\n\u00b7 13:00: <b>Espect\u00e1culo de baile Altzaquillo <\/b>(Jon Maya)<br \/>\n\u00b7 15:30: <b>Makulu Ken<\/b> (Afrobeat)<br \/>\n\u00b7 17:00: <b>Ilunabar<\/b><\/p>\n<p><b><span style=\"text-decoration: underline;\">ASTIGARRAGA<\/span><\/b><b>:<\/b><\/p>\n<p><b>En la rotonda<\/b>:<br \/>\n\u00b7 13:00: <b>Txirrindagan (Carrera BTT y\u00a0 sorteo de los regalos)<\/b> (Astigarragako Txirrindulariak)<br \/>\n\u00b7 10:00: <b>Iniciativa de tejer\u00a0 bufandas en contra de la violencia de g\u00e9nero<\/b> (Harituz)<br \/>\n\u00b7 <b>Esanpideak<\/b> (Gazte Lokala)<br \/>\n<b>Durante todo el d\u00eda<\/b>:<br \/>\n\u00b7 <b>Puestos<br \/>\nDurante el recorrido<\/b>:<br \/>\n\u00b7 10:00: <b>Txistularis<\/b>(Txirriskla Txistulari taldea, Musika Eskolako Txistulariak)<br \/>\n\u00b7 12:30: <b>Trikitilaris de Astigarraga Musika Eskola<br \/>\n<\/b>\u00b7 16:00: <b>AHIT Musika Eskolako Haizezko Taldea<\/b><br \/>\n\u00b7 17:00: <b>Batukada<\/b> <b>Taupada<\/b><\/p>\n<p><b><span style=\"text-decoration: underline;\">ERRIBERA PLAZA<\/span><\/b>:<br \/>\n\u00b7 12:00: <b>Arrastre de piedra por mujeres<\/b> (Emarri), Ergobia.<br \/>\n\u00b7 12:30: <b>Plaza dantzak<\/b> (Astigar Dantza Taldea)<br \/>\n\u00b7 13:30: <b>Bingo<br \/>\n<\/b>\u00b7 11:30: <b>Taller de serigraf\u00eda<\/b><br \/>\n\u00b7 15:00: <b>Talleres para ni\u00f1os<\/b>\u00a0 (Xagu-Xar Aisialdi Taldea)<br \/>\n<b>Durante todo el d\u00eda:<br \/>\n<\/b>\u00b7 <b>Mercado de Tolosa<br \/>\n<\/b>\u00b7 <b>Juegos tradicionales<br \/>\n<\/b>\u00b7 <b>Txozna<\/b>\u00a0 (Gazte Asanblada)<br \/>\n<b>En el escenario:<br \/>\n<\/b>\u00b7 12:00: <b>Sesi\u00f3n abierta de Zumba dirigida a los ni\u00f1os<br \/>\n<\/b>\u00b7 14:00: <b>Sesi\u00f3n abierta de Cardio<\/b> Box (Leire Mendioroz, Eider Alonso)<br \/>\n\u00b7 14:00: <b>Jazz4U<\/b> (Bosa Nova)<br \/>\n\u00b7 16:00: <b>Danza del vientre<\/b> (Shala eta Sebastopol Dantza Taldeak)<br \/>\n\u00b7 18:00: <b>Killer Dalsie<\/b> (Metal)<\/p>\n<p><b><span style=\"text-decoration: underline;\">MARTINDEGI<\/span><\/b>:<br \/>\n\u00b7 11:00: <b>Taller de Educaci\u00f3n Vial<\/b> (Udaleko Bide Heziketa)<br \/>\n\u00b7 12:30: <b>Herri Kiroletako haur txokoa<\/b> (Udala-auzo Elkartea)<br \/>\n<b>Durante todo el d\u00eda<\/b>:<br \/>\n\u00b7 <b>Euskal grafia<\/b> (Edorta Murua)<br \/>\n\u00b7 <b>Bubble Soccer<\/b> (Kmon Koopertariba)<br \/>\n\u00b7 <b>Ajedrez gigante<br \/>\nEn el escenario<\/b>:<br \/>\n\u00b7 13:00: <b>Hirutxulo<\/b> (Folk)<br \/>\n\u00b7 15:00: <b>Howdy<\/b> (Folk)<br \/>\n\u00b7 17:00: <b>Joxan Mavido<\/b> (Rock)<\/p>\n<p><b><span style=\"text-decoration: underline;\">HERNANI<\/span><\/b><b>:<br \/>\n<\/b>\u00b7 10:00: <b>Salidade\u00a0 bicicletas<\/b> (JOCC-ZIKU\u00d1AKO AMA bizikleta taldea)<br \/>\n\u00b7 10:00-18:00: <b>Mercado cultural (Zinko Enea)<\/b> (Kaleko Elkartasun eta Kultur Elkartea)<br \/>\n\u00b7 11:00: <b>Artevixu<\/b> (Percusi\u00f3n)<br \/>\n\u00b7 11:00-14:00: <b>Longboard eguna<\/b> (Nork Longboards, Goat Longboards)<br \/>\n\u00b7 12:00: <b>Oztoporik gabe, irteera Zinkoeneatik<\/b> (Elkarteak Koxka, Atzegi eta Pausoka)<\/p>\n<p><strong>Fuente<\/strong>: <a href=\"http:\/\/www.olatutalka.eu\">www.olatutalka.eu<\/a><\/p>\n","protected":false},"excerpt":{"rendered":"<p>Dentro de la iniciativa Olatu Talka de Donostia 2016, el d\u00eda 1 de junio (domingo) se celebrar\u00e1 la Ziklobia. Durante un d\u00eda, la ziklobia vac\u00eda las carreteras de veh\u00edculos de [&hellip;]<\/p>\n","protected":false},"author":1,"featured_media":3701,"comment_status":"open","ping_status":"open","sticky":false,"template":"","format":"standard","meta":{"_acf_changed":false,"_et_pb_use_builder":"","_et_pb_old_content":"","_et_gb_content_width":"","footnotes":""},"categories":[248,242,254],"tags":[420,723,724,1005,1361,1607,1622,1752,1969],"class_list":["post-17937","post","type-post","status-publish","format-standard","has-post-thumbnail","hentry","category-kultura","category-eventos","category-sidra","tag-astigarraga","tag-donostia","tag-donostia-2016","tag-hernani","tag-olatu-talka","tag-sagardoa-2","tag-sagardoaren-ibaia","tag-sidra","tag-ziklobia"],"acf":[],"yoast_head":"<!-- This site is optimized with the Yoast SEO plugin v25.4 - https:\/\/yoast.com\/wordpress\/plugins\/seo\/ -->\n<title>La sidra estar\u00e1 presente en el espacio \u201cSagardoaren ibaia\u201d de Ziklobia. - Sagardoaren Lurraldea<\/title>\n<meta name=\"robots\" content=\"index, follow, max-snippet:-1, max-image-preview:large, max-video-preview:-1\" \/>\n<link rel=\"canonical\" href=\"https:\/\/sagardoarenlurraldea.eus\/es\/blog\/la-sidra-estara-presente-en-el-espacio-sagardoaren-ibaia-de-ziklobia\/\" \/>\n<meta property=\"og:locale\" content=\"es_ES\" \/>\n<meta property=\"og:type\" content=\"article\" \/>\n<meta property=\"og:title\" content=\"La sidra estar\u00e1 presente en el espacio \u201cSagardoaren ibaia\u201d de Ziklobia. - Sagardoaren Lurraldea\" \/>\n<meta property=\"og:description\" content=\"Dentro de la iniciativa Olatu Talka de Donostia 2016, el d\u00eda 1 de junio (domingo) se celebrar\u00e1 la Ziklobia. Durante un d\u00eda, la ziklobia vac\u00eda las carreteras de veh\u00edculos de [&hellip;]\" \/>\n<meta property=\"og:url\" content=\"https:\/\/sagardoarenlurraldea.eus\/es\/blog\/la-sidra-estara-presente-en-el-espacio-sagardoaren-ibaia-de-ziklobia\/\" \/>\n<meta property=\"og:site_name\" content=\"Sagardoaren Lurraldea\" \/>\n<meta property=\"article:publisher\" content=\"https:\/\/www.facebook.com\/sagardoarenlurraldea\" \/>\n<meta property=\"article:published_time\" content=\"2014-05-28T22:00:00+00:00\" \/>\n<meta property=\"og:image\" content=\"https:\/\/sagardoarenlurraldea.eus\/wp-content\/uploads\/2014\/05\/Ziklobia.jpg\" \/>\n\t<meta property=\"og:image:width\" content=\"1292\" \/>\n\t<meta property=\"og:image:height\" content=\"1804\" \/>\n\t<meta property=\"og:image:type\" content=\"image\/jpeg\" \/>\n<meta name=\"author\" content=\"Mikel Ecenarro\" \/>\n<meta name=\"twitter:card\" content=\"summary_large_image\" \/>\n<meta name=\"twitter:label1\" content=\"Escrito por\" \/>\n\t<meta name=\"twitter:data1\" content=\"Mikel Ecenarro\" \/>\n\t<meta name=\"twitter:label2\" content=\"Tiempo de lectura\" \/>\n\t<meta name=\"twitter:data2\" content=\"2 minutos\" \/>\n<script type=\"application\/ld+json\" class=\"yoast-schema-graph\">{\"@context\":\"https:\/\/schema.org\",\"@graph\":[{\"@type\":\"WebPage\",\"@id\":\"https:\/\/sagardoarenlurraldea.eus\/es\/blog\/la-sidra-estara-presente-en-el-espacio-sagardoaren-ibaia-de-ziklobia\/\",\"url\":\"https:\/\/sagardoarenlurraldea.eus\/es\/blog\/la-sidra-estara-presente-en-el-espacio-sagardoaren-ibaia-de-ziklobia\/\",\"name\":\"La sidra estar\u00e1 presente en el espacio \u201cSagardoaren ibaia\u201d de Ziklobia. - Sagardoaren Lurraldea\",\"isPartOf\":{\"@id\":\"https:\/\/sagardoarenlurraldea.eus\/es\/#website\"},\"primaryImageOfPage\":{\"@id\":\"https:\/\/sagardoarenlurraldea.eus\/es\/blog\/la-sidra-estara-presente-en-el-espacio-sagardoaren-ibaia-de-ziklobia\/#primaryimage\"},\"image\":{\"@id\":\"https:\/\/sagardoarenlurraldea.eus\/es\/blog\/la-sidra-estara-presente-en-el-espacio-sagardoaren-ibaia-de-ziklobia\/#primaryimage\"},\"thumbnailUrl\":\"https:\/\/sagardoarenlurraldea.eus\/wp-content\/uploads\/2014\/05\/Ziklobia.jpg\",\"datePublished\":\"2014-05-28T22:00:00+00:00\",\"author\":{\"@id\":\"https:\/\/sagardoarenlurraldea.eus\/es\/#\/schema\/person\/9e9a225eda321f17256838c2fcba65a7\"},\"breadcrumb\":{\"@id\":\"https:\/\/sagardoarenlurraldea.eus\/es\/blog\/la-sidra-estara-presente-en-el-espacio-sagardoaren-ibaia-de-ziklobia\/#breadcrumb\"},\"inLanguage\":\"es\",\"potentialAction\":[{\"@type\":\"ReadAction\",\"target\":[\"https:\/\/sagardoarenlurraldea.eus\/es\/blog\/la-sidra-estara-presente-en-el-espacio-sagardoaren-ibaia-de-ziklobia\/\"]}]},{\"@type\":\"ImageObject\",\"inLanguage\":\"es\",\"@id\":\"https:\/\/sagardoarenlurraldea.eus\/es\/blog\/la-sidra-estara-presente-en-el-espacio-sagardoaren-ibaia-de-ziklobia\/#primaryimage\",\"url\":\"https:\/\/sagardoarenlurraldea.eus\/wp-content\/uploads\/2014\/05\/Ziklobia.jpg\",\"contentUrl\":\"https:\/\/sagardoarenlurraldea.eus\/wp-content\/uploads\/2014\/05\/Ziklobia.jpg\",\"width\":1292,\"height\":1804},{\"@type\":\"BreadcrumbList\",\"@id\":\"https:\/\/sagardoarenlurraldea.eus\/es\/blog\/la-sidra-estara-presente-en-el-espacio-sagardoaren-ibaia-de-ziklobia\/#breadcrumb\",\"itemListElement\":[{\"@type\":\"ListItem\",\"position\":1,\"name\":\"Inicio\",\"item\":\"https:\/\/sagardoarenlurraldea.eus\/es\/\"},{\"@type\":\"ListItem\",\"position\":2,\"name\":\"La sidra estar\u00e1 presente en el espacio \u201cSagardoaren ibaia\u201d de Ziklobia.\"}]},{\"@type\":\"WebSite\",\"@id\":\"https:\/\/sagardoarenlurraldea.eus\/es\/#website\",\"url\":\"https:\/\/sagardoarenlurraldea.eus\/es\/\",\"name\":\"Sagardoaren Lurraldea\",\"description\":\"El territorio de la sidra\",\"potentialAction\":[{\"@type\":\"SearchAction\",\"target\":{\"@type\":\"EntryPoint\",\"urlTemplate\":\"https:\/\/sagardoarenlurraldea.eus\/es\/?s={search_term_string}\"},\"query-input\":{\"@type\":\"PropertyValueSpecification\",\"valueRequired\":true,\"valueName\":\"search_term_string\"}}],\"inLanguage\":\"es\"},{\"@type\":\"Person\",\"@id\":\"https:\/\/sagardoarenlurraldea.eus\/es\/#\/schema\/person\/9e9a225eda321f17256838c2fcba65a7\",\"name\":\"Mikel Ecenarro\",\"image\":{\"@type\":\"ImageObject\",\"inLanguage\":\"es\",\"@id\":\"https:\/\/sagardoarenlurraldea.eus\/es\/#\/schema\/person\/image\/\",\"url\":\"https:\/\/secure.gravatar.com\/avatar\/1170400e3ac60954a47797ced4deed6bcd49cf85a03b7abd291d8f8be059bd1d?s=96&d=mm&r=g\",\"contentUrl\":\"https:\/\/secure.gravatar.com\/avatar\/1170400e3ac60954a47797ced4deed6bcd49cf85a03b7abd291d8f8be059bd1d?s=96&d=mm&r=g\",\"caption\":\"Mikel Ecenarro\"}}]}<\/script>\n<!-- \/ Yoast SEO plugin. -->","yoast_head_json":{"title":"La sidra estar\u00e1 presente en el espacio \u201cSagardoaren ibaia\u201d de Ziklobia. - Sagardoaren Lurraldea","robots":{"index":"index","follow":"follow","max-snippet":"max-snippet:-1","max-image-preview":"max-image-preview:large","max-video-preview":"max-video-preview:-1"},"canonical":"https:\/\/sagardoarenlurraldea.eus\/es\/blog\/la-sidra-estara-presente-en-el-espacio-sagardoaren-ibaia-de-ziklobia\/","og_locale":"es_ES","og_type":"article","og_title":"La sidra estar\u00e1 presente en el espacio \u201cSagardoaren ibaia\u201d de Ziklobia. - Sagardoaren Lurraldea","og_description":"Dentro de la iniciativa Olatu Talka de Donostia 2016, el d\u00eda 1 de junio (domingo) se celebrar\u00e1 la Ziklobia. Durante un d\u00eda, la ziklobia vac\u00eda las carreteras de veh\u00edculos de [&hellip;]","og_url":"https:\/\/sagardoarenlurraldea.eus\/es\/blog\/la-sidra-estara-presente-en-el-espacio-sagardoaren-ibaia-de-ziklobia\/","og_site_name":"Sagardoaren Lurraldea","article_publisher":"https:\/\/www.facebook.com\/sagardoarenlurraldea","article_published_time":"2014-05-28T22:00:00+00:00","og_image":[{"width":1292,"height":1804,"url":"https:\/\/sagardoarenlurraldea.eus\/wp-content\/uploads\/2014\/05\/Ziklobia.jpg","type":"image\/jpeg"}],"author":"Mikel Ecenarro","twitter_card":"summary_large_image","twitter_misc":{"Escrito por":"Mikel Ecenarro","Tiempo de lectura":"2 minutos"},"schema":{"@context":"https:\/\/schema.org","@graph":[{"@type":"WebPage","@id":"https:\/\/sagardoarenlurraldea.eus\/es\/blog\/la-sidra-estara-presente-en-el-espacio-sagardoaren-ibaia-de-ziklobia\/","url":"https:\/\/sagardoarenlurraldea.eus\/es\/blog\/la-sidra-estara-presente-en-el-espacio-sagardoaren-ibaia-de-ziklobia\/","name":"La sidra estar\u00e1 presente en el espacio \u201cSagardoaren ibaia\u201d de Ziklobia. - Sagardoaren Lurraldea","isPartOf":{"@id":"https:\/\/sagardoarenlurraldea.eus\/es\/#website"},"primaryImageOfPage":{"@id":"https:\/\/sagardoarenlurraldea.eus\/es\/blog\/la-sidra-estara-presente-en-el-espacio-sagardoaren-ibaia-de-ziklobia\/#primaryimage"},"image":{"@id":"https:\/\/sagardoarenlurraldea.eus\/es\/blog\/la-sidra-estara-presente-en-el-espacio-sagardoaren-ibaia-de-ziklobia\/#primaryimage"},"thumbnailUrl":"https:\/\/sagardoarenlurraldea.eus\/wp-content\/uploads\/2014\/05\/Ziklobia.jpg","datePublished":"2014-05-28T22:00:00+00:00","author":{"@id":"https:\/\/sagardoarenlurraldea.eus\/es\/#\/schema\/person\/9e9a225eda321f17256838c2fcba65a7"},"breadcrumb":{"@id":"https:\/\/sagardoarenlurraldea.eus\/es\/blog\/la-sidra-estara-presente-en-el-espacio-sagardoaren-ibaia-de-ziklobia\/#breadcrumb"},"inLanguage":"es","potentialAction":[{"@type":"ReadAction","target":["https:\/\/sagardoarenlurraldea.eus\/es\/blog\/la-sidra-estara-presente-en-el-espacio-sagardoaren-ibaia-de-ziklobia\/"]}]},{"@type":"ImageObject","inLanguage":"es","@id":"https:\/\/sagardoarenlurraldea.eus\/es\/blog\/la-sidra-estara-presente-en-el-espacio-sagardoaren-ibaia-de-ziklobia\/#primaryimage","url":"https:\/\/sagardoarenlurraldea.eus\/wp-content\/uploads\/2014\/05\/Ziklobia.jpg","contentUrl":"https:\/\/sagardoarenlurraldea.eus\/wp-content\/uploads\/2014\/05\/Ziklobia.jpg","width":1292,"height":1804},{"@type":"BreadcrumbList","@id":"https:\/\/sagardoarenlurraldea.eus\/es\/blog\/la-sidra-estara-presente-en-el-espacio-sagardoaren-ibaia-de-ziklobia\/#breadcrumb","itemListElement":[{"@type":"ListItem","position":1,"name":"Inicio","item":"https:\/\/sagardoarenlurraldea.eus\/es\/"},{"@type":"ListItem","position":2,"name":"La sidra estar\u00e1 presente en el espacio \u201cSagardoaren ibaia\u201d de Ziklobia."}]},{"@type":"WebSite","@id":"https:\/\/sagardoarenlurraldea.eus\/es\/#website","url":"https:\/\/sagardoarenlurraldea.eus\/es\/","name":"Sagardoaren Lurraldea","description":"El territorio de la sidra","potentialAction":[{"@type":"SearchAction","target":{"@type":"EntryPoint","urlTemplate":"https:\/\/sagardoarenlurraldea.eus\/es\/?s={search_term_string}"},"query-input":{"@type":"PropertyValueSpecification","valueRequired":true,"valueName":"search_term_string"}}],"inLanguage":"es"},{"@type":"Person","@id":"https:\/\/sagardoarenlurraldea.eus\/es\/#\/schema\/person\/9e9a225eda321f17256838c2fcba65a7","name":"Mikel Ecenarro","image":{"@type":"ImageObject","inLanguage":"es","@id":"https:\/\/sagardoarenlurraldea.eus\/es\/#\/schema\/person\/image\/","url":"https:\/\/secure.gravatar.com\/avatar\/1170400e3ac60954a47797ced4deed6bcd49cf85a03b7abd291d8f8be059bd1d?s=96&d=mm&r=g","contentUrl":"https:\/\/secure.gravatar.com\/avatar\/1170400e3ac60954a47797ced4deed6bcd49cf85a03b7abd291d8f8be059bd1d?s=96&d=mm&r=g","caption":"Mikel Ecenarro"}}]}},"_links":{"self":[{"href":"https:\/\/sagardoarenlurraldea.eus\/es\/wp-json\/wp\/v2\/posts\/17937","targetHints":{"allow":["GET"]}}],"collection":[{"href":"https:\/\/sagardoarenlurraldea.eus\/es\/wp-json\/wp\/v2\/posts"}],"about":[{"href":"https:\/\/sagardoarenlurraldea.eus\/es\/wp-json\/wp\/v2\/types\/post"}],"author":[{"embeddable":true,"href":"https:\/\/sagardoarenlurraldea.eus\/es\/wp-json\/wp\/v2\/users\/1"}],"replies":[{"embeddable":true,"href":"https:\/\/sagardoarenlurraldea.eus\/es\/wp-json\/wp\/v2\/comments?post=17937"}],"version-history":[{"count":0,"href":"https:\/\/sagardoarenlurraldea.eus\/es\/wp-json\/wp\/v2\/posts\/17937\/revisions"}],"wp:featuredmedia":[{"embeddable":true,"href":"https:\/\/sagardoarenlurraldea.eus\/es\/wp-json\/wp\/v2\/media\/3701"}],"wp:attachment":[{"href":"https:\/\/sagardoarenlurraldea.eus\/es\/wp-json\/wp\/v2\/media?parent=17937"}],"wp:term":[{"taxonomy":"category","embeddable":true,"href":"https:\/\/sagardoarenlurraldea.eus\/es\/wp-json\/wp\/v2\/categories?post=17937"},{"taxonomy":"post_tag","embeddable":true,"href":"https:\/\/sagardoarenlurraldea.eus\/es\/wp-json\/wp\/v2\/tags?post=17937"}],"curies":[{"name":"wp","href":"https:\/\/api.w.org\/{rel}","templated":true}]}}