{"id":17931,"date":"2014-05-22T00:00:00","date_gmt":"2014-05-21T22:00:00","guid":{"rendered":"http:\/\/www.sagardoarenlurraldea.eus\/blog\/exposicion-sobre-los-lagares-de-la-sidra-de-bortziriak-en-bera-de-bidasoa\/"},"modified":"2014-05-22T00:00:00","modified_gmt":"2014-05-21T22:00:00","slug":"exposicion-sobre-los-lagares-de-la-sidra-de-bortziriak-en-bera-de-bidasoa","status":"publish","type":"post","link":"https:\/\/sagardoarenlurraldea.eus\/es\/blog\/exposicion-sobre-los-lagares-de-la-sidra-de-bortziriak-en-bera-de-bidasoa\/","title":{"rendered":"Exposici\u00f3n sobre los lagares de la sidra de Bortziriak en Bera de Bidasoa."},"content":{"rendered":"<div id=\"attachment_3673\" style=\"width: 310px\" class=\"wp-caption alignleft\"><a href=\"https:\/\/sagardoarenlurraldea.eus\/wp-content\/uploads\/2014\/05\/Igartubeiti-Baserri-Museoa.jpg\"><img aria-describedby=\"caption-attachment-3673\" loading=\"lazy\" decoding=\"async\" class=\"size-medium wp-image-3673 \" alt=\"Igartubeiti Baserri Museoa\" src=\"https:\/\/sagardoarenlurraldea.eus\/wp-content\/uploads\/2014\/05\/Igartubeiti-Baserri-Museoa-300x225.jpg\" width=\"300\" height=\"225\" srcset=\"https:\/\/sagardoarenlurraldea.eus\/wp-content\/uploads\/2014\/05\/Igartubeiti-Baserri-Museoa-300x225.jpg 300w, https:\/\/sagardoarenlurraldea.eus\/wp-content\/uploads\/2014\/05\/Igartubeiti-Baserri-Museoa-400x300.jpg 400w, https:\/\/sagardoarenlurraldea.eus\/wp-content\/uploads\/2014\/05\/Igartubeiti-Baserri-Museoa-510x383.jpg 510w, https:\/\/sagardoarenlurraldea.eus\/wp-content\/uploads\/2014\/05\/Igartubeiti-Baserri-Museoa-768x576.jpg 768w, https:\/\/sagardoarenlurraldea.eus\/wp-content\/uploads\/2014\/05\/Igartubeiti-Baserri-Museoa.jpg 800w\" sizes=\"(max-width: 300px) 100vw, 300px\" \/><\/a><p id=\"caption-attachment-3673\" class=\"wp-caption-text\">Lagar del Caser\u00edo Museo Igartubeiti (Ezkio-Itsaso)<\/p><\/div>\n<p>El d\u00eda <strong>26 de octubre<\/strong> Bera de Bidasoa celebrar\u00e1 <strong>Lurraren Eguna 2014<\/strong>, y organizado por\u00a0 el Ayuntamiento de Bera y en colaboraci\u00f3n con el Gobierno de Navarra, acoger\u00e1 una exposici\u00f3n sobre los <strong>lagares de sidra <\/strong>de la comarca de Bortziriak.<\/p>\n<p>Con este fin, el Gobierno de Navarra ceder\u00e1 gratuitamente al ayuntamiento uso de las im\u00e1genes fotogr\u00e1ficas de los lagares de <strong>sidra<\/strong> de Bera y Bortziriak, procedentes de los <strong>caser\u00edos<\/strong> Txanburenea, Obenea, Marti\u00f1eneko Borda, Balkezenea, Salderesberea, Eraustea, Irazokiberea y Maritxenea, todos ellos de Bera, Iriburuta (Lesaka), Argarategaraia (Igantzi) y Apeztegia (Etxalar) y las casas Txuriobaita y Telletxea (Bera), Beriya etxea y Bekoerrotarenea (Lesaca).<\/p>\n<p>Asimismo, Bera de Bidasoa acoger\u00e1 una exposici\u00f3n temporal que tendr\u00e1 lugar entre julio y septiembre de este a\u00f1o, basada en una selecci\u00f3n de piezas del llamado \u00abfondo de Bera\u00bb del <strong>Museo Etnol\u00f3gico de Navarra \u00abJulio Caro Baroja\u201d<\/strong>. Esta exposici\u00f3n consta de <strong>43 piezas etnogr\u00e1ficas<\/strong> entre las que se incluyen instrumentos del trabajo agr\u00edcola, ganadero y forestal y una <strong>prensa para la fabricaci\u00f3n de la sidra<\/strong> y varias piezas propias de carros y arreos, como un yugo, un protector de cuernos, unas melenas, una cama de carro y una rueda maciza.<\/p>\n<p><strong>Fuente<\/strong>: <a href=\"http:\/\/www.diariodenavarra.es\/noticias\/mas_actualidad\/cultura\/2014\/05\/21\/cedidas_piezas_para_una_exposicion_sobre_caro_baroja_160221_1034.html\">Noticias de Navarra<\/a><\/p>\n","protected":false},"excerpt":{"rendered":"<p>El d\u00eda 26 de octubre Bera de Bidasoa celebrar\u00e1 Lurraren Eguna 2014, y organizado por\u00a0 el Ayuntamiento de Bera y en colaboraci\u00f3n con el Gobierno de Navarra, acoger\u00e1 una exposici\u00f3n [&hellip;]<\/p>\n","protected":false},"author":1,"featured_media":3673,"comment_status":"open","ping_status":"open","sticky":false,"template":"","format":"standard","meta":{"_acf_changed":false,"_et_pb_use_builder":"","_et_pb_old_content":"","_et_gb_content_width":"","footnotes":""},"categories":[242,247,254],"tags":[484,485,791,875,1183,1297,1607,1752,1819],"class_list":["post-17931","post","type-post","status-publish","format-standard","has-post-thumbnail","hentry","category-eventos","category-historia","category-sidra","tag-bera","tag-bera-de-bidasoa","tag-erakusketa","tag-exposicin","tag-lagar","tag-museo-etnologico-de-navarra-julio-caro-baroja","tag-sagardoa-2","tag-sidra","tag-tolare"],"acf":[],"yoast_head":"<!-- This site is optimized with the Yoast SEO plugin v25.4 - https:\/\/yoast.com\/wordpress\/plugins\/seo\/ -->\n<title>Exposici\u00f3n sobre los lagares de la sidra de Bortziriak en Bera de Bidasoa. - Sagardoaren Lurraldea<\/title>\n<meta name=\"robots\" content=\"index, follow, max-snippet:-1, max-image-preview:large, max-video-preview:-1\" \/>\n<link rel=\"canonical\" href=\"https:\/\/sagardoarenlurraldea.eus\/es\/blog\/exposicion-sobre-los-lagares-de-la-sidra-de-bortziriak-en-bera-de-bidasoa\/\" \/>\n<meta property=\"og:locale\" content=\"es_ES\" \/>\n<meta property=\"og:type\" content=\"article\" \/>\n<meta property=\"og:title\" content=\"Exposici\u00f3n sobre los lagares de la sidra de Bortziriak en Bera de Bidasoa. - Sagardoaren Lurraldea\" \/>\n<meta property=\"og:description\" content=\"El d\u00eda 26 de octubre Bera de Bidasoa celebrar\u00e1 Lurraren Eguna 2014, y organizado por\u00a0 el Ayuntamiento de Bera y en colaboraci\u00f3n con el Gobierno de Navarra, acoger\u00e1 una exposici\u00f3n [&hellip;]\" \/>\n<meta property=\"og:url\" content=\"https:\/\/sagardoarenlurraldea.eus\/es\/blog\/exposicion-sobre-los-lagares-de-la-sidra-de-bortziriak-en-bera-de-bidasoa\/\" \/>\n<meta property=\"og:site_name\" content=\"Sagardoaren Lurraldea\" \/>\n<meta property=\"article:publisher\" content=\"https:\/\/www.facebook.com\/sagardoarenlurraldea\" \/>\n<meta property=\"article:published_time\" content=\"2014-05-21T22:00:00+00:00\" \/>\n<meta property=\"og:image\" content=\"https:\/\/sagardoarenlurraldea.eus\/wp-content\/uploads\/2014\/05\/Igartubeiti-Baserri-Museoa.jpg\" \/>\n\t<meta property=\"og:image:width\" content=\"800\" \/>\n\t<meta property=\"og:image:height\" content=\"600\" \/>\n\t<meta property=\"og:image:type\" content=\"image\/jpeg\" \/>\n<meta name=\"author\" content=\"Mikel Ecenarro\" \/>\n<meta name=\"twitter:card\" content=\"summary_large_image\" \/>\n<meta name=\"twitter:label1\" content=\"Escrito por\" \/>\n\t<meta name=\"twitter:data1\" content=\"Mikel Ecenarro\" \/>\n\t<meta name=\"twitter:label2\" content=\"Tiempo de lectura\" \/>\n\t<meta name=\"twitter:data2\" content=\"1 minuto\" \/>\n<script type=\"application\/ld+json\" class=\"yoast-schema-graph\">{\"@context\":\"https:\/\/schema.org\",\"@graph\":[{\"@type\":\"WebPage\",\"@id\":\"https:\/\/sagardoarenlurraldea.eus\/es\/blog\/exposicion-sobre-los-lagares-de-la-sidra-de-bortziriak-en-bera-de-bidasoa\/\",\"url\":\"https:\/\/sagardoarenlurraldea.eus\/es\/blog\/exposicion-sobre-los-lagares-de-la-sidra-de-bortziriak-en-bera-de-bidasoa\/\",\"name\":\"Exposici\u00f3n sobre los lagares de la sidra de Bortziriak en Bera de Bidasoa. - Sagardoaren Lurraldea\",\"isPartOf\":{\"@id\":\"https:\/\/sagardoarenlurraldea.eus\/es\/#website\"},\"primaryImageOfPage\":{\"@id\":\"https:\/\/sagardoarenlurraldea.eus\/es\/blog\/exposicion-sobre-los-lagares-de-la-sidra-de-bortziriak-en-bera-de-bidasoa\/#primaryimage\"},\"image\":{\"@id\":\"https:\/\/sagardoarenlurraldea.eus\/es\/blog\/exposicion-sobre-los-lagares-de-la-sidra-de-bortziriak-en-bera-de-bidasoa\/#primaryimage\"},\"thumbnailUrl\":\"https:\/\/sagardoarenlurraldea.eus\/wp-content\/uploads\/2014\/05\/Igartubeiti-Baserri-Museoa.jpg\",\"datePublished\":\"2014-05-21T22:00:00+00:00\",\"author\":{\"@id\":\"https:\/\/sagardoarenlurraldea.eus\/es\/#\/schema\/person\/9e9a225eda321f17256838c2fcba65a7\"},\"breadcrumb\":{\"@id\":\"https:\/\/sagardoarenlurraldea.eus\/es\/blog\/exposicion-sobre-los-lagares-de-la-sidra-de-bortziriak-en-bera-de-bidasoa\/#breadcrumb\"},\"inLanguage\":\"es\",\"potentialAction\":[{\"@type\":\"ReadAction\",\"target\":[\"https:\/\/sagardoarenlurraldea.eus\/es\/blog\/exposicion-sobre-los-lagares-de-la-sidra-de-bortziriak-en-bera-de-bidasoa\/\"]}]},{\"@type\":\"ImageObject\",\"inLanguage\":\"es\",\"@id\":\"https:\/\/sagardoarenlurraldea.eus\/es\/blog\/exposicion-sobre-los-lagares-de-la-sidra-de-bortziriak-en-bera-de-bidasoa\/#primaryimage\",\"url\":\"https:\/\/sagardoarenlurraldea.eus\/wp-content\/uploads\/2014\/05\/Igartubeiti-Baserri-Museoa.jpg\",\"contentUrl\":\"https:\/\/sagardoarenlurraldea.eus\/wp-content\/uploads\/2014\/05\/Igartubeiti-Baserri-Museoa.jpg\",\"width\":800,\"height\":600},{\"@type\":\"BreadcrumbList\",\"@id\":\"https:\/\/sagardoarenlurraldea.eus\/es\/blog\/exposicion-sobre-los-lagares-de-la-sidra-de-bortziriak-en-bera-de-bidasoa\/#breadcrumb\",\"itemListElement\":[{\"@type\":\"ListItem\",\"position\":1,\"name\":\"Inicio\",\"item\":\"https:\/\/sagardoarenlurraldea.eus\/es\/\"},{\"@type\":\"ListItem\",\"position\":2,\"name\":\"Exposici\u00f3n sobre los lagares de la sidra de Bortziriak en Bera de Bidasoa.\"}]},{\"@type\":\"WebSite\",\"@id\":\"https:\/\/sagardoarenlurraldea.eus\/es\/#website\",\"url\":\"https:\/\/sagardoarenlurraldea.eus\/es\/\",\"name\":\"Sagardoaren Lurraldea\",\"description\":\"El territorio de la sidra\",\"potentialAction\":[{\"@type\":\"SearchAction\",\"target\":{\"@type\":\"EntryPoint\",\"urlTemplate\":\"https:\/\/sagardoarenlurraldea.eus\/es\/?s={search_term_string}\"},\"query-input\":{\"@type\":\"PropertyValueSpecification\",\"valueRequired\":true,\"valueName\":\"search_term_string\"}}],\"inLanguage\":\"es\"},{\"@type\":\"Person\",\"@id\":\"https:\/\/sagardoarenlurraldea.eus\/es\/#\/schema\/person\/9e9a225eda321f17256838c2fcba65a7\",\"name\":\"Mikel Ecenarro\",\"image\":{\"@type\":\"ImageObject\",\"inLanguage\":\"es\",\"@id\":\"https:\/\/sagardoarenlurraldea.eus\/es\/#\/schema\/person\/image\/\",\"url\":\"https:\/\/secure.gravatar.com\/avatar\/1170400e3ac60954a47797ced4deed6bcd49cf85a03b7abd291d8f8be059bd1d?s=96&d=mm&r=g\",\"contentUrl\":\"https:\/\/secure.gravatar.com\/avatar\/1170400e3ac60954a47797ced4deed6bcd49cf85a03b7abd291d8f8be059bd1d?s=96&d=mm&r=g\",\"caption\":\"Mikel Ecenarro\"}}]}<\/script>\n<!-- \/ Yoast SEO plugin. -->","yoast_head_json":{"title":"Exposici\u00f3n sobre los lagares de la sidra de Bortziriak en Bera de Bidasoa. - Sagardoaren Lurraldea","robots":{"index":"index","follow":"follow","max-snippet":"max-snippet:-1","max-image-preview":"max-image-preview:large","max-video-preview":"max-video-preview:-1"},"canonical":"https:\/\/sagardoarenlurraldea.eus\/es\/blog\/exposicion-sobre-los-lagares-de-la-sidra-de-bortziriak-en-bera-de-bidasoa\/","og_locale":"es_ES","og_type":"article","og_title":"Exposici\u00f3n sobre los lagares de la sidra de Bortziriak en Bera de Bidasoa. - Sagardoaren Lurraldea","og_description":"El d\u00eda 26 de octubre Bera de Bidasoa celebrar\u00e1 Lurraren Eguna 2014, y organizado por\u00a0 el Ayuntamiento de Bera y en colaboraci\u00f3n con el Gobierno de Navarra, acoger\u00e1 una exposici\u00f3n [&hellip;]","og_url":"https:\/\/sagardoarenlurraldea.eus\/es\/blog\/exposicion-sobre-los-lagares-de-la-sidra-de-bortziriak-en-bera-de-bidasoa\/","og_site_name":"Sagardoaren Lurraldea","article_publisher":"https:\/\/www.facebook.com\/sagardoarenlurraldea","article_published_time":"2014-05-21T22:00:00+00:00","og_image":[{"width":800,"height":600,"url":"https:\/\/sagardoarenlurraldea.eus\/wp-content\/uploads\/2014\/05\/Igartubeiti-Baserri-Museoa.jpg","type":"image\/jpeg"}],"author":"Mikel Ecenarro","twitter_card":"summary_large_image","twitter_misc":{"Escrito por":"Mikel Ecenarro","Tiempo de lectura":"1 minuto"},"schema":{"@context":"https:\/\/schema.org","@graph":[{"@type":"WebPage","@id":"https:\/\/sagardoarenlurraldea.eus\/es\/blog\/exposicion-sobre-los-lagares-de-la-sidra-de-bortziriak-en-bera-de-bidasoa\/","url":"https:\/\/sagardoarenlurraldea.eus\/es\/blog\/exposicion-sobre-los-lagares-de-la-sidra-de-bortziriak-en-bera-de-bidasoa\/","name":"Exposici\u00f3n sobre los lagares de la sidra de Bortziriak en Bera de Bidasoa. - Sagardoaren Lurraldea","isPartOf":{"@id":"https:\/\/sagardoarenlurraldea.eus\/es\/#website"},"primaryImageOfPage":{"@id":"https:\/\/sagardoarenlurraldea.eus\/es\/blog\/exposicion-sobre-los-lagares-de-la-sidra-de-bortziriak-en-bera-de-bidasoa\/#primaryimage"},"image":{"@id":"https:\/\/sagardoarenlurraldea.eus\/es\/blog\/exposicion-sobre-los-lagares-de-la-sidra-de-bortziriak-en-bera-de-bidasoa\/#primaryimage"},"thumbnailUrl":"https:\/\/sagardoarenlurraldea.eus\/wp-content\/uploads\/2014\/05\/Igartubeiti-Baserri-Museoa.jpg","datePublished":"2014-05-21T22:00:00+00:00","author":{"@id":"https:\/\/sagardoarenlurraldea.eus\/es\/#\/schema\/person\/9e9a225eda321f17256838c2fcba65a7"},"breadcrumb":{"@id":"https:\/\/sagardoarenlurraldea.eus\/es\/blog\/exposicion-sobre-los-lagares-de-la-sidra-de-bortziriak-en-bera-de-bidasoa\/#breadcrumb"},"inLanguage":"es","potentialAction":[{"@type":"ReadAction","target":["https:\/\/sagardoarenlurraldea.eus\/es\/blog\/exposicion-sobre-los-lagares-de-la-sidra-de-bortziriak-en-bera-de-bidasoa\/"]}]},{"@type":"ImageObject","inLanguage":"es","@id":"https:\/\/sagardoarenlurraldea.eus\/es\/blog\/exposicion-sobre-los-lagares-de-la-sidra-de-bortziriak-en-bera-de-bidasoa\/#primaryimage","url":"https:\/\/sagardoarenlurraldea.eus\/wp-content\/uploads\/2014\/05\/Igartubeiti-Baserri-Museoa.jpg","contentUrl":"https:\/\/sagardoarenlurraldea.eus\/wp-content\/uploads\/2014\/05\/Igartubeiti-Baserri-Museoa.jpg","width":800,"height":600},{"@type":"BreadcrumbList","@id":"https:\/\/sagardoarenlurraldea.eus\/es\/blog\/exposicion-sobre-los-lagares-de-la-sidra-de-bortziriak-en-bera-de-bidasoa\/#breadcrumb","itemListElement":[{"@type":"ListItem","position":1,"name":"Inicio","item":"https:\/\/sagardoarenlurraldea.eus\/es\/"},{"@type":"ListItem","position":2,"name":"Exposici\u00f3n sobre los lagares de la sidra de Bortziriak en Bera de Bidasoa."}]},{"@type":"WebSite","@id":"https:\/\/sagardoarenlurraldea.eus\/es\/#website","url":"https:\/\/sagardoarenlurraldea.eus\/es\/","name":"Sagardoaren Lurraldea","description":"El territorio de la sidra","potentialAction":[{"@type":"SearchAction","target":{"@type":"EntryPoint","urlTemplate":"https:\/\/sagardoarenlurraldea.eus\/es\/?s={search_term_string}"},"query-input":{"@type":"PropertyValueSpecification","valueRequired":true,"valueName":"search_term_string"}}],"inLanguage":"es"},{"@type":"Person","@id":"https:\/\/sagardoarenlurraldea.eus\/es\/#\/schema\/person\/9e9a225eda321f17256838c2fcba65a7","name":"Mikel Ecenarro","image":{"@type":"ImageObject","inLanguage":"es","@id":"https:\/\/sagardoarenlurraldea.eus\/es\/#\/schema\/person\/image\/","url":"https:\/\/secure.gravatar.com\/avatar\/1170400e3ac60954a47797ced4deed6bcd49cf85a03b7abd291d8f8be059bd1d?s=96&d=mm&r=g","contentUrl":"https:\/\/secure.gravatar.com\/avatar\/1170400e3ac60954a47797ced4deed6bcd49cf85a03b7abd291d8f8be059bd1d?s=96&d=mm&r=g","caption":"Mikel Ecenarro"}}]}},"_links":{"self":[{"href":"https:\/\/sagardoarenlurraldea.eus\/es\/wp-json\/wp\/v2\/posts\/17931","targetHints":{"allow":["GET"]}}],"collection":[{"href":"https:\/\/sagardoarenlurraldea.eus\/es\/wp-json\/wp\/v2\/posts"}],"about":[{"href":"https:\/\/sagardoarenlurraldea.eus\/es\/wp-json\/wp\/v2\/types\/post"}],"author":[{"embeddable":true,"href":"https:\/\/sagardoarenlurraldea.eus\/es\/wp-json\/wp\/v2\/users\/1"}],"replies":[{"embeddable":true,"href":"https:\/\/sagardoarenlurraldea.eus\/es\/wp-json\/wp\/v2\/comments?post=17931"}],"version-history":[{"count":0,"href":"https:\/\/sagardoarenlurraldea.eus\/es\/wp-json\/wp\/v2\/posts\/17931\/revisions"}],"wp:featuredmedia":[{"embeddable":true,"href":"https:\/\/sagardoarenlurraldea.eus\/es\/wp-json\/wp\/v2\/media\/3673"}],"wp:attachment":[{"href":"https:\/\/sagardoarenlurraldea.eus\/es\/wp-json\/wp\/v2\/media?parent=17931"}],"wp:term":[{"taxonomy":"category","embeddable":true,"href":"https:\/\/sagardoarenlurraldea.eus\/es\/wp-json\/wp\/v2\/categories?post=17931"},{"taxonomy":"post_tag","embeddable":true,"href":"https:\/\/sagardoarenlurraldea.eus\/es\/wp-json\/wp\/v2\/tags?post=17931"}],"curies":[{"name":"wp","href":"https:\/\/api.w.org\/{rel}","templated":true}]}}