{"id":17892,"date":"2014-02-07T00:00:00","date_gmt":"2014-02-06T22:00:00","guid":{"rendered":"http:\/\/www.sagardoarenlurraldea.eus\/blog\/curso-de-poda-de-manzanos-2\/"},"modified":"2014-02-07T00:00:00","modified_gmt":"2014-02-06T22:00:00","slug":"curso-de-poda-de-manzanos-2","status":"publish","type":"post","link":"https:\/\/sagardoarenlurraldea.eus\/es\/blog\/curso-de-poda-de-manzanos-2\/","title":{"rendered":"Curso de poda de manzanos."},"content":{"rendered":"<p><strong><a href=\"https:\/\/sagardoarenlurraldea.eus\/wp-content\/uploads\/2014\/02\/Ikastaroa.jpg\"><img loading=\"lazy\" decoding=\"async\" class=\"alignleft size-medium wp-image-3449\" alt=\"Ikastaroa\" src=\"https:\/\/sagardoarenlurraldea.eus\/wp-content\/uploads\/2014\/02\/Ikastaroa-300x212.jpg\" width=\"300\" height=\"212\" srcset=\"https:\/\/sagardoarenlurraldea.eus\/wp-content\/uploads\/2014\/02\/Ikastaroa-300x212.jpg 300w, https:\/\/sagardoarenlurraldea.eus\/wp-content\/uploads\/2014\/02\/Ikastaroa-510x361.jpg 510w, https:\/\/sagardoarenlurraldea.eus\/wp-content\/uploads\/2014\/02\/Ikastaroa-400x284.jpg 400w, https:\/\/sagardoarenlurraldea.eus\/wp-content\/uploads\/2014\/02\/Ikastaroa.jpg 524w\" sizes=\"(max-width: 300px) 100vw, 300px\" \/><\/a>Fraisoro Eskola<\/strong> y <strong>Hazi Korporazioa<\/strong> han organizado un curso te\u00f3rico-pr\u00e1ctico dirigido a productores de manzana en el que se trabajar\u00e1n las t\u00e9cnicas b\u00e1sicas de plantaci\u00f3n y de poda de manzanos, as\u00ed como los cuidados b\u00e1sicos que necesitan estos \u00e1rboles.<\/p>\n<p><strong>Datos del curso<\/strong>:<br \/>\n&#8211; Dirigido a:\u00a0 Fruticultores\/as y aficionados\/as a la fruticultura.<br \/>\n&#8211; Fechas: 15 de febrero, 1 de marzo, 8 de marzo, 10 de mayo, 14 de junio y 13 de septiembre.<br \/>\n&#8211; Horario: 09:30-13:30.<br \/>\n&#8211; Lugar de impartici\u00f3n:\u00a0 Usurbil<br \/>\n&#8211; Profesor: Aitor Etxeandia (Sagarlan).<br \/>\n&#8211; Idioma: Euskara.<br \/>\n&#8211; Metodolog\u00eda: teorico-pr\u00e1ctica.<br \/>\n&#8211; Matr\u00edcula: 36.<\/p>\n<p><strong>Inscripciones<\/strong>:<br \/>\nFraisoro Eskola: 943 692 166 \/ <a href=\"mailto:fpefraisoro@hazi.es\">fpefraisoro@hazi.es<\/a> \/ <a href=\"http:\/\/www.hazi.es \">www.hazi.es <\/a><br \/>\nAlkartasuna Kooperatiba: 943 361 114<\/p>\n<p><strong>Fuente<\/strong>: <a href=\"http:\/\/www.alkartasunausurbil.com\/espanol\">Alkartasuna Kooperatiba<\/a>.<\/p>\n<dl>\n<dd>\u00a0<\/dd>\n<\/dl>\n","protected":false},"excerpt":{"rendered":"<p>Fraisoro Eskola y Hazi Korporazioa han organizado un curso te\u00f3rico-pr\u00e1ctico dirigido a productores de manzana en el que se trabajar\u00e1n las t\u00e9cnicas b\u00e1sicas de plantaci\u00f3n y de poda de manzanos, [&hellip;]<\/p>\n","protected":false},"author":1,"featured_media":3449,"comment_status":"open","ping_status":"open","sticky":false,"template":"","format":"standard","meta":{"_acf_changed":false,"_et_pb_use_builder":"","_et_pb_old_content":"","_et_gb_content_width":"","footnotes":""},"categories":[245,253],"tags":[322,913,1050,1062,1237,1438,1679,1906],"class_list":["post-17892","post","type-post","status-publish","format-standard","has-post-thumbnail","hentry","category-formacion","category-manzanal","tag-aitor-etxeandia","tag-formacin","tag-ikastaroa","tag-inausketa","tag-manzanos","tag-poda","tag-sagarrondo","tag-usurbil"],"acf":[],"yoast_head":"<!-- This site is optimized with the Yoast SEO plugin v25.4 - https:\/\/yoast.com\/wordpress\/plugins\/seo\/ -->\n<title>Curso de poda de manzanos. - Sagardoaren Lurraldea<\/title>\n<meta name=\"robots\" content=\"index, follow, max-snippet:-1, max-image-preview:large, max-video-preview:-1\" \/>\n<link rel=\"canonical\" href=\"https:\/\/sagardoarenlurraldea.eus\/es\/blog\/curso-de-poda-de-manzanos-2\/\" \/>\n<meta property=\"og:locale\" content=\"es_ES\" \/>\n<meta property=\"og:type\" content=\"article\" \/>\n<meta property=\"og:title\" content=\"Curso de poda de manzanos. - Sagardoaren Lurraldea\" \/>\n<meta property=\"og:description\" content=\"Fraisoro Eskola y Hazi Korporazioa han organizado un curso te\u00f3rico-pr\u00e1ctico dirigido a productores de manzana en el que se trabajar\u00e1n las t\u00e9cnicas b\u00e1sicas de plantaci\u00f3n y de poda de manzanos, [&hellip;]\" \/>\n<meta property=\"og:url\" content=\"https:\/\/sagardoarenlurraldea.eus\/es\/blog\/curso-de-poda-de-manzanos-2\/\" \/>\n<meta property=\"og:site_name\" content=\"Sagardoaren Lurraldea\" \/>\n<meta property=\"article:publisher\" content=\"https:\/\/www.facebook.com\/sagardoarenlurraldea\" \/>\n<meta property=\"article:published_time\" content=\"2014-02-06T22:00:00+00:00\" \/>\n<meta property=\"og:image\" content=\"https:\/\/sagardoarenlurraldea.eus\/wp-content\/uploads\/2014\/02\/Ikastaroa.jpg\" \/>\n\t<meta property=\"og:image:width\" content=\"524\" \/>\n\t<meta property=\"og:image:height\" content=\"371\" \/>\n\t<meta property=\"og:image:type\" content=\"image\/jpeg\" \/>\n<meta name=\"author\" content=\"Mikel Ecenarro\" \/>\n<meta name=\"twitter:card\" content=\"summary_large_image\" \/>\n<meta name=\"twitter:label1\" content=\"Escrito por\" \/>\n\t<meta name=\"twitter:data1\" content=\"Mikel Ecenarro\" \/>\n\t<meta name=\"twitter:label2\" content=\"Tiempo de lectura\" \/>\n\t<meta name=\"twitter:data2\" content=\"1 minuto\" \/>\n<script type=\"application\/ld+json\" class=\"yoast-schema-graph\">{\"@context\":\"https:\/\/schema.org\",\"@graph\":[{\"@type\":\"WebPage\",\"@id\":\"https:\/\/sagardoarenlurraldea.eus\/es\/blog\/curso-de-poda-de-manzanos-2\/\",\"url\":\"https:\/\/sagardoarenlurraldea.eus\/es\/blog\/curso-de-poda-de-manzanos-2\/\",\"name\":\"Curso de poda de manzanos. - Sagardoaren Lurraldea\",\"isPartOf\":{\"@id\":\"https:\/\/sagardoarenlurraldea.eus\/es\/#website\"},\"primaryImageOfPage\":{\"@id\":\"https:\/\/sagardoarenlurraldea.eus\/es\/blog\/curso-de-poda-de-manzanos-2\/#primaryimage\"},\"image\":{\"@id\":\"https:\/\/sagardoarenlurraldea.eus\/es\/blog\/curso-de-poda-de-manzanos-2\/#primaryimage\"},\"thumbnailUrl\":\"https:\/\/sagardoarenlurraldea.eus\/wp-content\/uploads\/2014\/02\/Ikastaroa.jpg\",\"datePublished\":\"2014-02-06T22:00:00+00:00\",\"author\":{\"@id\":\"https:\/\/sagardoarenlurraldea.eus\/es\/#\/schema\/person\/9e9a225eda321f17256838c2fcba65a7\"},\"breadcrumb\":{\"@id\":\"https:\/\/sagardoarenlurraldea.eus\/es\/blog\/curso-de-poda-de-manzanos-2\/#breadcrumb\"},\"inLanguage\":\"es\",\"potentialAction\":[{\"@type\":\"ReadAction\",\"target\":[\"https:\/\/sagardoarenlurraldea.eus\/es\/blog\/curso-de-poda-de-manzanos-2\/\"]}]},{\"@type\":\"ImageObject\",\"inLanguage\":\"es\",\"@id\":\"https:\/\/sagardoarenlurraldea.eus\/es\/blog\/curso-de-poda-de-manzanos-2\/#primaryimage\",\"url\":\"https:\/\/sagardoarenlurraldea.eus\/wp-content\/uploads\/2014\/02\/Ikastaroa.jpg\",\"contentUrl\":\"https:\/\/sagardoarenlurraldea.eus\/wp-content\/uploads\/2014\/02\/Ikastaroa.jpg\",\"width\":524,\"height\":371},{\"@type\":\"BreadcrumbList\",\"@id\":\"https:\/\/sagardoarenlurraldea.eus\/es\/blog\/curso-de-poda-de-manzanos-2\/#breadcrumb\",\"itemListElement\":[{\"@type\":\"ListItem\",\"position\":1,\"name\":\"Inicio\",\"item\":\"https:\/\/sagardoarenlurraldea.eus\/es\/\"},{\"@type\":\"ListItem\",\"position\":2,\"name\":\"Curso de poda de manzanos.\"}]},{\"@type\":\"WebSite\",\"@id\":\"https:\/\/sagardoarenlurraldea.eus\/es\/#website\",\"url\":\"https:\/\/sagardoarenlurraldea.eus\/es\/\",\"name\":\"Sagardoaren Lurraldea\",\"description\":\"El territorio de la sidra\",\"potentialAction\":[{\"@type\":\"SearchAction\",\"target\":{\"@type\":\"EntryPoint\",\"urlTemplate\":\"https:\/\/sagardoarenlurraldea.eus\/es\/?s={search_term_string}\"},\"query-input\":{\"@type\":\"PropertyValueSpecification\",\"valueRequired\":true,\"valueName\":\"search_term_string\"}}],\"inLanguage\":\"es\"},{\"@type\":\"Person\",\"@id\":\"https:\/\/sagardoarenlurraldea.eus\/es\/#\/schema\/person\/9e9a225eda321f17256838c2fcba65a7\",\"name\":\"Mikel Ecenarro\",\"image\":{\"@type\":\"ImageObject\",\"inLanguage\":\"es\",\"@id\":\"https:\/\/sagardoarenlurraldea.eus\/es\/#\/schema\/person\/image\/\",\"url\":\"https:\/\/secure.gravatar.com\/avatar\/1170400e3ac60954a47797ced4deed6bcd49cf85a03b7abd291d8f8be059bd1d?s=96&d=mm&r=g\",\"contentUrl\":\"https:\/\/secure.gravatar.com\/avatar\/1170400e3ac60954a47797ced4deed6bcd49cf85a03b7abd291d8f8be059bd1d?s=96&d=mm&r=g\",\"caption\":\"Mikel Ecenarro\"}}]}<\/script>\n<!-- \/ Yoast SEO plugin. -->","yoast_head_json":{"title":"Curso de poda de manzanos. - Sagardoaren Lurraldea","robots":{"index":"index","follow":"follow","max-snippet":"max-snippet:-1","max-image-preview":"max-image-preview:large","max-video-preview":"max-video-preview:-1"},"canonical":"https:\/\/sagardoarenlurraldea.eus\/es\/blog\/curso-de-poda-de-manzanos-2\/","og_locale":"es_ES","og_type":"article","og_title":"Curso de poda de manzanos. - Sagardoaren Lurraldea","og_description":"Fraisoro Eskola y Hazi Korporazioa han organizado un curso te\u00f3rico-pr\u00e1ctico dirigido a productores de manzana en el que se trabajar\u00e1n las t\u00e9cnicas b\u00e1sicas de plantaci\u00f3n y de poda de manzanos, [&hellip;]","og_url":"https:\/\/sagardoarenlurraldea.eus\/es\/blog\/curso-de-poda-de-manzanos-2\/","og_site_name":"Sagardoaren Lurraldea","article_publisher":"https:\/\/www.facebook.com\/sagardoarenlurraldea","article_published_time":"2014-02-06T22:00:00+00:00","og_image":[{"width":524,"height":371,"url":"https:\/\/sagardoarenlurraldea.eus\/wp-content\/uploads\/2014\/02\/Ikastaroa.jpg","type":"image\/jpeg"}],"author":"Mikel Ecenarro","twitter_card":"summary_large_image","twitter_misc":{"Escrito por":"Mikel Ecenarro","Tiempo de lectura":"1 minuto"},"schema":{"@context":"https:\/\/schema.org","@graph":[{"@type":"WebPage","@id":"https:\/\/sagardoarenlurraldea.eus\/es\/blog\/curso-de-poda-de-manzanos-2\/","url":"https:\/\/sagardoarenlurraldea.eus\/es\/blog\/curso-de-poda-de-manzanos-2\/","name":"Curso de poda de manzanos. - Sagardoaren Lurraldea","isPartOf":{"@id":"https:\/\/sagardoarenlurraldea.eus\/es\/#website"},"primaryImageOfPage":{"@id":"https:\/\/sagardoarenlurraldea.eus\/es\/blog\/curso-de-poda-de-manzanos-2\/#primaryimage"},"image":{"@id":"https:\/\/sagardoarenlurraldea.eus\/es\/blog\/curso-de-poda-de-manzanos-2\/#primaryimage"},"thumbnailUrl":"https:\/\/sagardoarenlurraldea.eus\/wp-content\/uploads\/2014\/02\/Ikastaroa.jpg","datePublished":"2014-02-06T22:00:00+00:00","author":{"@id":"https:\/\/sagardoarenlurraldea.eus\/es\/#\/schema\/person\/9e9a225eda321f17256838c2fcba65a7"},"breadcrumb":{"@id":"https:\/\/sagardoarenlurraldea.eus\/es\/blog\/curso-de-poda-de-manzanos-2\/#breadcrumb"},"inLanguage":"es","potentialAction":[{"@type":"ReadAction","target":["https:\/\/sagardoarenlurraldea.eus\/es\/blog\/curso-de-poda-de-manzanos-2\/"]}]},{"@type":"ImageObject","inLanguage":"es","@id":"https:\/\/sagardoarenlurraldea.eus\/es\/blog\/curso-de-poda-de-manzanos-2\/#primaryimage","url":"https:\/\/sagardoarenlurraldea.eus\/wp-content\/uploads\/2014\/02\/Ikastaroa.jpg","contentUrl":"https:\/\/sagardoarenlurraldea.eus\/wp-content\/uploads\/2014\/02\/Ikastaroa.jpg","width":524,"height":371},{"@type":"BreadcrumbList","@id":"https:\/\/sagardoarenlurraldea.eus\/es\/blog\/curso-de-poda-de-manzanos-2\/#breadcrumb","itemListElement":[{"@type":"ListItem","position":1,"name":"Inicio","item":"https:\/\/sagardoarenlurraldea.eus\/es\/"},{"@type":"ListItem","position":2,"name":"Curso de poda de manzanos."}]},{"@type":"WebSite","@id":"https:\/\/sagardoarenlurraldea.eus\/es\/#website","url":"https:\/\/sagardoarenlurraldea.eus\/es\/","name":"Sagardoaren Lurraldea","description":"El territorio de la sidra","potentialAction":[{"@type":"SearchAction","target":{"@type":"EntryPoint","urlTemplate":"https:\/\/sagardoarenlurraldea.eus\/es\/?s={search_term_string}"},"query-input":{"@type":"PropertyValueSpecification","valueRequired":true,"valueName":"search_term_string"}}],"inLanguage":"es"},{"@type":"Person","@id":"https:\/\/sagardoarenlurraldea.eus\/es\/#\/schema\/person\/9e9a225eda321f17256838c2fcba65a7","name":"Mikel Ecenarro","image":{"@type":"ImageObject","inLanguage":"es","@id":"https:\/\/sagardoarenlurraldea.eus\/es\/#\/schema\/person\/image\/","url":"https:\/\/secure.gravatar.com\/avatar\/1170400e3ac60954a47797ced4deed6bcd49cf85a03b7abd291d8f8be059bd1d?s=96&d=mm&r=g","contentUrl":"https:\/\/secure.gravatar.com\/avatar\/1170400e3ac60954a47797ced4deed6bcd49cf85a03b7abd291d8f8be059bd1d?s=96&d=mm&r=g","caption":"Mikel Ecenarro"}}]}},"_links":{"self":[{"href":"https:\/\/sagardoarenlurraldea.eus\/es\/wp-json\/wp\/v2\/posts\/17892","targetHints":{"allow":["GET"]}}],"collection":[{"href":"https:\/\/sagardoarenlurraldea.eus\/es\/wp-json\/wp\/v2\/posts"}],"about":[{"href":"https:\/\/sagardoarenlurraldea.eus\/es\/wp-json\/wp\/v2\/types\/post"}],"author":[{"embeddable":true,"href":"https:\/\/sagardoarenlurraldea.eus\/es\/wp-json\/wp\/v2\/users\/1"}],"replies":[{"embeddable":true,"href":"https:\/\/sagardoarenlurraldea.eus\/es\/wp-json\/wp\/v2\/comments?post=17892"}],"version-history":[{"count":0,"href":"https:\/\/sagardoarenlurraldea.eus\/es\/wp-json\/wp\/v2\/posts\/17892\/revisions"}],"wp:featuredmedia":[{"embeddable":true,"href":"https:\/\/sagardoarenlurraldea.eus\/es\/wp-json\/wp\/v2\/media\/3449"}],"wp:attachment":[{"href":"https:\/\/sagardoarenlurraldea.eus\/es\/wp-json\/wp\/v2\/media?parent=17892"}],"wp:term":[{"taxonomy":"category","embeddable":true,"href":"https:\/\/sagardoarenlurraldea.eus\/es\/wp-json\/wp\/v2\/categories?post=17892"},{"taxonomy":"post_tag","embeddable":true,"href":"https:\/\/sagardoarenlurraldea.eus\/es\/wp-json\/wp\/v2\/tags?post=17892"}],"curies":[{"name":"wp","href":"https:\/\/api.w.org\/{rel}","templated":true}]}}