{"id":17891,"date":"2014-02-07T00:00:00","date_gmt":"2014-02-06T22:00:00","guid":{"rendered":"http:\/\/www.sagardoarenlurraldea.eus\/blog\/oferta-de-alojamiento-y-sidreria-para-los-viernes-de-la-temporada-del-txotx-2014\/"},"modified":"2014-02-07T00:00:00","modified_gmt":"2014-02-06T22:00:00","slug":"oferta-de-alojamiento-y-sidreria-para-los-viernes-de-la-temporada-del-txotx-2014","status":"publish","type":"post","link":"https:\/\/sagardoarenlurraldea.eus\/es\/blog\/oferta-de-alojamiento-y-sidreria-para-los-viernes-de-la-temporada-del-txotx-2014\/","title":{"rendered":"Oferta de alojamiento y sidrer\u00eda para los viernes de la temporada del txotx 2014."},"content":{"rendered":"<p><a href=\"https:\/\/sagardoarenlurraldea.eus\/wp-content\/uploads\/2014\/02\/TxotxCastellanoDEFINITIVO.jpg\"><img loading=\"lazy\" decoding=\"async\" class=\"alignleft size-medium wp-image-3445\" alt=\"TxotxCastellanoDEFINITIVO\" src=\"https:\/\/sagardoarenlurraldea.eus\/wp-content\/uploads\/2014\/02\/TxotxCastellanoDEFINITIVO-208x300.jpg\" width=\"208\" height=\"300\" \/><\/a>El ente de cooperaci\u00f3n tur\u00edstica de la comarca de Donostialdea ha lanzado una <strong>oferta de alojamiento y sidrer\u00eda para los viernes de la temporada del txotx 2014<\/strong>.<\/p>\n<p>En esta iniciativa participan diversos <strong>alojamientos y sidrer\u00eda<\/strong>s de Donostialdea (Andoain, Astigarraga, Hernani, Lasarte-Oria, Urnieta y Usurbil) y ofrecen un 15% de descuento en sus productos.<\/p>\n<p>Las <strong>condiciones<\/strong> de la oferta son las siguientes:<br \/>\n&#8211; V\u00e1lido para comida\/cena y estancia de viernes.<br \/>\n&#8211; Para disfrutar del descuento, se deber\u00e1n adquirir los servicios de alojamiento y sidrer\u00eda. Se abonar\u00e1n en cada establecimiento.<br \/>\n&#8211; Necesario reservar para dos personas en cada establecimiento.<br \/>\n&#8211; No acumulable a otros descuentos.<br \/>\n&#8211; Sujetas a disponibilidad, tanto en sidrer\u00eda como en alojamiento.<\/p>\n<p>Los alojamientos y sidrer\u00edas que participan en esta iniciativa son los siguientes:<br \/>\n&#8211; <strong>Alojamientos<\/strong>: Pensi\u00f3n Arrobi (Hernani), Pardiola Baserria (Hernani), Pensi\u00f3n Zinkoenea (Hernani), Casa Rural Altzibar Berri (Urnieta), Pensi\u00f3n Babes (Urnieta), Agroturismo Enbutegi (Urnieta), Pensi\u00f3n Guria (Urnieta), Agroturismo Kostegi (Urnieta), Hotel K10 (Urnieta), Agroturismo Montefrio (Urnieta), Pensi\u00f3n Oianume (Urnieta), Pensi\u00f3n Villa de Urnieta (Urnieta), Hotel Aginaga (Usurbil), Agroturismo Arratzain (Usurbil), Casa Rural Barazar (Usurbil), Agroturismo Illunbe Goikoa (Usurbil) y Agroturismo Zabalea (Usurbil).<br \/>\n&#8211; <strong>Sidrer\u00edas<\/strong>: Petritegi (Astigarraga), Akarregi (Hernani), Iparragirre (Hernani), Itxas-Buru (Hernani), Oianume (Urnieta), Aginaga (Usurbil) y Arratzain (Usurbil).<\/p>\n<p><strong>Fuente<\/strong>: Ente de cooperaci\u00f3n tur\u00edstica de la comarca de Donostialdea.<\/p>\n","protected":false},"excerpt":{"rendered":"<p>El ente de cooperaci\u00f3n tur\u00edstica de la comarca de Donostialdea ha lanzado una oferta de alojamiento y sidrer\u00eda para los viernes de la temporada del txotx 2014. En esta iniciativa [&hellip;]<\/p>\n","protected":false},"author":1,"featured_media":3446,"comment_status":"open","ping_status":"open","sticky":false,"template":"","format":"standard","meta":{"_acf_changed":false,"_et_pb_use_builder":"","_et_pb_old_content":"","_et_gb_content_width":"","footnotes":""},"categories":[255,256],"tags":[338,730,1346,1380,1607,1652,1752,1776,1868],"class_list":["post-17891","post","type-post","status-publish","format-standard","has-post-thumbnail","hentry","category-sidrerias","category-turismo","tag-alojamientos","tag-donostialdea","tag-oferta","tag-ostatuak","tag-sagardoa-2","tag-sagardotegiak-2","tag-sidra","tag-sidrerias","tag-txotx"],"acf":[],"yoast_head":"<!-- This site is optimized with the Yoast SEO plugin v25.4 - https:\/\/yoast.com\/wordpress\/plugins\/seo\/ -->\n<title>Oferta de alojamiento y sidrer\u00eda para los viernes de la temporada del txotx 2014. - Sagardoaren Lurraldea<\/title>\n<meta name=\"robots\" content=\"index, follow, max-snippet:-1, max-image-preview:large, max-video-preview:-1\" \/>\n<link rel=\"canonical\" href=\"https:\/\/sagardoarenlurraldea.eus\/es\/blog\/oferta-de-alojamiento-y-sidreria-para-los-viernes-de-la-temporada-del-txotx-2014\/\" \/>\n<meta property=\"og:locale\" content=\"es_ES\" \/>\n<meta property=\"og:type\" content=\"article\" \/>\n<meta property=\"og:title\" content=\"Oferta de alojamiento y sidrer\u00eda para los viernes de la temporada del txotx 2014. - Sagardoaren Lurraldea\" \/>\n<meta property=\"og:description\" content=\"El ente de cooperaci\u00f3n tur\u00edstica de la comarca de Donostialdea ha lanzado una oferta de alojamiento y sidrer\u00eda para los viernes de la temporada del txotx 2014. En esta iniciativa [&hellip;]\" \/>\n<meta property=\"og:url\" content=\"https:\/\/sagardoarenlurraldea.eus\/es\/blog\/oferta-de-alojamiento-y-sidreria-para-los-viernes-de-la-temporada-del-txotx-2014\/\" \/>\n<meta property=\"og:site_name\" content=\"Sagardoaren Lurraldea\" \/>\n<meta property=\"article:publisher\" content=\"https:\/\/www.facebook.com\/sagardoarenlurraldea\" \/>\n<meta property=\"article:published_time\" content=\"2014-02-06T22:00:00+00:00\" \/>\n<meta property=\"og:image\" content=\"https:\/\/sagardoarenlurraldea.eus\/wp-content\/uploads\/2014\/02\/TxotxEuskeraDEFINITIVO.jpg\" \/>\n\t<meta property=\"og:image:width\" content=\"531\" \/>\n\t<meta property=\"og:image:height\" content=\"768\" \/>\n\t<meta property=\"og:image:type\" content=\"image\/jpeg\" \/>\n<meta name=\"author\" content=\"Mikel Ecenarro\" \/>\n<meta name=\"twitter:card\" content=\"summary_large_image\" \/>\n<meta name=\"twitter:label1\" content=\"Escrito por\" \/>\n\t<meta name=\"twitter:data1\" content=\"Mikel Ecenarro\" \/>\n\t<meta name=\"twitter:label2\" content=\"Tiempo de lectura\" \/>\n\t<meta name=\"twitter:data2\" content=\"1 minuto\" \/>\n<script type=\"application\/ld+json\" class=\"yoast-schema-graph\">{\"@context\":\"https:\/\/schema.org\",\"@graph\":[{\"@type\":\"WebPage\",\"@id\":\"https:\/\/sagardoarenlurraldea.eus\/es\/blog\/oferta-de-alojamiento-y-sidreria-para-los-viernes-de-la-temporada-del-txotx-2014\/\",\"url\":\"https:\/\/sagardoarenlurraldea.eus\/es\/blog\/oferta-de-alojamiento-y-sidreria-para-los-viernes-de-la-temporada-del-txotx-2014\/\",\"name\":\"Oferta de alojamiento y sidrer\u00eda para los viernes de la temporada del txotx 2014. - Sagardoaren Lurraldea\",\"isPartOf\":{\"@id\":\"https:\/\/sagardoarenlurraldea.eus\/es\/#website\"},\"primaryImageOfPage\":{\"@id\":\"https:\/\/sagardoarenlurraldea.eus\/es\/blog\/oferta-de-alojamiento-y-sidreria-para-los-viernes-de-la-temporada-del-txotx-2014\/#primaryimage\"},\"image\":{\"@id\":\"https:\/\/sagardoarenlurraldea.eus\/es\/blog\/oferta-de-alojamiento-y-sidreria-para-los-viernes-de-la-temporada-del-txotx-2014\/#primaryimage\"},\"thumbnailUrl\":\"https:\/\/sagardoarenlurraldea.eus\/wp-content\/uploads\/2014\/02\/TxotxEuskeraDEFINITIVO.jpg\",\"datePublished\":\"2014-02-06T22:00:00+00:00\",\"author\":{\"@id\":\"https:\/\/sagardoarenlurraldea.eus\/es\/#\/schema\/person\/9e9a225eda321f17256838c2fcba65a7\"},\"breadcrumb\":{\"@id\":\"https:\/\/sagardoarenlurraldea.eus\/es\/blog\/oferta-de-alojamiento-y-sidreria-para-los-viernes-de-la-temporada-del-txotx-2014\/#breadcrumb\"},\"inLanguage\":\"es\",\"potentialAction\":[{\"@type\":\"ReadAction\",\"target\":[\"https:\/\/sagardoarenlurraldea.eus\/es\/blog\/oferta-de-alojamiento-y-sidreria-para-los-viernes-de-la-temporada-del-txotx-2014\/\"]}]},{\"@type\":\"ImageObject\",\"inLanguage\":\"es\",\"@id\":\"https:\/\/sagardoarenlurraldea.eus\/es\/blog\/oferta-de-alojamiento-y-sidreria-para-los-viernes-de-la-temporada-del-txotx-2014\/#primaryimage\",\"url\":\"https:\/\/sagardoarenlurraldea.eus\/wp-content\/uploads\/2014\/02\/TxotxEuskeraDEFINITIVO.jpg\",\"contentUrl\":\"https:\/\/sagardoarenlurraldea.eus\/wp-content\/uploads\/2014\/02\/TxotxEuskeraDEFINITIVO.jpg\",\"width\":531,\"height\":768},{\"@type\":\"BreadcrumbList\",\"@id\":\"https:\/\/sagardoarenlurraldea.eus\/es\/blog\/oferta-de-alojamiento-y-sidreria-para-los-viernes-de-la-temporada-del-txotx-2014\/#breadcrumb\",\"itemListElement\":[{\"@type\":\"ListItem\",\"position\":1,\"name\":\"Inicio\",\"item\":\"https:\/\/sagardoarenlurraldea.eus\/es\/\"},{\"@type\":\"ListItem\",\"position\":2,\"name\":\"Oferta de alojamiento y sidrer\u00eda para los viernes de la temporada del txotx 2014.\"}]},{\"@type\":\"WebSite\",\"@id\":\"https:\/\/sagardoarenlurraldea.eus\/es\/#website\",\"url\":\"https:\/\/sagardoarenlurraldea.eus\/es\/\",\"name\":\"Sagardoaren Lurraldea\",\"description\":\"El territorio de la sidra\",\"potentialAction\":[{\"@type\":\"SearchAction\",\"target\":{\"@type\":\"EntryPoint\",\"urlTemplate\":\"https:\/\/sagardoarenlurraldea.eus\/es\/?s={search_term_string}\"},\"query-input\":{\"@type\":\"PropertyValueSpecification\",\"valueRequired\":true,\"valueName\":\"search_term_string\"}}],\"inLanguage\":\"es\"},{\"@type\":\"Person\",\"@id\":\"https:\/\/sagardoarenlurraldea.eus\/es\/#\/schema\/person\/9e9a225eda321f17256838c2fcba65a7\",\"name\":\"Mikel Ecenarro\",\"image\":{\"@type\":\"ImageObject\",\"inLanguage\":\"es\",\"@id\":\"https:\/\/sagardoarenlurraldea.eus\/es\/#\/schema\/person\/image\/\",\"url\":\"https:\/\/secure.gravatar.com\/avatar\/1170400e3ac60954a47797ced4deed6bcd49cf85a03b7abd291d8f8be059bd1d?s=96&d=mm&r=g\",\"contentUrl\":\"https:\/\/secure.gravatar.com\/avatar\/1170400e3ac60954a47797ced4deed6bcd49cf85a03b7abd291d8f8be059bd1d?s=96&d=mm&r=g\",\"caption\":\"Mikel Ecenarro\"}}]}<\/script>\n<!-- \/ Yoast SEO plugin. -->","yoast_head_json":{"title":"Oferta de alojamiento y sidrer\u00eda para los viernes de la temporada del txotx 2014. - Sagardoaren Lurraldea","robots":{"index":"index","follow":"follow","max-snippet":"max-snippet:-1","max-image-preview":"max-image-preview:large","max-video-preview":"max-video-preview:-1"},"canonical":"https:\/\/sagardoarenlurraldea.eus\/es\/blog\/oferta-de-alojamiento-y-sidreria-para-los-viernes-de-la-temporada-del-txotx-2014\/","og_locale":"es_ES","og_type":"article","og_title":"Oferta de alojamiento y sidrer\u00eda para los viernes de la temporada del txotx 2014. - Sagardoaren Lurraldea","og_description":"El ente de cooperaci\u00f3n tur\u00edstica de la comarca de Donostialdea ha lanzado una oferta de alojamiento y sidrer\u00eda para los viernes de la temporada del txotx 2014. En esta iniciativa [&hellip;]","og_url":"https:\/\/sagardoarenlurraldea.eus\/es\/blog\/oferta-de-alojamiento-y-sidreria-para-los-viernes-de-la-temporada-del-txotx-2014\/","og_site_name":"Sagardoaren Lurraldea","article_publisher":"https:\/\/www.facebook.com\/sagardoarenlurraldea","article_published_time":"2014-02-06T22:00:00+00:00","og_image":[{"width":531,"height":768,"url":"https:\/\/sagardoarenlurraldea.eus\/wp-content\/uploads\/2014\/02\/TxotxEuskeraDEFINITIVO.jpg","type":"image\/jpeg"}],"author":"Mikel Ecenarro","twitter_card":"summary_large_image","twitter_misc":{"Escrito por":"Mikel Ecenarro","Tiempo de lectura":"1 minuto"},"schema":{"@context":"https:\/\/schema.org","@graph":[{"@type":"WebPage","@id":"https:\/\/sagardoarenlurraldea.eus\/es\/blog\/oferta-de-alojamiento-y-sidreria-para-los-viernes-de-la-temporada-del-txotx-2014\/","url":"https:\/\/sagardoarenlurraldea.eus\/es\/blog\/oferta-de-alojamiento-y-sidreria-para-los-viernes-de-la-temporada-del-txotx-2014\/","name":"Oferta de alojamiento y sidrer\u00eda para los viernes de la temporada del txotx 2014. - Sagardoaren Lurraldea","isPartOf":{"@id":"https:\/\/sagardoarenlurraldea.eus\/es\/#website"},"primaryImageOfPage":{"@id":"https:\/\/sagardoarenlurraldea.eus\/es\/blog\/oferta-de-alojamiento-y-sidreria-para-los-viernes-de-la-temporada-del-txotx-2014\/#primaryimage"},"image":{"@id":"https:\/\/sagardoarenlurraldea.eus\/es\/blog\/oferta-de-alojamiento-y-sidreria-para-los-viernes-de-la-temporada-del-txotx-2014\/#primaryimage"},"thumbnailUrl":"https:\/\/sagardoarenlurraldea.eus\/wp-content\/uploads\/2014\/02\/TxotxEuskeraDEFINITIVO.jpg","datePublished":"2014-02-06T22:00:00+00:00","author":{"@id":"https:\/\/sagardoarenlurraldea.eus\/es\/#\/schema\/person\/9e9a225eda321f17256838c2fcba65a7"},"breadcrumb":{"@id":"https:\/\/sagardoarenlurraldea.eus\/es\/blog\/oferta-de-alojamiento-y-sidreria-para-los-viernes-de-la-temporada-del-txotx-2014\/#breadcrumb"},"inLanguage":"es","potentialAction":[{"@type":"ReadAction","target":["https:\/\/sagardoarenlurraldea.eus\/es\/blog\/oferta-de-alojamiento-y-sidreria-para-los-viernes-de-la-temporada-del-txotx-2014\/"]}]},{"@type":"ImageObject","inLanguage":"es","@id":"https:\/\/sagardoarenlurraldea.eus\/es\/blog\/oferta-de-alojamiento-y-sidreria-para-los-viernes-de-la-temporada-del-txotx-2014\/#primaryimage","url":"https:\/\/sagardoarenlurraldea.eus\/wp-content\/uploads\/2014\/02\/TxotxEuskeraDEFINITIVO.jpg","contentUrl":"https:\/\/sagardoarenlurraldea.eus\/wp-content\/uploads\/2014\/02\/TxotxEuskeraDEFINITIVO.jpg","width":531,"height":768},{"@type":"BreadcrumbList","@id":"https:\/\/sagardoarenlurraldea.eus\/es\/blog\/oferta-de-alojamiento-y-sidreria-para-los-viernes-de-la-temporada-del-txotx-2014\/#breadcrumb","itemListElement":[{"@type":"ListItem","position":1,"name":"Inicio","item":"https:\/\/sagardoarenlurraldea.eus\/es\/"},{"@type":"ListItem","position":2,"name":"Oferta de alojamiento y sidrer\u00eda para los viernes de la temporada del txotx 2014."}]},{"@type":"WebSite","@id":"https:\/\/sagardoarenlurraldea.eus\/es\/#website","url":"https:\/\/sagardoarenlurraldea.eus\/es\/","name":"Sagardoaren Lurraldea","description":"El territorio de la sidra","potentialAction":[{"@type":"SearchAction","target":{"@type":"EntryPoint","urlTemplate":"https:\/\/sagardoarenlurraldea.eus\/es\/?s={search_term_string}"},"query-input":{"@type":"PropertyValueSpecification","valueRequired":true,"valueName":"search_term_string"}}],"inLanguage":"es"},{"@type":"Person","@id":"https:\/\/sagardoarenlurraldea.eus\/es\/#\/schema\/person\/9e9a225eda321f17256838c2fcba65a7","name":"Mikel Ecenarro","image":{"@type":"ImageObject","inLanguage":"es","@id":"https:\/\/sagardoarenlurraldea.eus\/es\/#\/schema\/person\/image\/","url":"https:\/\/secure.gravatar.com\/avatar\/1170400e3ac60954a47797ced4deed6bcd49cf85a03b7abd291d8f8be059bd1d?s=96&d=mm&r=g","contentUrl":"https:\/\/secure.gravatar.com\/avatar\/1170400e3ac60954a47797ced4deed6bcd49cf85a03b7abd291d8f8be059bd1d?s=96&d=mm&r=g","caption":"Mikel Ecenarro"}}]}},"_links":{"self":[{"href":"https:\/\/sagardoarenlurraldea.eus\/es\/wp-json\/wp\/v2\/posts\/17891","targetHints":{"allow":["GET"]}}],"collection":[{"href":"https:\/\/sagardoarenlurraldea.eus\/es\/wp-json\/wp\/v2\/posts"}],"about":[{"href":"https:\/\/sagardoarenlurraldea.eus\/es\/wp-json\/wp\/v2\/types\/post"}],"author":[{"embeddable":true,"href":"https:\/\/sagardoarenlurraldea.eus\/es\/wp-json\/wp\/v2\/users\/1"}],"replies":[{"embeddable":true,"href":"https:\/\/sagardoarenlurraldea.eus\/es\/wp-json\/wp\/v2\/comments?post=17891"}],"version-history":[{"count":0,"href":"https:\/\/sagardoarenlurraldea.eus\/es\/wp-json\/wp\/v2\/posts\/17891\/revisions"}],"wp:featuredmedia":[{"embeddable":true,"href":"https:\/\/sagardoarenlurraldea.eus\/es\/wp-json\/wp\/v2\/media\/3446"}],"wp:attachment":[{"href":"https:\/\/sagardoarenlurraldea.eus\/es\/wp-json\/wp\/v2\/media?parent=17891"}],"wp:term":[{"taxonomy":"category","embeddable":true,"href":"https:\/\/sagardoarenlurraldea.eus\/es\/wp-json\/wp\/v2\/categories?post=17891"},{"taxonomy":"post_tag","embeddable":true,"href":"https:\/\/sagardoarenlurraldea.eus\/es\/wp-json\/wp\/v2\/tags?post=17891"}],"curies":[{"name":"wp","href":"https:\/\/api.w.org\/{rel}","templated":true}]}}