{"id":17863,"date":"2013-12-26T00:00:00","date_gmt":"2013-12-25T22:00:00","guid":{"rendered":"http:\/\/www.sagardoarenlurraldea.eus\/blog\/cata-comentada-de-queso-idiazabal-y-demostracion-de-postres-elaborados-con-manzana-y-queso\/"},"modified":"2013-12-26T00:00:00","modified_gmt":"2013-12-25T22:00:00","slug":"cata-comentada-de-queso-idiazabal-y-demostracion-de-postres-elaborados-con-manzana-y-queso","status":"publish","type":"post","link":"https:\/\/sagardoarenlurraldea.eus\/es\/blog\/cata-comentada-de-queso-idiazabal-y-demostracion-de-postres-elaborados-con-manzana-y-queso\/","title":{"rendered":"Cata comentada de Queso Idiazabal y demostraci\u00f3n de postres elaborados con manzana y queso."},"content":{"rendered":"<p><a href=\"https:\/\/sagardoarenlurraldea.eus\/wp-content\/uploads\/2013\/12\/idiazabal.jpg\"><img loading=\"lazy\" decoding=\"async\" class=\"alignleft size-medium wp-image-3276\" alt=\"idiazabal\" src=\"https:\/\/sagardoarenlurraldea.eus\/wp-content\/uploads\/2013\/12\/idiazabal-300x232.jpg\" width=\"300\" height=\"232\" \/><\/a>Organizado por el <strong>Centro de la Alimentaci\u00f3n y la Gastronom\u00eda D \u0301elikatuz de Ordizia<\/strong> y en colaboraci\u00f3n con la <strong>Cofrad\u00eda del Queso Idiazabal de Ordizia<\/strong> y <strong>Sagardoaren Lurraldea<\/strong>, el d\u00eda <strong>27 de diciembre<\/strong> se celebrar\u00e1 una <strong>cata comentada de Queso Idiazabal y demostraci\u00f3n de postres elaborados con manzana y queso<\/strong> a las 18:00 horas.<\/p>\n<p>La actividad consistir\u00e1 en un <strong>maridaje<\/strong> de estos dos productos. Por parte del Queso DO Idiazabal acudir\u00e1 Joserra Aguiriano, catador del <strong>Comit\u00e9 de Cata Oficial del C.R.D.O.P. Queso Idiazabal<\/strong>. Explicar\u00e1 brevemente qu\u00e9 es el Queso Idiazabal, c\u00f3mo se elabora y sus caracter\u00edsticas m\u00e1s personales, as\u00ed como su identificaci\u00f3n. Despu\u00e9s, se dar\u00e1 a conocer c\u00f3mo se cata un Queso Idiazabal, recorriendo los 8 par\u00e1metros sensoriales del mismo.<\/p>\n<p>A continuaci\u00f3n, Txaro Zapiain del <strong>Restaurante Roxario de Astigarraga<\/strong>, elaborar\u00e1 y dar\u00e1 a degustar varios <strong>postres elaborados con manzana aut\u00f3ctona<\/strong>, algunos de ellos presentados en compa\u00f1\u00eda de Queso Idiazabal.<\/p>\n<p>LUGAR: CENTRO D \u0301ELIKATUZ (Santa Maria 24, Ordizia)<br \/>\nD\u00cdA Y HORA: 27 de diciembre, viernes, a las 18:00.<br \/>\nLa actividad es gratuita y es necesaria una inscripci\u00f3n previa: 943882290 \/ <a href=\"mailto:delikatuz@ordizia.org \">delikatuz@ordizia.org <\/a><\/p>\n","protected":false},"excerpt":{"rendered":"<p>Organizado por el Centro de la Alimentaci\u00f3n y la Gastronom\u00eda D \u0301elikatuz de Ordizia y en colaboraci\u00f3n con la Cofrad\u00eda del Queso Idiazabal de Ordizia y Sagardoaren Lurraldea, el d\u00eda [&hellip;]<\/p>\n","protected":false},"author":1,"featured_media":1941,"comment_status":"open","ping_status":"open","sticky":false,"template":"","format":"standard","meta":{"_acf_changed":false,"_et_pb_use_builder":"","_et_pb_old_content":"","_et_gb_content_width":"","footnotes":""},"categories":[242,246,252],"tags":[350,659,664,678,949,1039,1225,1371,1495,1666],"class_list":["post-17863","post","type-post","status-publish","format-standard","has-post-thumbnail","hentry","category-eventos","category-gastronomia","category-manzana","tag-amridaje","tag-delikatuz","tag-dastaketa","tag-degustacin","tag-gazta","tag-idiazabal","tag-manzana","tag-ordizia","tag-queso","tag-sagarra"],"acf":[],"yoast_head":"<!-- This site is optimized with the Yoast SEO plugin v25.4 - https:\/\/yoast.com\/wordpress\/plugins\/seo\/ -->\n<title>Cata comentada de Queso Idiazabal y demostraci\u00f3n de postres elaborados con manzana y queso. - Sagardoaren Lurraldea<\/title>\n<meta name=\"robots\" content=\"index, follow, max-snippet:-1, max-image-preview:large, max-video-preview:-1\" \/>\n<link rel=\"canonical\" href=\"https:\/\/sagardoarenlurraldea.eus\/es\/blog\/cata-comentada-de-queso-idiazabal-y-demostracion-de-postres-elaborados-con-manzana-y-queso\/\" \/>\n<meta property=\"og:locale\" content=\"es_ES\" \/>\n<meta property=\"og:type\" content=\"article\" \/>\n<meta property=\"og:title\" content=\"Cata comentada de Queso Idiazabal y demostraci\u00f3n de postres elaborados con manzana y queso. - Sagardoaren Lurraldea\" \/>\n<meta property=\"og:description\" content=\"Organizado por el Centro de la Alimentaci\u00f3n y la Gastronom\u00eda D \u0301elikatuz de Ordizia y en colaboraci\u00f3n con la Cofrad\u00eda del Queso Idiazabal de Ordizia y Sagardoaren Lurraldea, el d\u00eda [&hellip;]\" \/>\n<meta property=\"og:url\" content=\"https:\/\/sagardoarenlurraldea.eus\/es\/blog\/cata-comentada-de-queso-idiazabal-y-demostracion-de-postres-elaborados-con-manzana-y-queso\/\" \/>\n<meta property=\"og:site_name\" content=\"Sagardoaren Lurraldea\" \/>\n<meta property=\"article:publisher\" content=\"https:\/\/www.facebook.com\/sagardoarenlurraldea\" \/>\n<meta property=\"article:published_time\" content=\"2013-12-25T22:00:00+00:00\" \/>\n<meta property=\"og:image\" content=\"https:\/\/sagardoarenlurraldea.eus\/wp-content\/uploads\/2012\/03\/Idiazabal.jpg\" \/>\n\t<meta property=\"og:image:width\" content=\"379\" \/>\n\t<meta property=\"og:image:height\" content=\"279\" \/>\n\t<meta property=\"og:image:type\" content=\"image\/jpeg\" \/>\n<meta name=\"author\" content=\"Mikel Ecenarro\" \/>\n<meta name=\"twitter:card\" content=\"summary_large_image\" \/>\n<meta name=\"twitter:label1\" content=\"Escrito por\" \/>\n\t<meta name=\"twitter:data1\" content=\"Mikel Ecenarro\" \/>\n\t<meta name=\"twitter:label2\" content=\"Tiempo de lectura\" \/>\n\t<meta name=\"twitter:data2\" content=\"1 minuto\" \/>\n<script type=\"application\/ld+json\" class=\"yoast-schema-graph\">{\"@context\":\"https:\/\/schema.org\",\"@graph\":[{\"@type\":\"WebPage\",\"@id\":\"https:\/\/sagardoarenlurraldea.eus\/es\/blog\/cata-comentada-de-queso-idiazabal-y-demostracion-de-postres-elaborados-con-manzana-y-queso\/\",\"url\":\"https:\/\/sagardoarenlurraldea.eus\/es\/blog\/cata-comentada-de-queso-idiazabal-y-demostracion-de-postres-elaborados-con-manzana-y-queso\/\",\"name\":\"Cata comentada de Queso Idiazabal y demostraci\u00f3n de postres elaborados con manzana y queso. - Sagardoaren Lurraldea\",\"isPartOf\":{\"@id\":\"https:\/\/sagardoarenlurraldea.eus\/es\/#website\"},\"primaryImageOfPage\":{\"@id\":\"https:\/\/sagardoarenlurraldea.eus\/es\/blog\/cata-comentada-de-queso-idiazabal-y-demostracion-de-postres-elaborados-con-manzana-y-queso\/#primaryimage\"},\"image\":{\"@id\":\"https:\/\/sagardoarenlurraldea.eus\/es\/blog\/cata-comentada-de-queso-idiazabal-y-demostracion-de-postres-elaborados-con-manzana-y-queso\/#primaryimage\"},\"thumbnailUrl\":\"https:\/\/sagardoarenlurraldea.eus\/wp-content\/uploads\/2012\/03\/Idiazabal.jpg\",\"datePublished\":\"2013-12-25T22:00:00+00:00\",\"author\":{\"@id\":\"https:\/\/sagardoarenlurraldea.eus\/es\/#\/schema\/person\/9e9a225eda321f17256838c2fcba65a7\"},\"breadcrumb\":{\"@id\":\"https:\/\/sagardoarenlurraldea.eus\/es\/blog\/cata-comentada-de-queso-idiazabal-y-demostracion-de-postres-elaborados-con-manzana-y-queso\/#breadcrumb\"},\"inLanguage\":\"es\",\"potentialAction\":[{\"@type\":\"ReadAction\",\"target\":[\"https:\/\/sagardoarenlurraldea.eus\/es\/blog\/cata-comentada-de-queso-idiazabal-y-demostracion-de-postres-elaborados-con-manzana-y-queso\/\"]}]},{\"@type\":\"ImageObject\",\"inLanguage\":\"es\",\"@id\":\"https:\/\/sagardoarenlurraldea.eus\/es\/blog\/cata-comentada-de-queso-idiazabal-y-demostracion-de-postres-elaborados-con-manzana-y-queso\/#primaryimage\",\"url\":\"https:\/\/sagardoarenlurraldea.eus\/wp-content\/uploads\/2012\/03\/Idiazabal.jpg\",\"contentUrl\":\"https:\/\/sagardoarenlurraldea.eus\/wp-content\/uploads\/2012\/03\/Idiazabal.jpg\",\"width\":379,\"height\":279},{\"@type\":\"BreadcrumbList\",\"@id\":\"https:\/\/sagardoarenlurraldea.eus\/es\/blog\/cata-comentada-de-queso-idiazabal-y-demostracion-de-postres-elaborados-con-manzana-y-queso\/#breadcrumb\",\"itemListElement\":[{\"@type\":\"ListItem\",\"position\":1,\"name\":\"Inicio\",\"item\":\"https:\/\/sagardoarenlurraldea.eus\/es\/\"},{\"@type\":\"ListItem\",\"position\":2,\"name\":\"Cata comentada de Queso Idiazabal y demostraci\u00f3n de postres elaborados con manzana y queso.\"}]},{\"@type\":\"WebSite\",\"@id\":\"https:\/\/sagardoarenlurraldea.eus\/es\/#website\",\"url\":\"https:\/\/sagardoarenlurraldea.eus\/es\/\",\"name\":\"Sagardoaren Lurraldea\",\"description\":\"El territorio de la sidra\",\"potentialAction\":[{\"@type\":\"SearchAction\",\"target\":{\"@type\":\"EntryPoint\",\"urlTemplate\":\"https:\/\/sagardoarenlurraldea.eus\/es\/?s={search_term_string}\"},\"query-input\":{\"@type\":\"PropertyValueSpecification\",\"valueRequired\":true,\"valueName\":\"search_term_string\"}}],\"inLanguage\":\"es\"},{\"@type\":\"Person\",\"@id\":\"https:\/\/sagardoarenlurraldea.eus\/es\/#\/schema\/person\/9e9a225eda321f17256838c2fcba65a7\",\"name\":\"Mikel Ecenarro\",\"image\":{\"@type\":\"ImageObject\",\"inLanguage\":\"es\",\"@id\":\"https:\/\/sagardoarenlurraldea.eus\/es\/#\/schema\/person\/image\/\",\"url\":\"https:\/\/secure.gravatar.com\/avatar\/1170400e3ac60954a47797ced4deed6bcd49cf85a03b7abd291d8f8be059bd1d?s=96&d=mm&r=g\",\"contentUrl\":\"https:\/\/secure.gravatar.com\/avatar\/1170400e3ac60954a47797ced4deed6bcd49cf85a03b7abd291d8f8be059bd1d?s=96&d=mm&r=g\",\"caption\":\"Mikel Ecenarro\"}}]}<\/script>\n<!-- \/ Yoast SEO plugin. -->","yoast_head_json":{"title":"Cata comentada de Queso Idiazabal y demostraci\u00f3n de postres elaborados con manzana y queso. - Sagardoaren Lurraldea","robots":{"index":"index","follow":"follow","max-snippet":"max-snippet:-1","max-image-preview":"max-image-preview:large","max-video-preview":"max-video-preview:-1"},"canonical":"https:\/\/sagardoarenlurraldea.eus\/es\/blog\/cata-comentada-de-queso-idiazabal-y-demostracion-de-postres-elaborados-con-manzana-y-queso\/","og_locale":"es_ES","og_type":"article","og_title":"Cata comentada de Queso Idiazabal y demostraci\u00f3n de postres elaborados con manzana y queso. - Sagardoaren Lurraldea","og_description":"Organizado por el Centro de la Alimentaci\u00f3n y la Gastronom\u00eda D \u0301elikatuz de Ordizia y en colaboraci\u00f3n con la Cofrad\u00eda del Queso Idiazabal de Ordizia y Sagardoaren Lurraldea, el d\u00eda [&hellip;]","og_url":"https:\/\/sagardoarenlurraldea.eus\/es\/blog\/cata-comentada-de-queso-idiazabal-y-demostracion-de-postres-elaborados-con-manzana-y-queso\/","og_site_name":"Sagardoaren Lurraldea","article_publisher":"https:\/\/www.facebook.com\/sagardoarenlurraldea","article_published_time":"2013-12-25T22:00:00+00:00","og_image":[{"width":379,"height":279,"url":"https:\/\/sagardoarenlurraldea.eus\/wp-content\/uploads\/2012\/03\/Idiazabal.jpg","type":"image\/jpeg"}],"author":"Mikel Ecenarro","twitter_card":"summary_large_image","twitter_misc":{"Escrito por":"Mikel Ecenarro","Tiempo de lectura":"1 minuto"},"schema":{"@context":"https:\/\/schema.org","@graph":[{"@type":"WebPage","@id":"https:\/\/sagardoarenlurraldea.eus\/es\/blog\/cata-comentada-de-queso-idiazabal-y-demostracion-de-postres-elaborados-con-manzana-y-queso\/","url":"https:\/\/sagardoarenlurraldea.eus\/es\/blog\/cata-comentada-de-queso-idiazabal-y-demostracion-de-postres-elaborados-con-manzana-y-queso\/","name":"Cata comentada de Queso Idiazabal y demostraci\u00f3n de postres elaborados con manzana y queso. - Sagardoaren Lurraldea","isPartOf":{"@id":"https:\/\/sagardoarenlurraldea.eus\/es\/#website"},"primaryImageOfPage":{"@id":"https:\/\/sagardoarenlurraldea.eus\/es\/blog\/cata-comentada-de-queso-idiazabal-y-demostracion-de-postres-elaborados-con-manzana-y-queso\/#primaryimage"},"image":{"@id":"https:\/\/sagardoarenlurraldea.eus\/es\/blog\/cata-comentada-de-queso-idiazabal-y-demostracion-de-postres-elaborados-con-manzana-y-queso\/#primaryimage"},"thumbnailUrl":"https:\/\/sagardoarenlurraldea.eus\/wp-content\/uploads\/2012\/03\/Idiazabal.jpg","datePublished":"2013-12-25T22:00:00+00:00","author":{"@id":"https:\/\/sagardoarenlurraldea.eus\/es\/#\/schema\/person\/9e9a225eda321f17256838c2fcba65a7"},"breadcrumb":{"@id":"https:\/\/sagardoarenlurraldea.eus\/es\/blog\/cata-comentada-de-queso-idiazabal-y-demostracion-de-postres-elaborados-con-manzana-y-queso\/#breadcrumb"},"inLanguage":"es","potentialAction":[{"@type":"ReadAction","target":["https:\/\/sagardoarenlurraldea.eus\/es\/blog\/cata-comentada-de-queso-idiazabal-y-demostracion-de-postres-elaborados-con-manzana-y-queso\/"]}]},{"@type":"ImageObject","inLanguage":"es","@id":"https:\/\/sagardoarenlurraldea.eus\/es\/blog\/cata-comentada-de-queso-idiazabal-y-demostracion-de-postres-elaborados-con-manzana-y-queso\/#primaryimage","url":"https:\/\/sagardoarenlurraldea.eus\/wp-content\/uploads\/2012\/03\/Idiazabal.jpg","contentUrl":"https:\/\/sagardoarenlurraldea.eus\/wp-content\/uploads\/2012\/03\/Idiazabal.jpg","width":379,"height":279},{"@type":"BreadcrumbList","@id":"https:\/\/sagardoarenlurraldea.eus\/es\/blog\/cata-comentada-de-queso-idiazabal-y-demostracion-de-postres-elaborados-con-manzana-y-queso\/#breadcrumb","itemListElement":[{"@type":"ListItem","position":1,"name":"Inicio","item":"https:\/\/sagardoarenlurraldea.eus\/es\/"},{"@type":"ListItem","position":2,"name":"Cata comentada de Queso Idiazabal y demostraci\u00f3n de postres elaborados con manzana y queso."}]},{"@type":"WebSite","@id":"https:\/\/sagardoarenlurraldea.eus\/es\/#website","url":"https:\/\/sagardoarenlurraldea.eus\/es\/","name":"Sagardoaren Lurraldea","description":"El territorio de la sidra","potentialAction":[{"@type":"SearchAction","target":{"@type":"EntryPoint","urlTemplate":"https:\/\/sagardoarenlurraldea.eus\/es\/?s={search_term_string}"},"query-input":{"@type":"PropertyValueSpecification","valueRequired":true,"valueName":"search_term_string"}}],"inLanguage":"es"},{"@type":"Person","@id":"https:\/\/sagardoarenlurraldea.eus\/es\/#\/schema\/person\/9e9a225eda321f17256838c2fcba65a7","name":"Mikel Ecenarro","image":{"@type":"ImageObject","inLanguage":"es","@id":"https:\/\/sagardoarenlurraldea.eus\/es\/#\/schema\/person\/image\/","url":"https:\/\/secure.gravatar.com\/avatar\/1170400e3ac60954a47797ced4deed6bcd49cf85a03b7abd291d8f8be059bd1d?s=96&d=mm&r=g","contentUrl":"https:\/\/secure.gravatar.com\/avatar\/1170400e3ac60954a47797ced4deed6bcd49cf85a03b7abd291d8f8be059bd1d?s=96&d=mm&r=g","caption":"Mikel Ecenarro"}}]}},"_links":{"self":[{"href":"https:\/\/sagardoarenlurraldea.eus\/es\/wp-json\/wp\/v2\/posts\/17863","targetHints":{"allow":["GET"]}}],"collection":[{"href":"https:\/\/sagardoarenlurraldea.eus\/es\/wp-json\/wp\/v2\/posts"}],"about":[{"href":"https:\/\/sagardoarenlurraldea.eus\/es\/wp-json\/wp\/v2\/types\/post"}],"author":[{"embeddable":true,"href":"https:\/\/sagardoarenlurraldea.eus\/es\/wp-json\/wp\/v2\/users\/1"}],"replies":[{"embeddable":true,"href":"https:\/\/sagardoarenlurraldea.eus\/es\/wp-json\/wp\/v2\/comments?post=17863"}],"version-history":[{"count":0,"href":"https:\/\/sagardoarenlurraldea.eus\/es\/wp-json\/wp\/v2\/posts\/17863\/revisions"}],"wp:featuredmedia":[{"embeddable":true,"href":"https:\/\/sagardoarenlurraldea.eus\/es\/wp-json\/wp\/v2\/media\/1941"}],"wp:attachment":[{"href":"https:\/\/sagardoarenlurraldea.eus\/es\/wp-json\/wp\/v2\/media?parent=17863"}],"wp:term":[{"taxonomy":"category","embeddable":true,"href":"https:\/\/sagardoarenlurraldea.eus\/es\/wp-json\/wp\/v2\/categories?post=17863"},{"taxonomy":"post_tag","embeddable":true,"href":"https:\/\/sagardoarenlurraldea.eus\/es\/wp-json\/wp\/v2\/tags?post=17863"}],"curies":[{"name":"wp","href":"https:\/\/api.w.org\/{rel}","templated":true}]}}