{"id":17856,"date":"2013-10-16T00:00:00","date_gmt":"2013-10-15T22:00:00","guid":{"rendered":"http:\/\/www.sagardoarenlurraldea.eus\/blog\/sagardoetxea-celebrara-hip-hip-urri-tambien-el-dia-del-pais-vasco-del-25-de-octubre\/"},"modified":"2013-10-16T00:00:00","modified_gmt":"2013-10-15T22:00:00","slug":"sagardoetxea-celebrara-hip-hip-urri-tambien-el-dia-del-pais-vasco-del-25-de-octubre","status":"publish","type":"post","link":"https:\/\/sagardoarenlurraldea.eus\/es\/blog\/sagardoetxea-celebrara-hip-hip-urri-tambien-el-dia-del-pais-vasco-del-25-de-octubre\/","title":{"rendered":"Sagardoetxea celebrar\u00e1 \u00abHip Hip Urri!\u00bb tambi\u00e9n el D\u00eda del Pa\u00eds Vasco del 25 de octubre."},"content":{"rendered":"<p><a href=\"https:\/\/sagardoarenlurraldea.eus\/wp-content\/uploads\/2013\/10\/Hip-Hip-Urri-2.jpg\"><img loading=\"lazy\" decoding=\"async\" class=\"alignleft size-medium wp-image-3232\" alt=\"Hip Hip Urri 2\" src=\"https:\/\/sagardoarenlurraldea.eus\/wp-content\/uploads\/2013\/10\/Hip-Hip-Urri-2-300x168.jpg\" width=\"300\" height=\"168\" \/><\/a>Durante el mes de octubre <b>Sagardoetxea <\/b>est\u00e1 participando en el proyecto <a href=\"http:\/\/www.hiphipurri.org\"><b>\u00abHip Hip Urri!-October Children\u00bb <\/b><\/a>con un programa especial dirigido a <b>familias, <\/b>y vista la buena aceptaci\u00f3n de la actividad, <b>el d\u00eda del Pa\u00eds Vasco que se celebrar\u00e1 el pr\u00f3ximo 25 de octubre tambi\u00e9n ofrecer\u00e1 la visita-taller que incluye de visita a Sagardoetxea y la elaboraci\u00f3n del mosto de manzana<\/b>. Adem\u00e1s del d\u00eda 25 de octubre, tambi\u00e9n se podr\u00e1 disfrutar de esta actividad durante todo el puente.<\/p>\n<p>Los visitantes realizar\u00e1n la visita guiada de Sagardoetxea y adem\u00e1s, participar\u00e1n en el proceso tradicional de elaboraci\u00f3n del mosto de manzana: recogida de manzanas con el kizki, machacado con pisones, prensado y degustaci\u00f3n del mosto elaborado. Adem\u00e1s, los adultos tambi\u00e9n degustar\u00e1n sidra.<\/p>\n<p><b>25 de octubre, D\u00eda del Pa\u00eds Vasco<\/b>:<br \/>\n&#8211; 11:00-12:00 Visita a Sagardoetxea y elaboraci\u00f3n del mosto de manzana en EUSKERA.<br \/>\n&#8211; 12:00-13:00 Visita a Sagardoetxea y elaboraci\u00f3n del mosto de manzana en CASTELLANO.<\/p>\n<p>La actividad es gratuita para los ni\u00f1os y el precio de los adultos es de 4\u20ac por persona.<\/p>\n<p><b>Informaci\u00f3n y reservas<\/b>: 943550575 \/ <a href=\"mailto:info@sagardoetxea.com\">info@sagardoetxea.com <\/a><\/p>\n<p><a href=\"http:\/\/www.sagardoetxea.com\/index.php?id=20&amp;tx_ttnews[tt_news]=934&amp;tx_ttnews[backPid]=9&amp;cHash=2def2f4ea2\"><b>Ver otros d\u00edas y horarios<\/b><\/a><\/p>\n","protected":false},"excerpt":{"rendered":"<p>Durante el mes de octubre Sagardoetxea est\u00e1 participando en el proyecto \u00abHip Hip Urri!-October Children\u00bb con un programa especial dirigido a familias, y vista la buena aceptaci\u00f3n de la actividad, [&hellip;]<\/p>\n","protected":false},"author":1,"featured_media":3232,"comment_status":"open","ping_status":"open","sticky":false,"template":"","format":"standard","meta":{"_acf_changed":false,"_et_pb_use_builder":"","_et_pb_old_content":"","_et_gb_content_width":"","footnotes":""},"categories":[248,250],"tags":[321,761,769,1225,1286,1343,1562,1635,1666],"class_list":["post-17856","post","type-post","status-publish","format-standard","has-post-thumbnail","hentry","category-kultura","category-museo","tag-aisialdia-familian","tag-elaboracin","tag-elaborazioa","tag-manzana","tag-mosto-de-manzana","tag-ocio-en-familia","tag-sagar-muztioa","tag-sagardoetxea","tag-sagarra"],"acf":[],"yoast_head":"<!-- This site is optimized with the Yoast SEO plugin v25.4 - https:\/\/yoast.com\/wordpress\/plugins\/seo\/ -->\n<title>Sagardoetxea celebrar\u00e1 &quot;Hip Hip Urri!&quot; tambi\u00e9n el D\u00eda del Pa\u00eds Vasco del 25 de octubre. - Sagardoaren Lurraldea<\/title>\n<meta name=\"robots\" content=\"index, follow, max-snippet:-1, max-image-preview:large, max-video-preview:-1\" \/>\n<link rel=\"canonical\" href=\"https:\/\/sagardoarenlurraldea.eus\/es\/blog\/sagardoetxea-celebrara-hip-hip-urri-tambien-el-dia-del-pais-vasco-del-25-de-octubre\/\" \/>\n<meta property=\"og:locale\" content=\"es_ES\" \/>\n<meta property=\"og:type\" content=\"article\" \/>\n<meta property=\"og:title\" content=\"Sagardoetxea celebrar\u00e1 &quot;Hip Hip Urri!&quot; tambi\u00e9n el D\u00eda del Pa\u00eds Vasco del 25 de octubre. - Sagardoaren Lurraldea\" \/>\n<meta property=\"og:description\" content=\"Durante el mes de octubre Sagardoetxea est\u00e1 participando en el proyecto \u00abHip Hip Urri!-October Children\u00bb con un programa especial dirigido a familias, y vista la buena aceptaci\u00f3n de la actividad, [&hellip;]\" \/>\n<meta property=\"og:url\" content=\"https:\/\/sagardoarenlurraldea.eus\/es\/blog\/sagardoetxea-celebrara-hip-hip-urri-tambien-el-dia-del-pais-vasco-del-25-de-octubre\/\" \/>\n<meta property=\"og:site_name\" content=\"Sagardoaren Lurraldea\" \/>\n<meta property=\"article:publisher\" content=\"https:\/\/www.facebook.com\/sagardoarenlurraldea\" \/>\n<meta property=\"article:published_time\" content=\"2013-10-15T22:00:00+00:00\" \/>\n<meta property=\"og:image\" content=\"https:\/\/sagardoarenlurraldea.eus\/wp-content\/uploads\/2013\/10\/Hip-Hip-Urri-2.jpg\" \/>\n\t<meta property=\"og:image:width\" content=\"960\" \/>\n\t<meta property=\"og:image:height\" content=\"540\" \/>\n\t<meta property=\"og:image:type\" content=\"image\/jpeg\" \/>\n<meta name=\"author\" content=\"Mikel Ecenarro\" \/>\n<meta name=\"twitter:card\" content=\"summary_large_image\" \/>\n<meta name=\"twitter:label1\" content=\"Escrito por\" \/>\n\t<meta name=\"twitter:data1\" content=\"Mikel Ecenarro\" \/>\n\t<meta name=\"twitter:label2\" content=\"Tiempo de lectura\" \/>\n\t<meta name=\"twitter:data2\" content=\"1 minuto\" \/>\n<script type=\"application\/ld+json\" class=\"yoast-schema-graph\">{\"@context\":\"https:\/\/schema.org\",\"@graph\":[{\"@type\":\"WebPage\",\"@id\":\"https:\/\/sagardoarenlurraldea.eus\/es\/blog\/sagardoetxea-celebrara-hip-hip-urri-tambien-el-dia-del-pais-vasco-del-25-de-octubre\/\",\"url\":\"https:\/\/sagardoarenlurraldea.eus\/es\/blog\/sagardoetxea-celebrara-hip-hip-urri-tambien-el-dia-del-pais-vasco-del-25-de-octubre\/\",\"name\":\"Sagardoetxea celebrar\u00e1 \\\"Hip Hip Urri!\\\" tambi\u00e9n el D\u00eda del Pa\u00eds Vasco del 25 de octubre. - Sagardoaren Lurraldea\",\"isPartOf\":{\"@id\":\"https:\/\/sagardoarenlurraldea.eus\/es\/#website\"},\"primaryImageOfPage\":{\"@id\":\"https:\/\/sagardoarenlurraldea.eus\/es\/blog\/sagardoetxea-celebrara-hip-hip-urri-tambien-el-dia-del-pais-vasco-del-25-de-octubre\/#primaryimage\"},\"image\":{\"@id\":\"https:\/\/sagardoarenlurraldea.eus\/es\/blog\/sagardoetxea-celebrara-hip-hip-urri-tambien-el-dia-del-pais-vasco-del-25-de-octubre\/#primaryimage\"},\"thumbnailUrl\":\"https:\/\/sagardoarenlurraldea.eus\/wp-content\/uploads\/2013\/10\/Hip-Hip-Urri-2.jpg\",\"datePublished\":\"2013-10-15T22:00:00+00:00\",\"author\":{\"@id\":\"https:\/\/sagardoarenlurraldea.eus\/es\/#\/schema\/person\/9e9a225eda321f17256838c2fcba65a7\"},\"breadcrumb\":{\"@id\":\"https:\/\/sagardoarenlurraldea.eus\/es\/blog\/sagardoetxea-celebrara-hip-hip-urri-tambien-el-dia-del-pais-vasco-del-25-de-octubre\/#breadcrumb\"},\"inLanguage\":\"es\",\"potentialAction\":[{\"@type\":\"ReadAction\",\"target\":[\"https:\/\/sagardoarenlurraldea.eus\/es\/blog\/sagardoetxea-celebrara-hip-hip-urri-tambien-el-dia-del-pais-vasco-del-25-de-octubre\/\"]}]},{\"@type\":\"ImageObject\",\"inLanguage\":\"es\",\"@id\":\"https:\/\/sagardoarenlurraldea.eus\/es\/blog\/sagardoetxea-celebrara-hip-hip-urri-tambien-el-dia-del-pais-vasco-del-25-de-octubre\/#primaryimage\",\"url\":\"https:\/\/sagardoarenlurraldea.eus\/wp-content\/uploads\/2013\/10\/Hip-Hip-Urri-2.jpg\",\"contentUrl\":\"https:\/\/sagardoarenlurraldea.eus\/wp-content\/uploads\/2013\/10\/Hip-Hip-Urri-2.jpg\",\"width\":960,\"height\":540},{\"@type\":\"BreadcrumbList\",\"@id\":\"https:\/\/sagardoarenlurraldea.eus\/es\/blog\/sagardoetxea-celebrara-hip-hip-urri-tambien-el-dia-del-pais-vasco-del-25-de-octubre\/#breadcrumb\",\"itemListElement\":[{\"@type\":\"ListItem\",\"position\":1,\"name\":\"Inicio\",\"item\":\"https:\/\/sagardoarenlurraldea.eus\/es\/\"},{\"@type\":\"ListItem\",\"position\":2,\"name\":\"Sagardoetxea celebrar\u00e1 &#8220;Hip Hip Urri!&#8221; tambi\u00e9n el D\u00eda del Pa\u00eds Vasco del 25 de octubre.\"}]},{\"@type\":\"WebSite\",\"@id\":\"https:\/\/sagardoarenlurraldea.eus\/es\/#website\",\"url\":\"https:\/\/sagardoarenlurraldea.eus\/es\/\",\"name\":\"Sagardoaren Lurraldea\",\"description\":\"El territorio de la sidra\",\"potentialAction\":[{\"@type\":\"SearchAction\",\"target\":{\"@type\":\"EntryPoint\",\"urlTemplate\":\"https:\/\/sagardoarenlurraldea.eus\/es\/?s={search_term_string}\"},\"query-input\":{\"@type\":\"PropertyValueSpecification\",\"valueRequired\":true,\"valueName\":\"search_term_string\"}}],\"inLanguage\":\"es\"},{\"@type\":\"Person\",\"@id\":\"https:\/\/sagardoarenlurraldea.eus\/es\/#\/schema\/person\/9e9a225eda321f17256838c2fcba65a7\",\"name\":\"Mikel Ecenarro\",\"image\":{\"@type\":\"ImageObject\",\"inLanguage\":\"es\",\"@id\":\"https:\/\/sagardoarenlurraldea.eus\/es\/#\/schema\/person\/image\/\",\"url\":\"https:\/\/secure.gravatar.com\/avatar\/1170400e3ac60954a47797ced4deed6bcd49cf85a03b7abd291d8f8be059bd1d?s=96&d=mm&r=g\",\"contentUrl\":\"https:\/\/secure.gravatar.com\/avatar\/1170400e3ac60954a47797ced4deed6bcd49cf85a03b7abd291d8f8be059bd1d?s=96&d=mm&r=g\",\"caption\":\"Mikel Ecenarro\"}}]}<\/script>\n<!-- \/ Yoast SEO plugin. -->","yoast_head_json":{"title":"Sagardoetxea celebrar\u00e1 \"Hip Hip Urri!\" tambi\u00e9n el D\u00eda del Pa\u00eds Vasco del 25 de octubre. - Sagardoaren Lurraldea","robots":{"index":"index","follow":"follow","max-snippet":"max-snippet:-1","max-image-preview":"max-image-preview:large","max-video-preview":"max-video-preview:-1"},"canonical":"https:\/\/sagardoarenlurraldea.eus\/es\/blog\/sagardoetxea-celebrara-hip-hip-urri-tambien-el-dia-del-pais-vasco-del-25-de-octubre\/","og_locale":"es_ES","og_type":"article","og_title":"Sagardoetxea celebrar\u00e1 \"Hip Hip Urri!\" tambi\u00e9n el D\u00eda del Pa\u00eds Vasco del 25 de octubre. - Sagardoaren Lurraldea","og_description":"Durante el mes de octubre Sagardoetxea est\u00e1 participando en el proyecto \u00abHip Hip Urri!-October Children\u00bb con un programa especial dirigido a familias, y vista la buena aceptaci\u00f3n de la actividad, [&hellip;]","og_url":"https:\/\/sagardoarenlurraldea.eus\/es\/blog\/sagardoetxea-celebrara-hip-hip-urri-tambien-el-dia-del-pais-vasco-del-25-de-octubre\/","og_site_name":"Sagardoaren Lurraldea","article_publisher":"https:\/\/www.facebook.com\/sagardoarenlurraldea","article_published_time":"2013-10-15T22:00:00+00:00","og_image":[{"width":960,"height":540,"url":"https:\/\/sagardoarenlurraldea.eus\/wp-content\/uploads\/2013\/10\/Hip-Hip-Urri-2.jpg","type":"image\/jpeg"}],"author":"Mikel Ecenarro","twitter_card":"summary_large_image","twitter_misc":{"Escrito por":"Mikel Ecenarro","Tiempo de lectura":"1 minuto"},"schema":{"@context":"https:\/\/schema.org","@graph":[{"@type":"WebPage","@id":"https:\/\/sagardoarenlurraldea.eus\/es\/blog\/sagardoetxea-celebrara-hip-hip-urri-tambien-el-dia-del-pais-vasco-del-25-de-octubre\/","url":"https:\/\/sagardoarenlurraldea.eus\/es\/blog\/sagardoetxea-celebrara-hip-hip-urri-tambien-el-dia-del-pais-vasco-del-25-de-octubre\/","name":"Sagardoetxea celebrar\u00e1 \"Hip Hip Urri!\" tambi\u00e9n el D\u00eda del Pa\u00eds Vasco del 25 de octubre. - Sagardoaren Lurraldea","isPartOf":{"@id":"https:\/\/sagardoarenlurraldea.eus\/es\/#website"},"primaryImageOfPage":{"@id":"https:\/\/sagardoarenlurraldea.eus\/es\/blog\/sagardoetxea-celebrara-hip-hip-urri-tambien-el-dia-del-pais-vasco-del-25-de-octubre\/#primaryimage"},"image":{"@id":"https:\/\/sagardoarenlurraldea.eus\/es\/blog\/sagardoetxea-celebrara-hip-hip-urri-tambien-el-dia-del-pais-vasco-del-25-de-octubre\/#primaryimage"},"thumbnailUrl":"https:\/\/sagardoarenlurraldea.eus\/wp-content\/uploads\/2013\/10\/Hip-Hip-Urri-2.jpg","datePublished":"2013-10-15T22:00:00+00:00","author":{"@id":"https:\/\/sagardoarenlurraldea.eus\/es\/#\/schema\/person\/9e9a225eda321f17256838c2fcba65a7"},"breadcrumb":{"@id":"https:\/\/sagardoarenlurraldea.eus\/es\/blog\/sagardoetxea-celebrara-hip-hip-urri-tambien-el-dia-del-pais-vasco-del-25-de-octubre\/#breadcrumb"},"inLanguage":"es","potentialAction":[{"@type":"ReadAction","target":["https:\/\/sagardoarenlurraldea.eus\/es\/blog\/sagardoetxea-celebrara-hip-hip-urri-tambien-el-dia-del-pais-vasco-del-25-de-octubre\/"]}]},{"@type":"ImageObject","inLanguage":"es","@id":"https:\/\/sagardoarenlurraldea.eus\/es\/blog\/sagardoetxea-celebrara-hip-hip-urri-tambien-el-dia-del-pais-vasco-del-25-de-octubre\/#primaryimage","url":"https:\/\/sagardoarenlurraldea.eus\/wp-content\/uploads\/2013\/10\/Hip-Hip-Urri-2.jpg","contentUrl":"https:\/\/sagardoarenlurraldea.eus\/wp-content\/uploads\/2013\/10\/Hip-Hip-Urri-2.jpg","width":960,"height":540},{"@type":"BreadcrumbList","@id":"https:\/\/sagardoarenlurraldea.eus\/es\/blog\/sagardoetxea-celebrara-hip-hip-urri-tambien-el-dia-del-pais-vasco-del-25-de-octubre\/#breadcrumb","itemListElement":[{"@type":"ListItem","position":1,"name":"Inicio","item":"https:\/\/sagardoarenlurraldea.eus\/es\/"},{"@type":"ListItem","position":2,"name":"Sagardoetxea celebrar\u00e1 &#8220;Hip Hip Urri!&#8221; tambi\u00e9n el D\u00eda del Pa\u00eds Vasco del 25 de octubre."}]},{"@type":"WebSite","@id":"https:\/\/sagardoarenlurraldea.eus\/es\/#website","url":"https:\/\/sagardoarenlurraldea.eus\/es\/","name":"Sagardoaren Lurraldea","description":"El territorio de la sidra","potentialAction":[{"@type":"SearchAction","target":{"@type":"EntryPoint","urlTemplate":"https:\/\/sagardoarenlurraldea.eus\/es\/?s={search_term_string}"},"query-input":{"@type":"PropertyValueSpecification","valueRequired":true,"valueName":"search_term_string"}}],"inLanguage":"es"},{"@type":"Person","@id":"https:\/\/sagardoarenlurraldea.eus\/es\/#\/schema\/person\/9e9a225eda321f17256838c2fcba65a7","name":"Mikel Ecenarro","image":{"@type":"ImageObject","inLanguage":"es","@id":"https:\/\/sagardoarenlurraldea.eus\/es\/#\/schema\/person\/image\/","url":"https:\/\/secure.gravatar.com\/avatar\/1170400e3ac60954a47797ced4deed6bcd49cf85a03b7abd291d8f8be059bd1d?s=96&d=mm&r=g","contentUrl":"https:\/\/secure.gravatar.com\/avatar\/1170400e3ac60954a47797ced4deed6bcd49cf85a03b7abd291d8f8be059bd1d?s=96&d=mm&r=g","caption":"Mikel Ecenarro"}}]}},"_links":{"self":[{"href":"https:\/\/sagardoarenlurraldea.eus\/es\/wp-json\/wp\/v2\/posts\/17856","targetHints":{"allow":["GET"]}}],"collection":[{"href":"https:\/\/sagardoarenlurraldea.eus\/es\/wp-json\/wp\/v2\/posts"}],"about":[{"href":"https:\/\/sagardoarenlurraldea.eus\/es\/wp-json\/wp\/v2\/types\/post"}],"author":[{"embeddable":true,"href":"https:\/\/sagardoarenlurraldea.eus\/es\/wp-json\/wp\/v2\/users\/1"}],"replies":[{"embeddable":true,"href":"https:\/\/sagardoarenlurraldea.eus\/es\/wp-json\/wp\/v2\/comments?post=17856"}],"version-history":[{"count":0,"href":"https:\/\/sagardoarenlurraldea.eus\/es\/wp-json\/wp\/v2\/posts\/17856\/revisions"}],"wp:featuredmedia":[{"embeddable":true,"href":"https:\/\/sagardoarenlurraldea.eus\/es\/wp-json\/wp\/v2\/media\/3232"}],"wp:attachment":[{"href":"https:\/\/sagardoarenlurraldea.eus\/es\/wp-json\/wp\/v2\/media?parent=17856"}],"wp:term":[{"taxonomy":"category","embeddable":true,"href":"https:\/\/sagardoarenlurraldea.eus\/es\/wp-json\/wp\/v2\/categories?post=17856"},{"taxonomy":"post_tag","embeddable":true,"href":"https:\/\/sagardoarenlurraldea.eus\/es\/wp-json\/wp\/v2\/tags?post=17856"}],"curies":[{"name":"wp","href":"https:\/\/api.w.org\/{rel}","templated":true}]}}