{"id":17824,"date":"2013-07-29T00:00:00","date_gmt":"2013-07-28T22:00:00","guid":{"rendered":"http:\/\/www.sagardoarenlurraldea.eus\/blog\/gaztanaga-lizeaga-petritegi-y-alorrenea-premiados-en-el-concurso-de-sidras-de-azpeitia\/"},"modified":"2013-07-29T00:00:00","modified_gmt":"2013-07-28T22:00:00","slug":"gaztanaga-lizeaga-petritegi-y-alorrenea-premiados-en-el-concurso-de-sidras-de-azpeitia","status":"publish","type":"post","link":"https:\/\/sagardoarenlurraldea.eus\/es\/blog\/gaztanaga-lizeaga-petritegi-y-alorrenea-premiados-en-el-concurso-de-sidras-de-azpeitia\/","title":{"rendered":"Gazta\u00f1aga, Lizeaga, Petritegi y Alorrenea premiados en el Concurso de Sidras de Azpeitia."},"content":{"rendered":"<div id=\"attachment_3028\" style=\"width: 310px\" class=\"wp-caption alignleft\"><a href=\"https:\/\/sagardoarenlurraldea.eus\/wp-content\/uploads\/2013\/07\/GSE_Azpeitiko-Sagardo-Lehiaketa.jpg\"><img aria-describedby=\"caption-attachment-3028\" loading=\"lazy\" decoding=\"async\" class=\"size-medium wp-image-3028   \" title=\"Concurso de Sidra de Azpeitia.\" alt=\"Azpeitiko Sagardo Lehiaketa\" src=\"https:\/\/sagardoarenlurraldea.eus\/wp-content\/uploads\/2013\/07\/GSE_Azpeitiko-Sagardo-Lehiaketa-300x225.jpg\" width=\"300\" height=\"225\" srcset=\"https:\/\/sagardoarenlurraldea.eus\/wp-content\/uploads\/2013\/07\/GSE_Azpeitiko-Sagardo-Lehiaketa-300x225.jpg 300w, https:\/\/sagardoarenlurraldea.eus\/wp-content\/uploads\/2013\/07\/GSE_Azpeitiko-Sagardo-Lehiaketa-400x300.jpg 400w, https:\/\/sagardoarenlurraldea.eus\/wp-content\/uploads\/2013\/07\/GSE_Azpeitiko-Sagardo-Lehiaketa-510x383.jpg 510w, https:\/\/sagardoarenlurraldea.eus\/wp-content\/uploads\/2013\/07\/GSE_Azpeitiko-Sagardo-Lehiaketa-768x576.jpg 768w, https:\/\/sagardoarenlurraldea.eus\/wp-content\/uploads\/2013\/07\/GSE_Azpeitiko-Sagardo-Lehiaketa.jpg 960w\" sizes=\"(max-width: 300px) 100vw, 300px\" \/><\/a><p id=\"caption-attachment-3028\" class=\"wp-caption-text\">Concurso de Sidra de Azpeitia. Fuente de la fotograf\u00eda: Gipuzkoako Sagardogileen Elkartea.<\/p><\/div>\n<p style=\"text-align: left;\">Las sidrer\u00edas <a href=\"http:\/\/www.sidreriagaztanaga.com\"><strong>Gazta\u00f1aga<\/strong><\/a>, <a href=\"http:\/\/www.sagardoarenlurraldea.com\/comer-en-sidreria-lizeaga\/\"><strong>Lizeaga<\/strong><\/a>, <a href=\"http:\/\/www.petritegi.com\"><strong>Petritegi<\/strong> <\/a>y <a href=\"http:\/\/www.alorrenea.com\"><strong>Alorrenea<\/strong> <\/a>de <a href=\"http:\/\/www.sagardoarenlurraldea.com\"><strong>Sagardoaren Lurraldea<\/strong><\/a> est\u00e1n de enhorabuena, ya que fueron premiadas en el tradicional <strong>Concurso de Sidras que se celebra todos los a\u00f1os el D\u00eda de Santiago en Azpeitia<\/strong>.<\/p>\n<p>El primer premio fu\u00e9 para la <strong>sidrer\u00eda Gazta\u00f1aga<\/strong> de Andoain, el segundo premio para la <strong>sidrer\u00eda Lizeaga<\/strong> de Astigarraga y el tercer premio para la <strong>sidrer\u00eda Petritegi<\/strong> de Astigarraga. El premio especial del p\u00fablico fu\u00e9 para la <strong>sidrer\u00eda Alorrenea<\/strong> de Astigarraga.<\/p>\n<p>\u00a1Enhorabuena a todos!<\/p>\n","protected":false},"excerpt":{"rendered":"<p>Las sidrer\u00edas Gazta\u00f1aga, Lizeaga, Petritegi y Alorrenea de Sagardoaren Lurraldea est\u00e1n de enhorabuena, ya que fueron premiadas en el tradicional Concurso de Sidras que se celebra todos los a\u00f1os el [&hellip;]<\/p>\n","protected":false},"author":1,"featured_media":3028,"comment_status":"open","ping_status":"open","sticky":false,"template":"","format":"standard","meta":{"_acf_changed":false,"_et_pb_use_builder":"","_et_pb_old_content":"","_et_gb_content_width":"","footnotes":""},"categories":[249,254],"tags":[339,441,622,952,1196,1211,1417,1607,1716,1752],"class_list":["post-17824","post","type-post","status-publish","format-standard","has-post-thumbnail","hentry","category-concursos","category-sidra","tag-alorrenea","tag-azpeitia","tag-concurso","tag-gaztanaga","tag-lehiaketa","tag-lizeaga","tag-petritegi","tag-sagardoa-2","tag-santiago","tag-sidra"],"acf":[],"yoast_head":"<!-- This site is optimized with the Yoast SEO plugin v25.4 - https:\/\/yoast.com\/wordpress\/plugins\/seo\/ -->\n<title>Gazta\u00f1aga, Lizeaga, Petritegi y Alorrenea premiados en el Concurso de Sidras de Azpeitia. - Sagardoaren Lurraldea<\/title>\n<meta name=\"robots\" content=\"index, follow, max-snippet:-1, max-image-preview:large, max-video-preview:-1\" \/>\n<link rel=\"canonical\" href=\"https:\/\/sagardoarenlurraldea.eus\/es\/blog\/gaztanaga-lizeaga-petritegi-y-alorrenea-premiados-en-el-concurso-de-sidras-de-azpeitia\/\" \/>\n<meta property=\"og:locale\" content=\"es_ES\" \/>\n<meta property=\"og:type\" content=\"article\" \/>\n<meta property=\"og:title\" content=\"Gazta\u00f1aga, Lizeaga, Petritegi y Alorrenea premiados en el Concurso de Sidras de Azpeitia. - Sagardoaren Lurraldea\" \/>\n<meta property=\"og:description\" content=\"Las sidrer\u00edas Gazta\u00f1aga, Lizeaga, Petritegi y Alorrenea de Sagardoaren Lurraldea est\u00e1n de enhorabuena, ya que fueron premiadas en el tradicional Concurso de Sidras que se celebra todos los a\u00f1os el [&hellip;]\" \/>\n<meta property=\"og:url\" content=\"https:\/\/sagardoarenlurraldea.eus\/es\/blog\/gaztanaga-lizeaga-petritegi-y-alorrenea-premiados-en-el-concurso-de-sidras-de-azpeitia\/\" \/>\n<meta property=\"og:site_name\" content=\"Sagardoaren Lurraldea\" \/>\n<meta property=\"article:publisher\" content=\"https:\/\/www.facebook.com\/sagardoarenlurraldea\" \/>\n<meta property=\"article:published_time\" content=\"2013-07-28T22:00:00+00:00\" \/>\n<meta property=\"og:image\" content=\"https:\/\/sagardoarenlurraldea.eus\/wp-content\/uploads\/2013\/07\/GSE_Azpeitiko-Sagardo-Lehiaketa.jpg\" \/>\n\t<meta property=\"og:image:width\" content=\"960\" \/>\n\t<meta property=\"og:image:height\" content=\"720\" \/>\n\t<meta property=\"og:image:type\" content=\"image\/jpeg\" \/>\n<meta name=\"author\" content=\"Mikel Ecenarro\" \/>\n<meta name=\"twitter:card\" content=\"summary_large_image\" \/>\n<meta name=\"twitter:label1\" content=\"Escrito por\" \/>\n\t<meta name=\"twitter:data1\" content=\"Mikel Ecenarro\" \/>\n\t<meta name=\"twitter:label2\" content=\"Tiempo de lectura\" \/>\n\t<meta name=\"twitter:data2\" content=\"1 minuto\" \/>\n<script type=\"application\/ld+json\" class=\"yoast-schema-graph\">{\"@context\":\"https:\/\/schema.org\",\"@graph\":[{\"@type\":\"WebPage\",\"@id\":\"https:\/\/sagardoarenlurraldea.eus\/es\/blog\/gaztanaga-lizeaga-petritegi-y-alorrenea-premiados-en-el-concurso-de-sidras-de-azpeitia\/\",\"url\":\"https:\/\/sagardoarenlurraldea.eus\/es\/blog\/gaztanaga-lizeaga-petritegi-y-alorrenea-premiados-en-el-concurso-de-sidras-de-azpeitia\/\",\"name\":\"Gazta\u00f1aga, Lizeaga, Petritegi y Alorrenea premiados en el Concurso de Sidras de Azpeitia. - Sagardoaren Lurraldea\",\"isPartOf\":{\"@id\":\"https:\/\/sagardoarenlurraldea.eus\/es\/#website\"},\"primaryImageOfPage\":{\"@id\":\"https:\/\/sagardoarenlurraldea.eus\/es\/blog\/gaztanaga-lizeaga-petritegi-y-alorrenea-premiados-en-el-concurso-de-sidras-de-azpeitia\/#primaryimage\"},\"image\":{\"@id\":\"https:\/\/sagardoarenlurraldea.eus\/es\/blog\/gaztanaga-lizeaga-petritegi-y-alorrenea-premiados-en-el-concurso-de-sidras-de-azpeitia\/#primaryimage\"},\"thumbnailUrl\":\"https:\/\/sagardoarenlurraldea.eus\/wp-content\/uploads\/2013\/07\/GSE_Azpeitiko-Sagardo-Lehiaketa.jpg\",\"datePublished\":\"2013-07-28T22:00:00+00:00\",\"author\":{\"@id\":\"https:\/\/sagardoarenlurraldea.eus\/es\/#\/schema\/person\/9e9a225eda321f17256838c2fcba65a7\"},\"breadcrumb\":{\"@id\":\"https:\/\/sagardoarenlurraldea.eus\/es\/blog\/gaztanaga-lizeaga-petritegi-y-alorrenea-premiados-en-el-concurso-de-sidras-de-azpeitia\/#breadcrumb\"},\"inLanguage\":\"es\",\"potentialAction\":[{\"@type\":\"ReadAction\",\"target\":[\"https:\/\/sagardoarenlurraldea.eus\/es\/blog\/gaztanaga-lizeaga-petritegi-y-alorrenea-premiados-en-el-concurso-de-sidras-de-azpeitia\/\"]}]},{\"@type\":\"ImageObject\",\"inLanguage\":\"es\",\"@id\":\"https:\/\/sagardoarenlurraldea.eus\/es\/blog\/gaztanaga-lizeaga-petritegi-y-alorrenea-premiados-en-el-concurso-de-sidras-de-azpeitia\/#primaryimage\",\"url\":\"https:\/\/sagardoarenlurraldea.eus\/wp-content\/uploads\/2013\/07\/GSE_Azpeitiko-Sagardo-Lehiaketa.jpg\",\"contentUrl\":\"https:\/\/sagardoarenlurraldea.eus\/wp-content\/uploads\/2013\/07\/GSE_Azpeitiko-Sagardo-Lehiaketa.jpg\",\"width\":960,\"height\":720},{\"@type\":\"BreadcrumbList\",\"@id\":\"https:\/\/sagardoarenlurraldea.eus\/es\/blog\/gaztanaga-lizeaga-petritegi-y-alorrenea-premiados-en-el-concurso-de-sidras-de-azpeitia\/#breadcrumb\",\"itemListElement\":[{\"@type\":\"ListItem\",\"position\":1,\"name\":\"Inicio\",\"item\":\"https:\/\/sagardoarenlurraldea.eus\/es\/\"},{\"@type\":\"ListItem\",\"position\":2,\"name\":\"Gazta\u00f1aga, Lizeaga, Petritegi y Alorrenea premiados en el Concurso de Sidras de Azpeitia.\"}]},{\"@type\":\"WebSite\",\"@id\":\"https:\/\/sagardoarenlurraldea.eus\/es\/#website\",\"url\":\"https:\/\/sagardoarenlurraldea.eus\/es\/\",\"name\":\"Sagardoaren Lurraldea\",\"description\":\"El territorio de la sidra\",\"potentialAction\":[{\"@type\":\"SearchAction\",\"target\":{\"@type\":\"EntryPoint\",\"urlTemplate\":\"https:\/\/sagardoarenlurraldea.eus\/es\/?s={search_term_string}\"},\"query-input\":{\"@type\":\"PropertyValueSpecification\",\"valueRequired\":true,\"valueName\":\"search_term_string\"}}],\"inLanguage\":\"es\"},{\"@type\":\"Person\",\"@id\":\"https:\/\/sagardoarenlurraldea.eus\/es\/#\/schema\/person\/9e9a225eda321f17256838c2fcba65a7\",\"name\":\"Mikel Ecenarro\",\"image\":{\"@type\":\"ImageObject\",\"inLanguage\":\"es\",\"@id\":\"https:\/\/sagardoarenlurraldea.eus\/es\/#\/schema\/person\/image\/\",\"url\":\"https:\/\/secure.gravatar.com\/avatar\/1170400e3ac60954a47797ced4deed6bcd49cf85a03b7abd291d8f8be059bd1d?s=96&d=mm&r=g\",\"contentUrl\":\"https:\/\/secure.gravatar.com\/avatar\/1170400e3ac60954a47797ced4deed6bcd49cf85a03b7abd291d8f8be059bd1d?s=96&d=mm&r=g\",\"caption\":\"Mikel Ecenarro\"}}]}<\/script>\n<!-- \/ Yoast SEO plugin. -->","yoast_head_json":{"title":"Gazta\u00f1aga, Lizeaga, Petritegi y Alorrenea premiados en el Concurso de Sidras de Azpeitia. - Sagardoaren Lurraldea","robots":{"index":"index","follow":"follow","max-snippet":"max-snippet:-1","max-image-preview":"max-image-preview:large","max-video-preview":"max-video-preview:-1"},"canonical":"https:\/\/sagardoarenlurraldea.eus\/es\/blog\/gaztanaga-lizeaga-petritegi-y-alorrenea-premiados-en-el-concurso-de-sidras-de-azpeitia\/","og_locale":"es_ES","og_type":"article","og_title":"Gazta\u00f1aga, Lizeaga, Petritegi y Alorrenea premiados en el Concurso de Sidras de Azpeitia. - Sagardoaren Lurraldea","og_description":"Las sidrer\u00edas Gazta\u00f1aga, Lizeaga, Petritegi y Alorrenea de Sagardoaren Lurraldea est\u00e1n de enhorabuena, ya que fueron premiadas en el tradicional Concurso de Sidras que se celebra todos los a\u00f1os el [&hellip;]","og_url":"https:\/\/sagardoarenlurraldea.eus\/es\/blog\/gaztanaga-lizeaga-petritegi-y-alorrenea-premiados-en-el-concurso-de-sidras-de-azpeitia\/","og_site_name":"Sagardoaren Lurraldea","article_publisher":"https:\/\/www.facebook.com\/sagardoarenlurraldea","article_published_time":"2013-07-28T22:00:00+00:00","og_image":[{"width":960,"height":720,"url":"https:\/\/sagardoarenlurraldea.eus\/wp-content\/uploads\/2013\/07\/GSE_Azpeitiko-Sagardo-Lehiaketa.jpg","type":"image\/jpeg"}],"author":"Mikel Ecenarro","twitter_card":"summary_large_image","twitter_misc":{"Escrito por":"Mikel Ecenarro","Tiempo de lectura":"1 minuto"},"schema":{"@context":"https:\/\/schema.org","@graph":[{"@type":"WebPage","@id":"https:\/\/sagardoarenlurraldea.eus\/es\/blog\/gaztanaga-lizeaga-petritegi-y-alorrenea-premiados-en-el-concurso-de-sidras-de-azpeitia\/","url":"https:\/\/sagardoarenlurraldea.eus\/es\/blog\/gaztanaga-lizeaga-petritegi-y-alorrenea-premiados-en-el-concurso-de-sidras-de-azpeitia\/","name":"Gazta\u00f1aga, Lizeaga, Petritegi y Alorrenea premiados en el Concurso de Sidras de Azpeitia. - Sagardoaren Lurraldea","isPartOf":{"@id":"https:\/\/sagardoarenlurraldea.eus\/es\/#website"},"primaryImageOfPage":{"@id":"https:\/\/sagardoarenlurraldea.eus\/es\/blog\/gaztanaga-lizeaga-petritegi-y-alorrenea-premiados-en-el-concurso-de-sidras-de-azpeitia\/#primaryimage"},"image":{"@id":"https:\/\/sagardoarenlurraldea.eus\/es\/blog\/gaztanaga-lizeaga-petritegi-y-alorrenea-premiados-en-el-concurso-de-sidras-de-azpeitia\/#primaryimage"},"thumbnailUrl":"https:\/\/sagardoarenlurraldea.eus\/wp-content\/uploads\/2013\/07\/GSE_Azpeitiko-Sagardo-Lehiaketa.jpg","datePublished":"2013-07-28T22:00:00+00:00","author":{"@id":"https:\/\/sagardoarenlurraldea.eus\/es\/#\/schema\/person\/9e9a225eda321f17256838c2fcba65a7"},"breadcrumb":{"@id":"https:\/\/sagardoarenlurraldea.eus\/es\/blog\/gaztanaga-lizeaga-petritegi-y-alorrenea-premiados-en-el-concurso-de-sidras-de-azpeitia\/#breadcrumb"},"inLanguage":"es","potentialAction":[{"@type":"ReadAction","target":["https:\/\/sagardoarenlurraldea.eus\/es\/blog\/gaztanaga-lizeaga-petritegi-y-alorrenea-premiados-en-el-concurso-de-sidras-de-azpeitia\/"]}]},{"@type":"ImageObject","inLanguage":"es","@id":"https:\/\/sagardoarenlurraldea.eus\/es\/blog\/gaztanaga-lizeaga-petritegi-y-alorrenea-premiados-en-el-concurso-de-sidras-de-azpeitia\/#primaryimage","url":"https:\/\/sagardoarenlurraldea.eus\/wp-content\/uploads\/2013\/07\/GSE_Azpeitiko-Sagardo-Lehiaketa.jpg","contentUrl":"https:\/\/sagardoarenlurraldea.eus\/wp-content\/uploads\/2013\/07\/GSE_Azpeitiko-Sagardo-Lehiaketa.jpg","width":960,"height":720},{"@type":"BreadcrumbList","@id":"https:\/\/sagardoarenlurraldea.eus\/es\/blog\/gaztanaga-lizeaga-petritegi-y-alorrenea-premiados-en-el-concurso-de-sidras-de-azpeitia\/#breadcrumb","itemListElement":[{"@type":"ListItem","position":1,"name":"Inicio","item":"https:\/\/sagardoarenlurraldea.eus\/es\/"},{"@type":"ListItem","position":2,"name":"Gazta\u00f1aga, Lizeaga, Petritegi y Alorrenea premiados en el Concurso de Sidras de Azpeitia."}]},{"@type":"WebSite","@id":"https:\/\/sagardoarenlurraldea.eus\/es\/#website","url":"https:\/\/sagardoarenlurraldea.eus\/es\/","name":"Sagardoaren Lurraldea","description":"El territorio de la sidra","potentialAction":[{"@type":"SearchAction","target":{"@type":"EntryPoint","urlTemplate":"https:\/\/sagardoarenlurraldea.eus\/es\/?s={search_term_string}"},"query-input":{"@type":"PropertyValueSpecification","valueRequired":true,"valueName":"search_term_string"}}],"inLanguage":"es"},{"@type":"Person","@id":"https:\/\/sagardoarenlurraldea.eus\/es\/#\/schema\/person\/9e9a225eda321f17256838c2fcba65a7","name":"Mikel Ecenarro","image":{"@type":"ImageObject","inLanguage":"es","@id":"https:\/\/sagardoarenlurraldea.eus\/es\/#\/schema\/person\/image\/","url":"https:\/\/secure.gravatar.com\/avatar\/1170400e3ac60954a47797ced4deed6bcd49cf85a03b7abd291d8f8be059bd1d?s=96&d=mm&r=g","contentUrl":"https:\/\/secure.gravatar.com\/avatar\/1170400e3ac60954a47797ced4deed6bcd49cf85a03b7abd291d8f8be059bd1d?s=96&d=mm&r=g","caption":"Mikel Ecenarro"}}]}},"_links":{"self":[{"href":"https:\/\/sagardoarenlurraldea.eus\/es\/wp-json\/wp\/v2\/posts\/17824","targetHints":{"allow":["GET"]}}],"collection":[{"href":"https:\/\/sagardoarenlurraldea.eus\/es\/wp-json\/wp\/v2\/posts"}],"about":[{"href":"https:\/\/sagardoarenlurraldea.eus\/es\/wp-json\/wp\/v2\/types\/post"}],"author":[{"embeddable":true,"href":"https:\/\/sagardoarenlurraldea.eus\/es\/wp-json\/wp\/v2\/users\/1"}],"replies":[{"embeddable":true,"href":"https:\/\/sagardoarenlurraldea.eus\/es\/wp-json\/wp\/v2\/comments?post=17824"}],"version-history":[{"count":0,"href":"https:\/\/sagardoarenlurraldea.eus\/es\/wp-json\/wp\/v2\/posts\/17824\/revisions"}],"wp:featuredmedia":[{"embeddable":true,"href":"https:\/\/sagardoarenlurraldea.eus\/es\/wp-json\/wp\/v2\/media\/3028"}],"wp:attachment":[{"href":"https:\/\/sagardoarenlurraldea.eus\/es\/wp-json\/wp\/v2\/media?parent=17824"}],"wp:term":[{"taxonomy":"category","embeddable":true,"href":"https:\/\/sagardoarenlurraldea.eus\/es\/wp-json\/wp\/v2\/categories?post=17824"},{"taxonomy":"post_tag","embeddable":true,"href":"https:\/\/sagardoarenlurraldea.eus\/es\/wp-json\/wp\/v2\/tags?post=17824"}],"curies":[{"name":"wp","href":"https:\/\/api.w.org\/{rel}","templated":true}]}}