{"id":17817,"date":"2013-07-08T00:00:00","date_gmt":"2013-07-07T22:00:00","guid":{"rendered":"http:\/\/www.sagardoarenlurraldea.eus\/blog\/de-sidreria-en-verano\/"},"modified":"2013-07-08T00:00:00","modified_gmt":"2013-07-07T22:00:00","slug":"de-sidreria-en-verano","status":"publish","type":"post","link":"https:\/\/sagardoarenlurraldea.eus\/es\/blog\/de-sidreria-en-verano\/","title":{"rendered":"De sidrer\u00eda en verano."},"content":{"rendered":"<p>El <strong>verano<\/strong> es una \u00e9poca del a\u00f1o id\u00f3nea para degustar la <strong>sidra,<\/strong> e ir de <strong>sidrer\u00eda\u00a0<\/strong>es una experiencia inolvidable y \u00fanica que se puede disfrutar tambi\u00e9n en esta \u00e9poca del a\u00f1o.<\/p>\n<p>Estas son las <strong>sidrer\u00edas<\/strong>\u00a0recomendadas por <strong>Sagardoaren Lurraldea:<\/strong><\/p>\n<p><strong><a href=\"https:\/\/sagardoarenlurraldea.eus\/wp-content\/uploads\/2013\/07\/Alorrenea_21.jpg\"><img loading=\"lazy\" decoding=\"async\" class=\"alignleft  wp-image-2969\" alt=\"Alorrenea_2\" src=\"https:\/\/sagardoarenlurraldea.eus\/wp-content\/uploads\/2013\/07\/Alorrenea_21.jpg\" width=\"158\" height=\"105\" \/><\/a><\/strong><\/p>\n<p><strong>Alorrenea (Astigarraga)<\/strong><br \/>\nComidas y cenas todos los d\u00edas, excepto los lunes.<br \/>\nDirecci\u00f3n: Alorrene bidea, 4.<br \/>\n20115 Astigarraga<br \/>\nTelf.: 943336999<br \/>\n<a href=\"http:\/\/www.alorrenea.com\">www.alorrenea.com<\/a><br \/>\nA 5 min. del centro urbano a pie.<\/p>\n<p><strong><a href=\"https:\/\/sagardoarenlurraldea.eus\/wp-content\/uploads\/2013\/07\/Astarbe.jpg\"><img loading=\"lazy\" decoding=\"async\" class=\"alignleft  wp-image-2970\" alt=\"Astarbe\" src=\"https:\/\/sagardoarenlurraldea.eus\/wp-content\/uploads\/2013\/07\/Astarbe.jpg\" width=\"158\" height=\"105\" \/><\/a>Astarbe (Astigarraga)<\/strong><br \/>\nComidas y cenas todos los d\u00edas, excepto lunes mediod\u00eda y domingos noche.<br \/>\nDirecci\u00f3n: Mendiola Baserria. Txoritokieta bidea, 13.<br \/>\n20115 Astigarraga<br \/>\nTelf.: 943551527<br \/>\n<a href=\"http:\/\/www.astarbesagardotegia.com\">www.astarbesagardotegia.com<\/a><br \/>\nA 5 min. del centro urbano a pie.<\/p>\n<p><strong><a href=\"https:\/\/sagardoarenlurraldea.eus\/wp-content\/uploads\/2013\/07\/Gazta\u00f1aga.jpg\"><img loading=\"lazy\" decoding=\"async\" class=\"alignleft  wp-image-2971\" alt=\"Gazta\u00f1aga\" src=\"https:\/\/sagardoarenlurraldea.eus\/wp-content\/uploads\/2013\/07\/Gazta\u00f1aga.jpg\" width=\"158\" height=\"106\" \/><\/a>Gazta\u00f1aga<\/strong>\u00a0(Andoain)<br \/>\nComidas y cenas todos los d\u00edas, excepto lunes y domingos noche.<br \/>\nDirecci\u00f3n:\u00a0Irurain Baserria. Buruntza auzoa, 10.<br \/>\n20140 Andoain<br \/>\nTelf.: 943591968<br \/>\n<a href=\"http:\/\/www.sidreriagaztanaga.com\">www.sidreriagaztanaga.com<\/a><br \/>\nA 10 min. del centro urbano a pie.<\/p>\n<p><strong><a href=\"https:\/\/sagardoarenlurraldea.eus\/wp-content\/uploads\/2013\/07\/Lizeaga.jpg\"><img loading=\"lazy\" decoding=\"async\" class=\"alignleft  wp-image-2972\" alt=\"Lizeaga\" src=\"https:\/\/sagardoarenlurraldea.eus\/wp-content\/uploads\/2013\/07\/Lizeaga.jpg\" width=\"158\" height=\"105\" \/><\/a>Lizeaga (Astigarraga)<\/strong><br \/>\nCenas todos los d\u00edas, excepto los domingos. Comidas de mi\u00e9rcoles a s\u00e1bado.<br \/>\nDirecci\u00f3n: Gartziategi Baserria.<br \/>\n20115 Astigarraga<br \/>\nTelf.: 943468290<br \/>\nA\u00a05 min. del centro urbano a pie.<\/p>\n<p><strong><a href=\"https:\/\/sagardoarenlurraldea.eus\/wp-content\/uploads\/2013\/07\/Petritegi-berria.jpg\"><img loading=\"lazy\" decoding=\"async\" class=\"alignleft  wp-image-2973\" alt=\"Petritegi berria\" src=\"https:\/\/sagardoarenlurraldea.eus\/wp-content\/uploads\/2013\/07\/Petritegi-berria.jpg\" width=\"158\" height=\"119\" \/><\/a>Petritegi (Astigarraga)<\/strong><br \/>\nComidas y cenas todos los d\u00edas, excepto lunes mediod\u00eda.<br \/>\nDirecci\u00f3n:\u00a0Petritegi bidea, s\/n.<br \/>\n20115 Astigarraga<br \/>\nTelf.: 943457188<br \/>\n<a href=\"http:\/\/www.petritegi.com\">www.petritegi.com<br \/>\n<\/a>A 5 min. del centro urbano en coche.<\/p>\n<p><b><a href=\"https:\/\/sagardoarenlurraldea.eus\/wp-content\/uploads\/2013\/07\/Rezola.jpg\"><img loading=\"lazy\" decoding=\"async\" class=\"alignleft  wp-image-2974\" alt=\"Rezola\" src=\"https:\/\/sagardoarenlurraldea.eus\/wp-content\/uploads\/2013\/07\/Rezola.jpg\" width=\"158\" height=\"105\" \/><\/a>Rezola\u00a0<\/b>(Astigarraga)<br \/>\nComidas y cenas\u00a0todos los d\u00edas, excepto domingo noche. Lunes y martes cerrado.<br \/>\nDirecci\u00f3n: Santio Zeharra, 12.<br \/>\n20115 Astigarraga<br \/>\nTelf.: 943552720<br \/>\n<a href=\"http:\/\/www.rezolasagardotegia.com\">www.rezolasagardotegia.com<\/a><br \/>\nA 5 min. del centro urbano a pie.<\/p>\n<p><b><a href=\"https:\/\/sagardoarenlurraldea.eus\/wp-content\/uploads\/2013\/07\/Saizar.jpg\"><img loading=\"lazy\" decoding=\"async\" class=\"alignleft  wp-image-2975\" alt=\"Saizar\" src=\"https:\/\/sagardoarenlurraldea.eus\/wp-content\/uploads\/2013\/07\/Saizar.jpg\" width=\"158\" height=\"104\" \/><\/a>Saizar\u00a0<\/b>(Usurbil)<br \/>\nComidas y cenas todos los d\u00edas, excepto los lunes.<br \/>\nDirecci\u00f3n:\u00a0Kalezahar auzoa, 30.<br \/>\n20170 Usurbil<br \/>\nTelf.: 943364597<br \/>\n<a href=\"http:\/\/www.sidrassaizar.com\">www.sidrassaizar.com<\/a><br \/>\nA 5 min. del centro urbano en coche.<\/p>\n<p><b><a href=\"https:\/\/sagardoarenlurraldea.eus\/wp-content\/uploads\/2013\/07\/Txopinondo.jpg\"><img loading=\"lazy\" decoding=\"async\" class=\"alignleft  wp-image-2977\" alt=\"Txopinondo\" src=\"https:\/\/sagardoarenlurraldea.eus\/wp-content\/uploads\/2013\/07\/Txopinondo.jpg\" width=\"158\" height=\"119\" \/><\/a>Txopinondo\u00a0<\/b>(Azkaine)<br \/>\nComidas y cenas todos los d\u00edas, excepto domingo noche.<br \/>\nDirecci\u00f3n:\u00a0Route de Saint Jean de Luz. Lanzelai, Sagarnotegi Bidea.<br \/>\n64310 Azkaine<br \/>\nTelf.: 33559546234<br \/>\n<a href=\"http:\/\/www.txopinondo.com\">www.txopinondo.com<\/a><br \/>\nA 10 min. del centro urbano en coche.<\/p>\n","protected":false},"excerpt":{"rendered":"<p>El verano es una \u00e9poca del a\u00f1o id\u00f3nea para degustar la sidra, e ir de sidrer\u00eda\u00a0es una experiencia inolvidable y \u00fanica que se puede disfrutar tambi\u00e9n en esta \u00e9poca del [&hellip;]<\/p>\n","protected":false},"author":1,"featured_media":2963,"comment_status":"open","ping_status":"open","sticky":false,"template":"","format":"standard","meta":{"_acf_changed":false,"_et_pb_use_builder":"","_et_pb_old_content":"","_et_gb_content_width":"","footnotes":""},"categories":[255],"tags":[339,351,413,420,436,952,1211,1417,1607,1652,1698,1722,1752,1776,1864,1885,1906,1921],"class_list":["post-17817","post","type-post","status-publish","format-standard","has-post-thumbnail","hentry","category-sidrerias","tag-alorrenea","tag-andoain","tag-astarbe","tag-astigarraga","tag-azkaine","tag-gaztanaga","tag-lizeaga","tag-petritegi","tag-sagardoa-2","tag-sagardotegiak-2","tag-saizar","tag-sarasola","tag-sidra","tag-sidrerias","tag-txopinondo","tag-udara","tag-usurbil","tag-verano"],"acf":[],"yoast_head":"<!-- This site is optimized with the Yoast SEO plugin v25.4 - https:\/\/yoast.com\/wordpress\/plugins\/seo\/ -->\n<title>De sidrer\u00eda en verano. - Sagardoaren Lurraldea<\/title>\n<meta name=\"robots\" content=\"index, follow, max-snippet:-1, max-image-preview:large, max-video-preview:-1\" \/>\n<link rel=\"canonical\" href=\"https:\/\/sagardoarenlurraldea.eus\/es\/blog\/de-sidreria-en-verano\/\" \/>\n<meta property=\"og:locale\" content=\"es_ES\" \/>\n<meta property=\"og:type\" content=\"article\" \/>\n<meta property=\"og:title\" content=\"De sidrer\u00eda en verano. - Sagardoaren Lurraldea\" \/>\n<meta property=\"og:description\" content=\"El verano es una \u00e9poca del a\u00f1o id\u00f3nea para degustar la sidra, e ir de sidrer\u00eda\u00a0es una experiencia inolvidable y \u00fanica que se puede disfrutar tambi\u00e9n en esta \u00e9poca del [&hellip;]\" \/>\n<meta property=\"og:url\" content=\"https:\/\/sagardoarenlurraldea.eus\/es\/blog\/de-sidreria-en-verano\/\" \/>\n<meta property=\"og:site_name\" content=\"Sagardoaren Lurraldea\" \/>\n<meta property=\"article:publisher\" content=\"https:\/\/www.facebook.com\/sagardoarenlurraldea\" \/>\n<meta property=\"article:published_time\" content=\"2013-07-07T22:00:00+00:00\" \/>\n<meta property=\"og:image\" content=\"https:\/\/sagardoarenlurraldea.eus\/wp-content\/uploads\/2013\/07\/07.jpg\" \/>\n\t<meta property=\"og:image:width\" content=\"705\" \/>\n\t<meta property=\"og:image:height\" content=\"358\" \/>\n\t<meta property=\"og:image:type\" content=\"image\/jpeg\" \/>\n<meta name=\"author\" content=\"Mikel Ecenarro\" \/>\n<meta name=\"twitter:card\" content=\"summary_large_image\" \/>\n<meta name=\"twitter:label1\" content=\"Escrito por\" \/>\n\t<meta name=\"twitter:data1\" content=\"Mikel Ecenarro\" \/>\n\t<meta name=\"twitter:label2\" content=\"Tiempo de lectura\" \/>\n\t<meta name=\"twitter:data2\" content=\"1 minuto\" \/>\n<script type=\"application\/ld+json\" class=\"yoast-schema-graph\">{\"@context\":\"https:\/\/schema.org\",\"@graph\":[{\"@type\":\"WebPage\",\"@id\":\"https:\/\/sagardoarenlurraldea.eus\/es\/blog\/de-sidreria-en-verano\/\",\"url\":\"https:\/\/sagardoarenlurraldea.eus\/es\/blog\/de-sidreria-en-verano\/\",\"name\":\"De sidrer\u00eda en verano. - Sagardoaren Lurraldea\",\"isPartOf\":{\"@id\":\"https:\/\/sagardoarenlurraldea.eus\/es\/#website\"},\"primaryImageOfPage\":{\"@id\":\"https:\/\/sagardoarenlurraldea.eus\/es\/blog\/de-sidreria-en-verano\/#primaryimage\"},\"image\":{\"@id\":\"https:\/\/sagardoarenlurraldea.eus\/es\/blog\/de-sidreria-en-verano\/#primaryimage\"},\"thumbnailUrl\":\"https:\/\/sagardoarenlurraldea.eus\/wp-content\/uploads\/2013\/07\/07.jpg\",\"datePublished\":\"2013-07-07T22:00:00+00:00\",\"author\":{\"@id\":\"https:\/\/sagardoarenlurraldea.eus\/es\/#\/schema\/person\/9e9a225eda321f17256838c2fcba65a7\"},\"breadcrumb\":{\"@id\":\"https:\/\/sagardoarenlurraldea.eus\/es\/blog\/de-sidreria-en-verano\/#breadcrumb\"},\"inLanguage\":\"es\",\"potentialAction\":[{\"@type\":\"ReadAction\",\"target\":[\"https:\/\/sagardoarenlurraldea.eus\/es\/blog\/de-sidreria-en-verano\/\"]}]},{\"@type\":\"ImageObject\",\"inLanguage\":\"es\",\"@id\":\"https:\/\/sagardoarenlurraldea.eus\/es\/blog\/de-sidreria-en-verano\/#primaryimage\",\"url\":\"https:\/\/sagardoarenlurraldea.eus\/wp-content\/uploads\/2013\/07\/07.jpg\",\"contentUrl\":\"https:\/\/sagardoarenlurraldea.eus\/wp-content\/uploads\/2013\/07\/07.jpg\",\"width\":705,\"height\":358},{\"@type\":\"BreadcrumbList\",\"@id\":\"https:\/\/sagardoarenlurraldea.eus\/es\/blog\/de-sidreria-en-verano\/#breadcrumb\",\"itemListElement\":[{\"@type\":\"ListItem\",\"position\":1,\"name\":\"Inicio\",\"item\":\"https:\/\/sagardoarenlurraldea.eus\/es\/\"},{\"@type\":\"ListItem\",\"position\":2,\"name\":\"De sidrer\u00eda en verano.\"}]},{\"@type\":\"WebSite\",\"@id\":\"https:\/\/sagardoarenlurraldea.eus\/es\/#website\",\"url\":\"https:\/\/sagardoarenlurraldea.eus\/es\/\",\"name\":\"Sagardoaren Lurraldea\",\"description\":\"El territorio de la sidra\",\"potentialAction\":[{\"@type\":\"SearchAction\",\"target\":{\"@type\":\"EntryPoint\",\"urlTemplate\":\"https:\/\/sagardoarenlurraldea.eus\/es\/?s={search_term_string}\"},\"query-input\":{\"@type\":\"PropertyValueSpecification\",\"valueRequired\":true,\"valueName\":\"search_term_string\"}}],\"inLanguage\":\"es\"},{\"@type\":\"Person\",\"@id\":\"https:\/\/sagardoarenlurraldea.eus\/es\/#\/schema\/person\/9e9a225eda321f17256838c2fcba65a7\",\"name\":\"Mikel Ecenarro\",\"image\":{\"@type\":\"ImageObject\",\"inLanguage\":\"es\",\"@id\":\"https:\/\/sagardoarenlurraldea.eus\/es\/#\/schema\/person\/image\/\",\"url\":\"https:\/\/secure.gravatar.com\/avatar\/1170400e3ac60954a47797ced4deed6bcd49cf85a03b7abd291d8f8be059bd1d?s=96&d=mm&r=g\",\"contentUrl\":\"https:\/\/secure.gravatar.com\/avatar\/1170400e3ac60954a47797ced4deed6bcd49cf85a03b7abd291d8f8be059bd1d?s=96&d=mm&r=g\",\"caption\":\"Mikel Ecenarro\"}}]}<\/script>\n<!-- \/ Yoast SEO plugin. -->","yoast_head_json":{"title":"De sidrer\u00eda en verano. - Sagardoaren Lurraldea","robots":{"index":"index","follow":"follow","max-snippet":"max-snippet:-1","max-image-preview":"max-image-preview:large","max-video-preview":"max-video-preview:-1"},"canonical":"https:\/\/sagardoarenlurraldea.eus\/es\/blog\/de-sidreria-en-verano\/","og_locale":"es_ES","og_type":"article","og_title":"De sidrer\u00eda en verano. - Sagardoaren Lurraldea","og_description":"El verano es una \u00e9poca del a\u00f1o id\u00f3nea para degustar la sidra, e ir de sidrer\u00eda\u00a0es una experiencia inolvidable y \u00fanica que se puede disfrutar tambi\u00e9n en esta \u00e9poca del [&hellip;]","og_url":"https:\/\/sagardoarenlurraldea.eus\/es\/blog\/de-sidreria-en-verano\/","og_site_name":"Sagardoaren Lurraldea","article_publisher":"https:\/\/www.facebook.com\/sagardoarenlurraldea","article_published_time":"2013-07-07T22:00:00+00:00","og_image":[{"width":705,"height":358,"url":"https:\/\/sagardoarenlurraldea.eus\/wp-content\/uploads\/2013\/07\/07.jpg","type":"image\/jpeg"}],"author":"Mikel Ecenarro","twitter_card":"summary_large_image","twitter_misc":{"Escrito por":"Mikel Ecenarro","Tiempo de lectura":"1 minuto"},"schema":{"@context":"https:\/\/schema.org","@graph":[{"@type":"WebPage","@id":"https:\/\/sagardoarenlurraldea.eus\/es\/blog\/de-sidreria-en-verano\/","url":"https:\/\/sagardoarenlurraldea.eus\/es\/blog\/de-sidreria-en-verano\/","name":"De sidrer\u00eda en verano. - Sagardoaren Lurraldea","isPartOf":{"@id":"https:\/\/sagardoarenlurraldea.eus\/es\/#website"},"primaryImageOfPage":{"@id":"https:\/\/sagardoarenlurraldea.eus\/es\/blog\/de-sidreria-en-verano\/#primaryimage"},"image":{"@id":"https:\/\/sagardoarenlurraldea.eus\/es\/blog\/de-sidreria-en-verano\/#primaryimage"},"thumbnailUrl":"https:\/\/sagardoarenlurraldea.eus\/wp-content\/uploads\/2013\/07\/07.jpg","datePublished":"2013-07-07T22:00:00+00:00","author":{"@id":"https:\/\/sagardoarenlurraldea.eus\/es\/#\/schema\/person\/9e9a225eda321f17256838c2fcba65a7"},"breadcrumb":{"@id":"https:\/\/sagardoarenlurraldea.eus\/es\/blog\/de-sidreria-en-verano\/#breadcrumb"},"inLanguage":"es","potentialAction":[{"@type":"ReadAction","target":["https:\/\/sagardoarenlurraldea.eus\/es\/blog\/de-sidreria-en-verano\/"]}]},{"@type":"ImageObject","inLanguage":"es","@id":"https:\/\/sagardoarenlurraldea.eus\/es\/blog\/de-sidreria-en-verano\/#primaryimage","url":"https:\/\/sagardoarenlurraldea.eus\/wp-content\/uploads\/2013\/07\/07.jpg","contentUrl":"https:\/\/sagardoarenlurraldea.eus\/wp-content\/uploads\/2013\/07\/07.jpg","width":705,"height":358},{"@type":"BreadcrumbList","@id":"https:\/\/sagardoarenlurraldea.eus\/es\/blog\/de-sidreria-en-verano\/#breadcrumb","itemListElement":[{"@type":"ListItem","position":1,"name":"Inicio","item":"https:\/\/sagardoarenlurraldea.eus\/es\/"},{"@type":"ListItem","position":2,"name":"De sidrer\u00eda en verano."}]},{"@type":"WebSite","@id":"https:\/\/sagardoarenlurraldea.eus\/es\/#website","url":"https:\/\/sagardoarenlurraldea.eus\/es\/","name":"Sagardoaren Lurraldea","description":"El territorio de la sidra","potentialAction":[{"@type":"SearchAction","target":{"@type":"EntryPoint","urlTemplate":"https:\/\/sagardoarenlurraldea.eus\/es\/?s={search_term_string}"},"query-input":{"@type":"PropertyValueSpecification","valueRequired":true,"valueName":"search_term_string"}}],"inLanguage":"es"},{"@type":"Person","@id":"https:\/\/sagardoarenlurraldea.eus\/es\/#\/schema\/person\/9e9a225eda321f17256838c2fcba65a7","name":"Mikel Ecenarro","image":{"@type":"ImageObject","inLanguage":"es","@id":"https:\/\/sagardoarenlurraldea.eus\/es\/#\/schema\/person\/image\/","url":"https:\/\/secure.gravatar.com\/avatar\/1170400e3ac60954a47797ced4deed6bcd49cf85a03b7abd291d8f8be059bd1d?s=96&d=mm&r=g","contentUrl":"https:\/\/secure.gravatar.com\/avatar\/1170400e3ac60954a47797ced4deed6bcd49cf85a03b7abd291d8f8be059bd1d?s=96&d=mm&r=g","caption":"Mikel Ecenarro"}}]}},"_links":{"self":[{"href":"https:\/\/sagardoarenlurraldea.eus\/es\/wp-json\/wp\/v2\/posts\/17817","targetHints":{"allow":["GET"]}}],"collection":[{"href":"https:\/\/sagardoarenlurraldea.eus\/es\/wp-json\/wp\/v2\/posts"}],"about":[{"href":"https:\/\/sagardoarenlurraldea.eus\/es\/wp-json\/wp\/v2\/types\/post"}],"author":[{"embeddable":true,"href":"https:\/\/sagardoarenlurraldea.eus\/es\/wp-json\/wp\/v2\/users\/1"}],"replies":[{"embeddable":true,"href":"https:\/\/sagardoarenlurraldea.eus\/es\/wp-json\/wp\/v2\/comments?post=17817"}],"version-history":[{"count":0,"href":"https:\/\/sagardoarenlurraldea.eus\/es\/wp-json\/wp\/v2\/posts\/17817\/revisions"}],"wp:featuredmedia":[{"embeddable":true,"href":"https:\/\/sagardoarenlurraldea.eus\/es\/wp-json\/wp\/v2\/media\/2963"}],"wp:attachment":[{"href":"https:\/\/sagardoarenlurraldea.eus\/es\/wp-json\/wp\/v2\/media?parent=17817"}],"wp:term":[{"taxonomy":"category","embeddable":true,"href":"https:\/\/sagardoarenlurraldea.eus\/es\/wp-json\/wp\/v2\/categories?post=17817"},{"taxonomy":"post_tag","embeddable":true,"href":"https:\/\/sagardoarenlurraldea.eus\/es\/wp-json\/wp\/v2\/tags?post=17817"}],"curies":[{"name":"wp","href":"https:\/\/api.w.org\/{rel}","templated":true}]}}