{"id":17724,"date":"2013-03-11T00:00:00","date_gmt":"2013-03-10T22:00:00","guid":{"rendered":"http:\/\/www.sagardoarenlurraldea.eus\/blog\/tv-euskadi-emitira-en-directo-la-apertura-de-la-temporada-de-sidra\/"},"modified":"2013-03-11T00:00:00","modified_gmt":"2013-03-10T22:00:00","slug":"tv-euskadi-emitira-en-directo-la-apertura-de-la-temporada-de-sidra","status":"publish","type":"post","link":"https:\/\/sagardoarenlurraldea.eus\/es\/blog\/tv-euskadi-emitira-en-directo-la-apertura-de-la-temporada-de-sidra\/","title":{"rendered":"TV Euskadi emitir\u00e1 en directo la apertura de la temporada de sidra."},"content":{"rendered":"<p><a href=\"https:\/\/sagardoarenlurraldea.eus\/wp-content\/uploads\/2013\/03\/TV_Euskadi.jpg\"><img loading=\"lazy\" decoding=\"async\" class=\"alignleft size-medium wp-image-1982\" alt=\"tv_euskadi-jpg\" src=\"https:\/\/sagardoarenlurraldea.eus\/wp-content\/uploads\/2013\/03\/TV_Euskadi-300x171.jpg\" width=\"300\" height=\"171\" \/><\/a>Un a\u00f1o m\u00e1s, el mi\u00e9rcoles d\u00eda\u00a016 de enero\u00a0<strong>TV Euskadi<\/strong> emitir\u00e1 en <strong>directo la apertura de la temporada de sidra<\/strong> de Astigarraga que realizar\u00e1\u00a0La Oreja de Van Gogh\u00a0a partir de las 13:00.<\/p>\n<p>El evento se podr\u00e1 seguir en la siguiente direcci\u00f3n:\u00a0<a href=\"http:\/\/www.tveuskadi.net\/es\/en-directo\/\">http:\/\/www.tveuskadi.net\/es\/en-directo\/<\/a><\/p>\n","protected":false},"excerpt":{"rendered":"<p>Un a\u00f1o m\u00e1s, el mi\u00e9rcoles d\u00eda\u00a016 de enero\u00a0TV Euskadi emitir\u00e1 en directo la apertura de la temporada de sidra de Astigarraga que realizar\u00e1\u00a0La Oreja de Van Gogh\u00a0a partir de las [&hellip;]<\/p>\n","protected":false},"author":1,"featured_media":2102,"comment_status":"open","ping_status":"open","sticky":false,"template":"","format":"standard","meta":{"_acf_changed":false,"_et_pb_use_builder":"","_et_pb_old_content":"","_et_gb_content_width":"","footnotes":""},"categories":[242],"tags":[367,1173,1807,1846,1876,1980],"class_list":["post-17724","post","type-post","status-publish","format-standard","has-post-thumbnail","hentry","category-eventos","tag-apertura","tag-la-oreja-de-van-gogh","tag-temporada-del-txotx","tag-tv-euskadi","tag-txotx-irekiera","tag-zuzenean"],"acf":[],"yoast_head":"<!-- This site is optimized with the Yoast SEO plugin v25.4 - https:\/\/yoast.com\/wordpress\/plugins\/seo\/ -->\n<title>TV Euskadi emitir\u00e1 en directo la apertura de la temporada de sidra. - Sagardoaren Lurraldea<\/title>\n<meta name=\"robots\" content=\"index, follow, max-snippet:-1, max-image-preview:large, max-video-preview:-1\" \/>\n<link rel=\"canonical\" href=\"https:\/\/sagardoarenlurraldea.eus\/es\/blog\/tv-euskadi-emitira-en-directo-la-apertura-de-la-temporada-de-sidra\/\" \/>\n<meta property=\"og:locale\" content=\"es_ES\" \/>\n<meta property=\"og:type\" content=\"article\" \/>\n<meta property=\"og:title\" content=\"TV Euskadi emitir\u00e1 en directo la apertura de la temporada de sidra. - Sagardoaren Lurraldea\" \/>\n<meta property=\"og:description\" content=\"Un a\u00f1o m\u00e1s, el mi\u00e9rcoles d\u00eda\u00a016 de enero\u00a0TV Euskadi emitir\u00e1 en directo la apertura de la temporada de sidra de Astigarraga que realizar\u00e1\u00a0La Oreja de Van Gogh\u00a0a partir de las [&hellip;]\" \/>\n<meta property=\"og:url\" content=\"https:\/\/sagardoarenlurraldea.eus\/es\/blog\/tv-euskadi-emitira-en-directo-la-apertura-de-la-temporada-de-sidra\/\" \/>\n<meta property=\"og:site_name\" content=\"Sagardoaren Lurraldea\" \/>\n<meta property=\"article:publisher\" content=\"https:\/\/www.facebook.com\/sagardoarenlurraldea\" \/>\n<meta property=\"article:published_time\" content=\"2013-03-10T22:00:00+00:00\" \/>\n<meta property=\"og:image\" content=\"https:\/\/sagardoarenlurraldea.eus\/wp-content\/uploads\/2013\/03\/TV_Euskadi.jpg\" \/>\n\t<meta property=\"og:image:width\" content=\"770\" \/>\n\t<meta property=\"og:image:height\" content=\"440\" \/>\n\t<meta property=\"og:image:type\" content=\"image\/jpeg\" \/>\n<meta name=\"author\" content=\"Mikel Ecenarro\" \/>\n<meta name=\"twitter:card\" content=\"summary_large_image\" \/>\n<meta name=\"twitter:label1\" content=\"Escrito por\" \/>\n\t<meta name=\"twitter:data1\" content=\"Mikel Ecenarro\" \/>\n<script type=\"application\/ld+json\" class=\"yoast-schema-graph\">{\"@context\":\"https:\/\/schema.org\",\"@graph\":[{\"@type\":\"WebPage\",\"@id\":\"https:\/\/sagardoarenlurraldea.eus\/es\/blog\/tv-euskadi-emitira-en-directo-la-apertura-de-la-temporada-de-sidra\/\",\"url\":\"https:\/\/sagardoarenlurraldea.eus\/es\/blog\/tv-euskadi-emitira-en-directo-la-apertura-de-la-temporada-de-sidra\/\",\"name\":\"TV Euskadi emitir\u00e1 en directo la apertura de la temporada de sidra. - Sagardoaren Lurraldea\",\"isPartOf\":{\"@id\":\"https:\/\/sagardoarenlurraldea.eus\/es\/#website\"},\"primaryImageOfPage\":{\"@id\":\"https:\/\/sagardoarenlurraldea.eus\/es\/blog\/tv-euskadi-emitira-en-directo-la-apertura-de-la-temporada-de-sidra\/#primaryimage\"},\"image\":{\"@id\":\"https:\/\/sagardoarenlurraldea.eus\/es\/blog\/tv-euskadi-emitira-en-directo-la-apertura-de-la-temporada-de-sidra\/#primaryimage\"},\"thumbnailUrl\":\"https:\/\/sagardoarenlurraldea.eus\/wp-content\/uploads\/2013\/03\/TV_Euskadi.jpg\",\"datePublished\":\"2013-03-10T22:00:00+00:00\",\"author\":{\"@id\":\"https:\/\/sagardoarenlurraldea.eus\/es\/#\/schema\/person\/9e9a225eda321f17256838c2fcba65a7\"},\"breadcrumb\":{\"@id\":\"https:\/\/sagardoarenlurraldea.eus\/es\/blog\/tv-euskadi-emitira-en-directo-la-apertura-de-la-temporada-de-sidra\/#breadcrumb\"},\"inLanguage\":\"es\",\"potentialAction\":[{\"@type\":\"ReadAction\",\"target\":[\"https:\/\/sagardoarenlurraldea.eus\/es\/blog\/tv-euskadi-emitira-en-directo-la-apertura-de-la-temporada-de-sidra\/\"]}]},{\"@type\":\"ImageObject\",\"inLanguage\":\"es\",\"@id\":\"https:\/\/sagardoarenlurraldea.eus\/es\/blog\/tv-euskadi-emitira-en-directo-la-apertura-de-la-temporada-de-sidra\/#primaryimage\",\"url\":\"https:\/\/sagardoarenlurraldea.eus\/wp-content\/uploads\/2013\/03\/TV_Euskadi.jpg\",\"contentUrl\":\"https:\/\/sagardoarenlurraldea.eus\/wp-content\/uploads\/2013\/03\/TV_Euskadi.jpg\",\"width\":770,\"height\":440},{\"@type\":\"BreadcrumbList\",\"@id\":\"https:\/\/sagardoarenlurraldea.eus\/es\/blog\/tv-euskadi-emitira-en-directo-la-apertura-de-la-temporada-de-sidra\/#breadcrumb\",\"itemListElement\":[{\"@type\":\"ListItem\",\"position\":1,\"name\":\"Inicio\",\"item\":\"https:\/\/sagardoarenlurraldea.eus\/es\/\"},{\"@type\":\"ListItem\",\"position\":2,\"name\":\"TV Euskadi emitir\u00e1 en directo la apertura de la temporada de sidra.\"}]},{\"@type\":\"WebSite\",\"@id\":\"https:\/\/sagardoarenlurraldea.eus\/es\/#website\",\"url\":\"https:\/\/sagardoarenlurraldea.eus\/es\/\",\"name\":\"Sagardoaren Lurraldea\",\"description\":\"El territorio de la sidra\",\"potentialAction\":[{\"@type\":\"SearchAction\",\"target\":{\"@type\":\"EntryPoint\",\"urlTemplate\":\"https:\/\/sagardoarenlurraldea.eus\/es\/?s={search_term_string}\"},\"query-input\":{\"@type\":\"PropertyValueSpecification\",\"valueRequired\":true,\"valueName\":\"search_term_string\"}}],\"inLanguage\":\"es\"},{\"@type\":\"Person\",\"@id\":\"https:\/\/sagardoarenlurraldea.eus\/es\/#\/schema\/person\/9e9a225eda321f17256838c2fcba65a7\",\"name\":\"Mikel Ecenarro\",\"image\":{\"@type\":\"ImageObject\",\"inLanguage\":\"es\",\"@id\":\"https:\/\/sagardoarenlurraldea.eus\/es\/#\/schema\/person\/image\/\",\"url\":\"https:\/\/secure.gravatar.com\/avatar\/1170400e3ac60954a47797ced4deed6bcd49cf85a03b7abd291d8f8be059bd1d?s=96&d=mm&r=g\",\"contentUrl\":\"https:\/\/secure.gravatar.com\/avatar\/1170400e3ac60954a47797ced4deed6bcd49cf85a03b7abd291d8f8be059bd1d?s=96&d=mm&r=g\",\"caption\":\"Mikel Ecenarro\"}}]}<\/script>\n<!-- \/ Yoast SEO plugin. -->","yoast_head_json":{"title":"TV Euskadi emitir\u00e1 en directo la apertura de la temporada de sidra. - Sagardoaren Lurraldea","robots":{"index":"index","follow":"follow","max-snippet":"max-snippet:-1","max-image-preview":"max-image-preview:large","max-video-preview":"max-video-preview:-1"},"canonical":"https:\/\/sagardoarenlurraldea.eus\/es\/blog\/tv-euskadi-emitira-en-directo-la-apertura-de-la-temporada-de-sidra\/","og_locale":"es_ES","og_type":"article","og_title":"TV Euskadi emitir\u00e1 en directo la apertura de la temporada de sidra. - Sagardoaren Lurraldea","og_description":"Un a\u00f1o m\u00e1s, el mi\u00e9rcoles d\u00eda\u00a016 de enero\u00a0TV Euskadi emitir\u00e1 en directo la apertura de la temporada de sidra de Astigarraga que realizar\u00e1\u00a0La Oreja de Van Gogh\u00a0a partir de las [&hellip;]","og_url":"https:\/\/sagardoarenlurraldea.eus\/es\/blog\/tv-euskadi-emitira-en-directo-la-apertura-de-la-temporada-de-sidra\/","og_site_name":"Sagardoaren Lurraldea","article_publisher":"https:\/\/www.facebook.com\/sagardoarenlurraldea","article_published_time":"2013-03-10T22:00:00+00:00","og_image":[{"width":770,"height":440,"url":"https:\/\/sagardoarenlurraldea.eus\/wp-content\/uploads\/2013\/03\/TV_Euskadi.jpg","type":"image\/jpeg"}],"author":"Mikel Ecenarro","twitter_card":"summary_large_image","twitter_misc":{"Escrito por":"Mikel Ecenarro"},"schema":{"@context":"https:\/\/schema.org","@graph":[{"@type":"WebPage","@id":"https:\/\/sagardoarenlurraldea.eus\/es\/blog\/tv-euskadi-emitira-en-directo-la-apertura-de-la-temporada-de-sidra\/","url":"https:\/\/sagardoarenlurraldea.eus\/es\/blog\/tv-euskadi-emitira-en-directo-la-apertura-de-la-temporada-de-sidra\/","name":"TV Euskadi emitir\u00e1 en directo la apertura de la temporada de sidra. - Sagardoaren Lurraldea","isPartOf":{"@id":"https:\/\/sagardoarenlurraldea.eus\/es\/#website"},"primaryImageOfPage":{"@id":"https:\/\/sagardoarenlurraldea.eus\/es\/blog\/tv-euskadi-emitira-en-directo-la-apertura-de-la-temporada-de-sidra\/#primaryimage"},"image":{"@id":"https:\/\/sagardoarenlurraldea.eus\/es\/blog\/tv-euskadi-emitira-en-directo-la-apertura-de-la-temporada-de-sidra\/#primaryimage"},"thumbnailUrl":"https:\/\/sagardoarenlurraldea.eus\/wp-content\/uploads\/2013\/03\/TV_Euskadi.jpg","datePublished":"2013-03-10T22:00:00+00:00","author":{"@id":"https:\/\/sagardoarenlurraldea.eus\/es\/#\/schema\/person\/9e9a225eda321f17256838c2fcba65a7"},"breadcrumb":{"@id":"https:\/\/sagardoarenlurraldea.eus\/es\/blog\/tv-euskadi-emitira-en-directo-la-apertura-de-la-temporada-de-sidra\/#breadcrumb"},"inLanguage":"es","potentialAction":[{"@type":"ReadAction","target":["https:\/\/sagardoarenlurraldea.eus\/es\/blog\/tv-euskadi-emitira-en-directo-la-apertura-de-la-temporada-de-sidra\/"]}]},{"@type":"ImageObject","inLanguage":"es","@id":"https:\/\/sagardoarenlurraldea.eus\/es\/blog\/tv-euskadi-emitira-en-directo-la-apertura-de-la-temporada-de-sidra\/#primaryimage","url":"https:\/\/sagardoarenlurraldea.eus\/wp-content\/uploads\/2013\/03\/TV_Euskadi.jpg","contentUrl":"https:\/\/sagardoarenlurraldea.eus\/wp-content\/uploads\/2013\/03\/TV_Euskadi.jpg","width":770,"height":440},{"@type":"BreadcrumbList","@id":"https:\/\/sagardoarenlurraldea.eus\/es\/blog\/tv-euskadi-emitira-en-directo-la-apertura-de-la-temporada-de-sidra\/#breadcrumb","itemListElement":[{"@type":"ListItem","position":1,"name":"Inicio","item":"https:\/\/sagardoarenlurraldea.eus\/es\/"},{"@type":"ListItem","position":2,"name":"TV Euskadi emitir\u00e1 en directo la apertura de la temporada de sidra."}]},{"@type":"WebSite","@id":"https:\/\/sagardoarenlurraldea.eus\/es\/#website","url":"https:\/\/sagardoarenlurraldea.eus\/es\/","name":"Sagardoaren Lurraldea","description":"El territorio de la sidra","potentialAction":[{"@type":"SearchAction","target":{"@type":"EntryPoint","urlTemplate":"https:\/\/sagardoarenlurraldea.eus\/es\/?s={search_term_string}"},"query-input":{"@type":"PropertyValueSpecification","valueRequired":true,"valueName":"search_term_string"}}],"inLanguage":"es"},{"@type":"Person","@id":"https:\/\/sagardoarenlurraldea.eus\/es\/#\/schema\/person\/9e9a225eda321f17256838c2fcba65a7","name":"Mikel Ecenarro","image":{"@type":"ImageObject","inLanguage":"es","@id":"https:\/\/sagardoarenlurraldea.eus\/es\/#\/schema\/person\/image\/","url":"https:\/\/secure.gravatar.com\/avatar\/1170400e3ac60954a47797ced4deed6bcd49cf85a03b7abd291d8f8be059bd1d?s=96&d=mm&r=g","contentUrl":"https:\/\/secure.gravatar.com\/avatar\/1170400e3ac60954a47797ced4deed6bcd49cf85a03b7abd291d8f8be059bd1d?s=96&d=mm&r=g","caption":"Mikel Ecenarro"}}]}},"_links":{"self":[{"href":"https:\/\/sagardoarenlurraldea.eus\/es\/wp-json\/wp\/v2\/posts\/17724","targetHints":{"allow":["GET"]}}],"collection":[{"href":"https:\/\/sagardoarenlurraldea.eus\/es\/wp-json\/wp\/v2\/posts"}],"about":[{"href":"https:\/\/sagardoarenlurraldea.eus\/es\/wp-json\/wp\/v2\/types\/post"}],"author":[{"embeddable":true,"href":"https:\/\/sagardoarenlurraldea.eus\/es\/wp-json\/wp\/v2\/users\/1"}],"replies":[{"embeddable":true,"href":"https:\/\/sagardoarenlurraldea.eus\/es\/wp-json\/wp\/v2\/comments?post=17724"}],"version-history":[{"count":0,"href":"https:\/\/sagardoarenlurraldea.eus\/es\/wp-json\/wp\/v2\/posts\/17724\/revisions"}],"wp:featuredmedia":[{"embeddable":true,"href":"https:\/\/sagardoarenlurraldea.eus\/es\/wp-json\/wp\/v2\/media\/2102"}],"wp:attachment":[{"href":"https:\/\/sagardoarenlurraldea.eus\/es\/wp-json\/wp\/v2\/media?parent=17724"}],"wp:term":[{"taxonomy":"category","embeddable":true,"href":"https:\/\/sagardoarenlurraldea.eus\/es\/wp-json\/wp\/v2\/categories?post=17724"},{"taxonomy":"post_tag","embeddable":true,"href":"https:\/\/sagardoarenlurraldea.eus\/es\/wp-json\/wp\/v2\/tags?post=17724"}],"curies":[{"name":"wp","href":"https:\/\/api.w.org\/{rel}","templated":true}]}}