{"id":17720,"date":"2013-03-11T00:00:00","date_gmt":"2013-03-10T22:00:00","guid":{"rendered":"http:\/\/www.sagardoarenlurraldea.eus\/blog\/sagardo-berriaren-eguna-2013-el-16-de-enero\/"},"modified":"2013-03-11T00:00:00","modified_gmt":"2013-03-10T22:00:00","slug":"sagardo-berriaren-eguna-2013-el-16-de-enero","status":"publish","type":"post","link":"https:\/\/sagardoarenlurraldea.eus\/es\/blog\/sagardo-berriaren-eguna-2013-el-16-de-enero\/","title":{"rendered":"Un caldo fresco y afrutado nos espera en las sidrer\u00edas."},"content":{"rendered":"<div>\n<p><a href=\"https:\/\/sagardoarenlurraldea.eus\/wp-content\/uploads\/2013\/03\/Prentsaurrekoa_2013.jpg\"><img loading=\"lazy\" decoding=\"async\" class=\"alignleft size-medium wp-image-1965\" alt=\"prentsaurrekoa_2013-jpg\" src=\"https:\/\/sagardoarenlurraldea.eus\/wp-content\/uploads\/2013\/03\/Prentsaurrekoa_2013-300x199.jpg\" width=\"300\" height=\"199\" \/><\/a>El abundante sol del verano ha permitido una concentraci\u00f3n adecuada de los elementos arom\u00e1ticos de las manzanas, dando como resultado una sidra de \u00abcalidad\u00bb, que ha tenido mayor presencia en la zona costera. El secreto\u00a0han sido\u00a0las lluvias del oto\u00f1o, porque han propiciado\u00a0que las manzanas adquiriesen su peso ideal antes de la recogida.<\/p>\n<p><b>Cata de sagardoa<\/b><\/p>\n<p>Sagardoa de color amarillo verdoso, con txinparta fina y persistente.<\/p>\n<p>Aroma limpio e intenso con matices de fruta fresca, largo y expresivo.<\/p>\n<p>Suave entrada en boca, alegre, con cuerpo, grata frescura relacionada con la fruta madre y final redondo.<\/p>\n<\/div>\n","protected":false},"excerpt":{"rendered":"<p>El abundante sol del verano ha permitido una concentraci\u00f3n adecuada de los elementos arom\u00e1ticos de las manzanas, dando como resultado una sidra de \u00abcalidad\u00bb, que ha tenido mayor presencia en [&hellip;]<\/p>\n","protected":false},"author":1,"featured_media":2098,"comment_status":"open","ping_status":"open","sticky":false,"template":"","format":"standard","meta":{"_acf_changed":false,"_et_pb_use_builder":"","_et_pb_old_content":"","_et_gb_content_width":"","footnotes":""},"categories":[242,254],"tags":[],"class_list":["post-17720","post","type-post","status-publish","format-standard","has-post-thumbnail","hentry","category-eventos","category-sidra"],"acf":[],"yoast_head":"<!-- This site is optimized with the Yoast SEO plugin v25.4 - https:\/\/yoast.com\/wordpress\/plugins\/seo\/ -->\n<title>Un caldo fresco y afrutado nos espera en las sidrer\u00edas. - Sagardoaren Lurraldea<\/title>\n<meta name=\"robots\" content=\"index, follow, max-snippet:-1, max-image-preview:large, max-video-preview:-1\" \/>\n<link rel=\"canonical\" href=\"https:\/\/sagardoarenlurraldea.eus\/es\/blog\/sagardo-berriaren-eguna-2013-el-16-de-enero\/\" \/>\n<meta property=\"og:locale\" content=\"es_ES\" \/>\n<meta property=\"og:type\" content=\"article\" \/>\n<meta property=\"og:title\" content=\"Un caldo fresco y afrutado nos espera en las sidrer\u00edas. - Sagardoaren Lurraldea\" \/>\n<meta property=\"og:description\" content=\"El abundante sol del verano ha permitido una concentraci\u00f3n adecuada de los elementos arom\u00e1ticos de las manzanas, dando como resultado una sidra de \u00abcalidad\u00bb, que ha tenido mayor presencia en [&hellip;]\" \/>\n<meta property=\"og:url\" content=\"https:\/\/sagardoarenlurraldea.eus\/es\/blog\/sagardo-berriaren-eguna-2013-el-16-de-enero\/\" \/>\n<meta property=\"og:site_name\" content=\"Sagardoaren Lurraldea\" \/>\n<meta property=\"article:publisher\" content=\"https:\/\/www.facebook.com\/sagardoarenlurraldea\" \/>\n<meta property=\"article:published_time\" content=\"2013-03-10T22:00:00+00:00\" \/>\n<meta property=\"og:image\" content=\"https:\/\/sagardoarenlurraldea.eus\/wp-content\/uploads\/2013\/03\/Prentsaurrekoa_2013.jpg\" \/>\n\t<meta property=\"og:image:width\" content=\"1024\" \/>\n\t<meta property=\"og:image:height\" content=\"681\" \/>\n\t<meta property=\"og:image:type\" content=\"image\/jpeg\" \/>\n<meta name=\"author\" content=\"Mikel Ecenarro\" \/>\n<meta name=\"twitter:card\" content=\"summary_large_image\" \/>\n<meta name=\"twitter:label1\" content=\"Escrito por\" \/>\n\t<meta name=\"twitter:data1\" content=\"Mikel Ecenarro\" \/>\n\t<meta name=\"twitter:label2\" content=\"Tiempo de lectura\" \/>\n\t<meta name=\"twitter:data2\" content=\"1 minuto\" \/>\n<script type=\"application\/ld+json\" class=\"yoast-schema-graph\">{\"@context\":\"https:\/\/schema.org\",\"@graph\":[{\"@type\":\"WebPage\",\"@id\":\"https:\/\/sagardoarenlurraldea.eus\/es\/blog\/sagardo-berriaren-eguna-2013-el-16-de-enero\/\",\"url\":\"https:\/\/sagardoarenlurraldea.eus\/es\/blog\/sagardo-berriaren-eguna-2013-el-16-de-enero\/\",\"name\":\"Un caldo fresco y afrutado nos espera en las sidrer\u00edas. - Sagardoaren Lurraldea\",\"isPartOf\":{\"@id\":\"https:\/\/sagardoarenlurraldea.eus\/es\/#website\"},\"primaryImageOfPage\":{\"@id\":\"https:\/\/sagardoarenlurraldea.eus\/es\/blog\/sagardo-berriaren-eguna-2013-el-16-de-enero\/#primaryimage\"},\"image\":{\"@id\":\"https:\/\/sagardoarenlurraldea.eus\/es\/blog\/sagardo-berriaren-eguna-2013-el-16-de-enero\/#primaryimage\"},\"thumbnailUrl\":\"https:\/\/sagardoarenlurraldea.eus\/wp-content\/uploads\/2013\/03\/Prentsaurrekoa_2013.jpg\",\"datePublished\":\"2013-03-10T22:00:00+00:00\",\"author\":{\"@id\":\"https:\/\/sagardoarenlurraldea.eus\/es\/#\/schema\/person\/9e9a225eda321f17256838c2fcba65a7\"},\"breadcrumb\":{\"@id\":\"https:\/\/sagardoarenlurraldea.eus\/es\/blog\/sagardo-berriaren-eguna-2013-el-16-de-enero\/#breadcrumb\"},\"inLanguage\":\"es\",\"potentialAction\":[{\"@type\":\"ReadAction\",\"target\":[\"https:\/\/sagardoarenlurraldea.eus\/es\/blog\/sagardo-berriaren-eguna-2013-el-16-de-enero\/\"]}]},{\"@type\":\"ImageObject\",\"inLanguage\":\"es\",\"@id\":\"https:\/\/sagardoarenlurraldea.eus\/es\/blog\/sagardo-berriaren-eguna-2013-el-16-de-enero\/#primaryimage\",\"url\":\"https:\/\/sagardoarenlurraldea.eus\/wp-content\/uploads\/2013\/03\/Prentsaurrekoa_2013.jpg\",\"contentUrl\":\"https:\/\/sagardoarenlurraldea.eus\/wp-content\/uploads\/2013\/03\/Prentsaurrekoa_2013.jpg\",\"width\":1024,\"height\":681},{\"@type\":\"BreadcrumbList\",\"@id\":\"https:\/\/sagardoarenlurraldea.eus\/es\/blog\/sagardo-berriaren-eguna-2013-el-16-de-enero\/#breadcrumb\",\"itemListElement\":[{\"@type\":\"ListItem\",\"position\":1,\"name\":\"Inicio\",\"item\":\"https:\/\/sagardoarenlurraldea.eus\/es\/\"},{\"@type\":\"ListItem\",\"position\":2,\"name\":\"Un caldo fresco y afrutado nos espera en las sidrer\u00edas.\"}]},{\"@type\":\"WebSite\",\"@id\":\"https:\/\/sagardoarenlurraldea.eus\/es\/#website\",\"url\":\"https:\/\/sagardoarenlurraldea.eus\/es\/\",\"name\":\"Sagardoaren Lurraldea\",\"description\":\"El territorio de la sidra\",\"potentialAction\":[{\"@type\":\"SearchAction\",\"target\":{\"@type\":\"EntryPoint\",\"urlTemplate\":\"https:\/\/sagardoarenlurraldea.eus\/es\/?s={search_term_string}\"},\"query-input\":{\"@type\":\"PropertyValueSpecification\",\"valueRequired\":true,\"valueName\":\"search_term_string\"}}],\"inLanguage\":\"es\"},{\"@type\":\"Person\",\"@id\":\"https:\/\/sagardoarenlurraldea.eus\/es\/#\/schema\/person\/9e9a225eda321f17256838c2fcba65a7\",\"name\":\"Mikel Ecenarro\",\"image\":{\"@type\":\"ImageObject\",\"inLanguage\":\"es\",\"@id\":\"https:\/\/sagardoarenlurraldea.eus\/es\/#\/schema\/person\/image\/\",\"url\":\"https:\/\/secure.gravatar.com\/avatar\/1170400e3ac60954a47797ced4deed6bcd49cf85a03b7abd291d8f8be059bd1d?s=96&d=mm&r=g\",\"contentUrl\":\"https:\/\/secure.gravatar.com\/avatar\/1170400e3ac60954a47797ced4deed6bcd49cf85a03b7abd291d8f8be059bd1d?s=96&d=mm&r=g\",\"caption\":\"Mikel Ecenarro\"}}]}<\/script>\n<!-- \/ Yoast SEO plugin. -->","yoast_head_json":{"title":"Un caldo fresco y afrutado nos espera en las sidrer\u00edas. - Sagardoaren Lurraldea","robots":{"index":"index","follow":"follow","max-snippet":"max-snippet:-1","max-image-preview":"max-image-preview:large","max-video-preview":"max-video-preview:-1"},"canonical":"https:\/\/sagardoarenlurraldea.eus\/es\/blog\/sagardo-berriaren-eguna-2013-el-16-de-enero\/","og_locale":"es_ES","og_type":"article","og_title":"Un caldo fresco y afrutado nos espera en las sidrer\u00edas. - Sagardoaren Lurraldea","og_description":"El abundante sol del verano ha permitido una concentraci\u00f3n adecuada de los elementos arom\u00e1ticos de las manzanas, dando como resultado una sidra de \u00abcalidad\u00bb, que ha tenido mayor presencia en [&hellip;]","og_url":"https:\/\/sagardoarenlurraldea.eus\/es\/blog\/sagardo-berriaren-eguna-2013-el-16-de-enero\/","og_site_name":"Sagardoaren Lurraldea","article_publisher":"https:\/\/www.facebook.com\/sagardoarenlurraldea","article_published_time":"2013-03-10T22:00:00+00:00","og_image":[{"width":1024,"height":681,"url":"https:\/\/sagardoarenlurraldea.eus\/wp-content\/uploads\/2013\/03\/Prentsaurrekoa_2013.jpg","type":"image\/jpeg"}],"author":"Mikel Ecenarro","twitter_card":"summary_large_image","twitter_misc":{"Escrito por":"Mikel Ecenarro","Tiempo de lectura":"1 minuto"},"schema":{"@context":"https:\/\/schema.org","@graph":[{"@type":"WebPage","@id":"https:\/\/sagardoarenlurraldea.eus\/es\/blog\/sagardo-berriaren-eguna-2013-el-16-de-enero\/","url":"https:\/\/sagardoarenlurraldea.eus\/es\/blog\/sagardo-berriaren-eguna-2013-el-16-de-enero\/","name":"Un caldo fresco y afrutado nos espera en las sidrer\u00edas. - Sagardoaren Lurraldea","isPartOf":{"@id":"https:\/\/sagardoarenlurraldea.eus\/es\/#website"},"primaryImageOfPage":{"@id":"https:\/\/sagardoarenlurraldea.eus\/es\/blog\/sagardo-berriaren-eguna-2013-el-16-de-enero\/#primaryimage"},"image":{"@id":"https:\/\/sagardoarenlurraldea.eus\/es\/blog\/sagardo-berriaren-eguna-2013-el-16-de-enero\/#primaryimage"},"thumbnailUrl":"https:\/\/sagardoarenlurraldea.eus\/wp-content\/uploads\/2013\/03\/Prentsaurrekoa_2013.jpg","datePublished":"2013-03-10T22:00:00+00:00","author":{"@id":"https:\/\/sagardoarenlurraldea.eus\/es\/#\/schema\/person\/9e9a225eda321f17256838c2fcba65a7"},"breadcrumb":{"@id":"https:\/\/sagardoarenlurraldea.eus\/es\/blog\/sagardo-berriaren-eguna-2013-el-16-de-enero\/#breadcrumb"},"inLanguage":"es","potentialAction":[{"@type":"ReadAction","target":["https:\/\/sagardoarenlurraldea.eus\/es\/blog\/sagardo-berriaren-eguna-2013-el-16-de-enero\/"]}]},{"@type":"ImageObject","inLanguage":"es","@id":"https:\/\/sagardoarenlurraldea.eus\/es\/blog\/sagardo-berriaren-eguna-2013-el-16-de-enero\/#primaryimage","url":"https:\/\/sagardoarenlurraldea.eus\/wp-content\/uploads\/2013\/03\/Prentsaurrekoa_2013.jpg","contentUrl":"https:\/\/sagardoarenlurraldea.eus\/wp-content\/uploads\/2013\/03\/Prentsaurrekoa_2013.jpg","width":1024,"height":681},{"@type":"BreadcrumbList","@id":"https:\/\/sagardoarenlurraldea.eus\/es\/blog\/sagardo-berriaren-eguna-2013-el-16-de-enero\/#breadcrumb","itemListElement":[{"@type":"ListItem","position":1,"name":"Inicio","item":"https:\/\/sagardoarenlurraldea.eus\/es\/"},{"@type":"ListItem","position":2,"name":"Un caldo fresco y afrutado nos espera en las sidrer\u00edas."}]},{"@type":"WebSite","@id":"https:\/\/sagardoarenlurraldea.eus\/es\/#website","url":"https:\/\/sagardoarenlurraldea.eus\/es\/","name":"Sagardoaren Lurraldea","description":"El territorio de la sidra","potentialAction":[{"@type":"SearchAction","target":{"@type":"EntryPoint","urlTemplate":"https:\/\/sagardoarenlurraldea.eus\/es\/?s={search_term_string}"},"query-input":{"@type":"PropertyValueSpecification","valueRequired":true,"valueName":"search_term_string"}}],"inLanguage":"es"},{"@type":"Person","@id":"https:\/\/sagardoarenlurraldea.eus\/es\/#\/schema\/person\/9e9a225eda321f17256838c2fcba65a7","name":"Mikel Ecenarro","image":{"@type":"ImageObject","inLanguage":"es","@id":"https:\/\/sagardoarenlurraldea.eus\/es\/#\/schema\/person\/image\/","url":"https:\/\/secure.gravatar.com\/avatar\/1170400e3ac60954a47797ced4deed6bcd49cf85a03b7abd291d8f8be059bd1d?s=96&d=mm&r=g","contentUrl":"https:\/\/secure.gravatar.com\/avatar\/1170400e3ac60954a47797ced4deed6bcd49cf85a03b7abd291d8f8be059bd1d?s=96&d=mm&r=g","caption":"Mikel Ecenarro"}}]}},"_links":{"self":[{"href":"https:\/\/sagardoarenlurraldea.eus\/es\/wp-json\/wp\/v2\/posts\/17720","targetHints":{"allow":["GET"]}}],"collection":[{"href":"https:\/\/sagardoarenlurraldea.eus\/es\/wp-json\/wp\/v2\/posts"}],"about":[{"href":"https:\/\/sagardoarenlurraldea.eus\/es\/wp-json\/wp\/v2\/types\/post"}],"author":[{"embeddable":true,"href":"https:\/\/sagardoarenlurraldea.eus\/es\/wp-json\/wp\/v2\/users\/1"}],"replies":[{"embeddable":true,"href":"https:\/\/sagardoarenlurraldea.eus\/es\/wp-json\/wp\/v2\/comments?post=17720"}],"version-history":[{"count":0,"href":"https:\/\/sagardoarenlurraldea.eus\/es\/wp-json\/wp\/v2\/posts\/17720\/revisions"}],"wp:featuredmedia":[{"embeddable":true,"href":"https:\/\/sagardoarenlurraldea.eus\/es\/wp-json\/wp\/v2\/media\/2098"}],"wp:attachment":[{"href":"https:\/\/sagardoarenlurraldea.eus\/es\/wp-json\/wp\/v2\/media?parent=17720"}],"wp:term":[{"taxonomy":"category","embeddable":true,"href":"https:\/\/sagardoarenlurraldea.eus\/es\/wp-json\/wp\/v2\/categories?post=17720"},{"taxonomy":"post_tag","embeddable":true,"href":"https:\/\/sagardoarenlurraldea.eus\/es\/wp-json\/wp\/v2\/tags?post=17720"}],"curies":[{"name":"wp","href":"https:\/\/api.w.org\/{rel}","templated":true}]}}