{"id":17713,"date":"2013-03-11T00:00:00","date_gmt":"2013-03-10T22:00:00","guid":{"rendered":"http:\/\/www.sagardoarenlurraldea.eus\/blog\/ruta-de-la-sidra-vasca-visitas-guiadas-en-sidrerias\/"},"modified":"2013-03-11T00:00:00","modified_gmt":"2013-03-10T22:00:00","slug":"ruta-de-la-sidra-vasca-visitas-guiadas-en-sidrerias","status":"publish","type":"post","link":"https:\/\/sagardoarenlurraldea.eus\/es\/blog\/ruta-de-la-sidra-vasca-visitas-guiadas-en-sidrerias\/","title":{"rendered":"\u201cRuta de la sidra vasca\u201d: visitas guiadas en sidrer\u00edas."},"content":{"rendered":"<div>\n<p><a href=\"https:\/\/sagardoarenlurraldea.eus\/wp-content\/uploads\/2013\/03\/gse.jpg\"><img loading=\"lazy\" decoding=\"async\" class=\"alignleft size-medium wp-image-1935\" alt=\"gse-jpg\" src=\"https:\/\/sagardoarenlurraldea.eus\/wp-content\/uploads\/2013\/03\/gse-300x225.jpg\" width=\"300\" height=\"225\" \/><\/a>Son varias las <b>sidrer\u00edas <\/b>que ya abren sus puertas a los turistas y visitantes para ofrecer <b>visitas guiadas<\/b> y, poco a poco, son m\u00e1s las sidrer\u00edas que se unen a esta iniciativa para ofertar m\u00e1s productos tur\u00edsticos y enriquecer las experiencias tur\u00edsticas vinculadas a la <b>cultura de la sidra<\/b>.Hoy por la ma\u00f1ana la Asociaci\u00f3n de Sidra Natural de Gipuzkoa ha presentado la oferta \u201cRuta de la sidra vasca\u201d compuesta por 10 sidrer\u00edas de Gipuzkoa que ofrecer\u00e1n visitas guiadas para mostrar sus instalaciones, su historia, el proceso de elaboraci\u00f3n de la sidra natural, etc\u2026<\/p>\n<\/div>\n<div>Entre ellas se encuentran las sidrer\u00edas Calonge, Oiharte, Ola y Petritegi, que ya ofrecen visitas guiadas. Las sidrer\u00edas Aburuza, A\u00f1ota, Bereziartua, Iparragirre, Satxota y Zabala comenzar\u00e1n con esta nueva actividad en enero.<\/div>\n","protected":false},"excerpt":{"rendered":"<p>Son varias las sidrer\u00edas que ya abren sus puertas a los turistas y visitantes para ofrecer visitas guiadas y, poco a poco, son m\u00e1s las sidrer\u00edas que se unen a [&hellip;]<\/p>\n","protected":false},"author":1,"featured_media":2089,"comment_status":"open","ping_status":"open","sticky":false,"template":"","format":"standard","meta":{"_acf_changed":false,"_et_pb_use_builder":"","_et_pb_old_content":"","_et_gb_content_width":"","footnotes":""},"categories":[255,256],"tags":[],"class_list":["post-17713","post","type-post","status-publish","format-standard","has-post-thumbnail","hentry","category-sidrerias","category-turismo"],"acf":[],"yoast_head":"<!-- This site is optimized with the Yoast SEO plugin v25.4 - https:\/\/yoast.com\/wordpress\/plugins\/seo\/ -->\n<title>\u201cRuta de la sidra vasca\u201d: visitas guiadas en sidrer\u00edas. - Sagardoaren Lurraldea<\/title>\n<meta name=\"robots\" content=\"index, follow, max-snippet:-1, max-image-preview:large, max-video-preview:-1\" \/>\n<link rel=\"canonical\" href=\"https:\/\/sagardoarenlurraldea.eus\/es\/blog\/ruta-de-la-sidra-vasca-visitas-guiadas-en-sidrerias\/\" \/>\n<meta property=\"og:locale\" content=\"es_ES\" \/>\n<meta property=\"og:type\" content=\"article\" \/>\n<meta property=\"og:title\" content=\"\u201cRuta de la sidra vasca\u201d: visitas guiadas en sidrer\u00edas. - Sagardoaren Lurraldea\" \/>\n<meta property=\"og:description\" content=\"Son varias las sidrer\u00edas que ya abren sus puertas a los turistas y visitantes para ofrecer visitas guiadas y, poco a poco, son m\u00e1s las sidrer\u00edas que se unen a [&hellip;]\" \/>\n<meta property=\"og:url\" content=\"https:\/\/sagardoarenlurraldea.eus\/es\/blog\/ruta-de-la-sidra-vasca-visitas-guiadas-en-sidrerias\/\" \/>\n<meta property=\"og:site_name\" content=\"Sagardoaren Lurraldea\" \/>\n<meta property=\"article:publisher\" content=\"https:\/\/www.facebook.com\/sagardoarenlurraldea\" \/>\n<meta property=\"article:published_time\" content=\"2013-03-10T22:00:00+00:00\" \/>\n<meta property=\"og:image\" content=\"https:\/\/sagardoarenlurraldea.eus\/wp-content\/uploads\/2013\/03\/gse.jpg\" \/>\n\t<meta property=\"og:image:width\" content=\"960\" \/>\n\t<meta property=\"og:image:height\" content=\"720\" \/>\n\t<meta property=\"og:image:type\" content=\"image\/jpeg\" \/>\n<meta name=\"author\" content=\"Mikel Ecenarro\" \/>\n<meta name=\"twitter:card\" content=\"summary_large_image\" \/>\n<meta name=\"twitter:label1\" content=\"Escrito por\" \/>\n\t<meta name=\"twitter:data1\" content=\"Mikel Ecenarro\" \/>\n\t<meta name=\"twitter:label2\" content=\"Tiempo de lectura\" \/>\n\t<meta name=\"twitter:data2\" content=\"1 minuto\" \/>\n<script type=\"application\/ld+json\" class=\"yoast-schema-graph\">{\"@context\":\"https:\/\/schema.org\",\"@graph\":[{\"@type\":\"WebPage\",\"@id\":\"https:\/\/sagardoarenlurraldea.eus\/es\/blog\/ruta-de-la-sidra-vasca-visitas-guiadas-en-sidrerias\/\",\"url\":\"https:\/\/sagardoarenlurraldea.eus\/es\/blog\/ruta-de-la-sidra-vasca-visitas-guiadas-en-sidrerias\/\",\"name\":\"\u201cRuta de la sidra vasca\u201d: visitas guiadas en sidrer\u00edas. - Sagardoaren Lurraldea\",\"isPartOf\":{\"@id\":\"https:\/\/sagardoarenlurraldea.eus\/es\/#website\"},\"primaryImageOfPage\":{\"@id\":\"https:\/\/sagardoarenlurraldea.eus\/es\/blog\/ruta-de-la-sidra-vasca-visitas-guiadas-en-sidrerias\/#primaryimage\"},\"image\":{\"@id\":\"https:\/\/sagardoarenlurraldea.eus\/es\/blog\/ruta-de-la-sidra-vasca-visitas-guiadas-en-sidrerias\/#primaryimage\"},\"thumbnailUrl\":\"https:\/\/sagardoarenlurraldea.eus\/wp-content\/uploads\/2013\/03\/gse.jpg\",\"datePublished\":\"2013-03-10T22:00:00+00:00\",\"author\":{\"@id\":\"https:\/\/sagardoarenlurraldea.eus\/es\/#\/schema\/person\/9e9a225eda321f17256838c2fcba65a7\"},\"breadcrumb\":{\"@id\":\"https:\/\/sagardoarenlurraldea.eus\/es\/blog\/ruta-de-la-sidra-vasca-visitas-guiadas-en-sidrerias\/#breadcrumb\"},\"inLanguage\":\"es\",\"potentialAction\":[{\"@type\":\"ReadAction\",\"target\":[\"https:\/\/sagardoarenlurraldea.eus\/es\/blog\/ruta-de-la-sidra-vasca-visitas-guiadas-en-sidrerias\/\"]}]},{\"@type\":\"ImageObject\",\"inLanguage\":\"es\",\"@id\":\"https:\/\/sagardoarenlurraldea.eus\/es\/blog\/ruta-de-la-sidra-vasca-visitas-guiadas-en-sidrerias\/#primaryimage\",\"url\":\"https:\/\/sagardoarenlurraldea.eus\/wp-content\/uploads\/2013\/03\/gse.jpg\",\"contentUrl\":\"https:\/\/sagardoarenlurraldea.eus\/wp-content\/uploads\/2013\/03\/gse.jpg\",\"width\":960,\"height\":720},{\"@type\":\"BreadcrumbList\",\"@id\":\"https:\/\/sagardoarenlurraldea.eus\/es\/blog\/ruta-de-la-sidra-vasca-visitas-guiadas-en-sidrerias\/#breadcrumb\",\"itemListElement\":[{\"@type\":\"ListItem\",\"position\":1,\"name\":\"Inicio\",\"item\":\"https:\/\/sagardoarenlurraldea.eus\/es\/\"},{\"@type\":\"ListItem\",\"position\":2,\"name\":\"\u201cRuta de la sidra vasca\u201d: visitas guiadas en sidrer\u00edas.\"}]},{\"@type\":\"WebSite\",\"@id\":\"https:\/\/sagardoarenlurraldea.eus\/es\/#website\",\"url\":\"https:\/\/sagardoarenlurraldea.eus\/es\/\",\"name\":\"Sagardoaren Lurraldea\",\"description\":\"El territorio de la sidra\",\"potentialAction\":[{\"@type\":\"SearchAction\",\"target\":{\"@type\":\"EntryPoint\",\"urlTemplate\":\"https:\/\/sagardoarenlurraldea.eus\/es\/?s={search_term_string}\"},\"query-input\":{\"@type\":\"PropertyValueSpecification\",\"valueRequired\":true,\"valueName\":\"search_term_string\"}}],\"inLanguage\":\"es\"},{\"@type\":\"Person\",\"@id\":\"https:\/\/sagardoarenlurraldea.eus\/es\/#\/schema\/person\/9e9a225eda321f17256838c2fcba65a7\",\"name\":\"Mikel Ecenarro\",\"image\":{\"@type\":\"ImageObject\",\"inLanguage\":\"es\",\"@id\":\"https:\/\/sagardoarenlurraldea.eus\/es\/#\/schema\/person\/image\/\",\"url\":\"https:\/\/secure.gravatar.com\/avatar\/1170400e3ac60954a47797ced4deed6bcd49cf85a03b7abd291d8f8be059bd1d?s=96&d=mm&r=g\",\"contentUrl\":\"https:\/\/secure.gravatar.com\/avatar\/1170400e3ac60954a47797ced4deed6bcd49cf85a03b7abd291d8f8be059bd1d?s=96&d=mm&r=g\",\"caption\":\"Mikel Ecenarro\"}}]}<\/script>\n<!-- \/ Yoast SEO plugin. -->","yoast_head_json":{"title":"\u201cRuta de la sidra vasca\u201d: visitas guiadas en sidrer\u00edas. - Sagardoaren Lurraldea","robots":{"index":"index","follow":"follow","max-snippet":"max-snippet:-1","max-image-preview":"max-image-preview:large","max-video-preview":"max-video-preview:-1"},"canonical":"https:\/\/sagardoarenlurraldea.eus\/es\/blog\/ruta-de-la-sidra-vasca-visitas-guiadas-en-sidrerias\/","og_locale":"es_ES","og_type":"article","og_title":"\u201cRuta de la sidra vasca\u201d: visitas guiadas en sidrer\u00edas. - Sagardoaren Lurraldea","og_description":"Son varias las sidrer\u00edas que ya abren sus puertas a los turistas y visitantes para ofrecer visitas guiadas y, poco a poco, son m\u00e1s las sidrer\u00edas que se unen a [&hellip;]","og_url":"https:\/\/sagardoarenlurraldea.eus\/es\/blog\/ruta-de-la-sidra-vasca-visitas-guiadas-en-sidrerias\/","og_site_name":"Sagardoaren Lurraldea","article_publisher":"https:\/\/www.facebook.com\/sagardoarenlurraldea","article_published_time":"2013-03-10T22:00:00+00:00","og_image":[{"width":960,"height":720,"url":"https:\/\/sagardoarenlurraldea.eus\/wp-content\/uploads\/2013\/03\/gse.jpg","type":"image\/jpeg"}],"author":"Mikel Ecenarro","twitter_card":"summary_large_image","twitter_misc":{"Escrito por":"Mikel Ecenarro","Tiempo de lectura":"1 minuto"},"schema":{"@context":"https:\/\/schema.org","@graph":[{"@type":"WebPage","@id":"https:\/\/sagardoarenlurraldea.eus\/es\/blog\/ruta-de-la-sidra-vasca-visitas-guiadas-en-sidrerias\/","url":"https:\/\/sagardoarenlurraldea.eus\/es\/blog\/ruta-de-la-sidra-vasca-visitas-guiadas-en-sidrerias\/","name":"\u201cRuta de la sidra vasca\u201d: visitas guiadas en sidrer\u00edas. - Sagardoaren Lurraldea","isPartOf":{"@id":"https:\/\/sagardoarenlurraldea.eus\/es\/#website"},"primaryImageOfPage":{"@id":"https:\/\/sagardoarenlurraldea.eus\/es\/blog\/ruta-de-la-sidra-vasca-visitas-guiadas-en-sidrerias\/#primaryimage"},"image":{"@id":"https:\/\/sagardoarenlurraldea.eus\/es\/blog\/ruta-de-la-sidra-vasca-visitas-guiadas-en-sidrerias\/#primaryimage"},"thumbnailUrl":"https:\/\/sagardoarenlurraldea.eus\/wp-content\/uploads\/2013\/03\/gse.jpg","datePublished":"2013-03-10T22:00:00+00:00","author":{"@id":"https:\/\/sagardoarenlurraldea.eus\/es\/#\/schema\/person\/9e9a225eda321f17256838c2fcba65a7"},"breadcrumb":{"@id":"https:\/\/sagardoarenlurraldea.eus\/es\/blog\/ruta-de-la-sidra-vasca-visitas-guiadas-en-sidrerias\/#breadcrumb"},"inLanguage":"es","potentialAction":[{"@type":"ReadAction","target":["https:\/\/sagardoarenlurraldea.eus\/es\/blog\/ruta-de-la-sidra-vasca-visitas-guiadas-en-sidrerias\/"]}]},{"@type":"ImageObject","inLanguage":"es","@id":"https:\/\/sagardoarenlurraldea.eus\/es\/blog\/ruta-de-la-sidra-vasca-visitas-guiadas-en-sidrerias\/#primaryimage","url":"https:\/\/sagardoarenlurraldea.eus\/wp-content\/uploads\/2013\/03\/gse.jpg","contentUrl":"https:\/\/sagardoarenlurraldea.eus\/wp-content\/uploads\/2013\/03\/gse.jpg","width":960,"height":720},{"@type":"BreadcrumbList","@id":"https:\/\/sagardoarenlurraldea.eus\/es\/blog\/ruta-de-la-sidra-vasca-visitas-guiadas-en-sidrerias\/#breadcrumb","itemListElement":[{"@type":"ListItem","position":1,"name":"Inicio","item":"https:\/\/sagardoarenlurraldea.eus\/es\/"},{"@type":"ListItem","position":2,"name":"\u201cRuta de la sidra vasca\u201d: visitas guiadas en sidrer\u00edas."}]},{"@type":"WebSite","@id":"https:\/\/sagardoarenlurraldea.eus\/es\/#website","url":"https:\/\/sagardoarenlurraldea.eus\/es\/","name":"Sagardoaren Lurraldea","description":"El territorio de la sidra","potentialAction":[{"@type":"SearchAction","target":{"@type":"EntryPoint","urlTemplate":"https:\/\/sagardoarenlurraldea.eus\/es\/?s={search_term_string}"},"query-input":{"@type":"PropertyValueSpecification","valueRequired":true,"valueName":"search_term_string"}}],"inLanguage":"es"},{"@type":"Person","@id":"https:\/\/sagardoarenlurraldea.eus\/es\/#\/schema\/person\/9e9a225eda321f17256838c2fcba65a7","name":"Mikel Ecenarro","image":{"@type":"ImageObject","inLanguage":"es","@id":"https:\/\/sagardoarenlurraldea.eus\/es\/#\/schema\/person\/image\/","url":"https:\/\/secure.gravatar.com\/avatar\/1170400e3ac60954a47797ced4deed6bcd49cf85a03b7abd291d8f8be059bd1d?s=96&d=mm&r=g","contentUrl":"https:\/\/secure.gravatar.com\/avatar\/1170400e3ac60954a47797ced4deed6bcd49cf85a03b7abd291d8f8be059bd1d?s=96&d=mm&r=g","caption":"Mikel Ecenarro"}}]}},"_links":{"self":[{"href":"https:\/\/sagardoarenlurraldea.eus\/es\/wp-json\/wp\/v2\/posts\/17713","targetHints":{"allow":["GET"]}}],"collection":[{"href":"https:\/\/sagardoarenlurraldea.eus\/es\/wp-json\/wp\/v2\/posts"}],"about":[{"href":"https:\/\/sagardoarenlurraldea.eus\/es\/wp-json\/wp\/v2\/types\/post"}],"author":[{"embeddable":true,"href":"https:\/\/sagardoarenlurraldea.eus\/es\/wp-json\/wp\/v2\/users\/1"}],"replies":[{"embeddable":true,"href":"https:\/\/sagardoarenlurraldea.eus\/es\/wp-json\/wp\/v2\/comments?post=17713"}],"version-history":[{"count":0,"href":"https:\/\/sagardoarenlurraldea.eus\/es\/wp-json\/wp\/v2\/posts\/17713\/revisions"}],"wp:featuredmedia":[{"embeddable":true,"href":"https:\/\/sagardoarenlurraldea.eus\/es\/wp-json\/wp\/v2\/media\/2089"}],"wp:attachment":[{"href":"https:\/\/sagardoarenlurraldea.eus\/es\/wp-json\/wp\/v2\/media?parent=17713"}],"wp:term":[{"taxonomy":"category","embeddable":true,"href":"https:\/\/sagardoarenlurraldea.eus\/es\/wp-json\/wp\/v2\/categories?post=17713"},{"taxonomy":"post_tag","embeddable":true,"href":"https:\/\/sagardoarenlurraldea.eus\/es\/wp-json\/wp\/v2\/tags?post=17713"}],"curies":[{"name":"wp","href":"https:\/\/api.w.org\/{rel}","templated":true}]}}