{"id":17688,"date":"2012-10-08T00:00:00","date_gmt":"2012-10-07T22:00:00","guid":{"rendered":"http:\/\/www.sagardoarenlurraldea.eus\/blog\/fiesta-de-la-manzana-en-hendaia-en-21-de-octubre\/"},"modified":"2012-10-08T00:00:00","modified_gmt":"2012-10-07T22:00:00","slug":"fiesta-de-la-manzana-en-hendaia-en-21-de-octubre","status":"publish","type":"post","link":"https:\/\/sagardoarenlurraldea.eus\/es\/blog\/fiesta-de-la-manzana-en-hendaia-en-21-de-octubre\/","title":{"rendered":"\u00abFiesta de la manzana\u00bb en Hendaia el 21 de octubre."},"content":{"rendered":"<p>El 21 de octubre (domingo), se celebrar\u00e1 la \u00ab<strong>Fiesta de la Manzana<\/strong>\u00bb en Hendaia de 09:30-13:00 en el front\u00f3n Gaztelu Zahar.<\/p>\n<p>El <strong>programa <\/strong>previsto es el siguiente:<br \/>\n&#8211; 09:30: Apertura de la feria en e\u00f1 front\u00f3n Gaztelu Zahar. Exposici\u00f3n y venta de manzana aut\u00f3ctona de la mano del Conservatorio de Akitania.<br \/>\n&#8211; 10:15: Salida de la kalejira desde Beltzenia, animado por Zarpai Banda. Desfile de orga con manzanas de Abbadia arrastrado por bueyes con miembros de Bidasoako Sagardozaleen Kofradia.<br \/>\n&#8211; 10:30: Llegada de la orga zon manzanas al front\u00f3n Gaztelu Zahar. Machacado y prensado de manzana y obtenci\u00f3n del mosto de manzana de la mano del sagardogile Dominik Lagadec de Txopinondo sagarnotegia. Animaci\u00f3n a cargo de\u00a0 Zarpai Banda.<br \/>\n&#8211; 11:00: Degustaci\u00f3n de sagardoas elaboradas en el valle del Bajo Bidasoa acompa\u00f1ado por chorizo a la sidra. Participan:\u00a0 Aramburu Ganbotzenia (Ziburu), Camino Berri (Biriatu), Borda Berri (Hendaia), Borda Berri (Hondarribia), Burni Etxeberria (Hondarribia), Daguerre (Ainhoa), Garbisu (Biriatu), Garbisu (Ziburu), Olaizola Larrekia (Oleta), Jos\u00e9 Fadon (Ziburu), Gabi Duhalde (Uztaritze). Sagardoas de Bidasoako Sagardozaleen Kofradia : Errekondo, Abbadia, Etxalar, Sasikumea, Martintxoenia, Burni, Bordaberri.<br \/>\n&#8211; 11:30: Tercera reuni\u00f3n de Bidasoako Sagardozaleen Kofradia.<br \/>\n&#8211; 12:00-13:00: Hendaian Kantuz. Degustaci\u00f3n del mosto elaborado durante toda la jornada.<br \/>\n&#8211; 13:00: Comida animada por la orquesta Josenri. Tickets a la venta en la Comisi\u00f3n de Fiestas o en la Oficina de Turismo. Men\u00fa:\u00a0 bacalao con tomate, entrecot, queso de Idiazabal, dulce de manzana, tarta de manzana, caf\u00e9, licores y sagardoa de Hendaia.<br \/>\n&#8211; 17:00: Concierto de la Orkesta Herriarteko Harmonia.<\/p>\n","protected":false},"excerpt":{"rendered":"<p>El 21 de octubre (domingo), se celebrar\u00e1 la \u00abFiesta de la Manzana\u00bb en Hendaia de 09:30-13:00 en el front\u00f3n Gaztelu Zahar. El programa previsto es el siguiente: &#8211; 09:30: Apertura [&hellip;]<\/p>\n","protected":false},"author":1,"featured_media":2048,"comment_status":"open","ping_status":"open","sticky":false,"template":"","format":"standard","meta":{"_acf_changed":false,"_et_pb_use_builder":"","_et_pb_old_content":"","_et_gb_content_width":"","footnotes":""},"categories":[242,252,254],"tags":[902,957,1002,1671],"class_list":["post-17688","post","type-post","status-publish","format-standard","has-post-thumbnail","hentry","category-eventos","category-manzana","category-sidra","tag-fiesta-de-la-manzana","tag-gaztelu-zahar","tag-hendaia","tag-sagarraren-besta"],"acf":[],"yoast_head":"<!-- This site is optimized with the Yoast SEO plugin v25.4 - https:\/\/yoast.com\/wordpress\/plugins\/seo\/ -->\n<title>&quot;Fiesta de la manzana&quot; en Hendaia el 21 de octubre. - Sagardoaren Lurraldea<\/title>\n<meta name=\"robots\" content=\"index, follow, max-snippet:-1, max-image-preview:large, max-video-preview:-1\" \/>\n<link rel=\"canonical\" href=\"https:\/\/sagardoarenlurraldea.eus\/es\/blog\/fiesta-de-la-manzana-en-hendaia-en-21-de-octubre\/\" \/>\n<meta property=\"og:locale\" content=\"es_ES\" \/>\n<meta property=\"og:type\" content=\"article\" \/>\n<meta property=\"og:title\" content=\"&quot;Fiesta de la manzana&quot; en Hendaia el 21 de octubre. - Sagardoaren Lurraldea\" \/>\n<meta property=\"og:description\" content=\"El 21 de octubre (domingo), se celebrar\u00e1 la \u00abFiesta de la Manzana\u00bb en Hendaia de 09:30-13:00 en el front\u00f3n Gaztelu Zahar. El programa previsto es el siguiente: &#8211; 09:30: Apertura [&hellip;]\" \/>\n<meta property=\"og:url\" content=\"https:\/\/sagardoarenlurraldea.eus\/es\/blog\/fiesta-de-la-manzana-en-hendaia-en-21-de-octubre\/\" \/>\n<meta property=\"og:site_name\" content=\"Sagardoaren Lurraldea\" \/>\n<meta property=\"article:publisher\" content=\"https:\/\/www.facebook.com\/sagardoarenlurraldea\" \/>\n<meta property=\"article:published_time\" content=\"2012-10-07T22:00:00+00:00\" \/>\n<meta property=\"og:image\" content=\"https:\/\/sagardoarenlurraldea.eus\/wp-content\/uploads\/2012\/10\/Sagar-Uzta-2008-I.-Argazki-Rallya-Erkaitz-Regillaga-N\u00ba5-0006.jpg\" \/>\n\t<meta property=\"og:image:width\" content=\"1024\" \/>\n\t<meta property=\"og:image:height\" content=\"683\" \/>\n\t<meta property=\"og:image:type\" content=\"image\/jpeg\" \/>\n<meta name=\"author\" content=\"Mikel Ecenarro\" \/>\n<meta name=\"twitter:card\" content=\"summary_large_image\" \/>\n<meta name=\"twitter:label1\" content=\"Escrito por\" \/>\n\t<meta name=\"twitter:data1\" content=\"Mikel Ecenarro\" \/>\n\t<meta name=\"twitter:label2\" content=\"Tiempo de lectura\" \/>\n\t<meta name=\"twitter:data2\" content=\"1 minuto\" \/>\n<script type=\"application\/ld+json\" class=\"yoast-schema-graph\">{\"@context\":\"https:\/\/schema.org\",\"@graph\":[{\"@type\":\"WebPage\",\"@id\":\"https:\/\/sagardoarenlurraldea.eus\/es\/blog\/fiesta-de-la-manzana-en-hendaia-en-21-de-octubre\/\",\"url\":\"https:\/\/sagardoarenlurraldea.eus\/es\/blog\/fiesta-de-la-manzana-en-hendaia-en-21-de-octubre\/\",\"name\":\"\\\"Fiesta de la manzana\\\" en Hendaia el 21 de octubre. - Sagardoaren Lurraldea\",\"isPartOf\":{\"@id\":\"https:\/\/sagardoarenlurraldea.eus\/es\/#website\"},\"primaryImageOfPage\":{\"@id\":\"https:\/\/sagardoarenlurraldea.eus\/es\/blog\/fiesta-de-la-manzana-en-hendaia-en-21-de-octubre\/#primaryimage\"},\"image\":{\"@id\":\"https:\/\/sagardoarenlurraldea.eus\/es\/blog\/fiesta-de-la-manzana-en-hendaia-en-21-de-octubre\/#primaryimage\"},\"thumbnailUrl\":\"https:\/\/sagardoarenlurraldea.eus\/wp-content\/uploads\/2012\/10\/Sagar-Uzta-2008-I.-Argazki-Rallya-Erkaitz-Regillaga-N\u00ba5-0006.jpg\",\"datePublished\":\"2012-10-07T22:00:00+00:00\",\"author\":{\"@id\":\"https:\/\/sagardoarenlurraldea.eus\/es\/#\/schema\/person\/9e9a225eda321f17256838c2fcba65a7\"},\"breadcrumb\":{\"@id\":\"https:\/\/sagardoarenlurraldea.eus\/es\/blog\/fiesta-de-la-manzana-en-hendaia-en-21-de-octubre\/#breadcrumb\"},\"inLanguage\":\"es\",\"potentialAction\":[{\"@type\":\"ReadAction\",\"target\":[\"https:\/\/sagardoarenlurraldea.eus\/es\/blog\/fiesta-de-la-manzana-en-hendaia-en-21-de-octubre\/\"]}]},{\"@type\":\"ImageObject\",\"inLanguage\":\"es\",\"@id\":\"https:\/\/sagardoarenlurraldea.eus\/es\/blog\/fiesta-de-la-manzana-en-hendaia-en-21-de-octubre\/#primaryimage\",\"url\":\"https:\/\/sagardoarenlurraldea.eus\/wp-content\/uploads\/2012\/10\/Sagar-Uzta-2008-I.-Argazki-Rallya-Erkaitz-Regillaga-N\u00ba5-0006.jpg\",\"contentUrl\":\"https:\/\/sagardoarenlurraldea.eus\/wp-content\/uploads\/2012\/10\/Sagar-Uzta-2008-I.-Argazki-Rallya-Erkaitz-Regillaga-N\u00ba5-0006.jpg\",\"width\":1024,\"height\":683},{\"@type\":\"BreadcrumbList\",\"@id\":\"https:\/\/sagardoarenlurraldea.eus\/es\/blog\/fiesta-de-la-manzana-en-hendaia-en-21-de-octubre\/#breadcrumb\",\"itemListElement\":[{\"@type\":\"ListItem\",\"position\":1,\"name\":\"Inicio\",\"item\":\"https:\/\/sagardoarenlurraldea.eus\/es\/\"},{\"@type\":\"ListItem\",\"position\":2,\"name\":\"&#8220;Fiesta de la manzana&#8221; en Hendaia el 21 de octubre.\"}]},{\"@type\":\"WebSite\",\"@id\":\"https:\/\/sagardoarenlurraldea.eus\/es\/#website\",\"url\":\"https:\/\/sagardoarenlurraldea.eus\/es\/\",\"name\":\"Sagardoaren Lurraldea\",\"description\":\"El territorio de la sidra\",\"potentialAction\":[{\"@type\":\"SearchAction\",\"target\":{\"@type\":\"EntryPoint\",\"urlTemplate\":\"https:\/\/sagardoarenlurraldea.eus\/es\/?s={search_term_string}\"},\"query-input\":{\"@type\":\"PropertyValueSpecification\",\"valueRequired\":true,\"valueName\":\"search_term_string\"}}],\"inLanguage\":\"es\"},{\"@type\":\"Person\",\"@id\":\"https:\/\/sagardoarenlurraldea.eus\/es\/#\/schema\/person\/9e9a225eda321f17256838c2fcba65a7\",\"name\":\"Mikel Ecenarro\",\"image\":{\"@type\":\"ImageObject\",\"inLanguage\":\"es\",\"@id\":\"https:\/\/sagardoarenlurraldea.eus\/es\/#\/schema\/person\/image\/\",\"url\":\"https:\/\/secure.gravatar.com\/avatar\/1170400e3ac60954a47797ced4deed6bcd49cf85a03b7abd291d8f8be059bd1d?s=96&d=mm&r=g\",\"contentUrl\":\"https:\/\/secure.gravatar.com\/avatar\/1170400e3ac60954a47797ced4deed6bcd49cf85a03b7abd291d8f8be059bd1d?s=96&d=mm&r=g\",\"caption\":\"Mikel Ecenarro\"}}]}<\/script>\n<!-- \/ Yoast SEO plugin. -->","yoast_head_json":{"title":"\"Fiesta de la manzana\" en Hendaia el 21 de octubre. - Sagardoaren Lurraldea","robots":{"index":"index","follow":"follow","max-snippet":"max-snippet:-1","max-image-preview":"max-image-preview:large","max-video-preview":"max-video-preview:-1"},"canonical":"https:\/\/sagardoarenlurraldea.eus\/es\/blog\/fiesta-de-la-manzana-en-hendaia-en-21-de-octubre\/","og_locale":"es_ES","og_type":"article","og_title":"\"Fiesta de la manzana\" en Hendaia el 21 de octubre. - Sagardoaren Lurraldea","og_description":"El 21 de octubre (domingo), se celebrar\u00e1 la \u00abFiesta de la Manzana\u00bb en Hendaia de 09:30-13:00 en el front\u00f3n Gaztelu Zahar. El programa previsto es el siguiente: &#8211; 09:30: Apertura [&hellip;]","og_url":"https:\/\/sagardoarenlurraldea.eus\/es\/blog\/fiesta-de-la-manzana-en-hendaia-en-21-de-octubre\/","og_site_name":"Sagardoaren Lurraldea","article_publisher":"https:\/\/www.facebook.com\/sagardoarenlurraldea","article_published_time":"2012-10-07T22:00:00+00:00","og_image":[{"width":1024,"height":683,"url":"https:\/\/sagardoarenlurraldea.eus\/wp-content\/uploads\/2012\/10\/Sagar-Uzta-2008-I.-Argazki-Rallya-Erkaitz-Regillaga-N\u00ba5-0006.jpg","type":"image\/jpeg"}],"author":"Mikel Ecenarro","twitter_card":"summary_large_image","twitter_misc":{"Escrito por":"Mikel Ecenarro","Tiempo de lectura":"1 minuto"},"schema":{"@context":"https:\/\/schema.org","@graph":[{"@type":"WebPage","@id":"https:\/\/sagardoarenlurraldea.eus\/es\/blog\/fiesta-de-la-manzana-en-hendaia-en-21-de-octubre\/","url":"https:\/\/sagardoarenlurraldea.eus\/es\/blog\/fiesta-de-la-manzana-en-hendaia-en-21-de-octubre\/","name":"\"Fiesta de la manzana\" en Hendaia el 21 de octubre. - Sagardoaren Lurraldea","isPartOf":{"@id":"https:\/\/sagardoarenlurraldea.eus\/es\/#website"},"primaryImageOfPage":{"@id":"https:\/\/sagardoarenlurraldea.eus\/es\/blog\/fiesta-de-la-manzana-en-hendaia-en-21-de-octubre\/#primaryimage"},"image":{"@id":"https:\/\/sagardoarenlurraldea.eus\/es\/blog\/fiesta-de-la-manzana-en-hendaia-en-21-de-octubre\/#primaryimage"},"thumbnailUrl":"https:\/\/sagardoarenlurraldea.eus\/wp-content\/uploads\/2012\/10\/Sagar-Uzta-2008-I.-Argazki-Rallya-Erkaitz-Regillaga-N\u00ba5-0006.jpg","datePublished":"2012-10-07T22:00:00+00:00","author":{"@id":"https:\/\/sagardoarenlurraldea.eus\/es\/#\/schema\/person\/9e9a225eda321f17256838c2fcba65a7"},"breadcrumb":{"@id":"https:\/\/sagardoarenlurraldea.eus\/es\/blog\/fiesta-de-la-manzana-en-hendaia-en-21-de-octubre\/#breadcrumb"},"inLanguage":"es","potentialAction":[{"@type":"ReadAction","target":["https:\/\/sagardoarenlurraldea.eus\/es\/blog\/fiesta-de-la-manzana-en-hendaia-en-21-de-octubre\/"]}]},{"@type":"ImageObject","inLanguage":"es","@id":"https:\/\/sagardoarenlurraldea.eus\/es\/blog\/fiesta-de-la-manzana-en-hendaia-en-21-de-octubre\/#primaryimage","url":"https:\/\/sagardoarenlurraldea.eus\/wp-content\/uploads\/2012\/10\/Sagar-Uzta-2008-I.-Argazki-Rallya-Erkaitz-Regillaga-N\u00ba5-0006.jpg","contentUrl":"https:\/\/sagardoarenlurraldea.eus\/wp-content\/uploads\/2012\/10\/Sagar-Uzta-2008-I.-Argazki-Rallya-Erkaitz-Regillaga-N\u00ba5-0006.jpg","width":1024,"height":683},{"@type":"BreadcrumbList","@id":"https:\/\/sagardoarenlurraldea.eus\/es\/blog\/fiesta-de-la-manzana-en-hendaia-en-21-de-octubre\/#breadcrumb","itemListElement":[{"@type":"ListItem","position":1,"name":"Inicio","item":"https:\/\/sagardoarenlurraldea.eus\/es\/"},{"@type":"ListItem","position":2,"name":"&#8220;Fiesta de la manzana&#8221; en Hendaia el 21 de octubre."}]},{"@type":"WebSite","@id":"https:\/\/sagardoarenlurraldea.eus\/es\/#website","url":"https:\/\/sagardoarenlurraldea.eus\/es\/","name":"Sagardoaren Lurraldea","description":"El territorio de la sidra","potentialAction":[{"@type":"SearchAction","target":{"@type":"EntryPoint","urlTemplate":"https:\/\/sagardoarenlurraldea.eus\/es\/?s={search_term_string}"},"query-input":{"@type":"PropertyValueSpecification","valueRequired":true,"valueName":"search_term_string"}}],"inLanguage":"es"},{"@type":"Person","@id":"https:\/\/sagardoarenlurraldea.eus\/es\/#\/schema\/person\/9e9a225eda321f17256838c2fcba65a7","name":"Mikel Ecenarro","image":{"@type":"ImageObject","inLanguage":"es","@id":"https:\/\/sagardoarenlurraldea.eus\/es\/#\/schema\/person\/image\/","url":"https:\/\/secure.gravatar.com\/avatar\/1170400e3ac60954a47797ced4deed6bcd49cf85a03b7abd291d8f8be059bd1d?s=96&d=mm&r=g","contentUrl":"https:\/\/secure.gravatar.com\/avatar\/1170400e3ac60954a47797ced4deed6bcd49cf85a03b7abd291d8f8be059bd1d?s=96&d=mm&r=g","caption":"Mikel Ecenarro"}}]}},"_links":{"self":[{"href":"https:\/\/sagardoarenlurraldea.eus\/es\/wp-json\/wp\/v2\/posts\/17688","targetHints":{"allow":["GET"]}}],"collection":[{"href":"https:\/\/sagardoarenlurraldea.eus\/es\/wp-json\/wp\/v2\/posts"}],"about":[{"href":"https:\/\/sagardoarenlurraldea.eus\/es\/wp-json\/wp\/v2\/types\/post"}],"author":[{"embeddable":true,"href":"https:\/\/sagardoarenlurraldea.eus\/es\/wp-json\/wp\/v2\/users\/1"}],"replies":[{"embeddable":true,"href":"https:\/\/sagardoarenlurraldea.eus\/es\/wp-json\/wp\/v2\/comments?post=17688"}],"version-history":[{"count":0,"href":"https:\/\/sagardoarenlurraldea.eus\/es\/wp-json\/wp\/v2\/posts\/17688\/revisions"}],"wp:featuredmedia":[{"embeddable":true,"href":"https:\/\/sagardoarenlurraldea.eus\/es\/wp-json\/wp\/v2\/media\/2048"}],"wp:attachment":[{"href":"https:\/\/sagardoarenlurraldea.eus\/es\/wp-json\/wp\/v2\/media?parent=17688"}],"wp:term":[{"taxonomy":"category","embeddable":true,"href":"https:\/\/sagardoarenlurraldea.eus\/es\/wp-json\/wp\/v2\/categories?post=17688"},{"taxonomy":"post_tag","embeddable":true,"href":"https:\/\/sagardoarenlurraldea.eus\/es\/wp-json\/wp\/v2\/tags?post=17688"}],"curies":[{"name":"wp","href":"https:\/\/api.w.org\/{rel}","templated":true}]}}