{"id":17631,"date":"2012-05-22T00:00:00","date_gmt":"2012-05-21T22:00:00","guid":{"rendered":"http:\/\/www.sagardoarenlurraldea.eus\/blog\/la-intensa-lluvia-impidi%c3%b3-la-actuaci%c3%b3n-musical-en-el-manzanal-del-museo\/"},"modified":"2012-05-22T00:00:00","modified_gmt":"2012-05-21T22:00:00","slug":"la-intensa-lluvia-impidi%c3%b3-la-actuaci%c3%b3n-musical-en-el-manzanal-del-museo","status":"publish","type":"post","link":"https:\/\/sagardoarenlurraldea.eus\/es\/blog\/la-intensa-lluvia-impidi%c3%b3-la-actuaci%c3%b3n-musical-en-el-manzanal-del-museo\/","title":{"rendered":"La intensa lluvia impidi\u00f3 la actuaci\u00f3n musical en el manzanal del museo."},"content":{"rendered":"<div>\n<div>\n<div>\n<div id=\"noticia-pestanas\">\n<div id=\"ccronica\">\n<div>\n<div id=\"story-texto\">Con el prop\u00f3sito de celebrar el <strong>D\u00eda Internacional de los Museos<\/strong>, que tuvo lugar el pasado domingo, en Sagardoetxea estaba previsto llevar a cabo una programaci\u00f3n especial con el desarrollo de la actuaci\u00f3n <strong>&#8216;M\u00fasica entre manzanos&#8217;<\/strong>. Conllevaba la actuaci\u00f3n de alumnos de la Escuela de M\u00fasica local Norberto Almandoz, pero finalmente no se pudo celebrar ante la presencia de la lluvia. Hay que tener en cuenta que era una oportunidad de disfrutar de una actuaci\u00f3n musical entre manzanos en flor a las 13.00 horas, es decir, que se ten\u00eda que desarrollar al aire libre.<\/div>\n<div>Tal y como reconoc\u00edan ayer desde el museo astigartarra, \u00abha sido una pena, ya que se trataba de una actuaci\u00f3n novedosa y que se presentaba atractiva, pero la fuerte lluvia impidi\u00f3 que tuviera lugar\u00bb. Aunque todav\u00eda est\u00e1 por confirmar, esta novedosa actuaci\u00f3n junto a los manzanos de Sagardoetxea podr\u00eda celebrarse en el mes de septiembre.<\/div>\n<div>Lo que s\u00ed se desarrollaron fueron el resto de actividades previstas, con un <strong>acceso gratuito al museo<\/strong>, que cont\u00f3 adem\u00e1s con una buena asistencia vista la mala climatolog\u00eda reinante. Aunque no pudieron disfrutar de la m\u00fasica, los asistentes s\u00ed que tuvieron ocasi\u00f3n de <strong>degustar sidra y pintxos<\/strong>, la primera cogi\u00e9ndola como se hace de manera habitual en las sagardotegis, adem\u00e1s de conocer el propio contenido del museo.<\/div>\n<div><strong>Fuente<\/strong>: El Diario Vasco.<\/div>\n<div><strong>Ver noticia completa:<\/strong> \u00ab<a href=\"http:\/\/www.diariovasco.com\/v\/20120522\/comarca\/intensa-lluvia-impidio-actuacion-20120522.html\">La intensa lluvia impidi\u00f3 la actuaci\u00f3n musical en el manzanal del museo<\/a>\u00ab.<\/div>\n<\/div>\n<\/div>\n<\/div>\n<\/div>\n<\/div>\n<\/div>\n","protected":false},"excerpt":{"rendered":"<p>Con el prop\u00f3sito de celebrar el D\u00eda Internacional de los Museos, que tuvo lugar el pasado domingo, en Sagardoetxea estaba previsto llevar a cabo una programaci\u00f3n especial con el desarrollo [&hellip;]<\/p>\n","protected":false},"author":1,"featured_media":1976,"comment_status":"open","ping_status":"open","sticky":false,"template":"","format":"standard","meta":{"_acf_changed":false,"_et_pb_use_builder":"","_et_pb_old_content":"","_et_gb_content_width":"","footnotes":""},"categories":[248,254],"tags":[681,1305,1581,1635],"class_list":["post-17631","post","type-post","status-publish","format-standard","has-post-thumbnail","hentry","category-kultura","category-sidra","tag-degustacion-de-sidra","tag-museoen-nazioarteko-eguna","tag-sagardo-dastaketa","tag-sagardoetxea"],"acf":[],"yoast_head":"<!-- This site is optimized with the Yoast SEO plugin v25.4 - https:\/\/yoast.com\/wordpress\/plugins\/seo\/ -->\n<title>La intensa lluvia impidi\u00f3 la actuaci\u00f3n musical en el manzanal del museo. - Sagardoaren Lurraldea<\/title>\n<meta name=\"robots\" content=\"index, follow, max-snippet:-1, max-image-preview:large, max-video-preview:-1\" \/>\n<link rel=\"canonical\" href=\"https:\/\/sagardoarenlurraldea.eus\/es\/blog\/la-intensa-lluvia-impidi%c3%b3-la-actuaci%c3%b3n-musical-en-el-manzanal-del-museo\/\" \/>\n<meta property=\"og:locale\" content=\"es_ES\" \/>\n<meta property=\"og:type\" content=\"article\" \/>\n<meta property=\"og:title\" content=\"La intensa lluvia impidi\u00f3 la actuaci\u00f3n musical en el manzanal del museo. - Sagardoaren Lurraldea\" \/>\n<meta property=\"og:description\" content=\"Con el prop\u00f3sito de celebrar el D\u00eda Internacional de los Museos, que tuvo lugar el pasado domingo, en Sagardoetxea estaba previsto llevar a cabo una programaci\u00f3n especial con el desarrollo [&hellip;]\" \/>\n<meta property=\"og:url\" content=\"https:\/\/sagardoarenlurraldea.eus\/es\/blog\/la-intensa-lluvia-impidi%c3%b3-la-actuaci%c3%b3n-musical-en-el-manzanal-del-museo\/\" \/>\n<meta property=\"og:site_name\" content=\"Sagardoaren Lurraldea\" \/>\n<meta property=\"article:publisher\" content=\"https:\/\/www.facebook.com\/sagardoarenlurraldea\" \/>\n<meta property=\"article:published_time\" content=\"2012-05-21T22:00:00+00:00\" \/>\n<meta property=\"og:image\" content=\"https:\/\/sagardoarenlurraldea.eus\/wp-content\/uploads\/2012\/05\/15967006.jpg\" \/>\n\t<meta property=\"og:image:width\" content=\"300\" \/>\n\t<meta property=\"og:image:height\" content=\"157\" \/>\n\t<meta property=\"og:image:type\" content=\"image\/jpeg\" \/>\n<meta name=\"author\" content=\"Mikel Ecenarro\" \/>\n<meta name=\"twitter:card\" content=\"summary_large_image\" \/>\n<meta name=\"twitter:label1\" content=\"Escrito por\" \/>\n\t<meta name=\"twitter:data1\" content=\"Mikel Ecenarro\" \/>\n\t<meta name=\"twitter:label2\" content=\"Tiempo de lectura\" \/>\n\t<meta name=\"twitter:data2\" content=\"1 minuto\" \/>\n<script type=\"application\/ld+json\" class=\"yoast-schema-graph\">{\"@context\":\"https:\/\/schema.org\",\"@graph\":[{\"@type\":\"WebPage\",\"@id\":\"https:\/\/sagardoarenlurraldea.eus\/es\/blog\/la-intensa-lluvia-impidi%c3%b3-la-actuaci%c3%b3n-musical-en-el-manzanal-del-museo\/\",\"url\":\"https:\/\/sagardoarenlurraldea.eus\/es\/blog\/la-intensa-lluvia-impidi%c3%b3-la-actuaci%c3%b3n-musical-en-el-manzanal-del-museo\/\",\"name\":\"La intensa lluvia impidi\u00f3 la actuaci\u00f3n musical en el manzanal del museo. - Sagardoaren Lurraldea\",\"isPartOf\":{\"@id\":\"https:\/\/sagardoarenlurraldea.eus\/es\/#website\"},\"primaryImageOfPage\":{\"@id\":\"https:\/\/sagardoarenlurraldea.eus\/es\/blog\/la-intensa-lluvia-impidi%c3%b3-la-actuaci%c3%b3n-musical-en-el-manzanal-del-museo\/#primaryimage\"},\"image\":{\"@id\":\"https:\/\/sagardoarenlurraldea.eus\/es\/blog\/la-intensa-lluvia-impidi%c3%b3-la-actuaci%c3%b3n-musical-en-el-manzanal-del-museo\/#primaryimage\"},\"thumbnailUrl\":\"https:\/\/sagardoarenlurraldea.eus\/wp-content\/uploads\/2012\/05\/15967006.jpg\",\"datePublished\":\"2012-05-21T22:00:00+00:00\",\"author\":{\"@id\":\"https:\/\/sagardoarenlurraldea.eus\/es\/#\/schema\/person\/9e9a225eda321f17256838c2fcba65a7\"},\"breadcrumb\":{\"@id\":\"https:\/\/sagardoarenlurraldea.eus\/es\/blog\/la-intensa-lluvia-impidi%c3%b3-la-actuaci%c3%b3n-musical-en-el-manzanal-del-museo\/#breadcrumb\"},\"inLanguage\":\"es\",\"potentialAction\":[{\"@type\":\"ReadAction\",\"target\":[\"https:\/\/sagardoarenlurraldea.eus\/es\/blog\/la-intensa-lluvia-impidi%c3%b3-la-actuaci%c3%b3n-musical-en-el-manzanal-del-museo\/\"]}]},{\"@type\":\"ImageObject\",\"inLanguage\":\"es\",\"@id\":\"https:\/\/sagardoarenlurraldea.eus\/es\/blog\/la-intensa-lluvia-impidi%c3%b3-la-actuaci%c3%b3n-musical-en-el-manzanal-del-museo\/#primaryimage\",\"url\":\"https:\/\/sagardoarenlurraldea.eus\/wp-content\/uploads\/2012\/05\/15967006.jpg\",\"contentUrl\":\"https:\/\/sagardoarenlurraldea.eus\/wp-content\/uploads\/2012\/05\/15967006.jpg\",\"width\":300,\"height\":157},{\"@type\":\"BreadcrumbList\",\"@id\":\"https:\/\/sagardoarenlurraldea.eus\/es\/blog\/la-intensa-lluvia-impidi%c3%b3-la-actuaci%c3%b3n-musical-en-el-manzanal-del-museo\/#breadcrumb\",\"itemListElement\":[{\"@type\":\"ListItem\",\"position\":1,\"name\":\"Inicio\",\"item\":\"https:\/\/sagardoarenlurraldea.eus\/es\/\"},{\"@type\":\"ListItem\",\"position\":2,\"name\":\"La intensa lluvia impidi\u00f3 la actuaci\u00f3n musical en el manzanal del museo.\"}]},{\"@type\":\"WebSite\",\"@id\":\"https:\/\/sagardoarenlurraldea.eus\/es\/#website\",\"url\":\"https:\/\/sagardoarenlurraldea.eus\/es\/\",\"name\":\"Sagardoaren Lurraldea\",\"description\":\"El territorio de la sidra\",\"potentialAction\":[{\"@type\":\"SearchAction\",\"target\":{\"@type\":\"EntryPoint\",\"urlTemplate\":\"https:\/\/sagardoarenlurraldea.eus\/es\/?s={search_term_string}\"},\"query-input\":{\"@type\":\"PropertyValueSpecification\",\"valueRequired\":true,\"valueName\":\"search_term_string\"}}],\"inLanguage\":\"es\"},{\"@type\":\"Person\",\"@id\":\"https:\/\/sagardoarenlurraldea.eus\/es\/#\/schema\/person\/9e9a225eda321f17256838c2fcba65a7\",\"name\":\"Mikel Ecenarro\",\"image\":{\"@type\":\"ImageObject\",\"inLanguage\":\"es\",\"@id\":\"https:\/\/sagardoarenlurraldea.eus\/es\/#\/schema\/person\/image\/\",\"url\":\"https:\/\/secure.gravatar.com\/avatar\/1170400e3ac60954a47797ced4deed6bcd49cf85a03b7abd291d8f8be059bd1d?s=96&d=mm&r=g\",\"contentUrl\":\"https:\/\/secure.gravatar.com\/avatar\/1170400e3ac60954a47797ced4deed6bcd49cf85a03b7abd291d8f8be059bd1d?s=96&d=mm&r=g\",\"caption\":\"Mikel Ecenarro\"}}]}<\/script>\n<!-- \/ Yoast SEO plugin. -->","yoast_head_json":{"title":"La intensa lluvia impidi\u00f3 la actuaci\u00f3n musical en el manzanal del museo. - Sagardoaren Lurraldea","robots":{"index":"index","follow":"follow","max-snippet":"max-snippet:-1","max-image-preview":"max-image-preview:large","max-video-preview":"max-video-preview:-1"},"canonical":"https:\/\/sagardoarenlurraldea.eus\/es\/blog\/la-intensa-lluvia-impidi%c3%b3-la-actuaci%c3%b3n-musical-en-el-manzanal-del-museo\/","og_locale":"es_ES","og_type":"article","og_title":"La intensa lluvia impidi\u00f3 la actuaci\u00f3n musical en el manzanal del museo. - Sagardoaren Lurraldea","og_description":"Con el prop\u00f3sito de celebrar el D\u00eda Internacional de los Museos, que tuvo lugar el pasado domingo, en Sagardoetxea estaba previsto llevar a cabo una programaci\u00f3n especial con el desarrollo [&hellip;]","og_url":"https:\/\/sagardoarenlurraldea.eus\/es\/blog\/la-intensa-lluvia-impidi%c3%b3-la-actuaci%c3%b3n-musical-en-el-manzanal-del-museo\/","og_site_name":"Sagardoaren Lurraldea","article_publisher":"https:\/\/www.facebook.com\/sagardoarenlurraldea","article_published_time":"2012-05-21T22:00:00+00:00","og_image":[{"width":300,"height":157,"url":"https:\/\/sagardoarenlurraldea.eus\/wp-content\/uploads\/2012\/05\/15967006.jpg","type":"image\/jpeg"}],"author":"Mikel Ecenarro","twitter_card":"summary_large_image","twitter_misc":{"Escrito por":"Mikel Ecenarro","Tiempo de lectura":"1 minuto"},"schema":{"@context":"https:\/\/schema.org","@graph":[{"@type":"WebPage","@id":"https:\/\/sagardoarenlurraldea.eus\/es\/blog\/la-intensa-lluvia-impidi%c3%b3-la-actuaci%c3%b3n-musical-en-el-manzanal-del-museo\/","url":"https:\/\/sagardoarenlurraldea.eus\/es\/blog\/la-intensa-lluvia-impidi%c3%b3-la-actuaci%c3%b3n-musical-en-el-manzanal-del-museo\/","name":"La intensa lluvia impidi\u00f3 la actuaci\u00f3n musical en el manzanal del museo. - Sagardoaren Lurraldea","isPartOf":{"@id":"https:\/\/sagardoarenlurraldea.eus\/es\/#website"},"primaryImageOfPage":{"@id":"https:\/\/sagardoarenlurraldea.eus\/es\/blog\/la-intensa-lluvia-impidi%c3%b3-la-actuaci%c3%b3n-musical-en-el-manzanal-del-museo\/#primaryimage"},"image":{"@id":"https:\/\/sagardoarenlurraldea.eus\/es\/blog\/la-intensa-lluvia-impidi%c3%b3-la-actuaci%c3%b3n-musical-en-el-manzanal-del-museo\/#primaryimage"},"thumbnailUrl":"https:\/\/sagardoarenlurraldea.eus\/wp-content\/uploads\/2012\/05\/15967006.jpg","datePublished":"2012-05-21T22:00:00+00:00","author":{"@id":"https:\/\/sagardoarenlurraldea.eus\/es\/#\/schema\/person\/9e9a225eda321f17256838c2fcba65a7"},"breadcrumb":{"@id":"https:\/\/sagardoarenlurraldea.eus\/es\/blog\/la-intensa-lluvia-impidi%c3%b3-la-actuaci%c3%b3n-musical-en-el-manzanal-del-museo\/#breadcrumb"},"inLanguage":"es","potentialAction":[{"@type":"ReadAction","target":["https:\/\/sagardoarenlurraldea.eus\/es\/blog\/la-intensa-lluvia-impidi%c3%b3-la-actuaci%c3%b3n-musical-en-el-manzanal-del-museo\/"]}]},{"@type":"ImageObject","inLanguage":"es","@id":"https:\/\/sagardoarenlurraldea.eus\/es\/blog\/la-intensa-lluvia-impidi%c3%b3-la-actuaci%c3%b3n-musical-en-el-manzanal-del-museo\/#primaryimage","url":"https:\/\/sagardoarenlurraldea.eus\/wp-content\/uploads\/2012\/05\/15967006.jpg","contentUrl":"https:\/\/sagardoarenlurraldea.eus\/wp-content\/uploads\/2012\/05\/15967006.jpg","width":300,"height":157},{"@type":"BreadcrumbList","@id":"https:\/\/sagardoarenlurraldea.eus\/es\/blog\/la-intensa-lluvia-impidi%c3%b3-la-actuaci%c3%b3n-musical-en-el-manzanal-del-museo\/#breadcrumb","itemListElement":[{"@type":"ListItem","position":1,"name":"Inicio","item":"https:\/\/sagardoarenlurraldea.eus\/es\/"},{"@type":"ListItem","position":2,"name":"La intensa lluvia impidi\u00f3 la actuaci\u00f3n musical en el manzanal del museo."}]},{"@type":"WebSite","@id":"https:\/\/sagardoarenlurraldea.eus\/es\/#website","url":"https:\/\/sagardoarenlurraldea.eus\/es\/","name":"Sagardoaren Lurraldea","description":"El territorio de la sidra","potentialAction":[{"@type":"SearchAction","target":{"@type":"EntryPoint","urlTemplate":"https:\/\/sagardoarenlurraldea.eus\/es\/?s={search_term_string}"},"query-input":{"@type":"PropertyValueSpecification","valueRequired":true,"valueName":"search_term_string"}}],"inLanguage":"es"},{"@type":"Person","@id":"https:\/\/sagardoarenlurraldea.eus\/es\/#\/schema\/person\/9e9a225eda321f17256838c2fcba65a7","name":"Mikel Ecenarro","image":{"@type":"ImageObject","inLanguage":"es","@id":"https:\/\/sagardoarenlurraldea.eus\/es\/#\/schema\/person\/image\/","url":"https:\/\/secure.gravatar.com\/avatar\/1170400e3ac60954a47797ced4deed6bcd49cf85a03b7abd291d8f8be059bd1d?s=96&d=mm&r=g","contentUrl":"https:\/\/secure.gravatar.com\/avatar\/1170400e3ac60954a47797ced4deed6bcd49cf85a03b7abd291d8f8be059bd1d?s=96&d=mm&r=g","caption":"Mikel Ecenarro"}}]}},"_links":{"self":[{"href":"https:\/\/sagardoarenlurraldea.eus\/es\/wp-json\/wp\/v2\/posts\/17631","targetHints":{"allow":["GET"]}}],"collection":[{"href":"https:\/\/sagardoarenlurraldea.eus\/es\/wp-json\/wp\/v2\/posts"}],"about":[{"href":"https:\/\/sagardoarenlurraldea.eus\/es\/wp-json\/wp\/v2\/types\/post"}],"author":[{"embeddable":true,"href":"https:\/\/sagardoarenlurraldea.eus\/es\/wp-json\/wp\/v2\/users\/1"}],"replies":[{"embeddable":true,"href":"https:\/\/sagardoarenlurraldea.eus\/es\/wp-json\/wp\/v2\/comments?post=17631"}],"version-history":[{"count":0,"href":"https:\/\/sagardoarenlurraldea.eus\/es\/wp-json\/wp\/v2\/posts\/17631\/revisions"}],"wp:featuredmedia":[{"embeddable":true,"href":"https:\/\/sagardoarenlurraldea.eus\/es\/wp-json\/wp\/v2\/media\/1976"}],"wp:attachment":[{"href":"https:\/\/sagardoarenlurraldea.eus\/es\/wp-json\/wp\/v2\/media?parent=17631"}],"wp:term":[{"taxonomy":"category","embeddable":true,"href":"https:\/\/sagardoarenlurraldea.eus\/es\/wp-json\/wp\/v2\/categories?post=17631"},{"taxonomy":"post_tag","embeddable":true,"href":"https:\/\/sagardoarenlurraldea.eus\/es\/wp-json\/wp\/v2\/tags?post=17631"}],"curies":[{"name":"wp","href":"https:\/\/api.w.org\/{rel}","templated":true}]}}