{"id":17617,"date":"2012-04-25T00:00:00","date_gmt":"2012-04-24T22:00:00","guid":{"rendered":"http:\/\/www.sagardoarenlurraldea.eus\/blog\/el-s%c3%a1bado-se-celebrar%c3%a1-el-sagardo-eguna-de-errenteria\/"},"modified":"2012-04-25T00:00:00","modified_gmt":"2012-04-24T22:00:00","slug":"el-s%c3%a1bado-se-celebrar%c3%a1-el-sagardo-eguna-de-errenteria","status":"publish","type":"post","link":"https:\/\/sagardoarenlurraldea.eus\/es\/blog\/el-s%c3%a1bado-se-celebrar%c3%a1-el-sagardo-eguna-de-errenteria\/","title":{"rendered":"El s\u00e1bado se celebrar\u00e1 el Sagardo Eguna de Errenteria."},"content":{"rendered":"<p><span style=\"font-family: Tahoma; font-size: small;\"><span style=\"font-family: Tahoma; font-size: small;\">Este s\u00e1bado d\u00eda <strong>28 de abril <\/strong>se celebrar\u00e1 el XIV <strong>Sagardo Eguna de Errenteria<\/strong>, donde como todos los a\u00f1os, se realizar\u00e1 una <strong>degustaci\u00f3n de diferentes sidras <\/strong>de Euskal Herria. <\/span><\/span><\/p>\n<p><span style=\"font-family: Tahoma; font-size: small;\"><span style=\"font-family: Tahoma; font-size: small;\">Este a\u00f1o, como novedad, tambi\u00e9n habr\u00e1 varias <strong>catas comentadas de sidra<\/strong>:<\/span><\/span><\/p>\n<p><span style=\"font-family: Tahoma; font-size: small;\"><span style=\"font-family: Tahoma; font-size: small;\">&#8211; <strong>27 de abril<\/strong>: Cata comentada en la sala principal del Ayuntamiento a las 19:00.\u00a0 Los que se acerquen, tendr\u00e1n la oportunidad de catar 6 tipos de sidra y obtendr\u00e1n informaci\u00f3n sobre las caracter\u00edsticas de las mismas. <\/span><\/span><\/p>\n<p><span style=\"font-family: Tahoma; font-size: small;\"><span style=\"font-family: Tahoma; font-size: small;\">&#8211; <strong>28 de abril<\/strong>: Catas r\u00e1pidas de 15-20 minutos en los soportales del Ayuntamiento de Renteria. La gente que se anime a la Sagardo Eguna, tendr\u00e1 la oportunidad de aprender las caracter\u00edsticas principales de las 3 diferentes sidras que se podr\u00e1n degustar. El horario ser\u00e1 de 12.00 a 14.00 de la ma\u00f1ana y de 18.00 a 20.00 de la tarde.<\/span><\/span><\/p>\n<p><span style=\"font-family: Tahoma; font-size: small;\"><span style=\"font-family: Tahoma; font-size: small;\"><strong>Fuente<\/strong>: Gipuzkoako Sagardogileen Elkartea.<\/span><\/span><\/p>\n","protected":false},"excerpt":{"rendered":"<p>Este s\u00e1bado d\u00eda 28 de abril se celebrar\u00e1 el XIV Sagardo Eguna de Errenteria, donde como todos los a\u00f1os, se realizar\u00e1 una degustaci\u00f3n de diferentes sidras de Euskal Herria. Este [&hellip;]<\/p>\n","protected":false},"author":1,"featured_media":1962,"comment_status":"open","ping_status":"open","sticky":false,"template":"","format":"standard","meta":{"_acf_changed":false,"_et_pb_use_builder":"","_et_pb_old_content":"","_et_gb_content_width":"","footnotes":""},"categories":[242,254],"tags":[576,798,1584,1633],"class_list":["post-17617","post","type-post","status-publish","format-standard","has-post-thumbnail","hentry","category-eventos","category-sidra","tag-catas-comentadas-de-sidra","tag-errenteria","tag-sagardo-eguna","tag-sagardodastaketa-gidatuak"],"acf":[],"yoast_head":"<!-- This site is optimized with the Yoast SEO plugin v25.4 - https:\/\/yoast.com\/wordpress\/plugins\/seo\/ -->\n<title>El s\u00e1bado se celebrar\u00e1 el Sagardo Eguna de Errenteria. - Sagardoaren Lurraldea<\/title>\n<meta name=\"robots\" content=\"index, follow, max-snippet:-1, max-image-preview:large, max-video-preview:-1\" \/>\n<link rel=\"canonical\" href=\"https:\/\/sagardoarenlurraldea.eus\/es\/blog\/el-s%c3%a1bado-se-celebrar%c3%a1-el-sagardo-eguna-de-errenteria\/\" \/>\n<meta property=\"og:locale\" content=\"es_ES\" \/>\n<meta property=\"og:type\" content=\"article\" \/>\n<meta property=\"og:title\" content=\"El s\u00e1bado se celebrar\u00e1 el Sagardo Eguna de Errenteria. - Sagardoaren Lurraldea\" \/>\n<meta property=\"og:description\" content=\"Este s\u00e1bado d\u00eda 28 de abril se celebrar\u00e1 el XIV Sagardo Eguna de Errenteria, donde como todos los a\u00f1os, se realizar\u00e1 una degustaci\u00f3n de diferentes sidras de Euskal Herria. Este [&hellip;]\" \/>\n<meta property=\"og:url\" content=\"https:\/\/sagardoarenlurraldea.eus\/es\/blog\/el-s%c3%a1bado-se-celebrar%c3%a1-el-sagardo-eguna-de-errenteria\/\" \/>\n<meta property=\"og:site_name\" content=\"Sagardoaren Lurraldea\" \/>\n<meta property=\"article:publisher\" content=\"https:\/\/www.facebook.com\/sagardoarenlurraldea\" \/>\n<meta property=\"article:published_time\" content=\"2012-04-24T22:00:00+00:00\" \/>\n<meta property=\"og:image\" content=\"https:\/\/sagardoarenlurraldea.eus\/wp-content\/uploads\/2012\/04\/cata-22.jpg\" \/>\n\t<meta property=\"og:image:width\" content=\"1800\" \/>\n\t<meta property=\"og:image:height\" content=\"1200\" \/>\n\t<meta property=\"og:image:type\" content=\"image\/jpeg\" \/>\n<meta name=\"author\" content=\"Mikel Ecenarro\" \/>\n<meta name=\"twitter:card\" content=\"summary_large_image\" \/>\n<meta name=\"twitter:label1\" content=\"Escrito por\" \/>\n\t<meta name=\"twitter:data1\" content=\"Mikel Ecenarro\" \/>\n\t<meta name=\"twitter:label2\" content=\"Tiempo de lectura\" \/>\n\t<meta name=\"twitter:data2\" content=\"1 minuto\" \/>\n<script type=\"application\/ld+json\" class=\"yoast-schema-graph\">{\"@context\":\"https:\/\/schema.org\",\"@graph\":[{\"@type\":\"WebPage\",\"@id\":\"https:\/\/sagardoarenlurraldea.eus\/es\/blog\/el-s%c3%a1bado-se-celebrar%c3%a1-el-sagardo-eguna-de-errenteria\/\",\"url\":\"https:\/\/sagardoarenlurraldea.eus\/es\/blog\/el-s%c3%a1bado-se-celebrar%c3%a1-el-sagardo-eguna-de-errenteria\/\",\"name\":\"El s\u00e1bado se celebrar\u00e1 el Sagardo Eguna de Errenteria. - Sagardoaren Lurraldea\",\"isPartOf\":{\"@id\":\"https:\/\/sagardoarenlurraldea.eus\/es\/#website\"},\"primaryImageOfPage\":{\"@id\":\"https:\/\/sagardoarenlurraldea.eus\/es\/blog\/el-s%c3%a1bado-se-celebrar%c3%a1-el-sagardo-eguna-de-errenteria\/#primaryimage\"},\"image\":{\"@id\":\"https:\/\/sagardoarenlurraldea.eus\/es\/blog\/el-s%c3%a1bado-se-celebrar%c3%a1-el-sagardo-eguna-de-errenteria\/#primaryimage\"},\"thumbnailUrl\":\"https:\/\/sagardoarenlurraldea.eus\/wp-content\/uploads\/2012\/04\/cata-22.jpg\",\"datePublished\":\"2012-04-24T22:00:00+00:00\",\"author\":{\"@id\":\"https:\/\/sagardoarenlurraldea.eus\/es\/#\/schema\/person\/9e9a225eda321f17256838c2fcba65a7\"},\"breadcrumb\":{\"@id\":\"https:\/\/sagardoarenlurraldea.eus\/es\/blog\/el-s%c3%a1bado-se-celebrar%c3%a1-el-sagardo-eguna-de-errenteria\/#breadcrumb\"},\"inLanguage\":\"es\",\"potentialAction\":[{\"@type\":\"ReadAction\",\"target\":[\"https:\/\/sagardoarenlurraldea.eus\/es\/blog\/el-s%c3%a1bado-se-celebrar%c3%a1-el-sagardo-eguna-de-errenteria\/\"]}]},{\"@type\":\"ImageObject\",\"inLanguage\":\"es\",\"@id\":\"https:\/\/sagardoarenlurraldea.eus\/es\/blog\/el-s%c3%a1bado-se-celebrar%c3%a1-el-sagardo-eguna-de-errenteria\/#primaryimage\",\"url\":\"https:\/\/sagardoarenlurraldea.eus\/wp-content\/uploads\/2012\/04\/cata-22.jpg\",\"contentUrl\":\"https:\/\/sagardoarenlurraldea.eus\/wp-content\/uploads\/2012\/04\/cata-22.jpg\",\"width\":1800,\"height\":1200},{\"@type\":\"BreadcrumbList\",\"@id\":\"https:\/\/sagardoarenlurraldea.eus\/es\/blog\/el-s%c3%a1bado-se-celebrar%c3%a1-el-sagardo-eguna-de-errenteria\/#breadcrumb\",\"itemListElement\":[{\"@type\":\"ListItem\",\"position\":1,\"name\":\"Inicio\",\"item\":\"https:\/\/sagardoarenlurraldea.eus\/es\/\"},{\"@type\":\"ListItem\",\"position\":2,\"name\":\"El s\u00e1bado se celebrar\u00e1 el Sagardo Eguna de Errenteria.\"}]},{\"@type\":\"WebSite\",\"@id\":\"https:\/\/sagardoarenlurraldea.eus\/es\/#website\",\"url\":\"https:\/\/sagardoarenlurraldea.eus\/es\/\",\"name\":\"Sagardoaren Lurraldea\",\"description\":\"El territorio de la sidra\",\"potentialAction\":[{\"@type\":\"SearchAction\",\"target\":{\"@type\":\"EntryPoint\",\"urlTemplate\":\"https:\/\/sagardoarenlurraldea.eus\/es\/?s={search_term_string}\"},\"query-input\":{\"@type\":\"PropertyValueSpecification\",\"valueRequired\":true,\"valueName\":\"search_term_string\"}}],\"inLanguage\":\"es\"},{\"@type\":\"Person\",\"@id\":\"https:\/\/sagardoarenlurraldea.eus\/es\/#\/schema\/person\/9e9a225eda321f17256838c2fcba65a7\",\"name\":\"Mikel Ecenarro\",\"image\":{\"@type\":\"ImageObject\",\"inLanguage\":\"es\",\"@id\":\"https:\/\/sagardoarenlurraldea.eus\/es\/#\/schema\/person\/image\/\",\"url\":\"https:\/\/secure.gravatar.com\/avatar\/1170400e3ac60954a47797ced4deed6bcd49cf85a03b7abd291d8f8be059bd1d?s=96&d=mm&r=g\",\"contentUrl\":\"https:\/\/secure.gravatar.com\/avatar\/1170400e3ac60954a47797ced4deed6bcd49cf85a03b7abd291d8f8be059bd1d?s=96&d=mm&r=g\",\"caption\":\"Mikel Ecenarro\"}}]}<\/script>\n<!-- \/ Yoast SEO plugin. -->","yoast_head_json":{"title":"El s\u00e1bado se celebrar\u00e1 el Sagardo Eguna de Errenteria. - Sagardoaren Lurraldea","robots":{"index":"index","follow":"follow","max-snippet":"max-snippet:-1","max-image-preview":"max-image-preview:large","max-video-preview":"max-video-preview:-1"},"canonical":"https:\/\/sagardoarenlurraldea.eus\/es\/blog\/el-s%c3%a1bado-se-celebrar%c3%a1-el-sagardo-eguna-de-errenteria\/","og_locale":"es_ES","og_type":"article","og_title":"El s\u00e1bado se celebrar\u00e1 el Sagardo Eguna de Errenteria. - Sagardoaren Lurraldea","og_description":"Este s\u00e1bado d\u00eda 28 de abril se celebrar\u00e1 el XIV Sagardo Eguna de Errenteria, donde como todos los a\u00f1os, se realizar\u00e1 una degustaci\u00f3n de diferentes sidras de Euskal Herria. Este [&hellip;]","og_url":"https:\/\/sagardoarenlurraldea.eus\/es\/blog\/el-s%c3%a1bado-se-celebrar%c3%a1-el-sagardo-eguna-de-errenteria\/","og_site_name":"Sagardoaren Lurraldea","article_publisher":"https:\/\/www.facebook.com\/sagardoarenlurraldea","article_published_time":"2012-04-24T22:00:00+00:00","og_image":[{"width":1800,"height":1200,"url":"https:\/\/sagardoarenlurraldea.eus\/wp-content\/uploads\/2012\/04\/cata-22.jpg","type":"image\/jpeg"}],"author":"Mikel Ecenarro","twitter_card":"summary_large_image","twitter_misc":{"Escrito por":"Mikel Ecenarro","Tiempo de lectura":"1 minuto"},"schema":{"@context":"https:\/\/schema.org","@graph":[{"@type":"WebPage","@id":"https:\/\/sagardoarenlurraldea.eus\/es\/blog\/el-s%c3%a1bado-se-celebrar%c3%a1-el-sagardo-eguna-de-errenteria\/","url":"https:\/\/sagardoarenlurraldea.eus\/es\/blog\/el-s%c3%a1bado-se-celebrar%c3%a1-el-sagardo-eguna-de-errenteria\/","name":"El s\u00e1bado se celebrar\u00e1 el Sagardo Eguna de Errenteria. - Sagardoaren Lurraldea","isPartOf":{"@id":"https:\/\/sagardoarenlurraldea.eus\/es\/#website"},"primaryImageOfPage":{"@id":"https:\/\/sagardoarenlurraldea.eus\/es\/blog\/el-s%c3%a1bado-se-celebrar%c3%a1-el-sagardo-eguna-de-errenteria\/#primaryimage"},"image":{"@id":"https:\/\/sagardoarenlurraldea.eus\/es\/blog\/el-s%c3%a1bado-se-celebrar%c3%a1-el-sagardo-eguna-de-errenteria\/#primaryimage"},"thumbnailUrl":"https:\/\/sagardoarenlurraldea.eus\/wp-content\/uploads\/2012\/04\/cata-22.jpg","datePublished":"2012-04-24T22:00:00+00:00","author":{"@id":"https:\/\/sagardoarenlurraldea.eus\/es\/#\/schema\/person\/9e9a225eda321f17256838c2fcba65a7"},"breadcrumb":{"@id":"https:\/\/sagardoarenlurraldea.eus\/es\/blog\/el-s%c3%a1bado-se-celebrar%c3%a1-el-sagardo-eguna-de-errenteria\/#breadcrumb"},"inLanguage":"es","potentialAction":[{"@type":"ReadAction","target":["https:\/\/sagardoarenlurraldea.eus\/es\/blog\/el-s%c3%a1bado-se-celebrar%c3%a1-el-sagardo-eguna-de-errenteria\/"]}]},{"@type":"ImageObject","inLanguage":"es","@id":"https:\/\/sagardoarenlurraldea.eus\/es\/blog\/el-s%c3%a1bado-se-celebrar%c3%a1-el-sagardo-eguna-de-errenteria\/#primaryimage","url":"https:\/\/sagardoarenlurraldea.eus\/wp-content\/uploads\/2012\/04\/cata-22.jpg","contentUrl":"https:\/\/sagardoarenlurraldea.eus\/wp-content\/uploads\/2012\/04\/cata-22.jpg","width":1800,"height":1200},{"@type":"BreadcrumbList","@id":"https:\/\/sagardoarenlurraldea.eus\/es\/blog\/el-s%c3%a1bado-se-celebrar%c3%a1-el-sagardo-eguna-de-errenteria\/#breadcrumb","itemListElement":[{"@type":"ListItem","position":1,"name":"Inicio","item":"https:\/\/sagardoarenlurraldea.eus\/es\/"},{"@type":"ListItem","position":2,"name":"El s\u00e1bado se celebrar\u00e1 el Sagardo Eguna de Errenteria."}]},{"@type":"WebSite","@id":"https:\/\/sagardoarenlurraldea.eus\/es\/#website","url":"https:\/\/sagardoarenlurraldea.eus\/es\/","name":"Sagardoaren Lurraldea","description":"El territorio de la sidra","potentialAction":[{"@type":"SearchAction","target":{"@type":"EntryPoint","urlTemplate":"https:\/\/sagardoarenlurraldea.eus\/es\/?s={search_term_string}"},"query-input":{"@type":"PropertyValueSpecification","valueRequired":true,"valueName":"search_term_string"}}],"inLanguage":"es"},{"@type":"Person","@id":"https:\/\/sagardoarenlurraldea.eus\/es\/#\/schema\/person\/9e9a225eda321f17256838c2fcba65a7","name":"Mikel Ecenarro","image":{"@type":"ImageObject","inLanguage":"es","@id":"https:\/\/sagardoarenlurraldea.eus\/es\/#\/schema\/person\/image\/","url":"https:\/\/secure.gravatar.com\/avatar\/1170400e3ac60954a47797ced4deed6bcd49cf85a03b7abd291d8f8be059bd1d?s=96&d=mm&r=g","contentUrl":"https:\/\/secure.gravatar.com\/avatar\/1170400e3ac60954a47797ced4deed6bcd49cf85a03b7abd291d8f8be059bd1d?s=96&d=mm&r=g","caption":"Mikel Ecenarro"}}]}},"_links":{"self":[{"href":"https:\/\/sagardoarenlurraldea.eus\/es\/wp-json\/wp\/v2\/posts\/17617","targetHints":{"allow":["GET"]}}],"collection":[{"href":"https:\/\/sagardoarenlurraldea.eus\/es\/wp-json\/wp\/v2\/posts"}],"about":[{"href":"https:\/\/sagardoarenlurraldea.eus\/es\/wp-json\/wp\/v2\/types\/post"}],"author":[{"embeddable":true,"href":"https:\/\/sagardoarenlurraldea.eus\/es\/wp-json\/wp\/v2\/users\/1"}],"replies":[{"embeddable":true,"href":"https:\/\/sagardoarenlurraldea.eus\/es\/wp-json\/wp\/v2\/comments?post=17617"}],"version-history":[{"count":0,"href":"https:\/\/sagardoarenlurraldea.eus\/es\/wp-json\/wp\/v2\/posts\/17617\/revisions"}],"wp:featuredmedia":[{"embeddable":true,"href":"https:\/\/sagardoarenlurraldea.eus\/es\/wp-json\/wp\/v2\/media\/1962"}],"wp:attachment":[{"href":"https:\/\/sagardoarenlurraldea.eus\/es\/wp-json\/wp\/v2\/media?parent=17617"}],"wp:term":[{"taxonomy":"category","embeddable":true,"href":"https:\/\/sagardoarenlurraldea.eus\/es\/wp-json\/wp\/v2\/categories?post=17617"},{"taxonomy":"post_tag","embeddable":true,"href":"https:\/\/sagardoarenlurraldea.eus\/es\/wp-json\/wp\/v2\/tags?post=17617"}],"curies":[{"name":"wp","href":"https:\/\/api.w.org\/{rel}","templated":true}]}}