{"id":17596,"date":"2012-02-29T00:00:00","date_gmt":"2012-02-28T22:00:00","guid":{"rendered":"http:\/\/www.sagardoarenlurraldea.eus\/blog\/escapada-sidrera-al-mundo-de-la-manzana\/"},"modified":"2012-02-29T00:00:00","modified_gmt":"2012-02-28T22:00:00","slug":"escapada-sidrera-al-mundo-de-la-manzana","status":"publish","type":"post","link":"https:\/\/sagardoarenlurraldea.eus\/es\/blog\/escapada-sidrera-al-mundo-de-la-manzana\/","title":{"rendered":"ESCAPADA SIDRERA al mundo de la manzana."},"content":{"rendered":"<p><a href=\"https:\/\/sagardoarenlurraldea.eus\/wp-content\/uploads\/2012\/02\/ESC_SIDRERIA_686.jpg\"><img loading=\"lazy\" decoding=\"async\" class=\"alignleft size-medium wp-image-4219\" alt=\"Escapada Sidreria\" src=\"https:\/\/sagardoarenlurraldea.eus\/wp-content\/uploads\/2012\/02\/ESC_SIDRERIA_686-300x224.jpg\" width=\"300\" height=\"224\" \/><\/a><strong>San Sebastian Turismo<\/strong> y <strong>Turismo de Gipuzko<\/strong>a promueven novedosas iniciativas para descubrir nuestra comarca y una de las<strong> <a href=\"http:\/\/www.sansebastianreservas.com\/actividadesdetalletarifas.asp?idioma=E&amp;txtClavereg=FT0H013A2855&amp;txtcodcte=INTERNET&amp;txtpassword=SI&amp;ColorInt=+&amp;Serie=5+++&amp;txtOtros=GASTRONOMISST+++++++\">escapadas gastron\u00f3micas <\/a><\/strong>que proponen es \u00ab<strong><a href=\"http:\/\/www.sansebastianturismo.com\/info\/sansebastianturismo\/turismo_hacer.nsf\/vowebContenidosId\/NT00000A6E?OpenDocument&amp;idioma=cas&amp;id=t445121&amp;cat=Escapadas&amp;doc=D\">la escapada sidrera al mundo de la manzana<\/a>\u00ab, <\/strong>donde el visitante tiene la oportunidad de descubrir\u00a0el mundo de la sidra visitando <strong><a href=\"http:\/\/www.sagardoetxea.com\">Sagardoetxea<\/a><\/strong>, el <strong>Museo de la Sidra Vasca <\/strong>y degustar el tradicional <strong>men\u00fa de sidrer\u00eda <\/strong>en una de sus una de sus <strong>sidrer\u00edas <\/strong>m\u00e1s afamadas.<\/p>\n<p>La <strong>escapada incluye <\/strong>las siguientes actividades:<br \/>\n\u2022 <strong>Visita Museo Sagardoetxea <\/strong>+ <strong>comida o cena en sidrer\u00eda<\/strong>: La actividad incluye la visita guiada de Sagardoetxea (museo de la sidra) con actividad correspondiente a la estaci\u00f3n del a\u00f1o y una degustaci\u00f3n de sidra, mosto y licor de Sagardoz (licor de manzana) + una comida en una sidrer\u00eda tradicional + obsequio de lote compuesto por varios productos.<br \/>\n\u2022 <strong>Visita de San Sebastian Esencial <\/strong>(para reservas de fin de semana, viernes y s\u00e1bado).<br \/>\n\u2022 <strong>San Sebastian Card <\/strong>(para reservas de domingo a jueves).<br \/>\n\u2022<strong> Carpeta-bolsa <\/strong>especial con informaci\u00f3n de San Sebasti\u00e1n- Gipuzkoa que recibir\u00e1 a su llegada al hotel.<\/p>\n<p>M\u00e1s informaci\u00f3n en \u00ab<strong><a href=\"http:\/\/www.sansebastianturismo.com\/info\/sansebastianturismo\/turismo_hacer.nsf\/vowebContenidosId\/NT00000A6E?OpenDocument&amp;idioma=cas&amp;id=t445121&amp;cat=Escapadas&amp;doc=D\">escapada sidrera al mundo de la manzana<\/a><\/strong>\u00bb<\/p>\n<p><strong>Reservas<\/strong>: Para reservas enviar un e-mail a <a href=\"mailto:reservas@sansebastianreservas.com\">reservas@sansebastianreservas.com<\/a> indicando fechas, hotel elegido y hora elegida para realizar la visita guiada gratuita de la ciudad.<\/p>\n","protected":false},"excerpt":{"rendered":"<p>San Sebastian Turismo y Turismo de Gipuzkoa promueven novedosas iniciativas para descubrir nuestra comarca y una de las escapadas gastron\u00f3micas que proponen es \u00abla escapada sidrera al mundo de la [&hellip;]<\/p>\n","protected":false},"author":1,"featured_media":1934,"comment_status":"open","ping_status":"open","sticky":false,"template":"","format":"standard","meta":{"_acf_changed":false,"_et_pb_use_builder":"","_et_pb_old_content":"","_et_gb_content_width":"","footnotes":""},"categories":[255,256],"tags":[746,811,812,1635,1651,1713,1771],"class_list":["post-17596","post","type-post","status-publish","format-standard","has-post-thumbnail","hentry","category-sidrerias","category-turismo","tag-egonaldi-gastronomikoak","tag-escapada-sidrera","tag-escapadas-gastronomicas","tag-sagardoetxea","tag-sagardotegia","tag-san-sebastian-turismo","tag-sidreria"],"acf":[],"yoast_head":"<!-- This site is optimized with the Yoast SEO plugin v25.4 - https:\/\/yoast.com\/wordpress\/plugins\/seo\/ -->\n<title>ESCAPADA SIDRERA al mundo de la manzana. - Sagardoaren Lurraldea<\/title>\n<meta name=\"robots\" content=\"index, follow, max-snippet:-1, max-image-preview:large, max-video-preview:-1\" \/>\n<link rel=\"canonical\" href=\"https:\/\/sagardoarenlurraldea.eus\/es\/blog\/escapada-sidrera-al-mundo-de-la-manzana\/\" \/>\n<meta property=\"og:locale\" content=\"es_ES\" \/>\n<meta property=\"og:type\" content=\"article\" \/>\n<meta property=\"og:title\" content=\"ESCAPADA SIDRERA al mundo de la manzana. - Sagardoaren Lurraldea\" \/>\n<meta property=\"og:description\" content=\"San Sebastian Turismo y Turismo de Gipuzkoa promueven novedosas iniciativas para descubrir nuestra comarca y una de las escapadas gastron\u00f3micas que proponen es \u00abla escapada sidrera al mundo de la [&hellip;]\" \/>\n<meta property=\"og:url\" content=\"https:\/\/sagardoarenlurraldea.eus\/es\/blog\/escapada-sidrera-al-mundo-de-la-manzana\/\" \/>\n<meta property=\"og:site_name\" content=\"Sagardoaren Lurraldea\" \/>\n<meta property=\"article:publisher\" content=\"https:\/\/www.facebook.com\/sagardoarenlurraldea\" \/>\n<meta property=\"article:published_time\" content=\"2012-02-28T22:00:00+00:00\" \/>\n<meta property=\"og:image\" content=\"https:\/\/sagardoarenlurraldea.eus\/wp-content\/uploads\/2012\/02\/Escapada.jpg\" \/>\n\t<meta property=\"og:image:width\" content=\"595\" \/>\n\t<meta property=\"og:image:height\" content=\"306\" \/>\n\t<meta property=\"og:image:type\" content=\"image\/jpeg\" \/>\n<meta name=\"author\" content=\"Mikel Ecenarro\" \/>\n<meta name=\"twitter:card\" content=\"summary_large_image\" \/>\n<meta name=\"twitter:label1\" content=\"Escrito por\" \/>\n\t<meta name=\"twitter:data1\" content=\"Mikel Ecenarro\" \/>\n\t<meta name=\"twitter:label2\" content=\"Tiempo de lectura\" \/>\n\t<meta name=\"twitter:data2\" content=\"1 minuto\" \/>\n<script type=\"application\/ld+json\" class=\"yoast-schema-graph\">{\"@context\":\"https:\/\/schema.org\",\"@graph\":[{\"@type\":\"WebPage\",\"@id\":\"https:\/\/sagardoarenlurraldea.eus\/es\/blog\/escapada-sidrera-al-mundo-de-la-manzana\/\",\"url\":\"https:\/\/sagardoarenlurraldea.eus\/es\/blog\/escapada-sidrera-al-mundo-de-la-manzana\/\",\"name\":\"ESCAPADA SIDRERA al mundo de la manzana. - Sagardoaren Lurraldea\",\"isPartOf\":{\"@id\":\"https:\/\/sagardoarenlurraldea.eus\/es\/#website\"},\"primaryImageOfPage\":{\"@id\":\"https:\/\/sagardoarenlurraldea.eus\/es\/blog\/escapada-sidrera-al-mundo-de-la-manzana\/#primaryimage\"},\"image\":{\"@id\":\"https:\/\/sagardoarenlurraldea.eus\/es\/blog\/escapada-sidrera-al-mundo-de-la-manzana\/#primaryimage\"},\"thumbnailUrl\":\"https:\/\/sagardoarenlurraldea.eus\/wp-content\/uploads\/2012\/02\/Escapada.jpg\",\"datePublished\":\"2012-02-28T22:00:00+00:00\",\"author\":{\"@id\":\"https:\/\/sagardoarenlurraldea.eus\/es\/#\/schema\/person\/9e9a225eda321f17256838c2fcba65a7\"},\"breadcrumb\":{\"@id\":\"https:\/\/sagardoarenlurraldea.eus\/es\/blog\/escapada-sidrera-al-mundo-de-la-manzana\/#breadcrumb\"},\"inLanguage\":\"es\",\"potentialAction\":[{\"@type\":\"ReadAction\",\"target\":[\"https:\/\/sagardoarenlurraldea.eus\/es\/blog\/escapada-sidrera-al-mundo-de-la-manzana\/\"]}]},{\"@type\":\"ImageObject\",\"inLanguage\":\"es\",\"@id\":\"https:\/\/sagardoarenlurraldea.eus\/es\/blog\/escapada-sidrera-al-mundo-de-la-manzana\/#primaryimage\",\"url\":\"https:\/\/sagardoarenlurraldea.eus\/wp-content\/uploads\/2012\/02\/Escapada.jpg\",\"contentUrl\":\"https:\/\/sagardoarenlurraldea.eus\/wp-content\/uploads\/2012\/02\/Escapada.jpg\",\"width\":595,\"height\":306},{\"@type\":\"BreadcrumbList\",\"@id\":\"https:\/\/sagardoarenlurraldea.eus\/es\/blog\/escapada-sidrera-al-mundo-de-la-manzana\/#breadcrumb\",\"itemListElement\":[{\"@type\":\"ListItem\",\"position\":1,\"name\":\"Inicio\",\"item\":\"https:\/\/sagardoarenlurraldea.eus\/es\/\"},{\"@type\":\"ListItem\",\"position\":2,\"name\":\"ESCAPADA SIDRERA al mundo de la manzana.\"}]},{\"@type\":\"WebSite\",\"@id\":\"https:\/\/sagardoarenlurraldea.eus\/es\/#website\",\"url\":\"https:\/\/sagardoarenlurraldea.eus\/es\/\",\"name\":\"Sagardoaren Lurraldea\",\"description\":\"El territorio de la sidra\",\"potentialAction\":[{\"@type\":\"SearchAction\",\"target\":{\"@type\":\"EntryPoint\",\"urlTemplate\":\"https:\/\/sagardoarenlurraldea.eus\/es\/?s={search_term_string}\"},\"query-input\":{\"@type\":\"PropertyValueSpecification\",\"valueRequired\":true,\"valueName\":\"search_term_string\"}}],\"inLanguage\":\"es\"},{\"@type\":\"Person\",\"@id\":\"https:\/\/sagardoarenlurraldea.eus\/es\/#\/schema\/person\/9e9a225eda321f17256838c2fcba65a7\",\"name\":\"Mikel Ecenarro\",\"image\":{\"@type\":\"ImageObject\",\"inLanguage\":\"es\",\"@id\":\"https:\/\/sagardoarenlurraldea.eus\/es\/#\/schema\/person\/image\/\",\"url\":\"https:\/\/secure.gravatar.com\/avatar\/1170400e3ac60954a47797ced4deed6bcd49cf85a03b7abd291d8f8be059bd1d?s=96&d=mm&r=g\",\"contentUrl\":\"https:\/\/secure.gravatar.com\/avatar\/1170400e3ac60954a47797ced4deed6bcd49cf85a03b7abd291d8f8be059bd1d?s=96&d=mm&r=g\",\"caption\":\"Mikel Ecenarro\"}}]}<\/script>\n<!-- \/ Yoast SEO plugin. -->","yoast_head_json":{"title":"ESCAPADA SIDRERA al mundo de la manzana. - Sagardoaren Lurraldea","robots":{"index":"index","follow":"follow","max-snippet":"max-snippet:-1","max-image-preview":"max-image-preview:large","max-video-preview":"max-video-preview:-1"},"canonical":"https:\/\/sagardoarenlurraldea.eus\/es\/blog\/escapada-sidrera-al-mundo-de-la-manzana\/","og_locale":"es_ES","og_type":"article","og_title":"ESCAPADA SIDRERA al mundo de la manzana. - Sagardoaren Lurraldea","og_description":"San Sebastian Turismo y Turismo de Gipuzkoa promueven novedosas iniciativas para descubrir nuestra comarca y una de las escapadas gastron\u00f3micas que proponen es \u00abla escapada sidrera al mundo de la [&hellip;]","og_url":"https:\/\/sagardoarenlurraldea.eus\/es\/blog\/escapada-sidrera-al-mundo-de-la-manzana\/","og_site_name":"Sagardoaren Lurraldea","article_publisher":"https:\/\/www.facebook.com\/sagardoarenlurraldea","article_published_time":"2012-02-28T22:00:00+00:00","og_image":[{"width":595,"height":306,"url":"https:\/\/sagardoarenlurraldea.eus\/wp-content\/uploads\/2012\/02\/Escapada.jpg","type":"image\/jpeg"}],"author":"Mikel Ecenarro","twitter_card":"summary_large_image","twitter_misc":{"Escrito por":"Mikel Ecenarro","Tiempo de lectura":"1 minuto"},"schema":{"@context":"https:\/\/schema.org","@graph":[{"@type":"WebPage","@id":"https:\/\/sagardoarenlurraldea.eus\/es\/blog\/escapada-sidrera-al-mundo-de-la-manzana\/","url":"https:\/\/sagardoarenlurraldea.eus\/es\/blog\/escapada-sidrera-al-mundo-de-la-manzana\/","name":"ESCAPADA SIDRERA al mundo de la manzana. - Sagardoaren Lurraldea","isPartOf":{"@id":"https:\/\/sagardoarenlurraldea.eus\/es\/#website"},"primaryImageOfPage":{"@id":"https:\/\/sagardoarenlurraldea.eus\/es\/blog\/escapada-sidrera-al-mundo-de-la-manzana\/#primaryimage"},"image":{"@id":"https:\/\/sagardoarenlurraldea.eus\/es\/blog\/escapada-sidrera-al-mundo-de-la-manzana\/#primaryimage"},"thumbnailUrl":"https:\/\/sagardoarenlurraldea.eus\/wp-content\/uploads\/2012\/02\/Escapada.jpg","datePublished":"2012-02-28T22:00:00+00:00","author":{"@id":"https:\/\/sagardoarenlurraldea.eus\/es\/#\/schema\/person\/9e9a225eda321f17256838c2fcba65a7"},"breadcrumb":{"@id":"https:\/\/sagardoarenlurraldea.eus\/es\/blog\/escapada-sidrera-al-mundo-de-la-manzana\/#breadcrumb"},"inLanguage":"es","potentialAction":[{"@type":"ReadAction","target":["https:\/\/sagardoarenlurraldea.eus\/es\/blog\/escapada-sidrera-al-mundo-de-la-manzana\/"]}]},{"@type":"ImageObject","inLanguage":"es","@id":"https:\/\/sagardoarenlurraldea.eus\/es\/blog\/escapada-sidrera-al-mundo-de-la-manzana\/#primaryimage","url":"https:\/\/sagardoarenlurraldea.eus\/wp-content\/uploads\/2012\/02\/Escapada.jpg","contentUrl":"https:\/\/sagardoarenlurraldea.eus\/wp-content\/uploads\/2012\/02\/Escapada.jpg","width":595,"height":306},{"@type":"BreadcrumbList","@id":"https:\/\/sagardoarenlurraldea.eus\/es\/blog\/escapada-sidrera-al-mundo-de-la-manzana\/#breadcrumb","itemListElement":[{"@type":"ListItem","position":1,"name":"Inicio","item":"https:\/\/sagardoarenlurraldea.eus\/es\/"},{"@type":"ListItem","position":2,"name":"ESCAPADA SIDRERA al mundo de la manzana."}]},{"@type":"WebSite","@id":"https:\/\/sagardoarenlurraldea.eus\/es\/#website","url":"https:\/\/sagardoarenlurraldea.eus\/es\/","name":"Sagardoaren Lurraldea","description":"El territorio de la sidra","potentialAction":[{"@type":"SearchAction","target":{"@type":"EntryPoint","urlTemplate":"https:\/\/sagardoarenlurraldea.eus\/es\/?s={search_term_string}"},"query-input":{"@type":"PropertyValueSpecification","valueRequired":true,"valueName":"search_term_string"}}],"inLanguage":"es"},{"@type":"Person","@id":"https:\/\/sagardoarenlurraldea.eus\/es\/#\/schema\/person\/9e9a225eda321f17256838c2fcba65a7","name":"Mikel Ecenarro","image":{"@type":"ImageObject","inLanguage":"es","@id":"https:\/\/sagardoarenlurraldea.eus\/es\/#\/schema\/person\/image\/","url":"https:\/\/secure.gravatar.com\/avatar\/1170400e3ac60954a47797ced4deed6bcd49cf85a03b7abd291d8f8be059bd1d?s=96&d=mm&r=g","contentUrl":"https:\/\/secure.gravatar.com\/avatar\/1170400e3ac60954a47797ced4deed6bcd49cf85a03b7abd291d8f8be059bd1d?s=96&d=mm&r=g","caption":"Mikel Ecenarro"}}]}},"_links":{"self":[{"href":"https:\/\/sagardoarenlurraldea.eus\/es\/wp-json\/wp\/v2\/posts\/17596","targetHints":{"allow":["GET"]}}],"collection":[{"href":"https:\/\/sagardoarenlurraldea.eus\/es\/wp-json\/wp\/v2\/posts"}],"about":[{"href":"https:\/\/sagardoarenlurraldea.eus\/es\/wp-json\/wp\/v2\/types\/post"}],"author":[{"embeddable":true,"href":"https:\/\/sagardoarenlurraldea.eus\/es\/wp-json\/wp\/v2\/users\/1"}],"replies":[{"embeddable":true,"href":"https:\/\/sagardoarenlurraldea.eus\/es\/wp-json\/wp\/v2\/comments?post=17596"}],"version-history":[{"count":0,"href":"https:\/\/sagardoarenlurraldea.eus\/es\/wp-json\/wp\/v2\/posts\/17596\/revisions"}],"wp:featuredmedia":[{"embeddable":true,"href":"https:\/\/sagardoarenlurraldea.eus\/es\/wp-json\/wp\/v2\/media\/1934"}],"wp:attachment":[{"href":"https:\/\/sagardoarenlurraldea.eus\/es\/wp-json\/wp\/v2\/media?parent=17596"}],"wp:term":[{"taxonomy":"category","embeddable":true,"href":"https:\/\/sagardoarenlurraldea.eus\/es\/wp-json\/wp\/v2\/categories?post=17596"},{"taxonomy":"post_tag","embeddable":true,"href":"https:\/\/sagardoarenlurraldea.eus\/es\/wp-json\/wp\/v2\/tags?post=17596"}],"curies":[{"name":"wp","href":"https:\/\/api.w.org\/{rel}","templated":true}]}}