{"id":17587,"date":"2012-01-20T00:00:00","date_gmt":"2012-01-19T22:00:00","guid":{"rendered":"http:\/\/www.sagardoarenlurraldea.eus\/blog\/sidrer%c3%ada-gurutzeta-un-men%c3%ba-m%c3%a1s-econ%c3%b3mico-entre-semana\/"},"modified":"2012-01-20T00:00:00","modified_gmt":"2012-01-19T22:00:00","slug":"sidrer%c3%ada-gurutzeta-un-men%c3%ba-m%c3%a1s-econ%c3%b3mico-entre-semana","status":"publish","type":"post","link":"https:\/\/sagardoarenlurraldea.eus\/es\/blog\/sidrer%c3%ada-gurutzeta-un-men%c3%ba-m%c3%a1s-econ%c3%b3mico-entre-semana\/","title":{"rendered":"Sidrer\u00eda Gurutzeta: Un men\u00fa m\u00e1s econ\u00f3mico entre semana."},"content":{"rendered":"<p>El comienzo de esta nueva <strong>temporada de txotx <\/strong>viene cargada de novedades en <strong>Gurutzeta<\/strong>. Por un lado, inauguran un <strong>confortable comedor <\/strong>para degustar sus sabrosas txuletas sentado, con una capacidad para 50 comensales. Su comedor de toda la vida, el de las barricas de sidra y en el que se come de pie, seguir\u00e1 funcionando.<\/p>\n<p>Otro cambio que con esta nueva temporada llega a <strong>Gurutzeta <\/strong>es la <strong>apertura de la sidrer\u00eda de lunes a s\u00e1bado a los mediod\u00edas<\/strong>. Aunque sigan abriendo sus comedores tambi\u00e9n por las <strong>noches<\/strong>, a la hora de comer ofrecen interesantes variaciones sobre el cl\u00e1sico men\u00fa de sidrer\u00eda.<\/p>\n<p>As\u00ed, los <strong>lunes<\/strong>, <strong>martes <\/strong>y <strong>jueves<\/strong>, se puede comer un men\u00fa compuesto por tortilla de bacalao y txuleta, como platos principales, y queso, nueces y membrillo como postre a precio especial.<\/p>\n<p>Los <strong>mi\u00e9rcoles<\/strong>, adem\u00e1s, en Gurutzeta habr\u00e1 un <strong>otxote <\/strong>que amenizar\u00e1 el txotx.<\/p>\n<p><strong>Sidrer\u00eda Gurutzeta<\/strong><br \/>\nTel\u00e9fono: 943 55 22 42<br \/>\n<a href=\"mailto:E-mailgurutzeta@gurutzeta.com\">gurutzeta@gurutzeta.com<\/a><br \/>\n<a href=\"http:\/\/www.gurutzeta.com\/\">http:\/\/www.gurutzeta.com\/<\/a><\/p>\n","protected":false},"excerpt":{"rendered":"<p>El comienzo de esta nueva temporada de txotx viene cargada de novedades en Gurutzeta. Por un lado, inauguran un confortable comedor para degustar sus sabrosas txuletas sentado, con una capacidad [&hellip;]<\/p>\n","protected":false},"author":1,"featured_media":1904,"comment_status":"open","ping_status":"open","sticky":false,"template":"","format":"standard","meta":{"_acf_changed":false,"_et_pb_use_builder":"","_et_pb_old_content":"","_et_gb_content_width":"","footnotes":""},"categories":[255],"tags":[866,989,1107,1269,1386,1387,1445,1979],"class_list":["post-17587","post","type-post","status-publish","format-standard","has-post-thumbnail","hentry","category-sidrerias","tag-exerita","tag-gurutzeta-sagardotegia","tag-jangela-berria","tag-menu-bereziak","tag-otxoteak","tag-otxotes","tag-precios-especiales","tag-zutik"],"acf":[],"yoast_head":"<!-- This site is optimized with the Yoast SEO plugin v25.4 - https:\/\/yoast.com\/wordpress\/plugins\/seo\/ -->\n<title>Sidrer\u00eda Gurutzeta: Un men\u00fa m\u00e1s econ\u00f3mico entre semana. - Sagardoaren Lurraldea<\/title>\n<meta name=\"robots\" content=\"index, follow, max-snippet:-1, max-image-preview:large, max-video-preview:-1\" \/>\n<link rel=\"canonical\" href=\"https:\/\/sagardoarenlurraldea.eus\/es\/blog\/sidrer%c3%ada-gurutzeta-un-men%c3%ba-m%c3%a1s-econ%c3%b3mico-entre-semana\/\" \/>\n<meta property=\"og:locale\" content=\"es_ES\" \/>\n<meta property=\"og:type\" content=\"article\" \/>\n<meta property=\"og:title\" content=\"Sidrer\u00eda Gurutzeta: Un men\u00fa m\u00e1s econ\u00f3mico entre semana. - Sagardoaren Lurraldea\" \/>\n<meta property=\"og:description\" content=\"El comienzo de esta nueva temporada de txotx viene cargada de novedades en Gurutzeta. Por un lado, inauguran un confortable comedor para degustar sus sabrosas txuletas sentado, con una capacidad [&hellip;]\" \/>\n<meta property=\"og:url\" content=\"https:\/\/sagardoarenlurraldea.eus\/es\/blog\/sidrer%c3%ada-gurutzeta-un-men%c3%ba-m%c3%a1s-econ%c3%b3mico-entre-semana\/\" \/>\n<meta property=\"og:site_name\" content=\"Sagardoaren Lurraldea\" \/>\n<meta property=\"article:publisher\" content=\"https:\/\/www.facebook.com\/sagardoarenlurraldea\" \/>\n<meta property=\"article:published_time\" content=\"2012-01-19T22:00:00+00:00\" \/>\n<meta property=\"og:image\" content=\"https:\/\/sagardoarenlurraldea.eus\/wp-content\/uploads\/2011\/11\/Gurutzeta.jpg\" \/>\n\t<meta property=\"og:image:width\" content=\"1000\" \/>\n\t<meta property=\"og:image:height\" content=\"470\" \/>\n\t<meta property=\"og:image:type\" content=\"image\/jpeg\" \/>\n<meta name=\"author\" content=\"Mikel Ecenarro\" \/>\n<meta name=\"twitter:card\" content=\"summary_large_image\" \/>\n<meta name=\"twitter:label1\" content=\"Escrito por\" \/>\n\t<meta name=\"twitter:data1\" content=\"Mikel Ecenarro\" \/>\n\t<meta name=\"twitter:label2\" content=\"Tiempo de lectura\" \/>\n\t<meta name=\"twitter:data2\" content=\"1 minuto\" \/>\n<script type=\"application\/ld+json\" class=\"yoast-schema-graph\">{\"@context\":\"https:\/\/schema.org\",\"@graph\":[{\"@type\":\"WebPage\",\"@id\":\"https:\/\/sagardoarenlurraldea.eus\/es\/blog\/sidrer%c3%ada-gurutzeta-un-men%c3%ba-m%c3%a1s-econ%c3%b3mico-entre-semana\/\",\"url\":\"https:\/\/sagardoarenlurraldea.eus\/es\/blog\/sidrer%c3%ada-gurutzeta-un-men%c3%ba-m%c3%a1s-econ%c3%b3mico-entre-semana\/\",\"name\":\"Sidrer\u00eda Gurutzeta: Un men\u00fa m\u00e1s econ\u00f3mico entre semana. - Sagardoaren Lurraldea\",\"isPartOf\":{\"@id\":\"https:\/\/sagardoarenlurraldea.eus\/es\/#website\"},\"primaryImageOfPage\":{\"@id\":\"https:\/\/sagardoarenlurraldea.eus\/es\/blog\/sidrer%c3%ada-gurutzeta-un-men%c3%ba-m%c3%a1s-econ%c3%b3mico-entre-semana\/#primaryimage\"},\"image\":{\"@id\":\"https:\/\/sagardoarenlurraldea.eus\/es\/blog\/sidrer%c3%ada-gurutzeta-un-men%c3%ba-m%c3%a1s-econ%c3%b3mico-entre-semana\/#primaryimage\"},\"thumbnailUrl\":\"https:\/\/sagardoarenlurraldea.eus\/wp-content\/uploads\/2011\/11\/Gurutzeta.jpg\",\"datePublished\":\"2012-01-19T22:00:00+00:00\",\"author\":{\"@id\":\"https:\/\/sagardoarenlurraldea.eus\/es\/#\/schema\/person\/9e9a225eda321f17256838c2fcba65a7\"},\"breadcrumb\":{\"@id\":\"https:\/\/sagardoarenlurraldea.eus\/es\/blog\/sidrer%c3%ada-gurutzeta-un-men%c3%ba-m%c3%a1s-econ%c3%b3mico-entre-semana\/#breadcrumb\"},\"inLanguage\":\"es\",\"potentialAction\":[{\"@type\":\"ReadAction\",\"target\":[\"https:\/\/sagardoarenlurraldea.eus\/es\/blog\/sidrer%c3%ada-gurutzeta-un-men%c3%ba-m%c3%a1s-econ%c3%b3mico-entre-semana\/\"]}]},{\"@type\":\"ImageObject\",\"inLanguage\":\"es\",\"@id\":\"https:\/\/sagardoarenlurraldea.eus\/es\/blog\/sidrer%c3%ada-gurutzeta-un-men%c3%ba-m%c3%a1s-econ%c3%b3mico-entre-semana\/#primaryimage\",\"url\":\"https:\/\/sagardoarenlurraldea.eus\/wp-content\/uploads\/2011\/11\/Gurutzeta.jpg\",\"contentUrl\":\"https:\/\/sagardoarenlurraldea.eus\/wp-content\/uploads\/2011\/11\/Gurutzeta.jpg\",\"width\":1000,\"height\":470},{\"@type\":\"BreadcrumbList\",\"@id\":\"https:\/\/sagardoarenlurraldea.eus\/es\/blog\/sidrer%c3%ada-gurutzeta-un-men%c3%ba-m%c3%a1s-econ%c3%b3mico-entre-semana\/#breadcrumb\",\"itemListElement\":[{\"@type\":\"ListItem\",\"position\":1,\"name\":\"Inicio\",\"item\":\"https:\/\/sagardoarenlurraldea.eus\/es\/\"},{\"@type\":\"ListItem\",\"position\":2,\"name\":\"Sidrer\u00eda Gurutzeta: Un men\u00fa m\u00e1s econ\u00f3mico entre semana.\"}]},{\"@type\":\"WebSite\",\"@id\":\"https:\/\/sagardoarenlurraldea.eus\/es\/#website\",\"url\":\"https:\/\/sagardoarenlurraldea.eus\/es\/\",\"name\":\"Sagardoaren Lurraldea\",\"description\":\"El territorio de la sidra\",\"potentialAction\":[{\"@type\":\"SearchAction\",\"target\":{\"@type\":\"EntryPoint\",\"urlTemplate\":\"https:\/\/sagardoarenlurraldea.eus\/es\/?s={search_term_string}\"},\"query-input\":{\"@type\":\"PropertyValueSpecification\",\"valueRequired\":true,\"valueName\":\"search_term_string\"}}],\"inLanguage\":\"es\"},{\"@type\":\"Person\",\"@id\":\"https:\/\/sagardoarenlurraldea.eus\/es\/#\/schema\/person\/9e9a225eda321f17256838c2fcba65a7\",\"name\":\"Mikel Ecenarro\",\"image\":{\"@type\":\"ImageObject\",\"inLanguage\":\"es\",\"@id\":\"https:\/\/sagardoarenlurraldea.eus\/es\/#\/schema\/person\/image\/\",\"url\":\"https:\/\/secure.gravatar.com\/avatar\/1170400e3ac60954a47797ced4deed6bcd49cf85a03b7abd291d8f8be059bd1d?s=96&d=mm&r=g\",\"contentUrl\":\"https:\/\/secure.gravatar.com\/avatar\/1170400e3ac60954a47797ced4deed6bcd49cf85a03b7abd291d8f8be059bd1d?s=96&d=mm&r=g\",\"caption\":\"Mikel Ecenarro\"}}]}<\/script>\n<!-- \/ Yoast SEO plugin. -->","yoast_head_json":{"title":"Sidrer\u00eda Gurutzeta: Un men\u00fa m\u00e1s econ\u00f3mico entre semana. - Sagardoaren Lurraldea","robots":{"index":"index","follow":"follow","max-snippet":"max-snippet:-1","max-image-preview":"max-image-preview:large","max-video-preview":"max-video-preview:-1"},"canonical":"https:\/\/sagardoarenlurraldea.eus\/es\/blog\/sidrer%c3%ada-gurutzeta-un-men%c3%ba-m%c3%a1s-econ%c3%b3mico-entre-semana\/","og_locale":"es_ES","og_type":"article","og_title":"Sidrer\u00eda Gurutzeta: Un men\u00fa m\u00e1s econ\u00f3mico entre semana. - Sagardoaren Lurraldea","og_description":"El comienzo de esta nueva temporada de txotx viene cargada de novedades en Gurutzeta. Por un lado, inauguran un confortable comedor para degustar sus sabrosas txuletas sentado, con una capacidad [&hellip;]","og_url":"https:\/\/sagardoarenlurraldea.eus\/es\/blog\/sidrer%c3%ada-gurutzeta-un-men%c3%ba-m%c3%a1s-econ%c3%b3mico-entre-semana\/","og_site_name":"Sagardoaren Lurraldea","article_publisher":"https:\/\/www.facebook.com\/sagardoarenlurraldea","article_published_time":"2012-01-19T22:00:00+00:00","og_image":[{"width":1000,"height":470,"url":"https:\/\/sagardoarenlurraldea.eus\/wp-content\/uploads\/2011\/11\/Gurutzeta.jpg","type":"image\/jpeg"}],"author":"Mikel Ecenarro","twitter_card":"summary_large_image","twitter_misc":{"Escrito por":"Mikel Ecenarro","Tiempo de lectura":"1 minuto"},"schema":{"@context":"https:\/\/schema.org","@graph":[{"@type":"WebPage","@id":"https:\/\/sagardoarenlurraldea.eus\/es\/blog\/sidrer%c3%ada-gurutzeta-un-men%c3%ba-m%c3%a1s-econ%c3%b3mico-entre-semana\/","url":"https:\/\/sagardoarenlurraldea.eus\/es\/blog\/sidrer%c3%ada-gurutzeta-un-men%c3%ba-m%c3%a1s-econ%c3%b3mico-entre-semana\/","name":"Sidrer\u00eda Gurutzeta: Un men\u00fa m\u00e1s econ\u00f3mico entre semana. - Sagardoaren Lurraldea","isPartOf":{"@id":"https:\/\/sagardoarenlurraldea.eus\/es\/#website"},"primaryImageOfPage":{"@id":"https:\/\/sagardoarenlurraldea.eus\/es\/blog\/sidrer%c3%ada-gurutzeta-un-men%c3%ba-m%c3%a1s-econ%c3%b3mico-entre-semana\/#primaryimage"},"image":{"@id":"https:\/\/sagardoarenlurraldea.eus\/es\/blog\/sidrer%c3%ada-gurutzeta-un-men%c3%ba-m%c3%a1s-econ%c3%b3mico-entre-semana\/#primaryimage"},"thumbnailUrl":"https:\/\/sagardoarenlurraldea.eus\/wp-content\/uploads\/2011\/11\/Gurutzeta.jpg","datePublished":"2012-01-19T22:00:00+00:00","author":{"@id":"https:\/\/sagardoarenlurraldea.eus\/es\/#\/schema\/person\/9e9a225eda321f17256838c2fcba65a7"},"breadcrumb":{"@id":"https:\/\/sagardoarenlurraldea.eus\/es\/blog\/sidrer%c3%ada-gurutzeta-un-men%c3%ba-m%c3%a1s-econ%c3%b3mico-entre-semana\/#breadcrumb"},"inLanguage":"es","potentialAction":[{"@type":"ReadAction","target":["https:\/\/sagardoarenlurraldea.eus\/es\/blog\/sidrer%c3%ada-gurutzeta-un-men%c3%ba-m%c3%a1s-econ%c3%b3mico-entre-semana\/"]}]},{"@type":"ImageObject","inLanguage":"es","@id":"https:\/\/sagardoarenlurraldea.eus\/es\/blog\/sidrer%c3%ada-gurutzeta-un-men%c3%ba-m%c3%a1s-econ%c3%b3mico-entre-semana\/#primaryimage","url":"https:\/\/sagardoarenlurraldea.eus\/wp-content\/uploads\/2011\/11\/Gurutzeta.jpg","contentUrl":"https:\/\/sagardoarenlurraldea.eus\/wp-content\/uploads\/2011\/11\/Gurutzeta.jpg","width":1000,"height":470},{"@type":"BreadcrumbList","@id":"https:\/\/sagardoarenlurraldea.eus\/es\/blog\/sidrer%c3%ada-gurutzeta-un-men%c3%ba-m%c3%a1s-econ%c3%b3mico-entre-semana\/#breadcrumb","itemListElement":[{"@type":"ListItem","position":1,"name":"Inicio","item":"https:\/\/sagardoarenlurraldea.eus\/es\/"},{"@type":"ListItem","position":2,"name":"Sidrer\u00eda Gurutzeta: Un men\u00fa m\u00e1s econ\u00f3mico entre semana."}]},{"@type":"WebSite","@id":"https:\/\/sagardoarenlurraldea.eus\/es\/#website","url":"https:\/\/sagardoarenlurraldea.eus\/es\/","name":"Sagardoaren Lurraldea","description":"El territorio de la sidra","potentialAction":[{"@type":"SearchAction","target":{"@type":"EntryPoint","urlTemplate":"https:\/\/sagardoarenlurraldea.eus\/es\/?s={search_term_string}"},"query-input":{"@type":"PropertyValueSpecification","valueRequired":true,"valueName":"search_term_string"}}],"inLanguage":"es"},{"@type":"Person","@id":"https:\/\/sagardoarenlurraldea.eus\/es\/#\/schema\/person\/9e9a225eda321f17256838c2fcba65a7","name":"Mikel Ecenarro","image":{"@type":"ImageObject","inLanguage":"es","@id":"https:\/\/sagardoarenlurraldea.eus\/es\/#\/schema\/person\/image\/","url":"https:\/\/secure.gravatar.com\/avatar\/1170400e3ac60954a47797ced4deed6bcd49cf85a03b7abd291d8f8be059bd1d?s=96&d=mm&r=g","contentUrl":"https:\/\/secure.gravatar.com\/avatar\/1170400e3ac60954a47797ced4deed6bcd49cf85a03b7abd291d8f8be059bd1d?s=96&d=mm&r=g","caption":"Mikel Ecenarro"}}]}},"_links":{"self":[{"href":"https:\/\/sagardoarenlurraldea.eus\/es\/wp-json\/wp\/v2\/posts\/17587","targetHints":{"allow":["GET"]}}],"collection":[{"href":"https:\/\/sagardoarenlurraldea.eus\/es\/wp-json\/wp\/v2\/posts"}],"about":[{"href":"https:\/\/sagardoarenlurraldea.eus\/es\/wp-json\/wp\/v2\/types\/post"}],"author":[{"embeddable":true,"href":"https:\/\/sagardoarenlurraldea.eus\/es\/wp-json\/wp\/v2\/users\/1"}],"replies":[{"embeddable":true,"href":"https:\/\/sagardoarenlurraldea.eus\/es\/wp-json\/wp\/v2\/comments?post=17587"}],"version-history":[{"count":0,"href":"https:\/\/sagardoarenlurraldea.eus\/es\/wp-json\/wp\/v2\/posts\/17587\/revisions"}],"wp:featuredmedia":[{"embeddable":true,"href":"https:\/\/sagardoarenlurraldea.eus\/es\/wp-json\/wp\/v2\/media\/1904"}],"wp:attachment":[{"href":"https:\/\/sagardoarenlurraldea.eus\/es\/wp-json\/wp\/v2\/media?parent=17587"}],"wp:term":[{"taxonomy":"category","embeddable":true,"href":"https:\/\/sagardoarenlurraldea.eus\/es\/wp-json\/wp\/v2\/categories?post=17587"},{"taxonomy":"post_tag","embeddable":true,"href":"https:\/\/sagardoarenlurraldea.eus\/es\/wp-json\/wp\/v2\/tags?post=17587"}],"curies":[{"name":"wp","href":"https:\/\/api.w.org\/{rel}","templated":true}]}}