{"id":17585,"date":"2012-01-19T00:00:00","date_gmt":"2012-01-18T22:00:00","guid":{"rendered":"http:\/\/www.sagardoarenlurraldea.eus\/blog\/el-boulevard-de-donostia-acoge-este-s%c3%a1bado-el-primer-d%c3%ada-del-txotx-con-catas-guiadas-de-sidra\/"},"modified":"2012-01-19T00:00:00","modified_gmt":"2012-01-18T22:00:00","slug":"el-boulevard-de-donostia-acoge-este-s%c3%a1bado-el-primer-d%c3%ada-del-txotx-con-catas-guiadas-de-sidra","status":"publish","type":"post","link":"https:\/\/sagardoarenlurraldea.eus\/es\/blog\/el-boulevard-de-donostia-acoge-este-s%c3%a1bado-el-primer-d%c3%ada-del-txotx-con-catas-guiadas-de-sidra\/","title":{"rendered":"El Boulevard de Donostia acoge este s\u00e1bado el primer &#8216;D\u00eda del Txotx&#8217; con catas guiadas de sidra."},"content":{"rendered":"<p>La <strong>asociaci\u00f3n Behemendi<\/strong>, junto con el <strong>Ayuntamiento de Donostia<\/strong>, han organizado para este s\u00e1bado en el Boulevard donostiarra el primer <strong>&#8216;D\u00eda del Txotx&#8217; <\/strong>con motivo de la nueva cosecha de sidra. La feria contar\u00e1 con 15 stands y una carpa en la que se ofrecer\u00e1n<strong> catas guiadas gratuitas<\/strong>.<\/p>\n<p>La feria se celebrar\u00e1 entre las 9.30 y las 14.00 horas. La principal novedad ser\u00e1 la <strong>realizaci\u00f3n de catas de sidra comentadas<\/strong>. A partir de las once, y cada media hora, se formaran grupos de 15 \u00f3 20 personas que ser\u00e1n guiadas por el en\u00f3logo de la <strong>Asociaci\u00f3n de Sidreros de Gipuzkoa Guillermo Casta\u00f1os<\/strong>, quien ense\u00f1ar\u00e1 a los asistentes a distinguir entre diferentes caldos.<\/p>\n<p>Adem\u00e1s, en este mercado se podr\u00e1n degustar y comprar aquellos productos que acompa\u00f1an al men\u00fa de sidrer\u00eda como distintos tipos de queso, dulce de manzana de Gipuzkoa, miel de Navarra, pat\u00e9 y derivados de pato, derivados del cerdo, conservas de pescado y guindillas de Ibarra.<\/p>\n<p><strong>Fuente<\/strong>: Noticias de Gipuzkoa.<\/p>\n","protected":false},"excerpt":{"rendered":"<p>La asociaci\u00f3n Behemendi, junto con el Ayuntamiento de Donostia, han organizado para este s\u00e1bado en el Boulevard donostiarra el primer &#8216;D\u00eda del Txotx&#8217; con motivo de la nueva cosecha de [&hellip;]<\/p>\n","protected":false},"author":1,"featured_media":1923,"comment_status":"open","ping_status":"open","sticky":false,"template":"","format":"standard","meta":{"_acf_changed":false,"_et_pb_use_builder":"","_et_pb_old_content":"","_et_gb_content_width":"","footnotes":""},"categories":[242,254],"tags":[412,483,530,579,1583,1874],"class_list":["post-17585","post","type-post","status-publish","format-standard","has-post-thumbnail","hentry","category-eventos","category-sidra","tag-asociacion-de-sidreros-de-gipuzkoa","tag-behemendi","tag-boulevard-donostiarra","tag-catas-guiadas-de-sidra","tag-sagardo-dastaketak","tag-txotx-eguna"],"acf":[],"yoast_head":"<!-- This site is optimized with the Yoast SEO plugin v25.4 - https:\/\/yoast.com\/wordpress\/plugins\/seo\/ -->\n<title>El Boulevard de Donostia acoge este s\u00e1bado el primer &#039;D\u00eda del Txotx&#039; con catas guiadas de sidra. - Sagardoaren Lurraldea<\/title>\n<meta name=\"robots\" content=\"index, follow, max-snippet:-1, max-image-preview:large, max-video-preview:-1\" \/>\n<link rel=\"canonical\" href=\"https:\/\/sagardoarenlurraldea.eus\/es\/blog\/el-boulevard-de-donostia-acoge-este-s%c3%a1bado-el-primer-d%c3%ada-del-txotx-con-catas-guiadas-de-sidra\/\" \/>\n<meta property=\"og:locale\" content=\"es_ES\" \/>\n<meta property=\"og:type\" content=\"article\" \/>\n<meta property=\"og:title\" content=\"El Boulevard de Donostia acoge este s\u00e1bado el primer &#039;D\u00eda del Txotx&#039; con catas guiadas de sidra. - Sagardoaren Lurraldea\" \/>\n<meta property=\"og:description\" content=\"La asociaci\u00f3n Behemendi, junto con el Ayuntamiento de Donostia, han organizado para este s\u00e1bado en el Boulevard donostiarra el primer &#8216;D\u00eda del Txotx&#8217; con motivo de la nueva cosecha de [&hellip;]\" \/>\n<meta property=\"og:url\" content=\"https:\/\/sagardoarenlurraldea.eus\/es\/blog\/el-boulevard-de-donostia-acoge-este-s%c3%a1bado-el-primer-d%c3%ada-del-txotx-con-catas-guiadas-de-sidra\/\" \/>\n<meta property=\"og:site_name\" content=\"Sagardoaren Lurraldea\" \/>\n<meta property=\"article:publisher\" content=\"https:\/\/www.facebook.com\/sagardoarenlurraldea\" \/>\n<meta property=\"article:published_time\" content=\"2012-01-18T22:00:00+00:00\" \/>\n<meta property=\"og:image\" content=\"https:\/\/sagardoarenlurraldea.eus\/wp-content\/uploads\/2012\/01\/TXOTX.jpg\" \/>\n\t<meta property=\"og:image:width\" content=\"614\" \/>\n\t<meta property=\"og:image:height\" content=\"345\" \/>\n\t<meta property=\"og:image:type\" content=\"image\/jpeg\" \/>\n<meta name=\"author\" content=\"Mikel Ecenarro\" \/>\n<meta name=\"twitter:card\" content=\"summary_large_image\" \/>\n<meta name=\"twitter:label1\" content=\"Escrito por\" \/>\n\t<meta name=\"twitter:data1\" content=\"Mikel Ecenarro\" \/>\n\t<meta name=\"twitter:label2\" content=\"Tiempo de lectura\" \/>\n\t<meta name=\"twitter:data2\" content=\"1 minuto\" \/>\n<script type=\"application\/ld+json\" class=\"yoast-schema-graph\">{\"@context\":\"https:\/\/schema.org\",\"@graph\":[{\"@type\":\"WebPage\",\"@id\":\"https:\/\/sagardoarenlurraldea.eus\/es\/blog\/el-boulevard-de-donostia-acoge-este-s%c3%a1bado-el-primer-d%c3%ada-del-txotx-con-catas-guiadas-de-sidra\/\",\"url\":\"https:\/\/sagardoarenlurraldea.eus\/es\/blog\/el-boulevard-de-donostia-acoge-este-s%c3%a1bado-el-primer-d%c3%ada-del-txotx-con-catas-guiadas-de-sidra\/\",\"name\":\"El Boulevard de Donostia acoge este s\u00e1bado el primer 'D\u00eda del Txotx' con catas guiadas de sidra. - Sagardoaren Lurraldea\",\"isPartOf\":{\"@id\":\"https:\/\/sagardoarenlurraldea.eus\/es\/#website\"},\"primaryImageOfPage\":{\"@id\":\"https:\/\/sagardoarenlurraldea.eus\/es\/blog\/el-boulevard-de-donostia-acoge-este-s%c3%a1bado-el-primer-d%c3%ada-del-txotx-con-catas-guiadas-de-sidra\/#primaryimage\"},\"image\":{\"@id\":\"https:\/\/sagardoarenlurraldea.eus\/es\/blog\/el-boulevard-de-donostia-acoge-este-s%c3%a1bado-el-primer-d%c3%ada-del-txotx-con-catas-guiadas-de-sidra\/#primaryimage\"},\"thumbnailUrl\":\"https:\/\/sagardoarenlurraldea.eus\/wp-content\/uploads\/2012\/01\/TXOTX.jpg\",\"datePublished\":\"2012-01-18T22:00:00+00:00\",\"author\":{\"@id\":\"https:\/\/sagardoarenlurraldea.eus\/es\/#\/schema\/person\/9e9a225eda321f17256838c2fcba65a7\"},\"breadcrumb\":{\"@id\":\"https:\/\/sagardoarenlurraldea.eus\/es\/blog\/el-boulevard-de-donostia-acoge-este-s%c3%a1bado-el-primer-d%c3%ada-del-txotx-con-catas-guiadas-de-sidra\/#breadcrumb\"},\"inLanguage\":\"es\",\"potentialAction\":[{\"@type\":\"ReadAction\",\"target\":[\"https:\/\/sagardoarenlurraldea.eus\/es\/blog\/el-boulevard-de-donostia-acoge-este-s%c3%a1bado-el-primer-d%c3%ada-del-txotx-con-catas-guiadas-de-sidra\/\"]}]},{\"@type\":\"ImageObject\",\"inLanguage\":\"es\",\"@id\":\"https:\/\/sagardoarenlurraldea.eus\/es\/blog\/el-boulevard-de-donostia-acoge-este-s%c3%a1bado-el-primer-d%c3%ada-del-txotx-con-catas-guiadas-de-sidra\/#primaryimage\",\"url\":\"https:\/\/sagardoarenlurraldea.eus\/wp-content\/uploads\/2012\/01\/TXOTX.jpg\",\"contentUrl\":\"https:\/\/sagardoarenlurraldea.eus\/wp-content\/uploads\/2012\/01\/TXOTX.jpg\",\"width\":614,\"height\":345},{\"@type\":\"BreadcrumbList\",\"@id\":\"https:\/\/sagardoarenlurraldea.eus\/es\/blog\/el-boulevard-de-donostia-acoge-este-s%c3%a1bado-el-primer-d%c3%ada-del-txotx-con-catas-guiadas-de-sidra\/#breadcrumb\",\"itemListElement\":[{\"@type\":\"ListItem\",\"position\":1,\"name\":\"Inicio\",\"item\":\"https:\/\/sagardoarenlurraldea.eus\/es\/\"},{\"@type\":\"ListItem\",\"position\":2,\"name\":\"El Boulevard de Donostia acoge este s\u00e1bado el primer &#8216;D\u00eda del Txotx&#8217; con catas guiadas de sidra.\"}]},{\"@type\":\"WebSite\",\"@id\":\"https:\/\/sagardoarenlurraldea.eus\/es\/#website\",\"url\":\"https:\/\/sagardoarenlurraldea.eus\/es\/\",\"name\":\"Sagardoaren Lurraldea\",\"description\":\"El territorio de la sidra\",\"potentialAction\":[{\"@type\":\"SearchAction\",\"target\":{\"@type\":\"EntryPoint\",\"urlTemplate\":\"https:\/\/sagardoarenlurraldea.eus\/es\/?s={search_term_string}\"},\"query-input\":{\"@type\":\"PropertyValueSpecification\",\"valueRequired\":true,\"valueName\":\"search_term_string\"}}],\"inLanguage\":\"es\"},{\"@type\":\"Person\",\"@id\":\"https:\/\/sagardoarenlurraldea.eus\/es\/#\/schema\/person\/9e9a225eda321f17256838c2fcba65a7\",\"name\":\"Mikel Ecenarro\",\"image\":{\"@type\":\"ImageObject\",\"inLanguage\":\"es\",\"@id\":\"https:\/\/sagardoarenlurraldea.eus\/es\/#\/schema\/person\/image\/\",\"url\":\"https:\/\/secure.gravatar.com\/avatar\/1170400e3ac60954a47797ced4deed6bcd49cf85a03b7abd291d8f8be059bd1d?s=96&d=mm&r=g\",\"contentUrl\":\"https:\/\/secure.gravatar.com\/avatar\/1170400e3ac60954a47797ced4deed6bcd49cf85a03b7abd291d8f8be059bd1d?s=96&d=mm&r=g\",\"caption\":\"Mikel Ecenarro\"}}]}<\/script>\n<!-- \/ Yoast SEO plugin. -->","yoast_head_json":{"title":"El Boulevard de Donostia acoge este s\u00e1bado el primer 'D\u00eda del Txotx' con catas guiadas de sidra. - Sagardoaren Lurraldea","robots":{"index":"index","follow":"follow","max-snippet":"max-snippet:-1","max-image-preview":"max-image-preview:large","max-video-preview":"max-video-preview:-1"},"canonical":"https:\/\/sagardoarenlurraldea.eus\/es\/blog\/el-boulevard-de-donostia-acoge-este-s%c3%a1bado-el-primer-d%c3%ada-del-txotx-con-catas-guiadas-de-sidra\/","og_locale":"es_ES","og_type":"article","og_title":"El Boulevard de Donostia acoge este s\u00e1bado el primer 'D\u00eda del Txotx' con catas guiadas de sidra. - Sagardoaren Lurraldea","og_description":"La asociaci\u00f3n Behemendi, junto con el Ayuntamiento de Donostia, han organizado para este s\u00e1bado en el Boulevard donostiarra el primer &#8216;D\u00eda del Txotx&#8217; con motivo de la nueva cosecha de [&hellip;]","og_url":"https:\/\/sagardoarenlurraldea.eus\/es\/blog\/el-boulevard-de-donostia-acoge-este-s%c3%a1bado-el-primer-d%c3%ada-del-txotx-con-catas-guiadas-de-sidra\/","og_site_name":"Sagardoaren Lurraldea","article_publisher":"https:\/\/www.facebook.com\/sagardoarenlurraldea","article_published_time":"2012-01-18T22:00:00+00:00","og_image":[{"width":614,"height":345,"url":"https:\/\/sagardoarenlurraldea.eus\/wp-content\/uploads\/2012\/01\/TXOTX.jpg","type":"image\/jpeg"}],"author":"Mikel Ecenarro","twitter_card":"summary_large_image","twitter_misc":{"Escrito por":"Mikel Ecenarro","Tiempo de lectura":"1 minuto"},"schema":{"@context":"https:\/\/schema.org","@graph":[{"@type":"WebPage","@id":"https:\/\/sagardoarenlurraldea.eus\/es\/blog\/el-boulevard-de-donostia-acoge-este-s%c3%a1bado-el-primer-d%c3%ada-del-txotx-con-catas-guiadas-de-sidra\/","url":"https:\/\/sagardoarenlurraldea.eus\/es\/blog\/el-boulevard-de-donostia-acoge-este-s%c3%a1bado-el-primer-d%c3%ada-del-txotx-con-catas-guiadas-de-sidra\/","name":"El Boulevard de Donostia acoge este s\u00e1bado el primer 'D\u00eda del Txotx' con catas guiadas de sidra. - Sagardoaren Lurraldea","isPartOf":{"@id":"https:\/\/sagardoarenlurraldea.eus\/es\/#website"},"primaryImageOfPage":{"@id":"https:\/\/sagardoarenlurraldea.eus\/es\/blog\/el-boulevard-de-donostia-acoge-este-s%c3%a1bado-el-primer-d%c3%ada-del-txotx-con-catas-guiadas-de-sidra\/#primaryimage"},"image":{"@id":"https:\/\/sagardoarenlurraldea.eus\/es\/blog\/el-boulevard-de-donostia-acoge-este-s%c3%a1bado-el-primer-d%c3%ada-del-txotx-con-catas-guiadas-de-sidra\/#primaryimage"},"thumbnailUrl":"https:\/\/sagardoarenlurraldea.eus\/wp-content\/uploads\/2012\/01\/TXOTX.jpg","datePublished":"2012-01-18T22:00:00+00:00","author":{"@id":"https:\/\/sagardoarenlurraldea.eus\/es\/#\/schema\/person\/9e9a225eda321f17256838c2fcba65a7"},"breadcrumb":{"@id":"https:\/\/sagardoarenlurraldea.eus\/es\/blog\/el-boulevard-de-donostia-acoge-este-s%c3%a1bado-el-primer-d%c3%ada-del-txotx-con-catas-guiadas-de-sidra\/#breadcrumb"},"inLanguage":"es","potentialAction":[{"@type":"ReadAction","target":["https:\/\/sagardoarenlurraldea.eus\/es\/blog\/el-boulevard-de-donostia-acoge-este-s%c3%a1bado-el-primer-d%c3%ada-del-txotx-con-catas-guiadas-de-sidra\/"]}]},{"@type":"ImageObject","inLanguage":"es","@id":"https:\/\/sagardoarenlurraldea.eus\/es\/blog\/el-boulevard-de-donostia-acoge-este-s%c3%a1bado-el-primer-d%c3%ada-del-txotx-con-catas-guiadas-de-sidra\/#primaryimage","url":"https:\/\/sagardoarenlurraldea.eus\/wp-content\/uploads\/2012\/01\/TXOTX.jpg","contentUrl":"https:\/\/sagardoarenlurraldea.eus\/wp-content\/uploads\/2012\/01\/TXOTX.jpg","width":614,"height":345},{"@type":"BreadcrumbList","@id":"https:\/\/sagardoarenlurraldea.eus\/es\/blog\/el-boulevard-de-donostia-acoge-este-s%c3%a1bado-el-primer-d%c3%ada-del-txotx-con-catas-guiadas-de-sidra\/#breadcrumb","itemListElement":[{"@type":"ListItem","position":1,"name":"Inicio","item":"https:\/\/sagardoarenlurraldea.eus\/es\/"},{"@type":"ListItem","position":2,"name":"El Boulevard de Donostia acoge este s\u00e1bado el primer &#8216;D\u00eda del Txotx&#8217; con catas guiadas de sidra."}]},{"@type":"WebSite","@id":"https:\/\/sagardoarenlurraldea.eus\/es\/#website","url":"https:\/\/sagardoarenlurraldea.eus\/es\/","name":"Sagardoaren Lurraldea","description":"El territorio de la sidra","potentialAction":[{"@type":"SearchAction","target":{"@type":"EntryPoint","urlTemplate":"https:\/\/sagardoarenlurraldea.eus\/es\/?s={search_term_string}"},"query-input":{"@type":"PropertyValueSpecification","valueRequired":true,"valueName":"search_term_string"}}],"inLanguage":"es"},{"@type":"Person","@id":"https:\/\/sagardoarenlurraldea.eus\/es\/#\/schema\/person\/9e9a225eda321f17256838c2fcba65a7","name":"Mikel Ecenarro","image":{"@type":"ImageObject","inLanguage":"es","@id":"https:\/\/sagardoarenlurraldea.eus\/es\/#\/schema\/person\/image\/","url":"https:\/\/secure.gravatar.com\/avatar\/1170400e3ac60954a47797ced4deed6bcd49cf85a03b7abd291d8f8be059bd1d?s=96&d=mm&r=g","contentUrl":"https:\/\/secure.gravatar.com\/avatar\/1170400e3ac60954a47797ced4deed6bcd49cf85a03b7abd291d8f8be059bd1d?s=96&d=mm&r=g","caption":"Mikel Ecenarro"}}]}},"_links":{"self":[{"href":"https:\/\/sagardoarenlurraldea.eus\/es\/wp-json\/wp\/v2\/posts\/17585","targetHints":{"allow":["GET"]}}],"collection":[{"href":"https:\/\/sagardoarenlurraldea.eus\/es\/wp-json\/wp\/v2\/posts"}],"about":[{"href":"https:\/\/sagardoarenlurraldea.eus\/es\/wp-json\/wp\/v2\/types\/post"}],"author":[{"embeddable":true,"href":"https:\/\/sagardoarenlurraldea.eus\/es\/wp-json\/wp\/v2\/users\/1"}],"replies":[{"embeddable":true,"href":"https:\/\/sagardoarenlurraldea.eus\/es\/wp-json\/wp\/v2\/comments?post=17585"}],"version-history":[{"count":0,"href":"https:\/\/sagardoarenlurraldea.eus\/es\/wp-json\/wp\/v2\/posts\/17585\/revisions"}],"wp:featuredmedia":[{"embeddable":true,"href":"https:\/\/sagardoarenlurraldea.eus\/es\/wp-json\/wp\/v2\/media\/1923"}],"wp:attachment":[{"href":"https:\/\/sagardoarenlurraldea.eus\/es\/wp-json\/wp\/v2\/media?parent=17585"}],"wp:term":[{"taxonomy":"category","embeddable":true,"href":"https:\/\/sagardoarenlurraldea.eus\/es\/wp-json\/wp\/v2\/categories?post=17585"},{"taxonomy":"post_tag","embeddable":true,"href":"https:\/\/sagardoarenlurraldea.eus\/es\/wp-json\/wp\/v2\/tags?post=17585"}],"curies":[{"name":"wp","href":"https:\/\/api.w.org\/{rel}","templated":true}]}}