{"id":17574,"date":"2012-01-03T00:00:00","date_gmt":"2012-01-02T22:00:00","guid":{"rendered":"http:\/\/www.sagardoarenlurraldea.eus\/blog\/txotx-sagardo-berriaren-eguna-el-11-de-enero\/"},"modified":"2012-01-03T00:00:00","modified_gmt":"2012-01-02T22:00:00","slug":"txotx-sagardo-berriaren-eguna-el-11-de-enero","status":"publish","type":"post","link":"https:\/\/sagardoarenlurraldea.eus\/es\/blog\/txotx-sagardo-berriaren-eguna-el-11-de-enero\/","title":{"rendered":"TXOTX. Sagardo Berriaren Eguna, el 11 de enero."},"content":{"rendered":"<div><strong><a href=\"https:\/\/sagardoarenlurraldea.eus\/wp-content\/uploads\/2011\/03\/O9U8851.jpg\"><img loading=\"lazy\" decoding=\"async\" class=\"alignleft size-medium wp-image-207\" alt=\"Karlos Argui\u00f1ano\" src=\"https:\/\/sagardoarenlurraldea.eus\/wp-content\/uploads\/2011\/03\/O9U8851-300x200.jpg\" width=\"300\" height=\"200\" \/><\/a>Sagardoetxea <\/strong>presentar\u00e1 el pr\u00f3ximo<strong> 11 de enero <\/strong>las caracter\u00edsticas de la cosecha 2011, lo que viene a considerarse el comienzo de la nueva temporada del txotx y el esperado momento para empezar a disfrutar de la sagardo berria.<\/div>\n<div>\n<div class=\"not_det_txt\">\n<p class=\"bodytext\">El Alcalde de Astigarraga, Andoni Gartzia, presidir\u00e1 en Sagardoetxea el anuncio de esta nueva cosecha y la descripci\u00f3n de las cualidades de la manzana y de la sagardo berria, as\u00ed como los pormenores del proceso de elaboraci\u00f3n.<\/p>\n<p class=\"bodytext\">En esta decimonovena edici\u00f3n, el instante de la jornada corresponder\u00e1 a la apertura del txotx, que se celebrar\u00e1 en Petritegi Sagardotegia, cuando tras el anuncio de \u201cGure Sagardo Berria\u201d, que pronunciar\u00e1 el protagonista del evento, quedar\u00e1 abierta la primera kupela.<\/p>\n<p class=\"bodytext\">Antes, en el manzanal muse\u00edstico protagonizar\u00e1 tambi\u00e9n la plantaci\u00f3n de un manzano nuevo, un acto simb\u00f3lico como muestra del dinamismo y la renovaci\u00f3n de la naturaleza, que a\u00f1o a a\u00f1o nos ofrece la posibilidad de sentarnos en torno a una mesa y la sagardoa.<\/p>\n<p class=\"bodytext\"><strong>YA FUERON PROTAGONISTAS&#8230;<\/strong><\/p>\n<p class=\"bodytext\">1994, El bertsolari Andoni EGA\u00d1A.<\/p>\n<p class=\"bodytext\">1995, El futbolista Jos\u00e9 Mari BAKERO.<\/p>\n<p class=\"bodytext\">1996, El seleccionador Javier CLEMENTE.<\/p>\n<p class=\"bodytext\">1997, El pelotari Juli\u00e1n RETEGI.<\/p>\n<p class=\"bodytext\">1998, El ciclista Miguel INDURAIN.<\/p>\n<p class=\"bodytext\">1999, El restaurador Juan Mari ARZAK.<\/p>\n<p class=\"bodytext\">2000, El f\u00edsico Pedro Miguel ETXENIKE.<\/p>\n<p class=\"bodytext\">2001, La ciclista Joane SOMARRIBA.<\/p>\n<p class=\"bodytext\">2002, El maratoniano Mart\u00edn FIZ.<\/p>\n<p class=\"bodytext\">2003, El ciclista Abraham OLANO.<\/p>\n<p class=\"bodytext\">2004, Periko, Mikel y Xabi ALONSO.<\/p>\n<p class=\"bodytext\">2005, La soprano Ainhoa ARTETA.<\/p>\n<p class=\"bodytext\">2006, El arraunlari Jos\u00e9 Luis KORTA.<\/p>\n<p class=\"bodytext\">2007, El pelotari Juan MARTINEZ DE IRUJO.<\/p>\n<p class=\"bodytext\">2008, El cocinero Andoni LUIS ADURIZ.<\/p>\n<p class=\"bodytext\">2009, El pelotari Aimar OLAIZOLA.<\/p>\n<p class=\"bodytext\">2010, La REAL SOCIEDAD DE FUTBOL.<\/p>\n<p class=\"bodytext\">2011, El cocinero Karlos ARGUI\u00d1ANO.<\/p>\n<\/div>\n<\/div>\n","protected":false},"excerpt":{"rendered":"<p>Sagardoetxea presentar\u00e1 el pr\u00f3ximo 11 de enero las caracter\u00edsticas de la cosecha 2011, lo que viene a considerarse el comienzo de la nueva temporada del txotx y el esperado momento [&hellip;]<\/p>\n","protected":false},"author":1,"featured_media":1819,"comment_status":"open","ping_status":"open","sticky":false,"template":"","format":"standard","meta":{"_acf_changed":false,"_et_pb_use_builder":"","_et_pb_old_content":"","_et_gb_content_width":"","footnotes":""},"categories":[254],"tags":[372,1579],"class_list":["post-17574","post","type-post","status-publish","format-standard","has-post-thumbnail","hentry","category-sidra","tag-apertura-del-txotx","tag-sagardo-berriaren-eguna-2012"],"acf":[],"yoast_head":"<!-- This site is optimized with the Yoast SEO plugin v25.4 - https:\/\/yoast.com\/wordpress\/plugins\/seo\/ -->\n<title>TXOTX. Sagardo Berriaren Eguna, el 11 de enero. - Sagardoaren Lurraldea<\/title>\n<meta name=\"robots\" content=\"index, follow, max-snippet:-1, max-image-preview:large, max-video-preview:-1\" \/>\n<link rel=\"canonical\" href=\"https:\/\/sagardoarenlurraldea.eus\/es\/blog\/txotx-sagardo-berriaren-eguna-el-11-de-enero\/\" \/>\n<meta property=\"og:locale\" content=\"es_ES\" \/>\n<meta property=\"og:type\" content=\"article\" \/>\n<meta property=\"og:title\" content=\"TXOTX. Sagardo Berriaren Eguna, el 11 de enero. - Sagardoaren Lurraldea\" \/>\n<meta property=\"og:description\" content=\"Sagardoetxea presentar\u00e1 el pr\u00f3ximo 11 de enero las caracter\u00edsticas de la cosecha 2011, lo que viene a considerarse el comienzo de la nueva temporada del txotx y el esperado momento [&hellip;]\" \/>\n<meta property=\"og:url\" content=\"https:\/\/sagardoarenlurraldea.eus\/es\/blog\/txotx-sagardo-berriaren-eguna-el-11-de-enero\/\" \/>\n<meta property=\"og:site_name\" content=\"Sagardoaren Lurraldea\" \/>\n<meta property=\"article:publisher\" content=\"https:\/\/www.facebook.com\/sagardoarenlurraldea\" \/>\n<meta property=\"article:published_time\" content=\"2012-01-02T22:00:00+00:00\" \/>\n<meta property=\"og:image\" content=\"https:\/\/sagardoarenlurraldea.eus\/wp-content\/uploads\/2011\/03\/O9U8851.jpg\" \/>\n\t<meta property=\"og:image:width\" content=\"1000\" \/>\n\t<meta property=\"og:image:height\" content=\"667\" \/>\n\t<meta property=\"og:image:type\" content=\"image\/jpeg\" \/>\n<meta name=\"author\" content=\"Mikel Ecenarro\" \/>\n<meta name=\"twitter:card\" content=\"summary_large_image\" \/>\n<meta name=\"twitter:label1\" content=\"Escrito por\" \/>\n\t<meta name=\"twitter:data1\" content=\"Mikel Ecenarro\" \/>\n\t<meta name=\"twitter:label2\" content=\"Tiempo de lectura\" \/>\n\t<meta name=\"twitter:data2\" content=\"1 minuto\" \/>\n<script type=\"application\/ld+json\" class=\"yoast-schema-graph\">{\"@context\":\"https:\/\/schema.org\",\"@graph\":[{\"@type\":\"WebPage\",\"@id\":\"https:\/\/sagardoarenlurraldea.eus\/es\/blog\/txotx-sagardo-berriaren-eguna-el-11-de-enero\/\",\"url\":\"https:\/\/sagardoarenlurraldea.eus\/es\/blog\/txotx-sagardo-berriaren-eguna-el-11-de-enero\/\",\"name\":\"TXOTX. Sagardo Berriaren Eguna, el 11 de enero. - Sagardoaren Lurraldea\",\"isPartOf\":{\"@id\":\"https:\/\/sagardoarenlurraldea.eus\/es\/#website\"},\"primaryImageOfPage\":{\"@id\":\"https:\/\/sagardoarenlurraldea.eus\/es\/blog\/txotx-sagardo-berriaren-eguna-el-11-de-enero\/#primaryimage\"},\"image\":{\"@id\":\"https:\/\/sagardoarenlurraldea.eus\/es\/blog\/txotx-sagardo-berriaren-eguna-el-11-de-enero\/#primaryimage\"},\"thumbnailUrl\":\"https:\/\/sagardoarenlurraldea.eus\/wp-content\/uploads\/2011\/03\/O9U8851.jpg\",\"datePublished\":\"2012-01-02T22:00:00+00:00\",\"author\":{\"@id\":\"https:\/\/sagardoarenlurraldea.eus\/es\/#\/schema\/person\/9e9a225eda321f17256838c2fcba65a7\"},\"breadcrumb\":{\"@id\":\"https:\/\/sagardoarenlurraldea.eus\/es\/blog\/txotx-sagardo-berriaren-eguna-el-11-de-enero\/#breadcrumb\"},\"inLanguage\":\"es\",\"potentialAction\":[{\"@type\":\"ReadAction\",\"target\":[\"https:\/\/sagardoarenlurraldea.eus\/es\/blog\/txotx-sagardo-berriaren-eguna-el-11-de-enero\/\"]}]},{\"@type\":\"ImageObject\",\"inLanguage\":\"es\",\"@id\":\"https:\/\/sagardoarenlurraldea.eus\/es\/blog\/txotx-sagardo-berriaren-eguna-el-11-de-enero\/#primaryimage\",\"url\":\"https:\/\/sagardoarenlurraldea.eus\/wp-content\/uploads\/2011\/03\/O9U8851.jpg\",\"contentUrl\":\"https:\/\/sagardoarenlurraldea.eus\/wp-content\/uploads\/2011\/03\/O9U8851.jpg\",\"width\":1000,\"height\":667},{\"@type\":\"BreadcrumbList\",\"@id\":\"https:\/\/sagardoarenlurraldea.eus\/es\/blog\/txotx-sagardo-berriaren-eguna-el-11-de-enero\/#breadcrumb\",\"itemListElement\":[{\"@type\":\"ListItem\",\"position\":1,\"name\":\"Inicio\",\"item\":\"https:\/\/sagardoarenlurraldea.eus\/es\/\"},{\"@type\":\"ListItem\",\"position\":2,\"name\":\"TXOTX. Sagardo Berriaren Eguna, el 11 de enero.\"}]},{\"@type\":\"WebSite\",\"@id\":\"https:\/\/sagardoarenlurraldea.eus\/es\/#website\",\"url\":\"https:\/\/sagardoarenlurraldea.eus\/es\/\",\"name\":\"Sagardoaren Lurraldea\",\"description\":\"El territorio de la sidra\",\"potentialAction\":[{\"@type\":\"SearchAction\",\"target\":{\"@type\":\"EntryPoint\",\"urlTemplate\":\"https:\/\/sagardoarenlurraldea.eus\/es\/?s={search_term_string}\"},\"query-input\":{\"@type\":\"PropertyValueSpecification\",\"valueRequired\":true,\"valueName\":\"search_term_string\"}}],\"inLanguage\":\"es\"},{\"@type\":\"Person\",\"@id\":\"https:\/\/sagardoarenlurraldea.eus\/es\/#\/schema\/person\/9e9a225eda321f17256838c2fcba65a7\",\"name\":\"Mikel Ecenarro\",\"image\":{\"@type\":\"ImageObject\",\"inLanguage\":\"es\",\"@id\":\"https:\/\/sagardoarenlurraldea.eus\/es\/#\/schema\/person\/image\/\",\"url\":\"https:\/\/secure.gravatar.com\/avatar\/1170400e3ac60954a47797ced4deed6bcd49cf85a03b7abd291d8f8be059bd1d?s=96&d=mm&r=g\",\"contentUrl\":\"https:\/\/secure.gravatar.com\/avatar\/1170400e3ac60954a47797ced4deed6bcd49cf85a03b7abd291d8f8be059bd1d?s=96&d=mm&r=g\",\"caption\":\"Mikel Ecenarro\"}}]}<\/script>\n<!-- \/ Yoast SEO plugin. -->","yoast_head_json":{"title":"TXOTX. Sagardo Berriaren Eguna, el 11 de enero. - Sagardoaren Lurraldea","robots":{"index":"index","follow":"follow","max-snippet":"max-snippet:-1","max-image-preview":"max-image-preview:large","max-video-preview":"max-video-preview:-1"},"canonical":"https:\/\/sagardoarenlurraldea.eus\/es\/blog\/txotx-sagardo-berriaren-eguna-el-11-de-enero\/","og_locale":"es_ES","og_type":"article","og_title":"TXOTX. Sagardo Berriaren Eguna, el 11 de enero. - Sagardoaren Lurraldea","og_description":"Sagardoetxea presentar\u00e1 el pr\u00f3ximo 11 de enero las caracter\u00edsticas de la cosecha 2011, lo que viene a considerarse el comienzo de la nueva temporada del txotx y el esperado momento [&hellip;]","og_url":"https:\/\/sagardoarenlurraldea.eus\/es\/blog\/txotx-sagardo-berriaren-eguna-el-11-de-enero\/","og_site_name":"Sagardoaren Lurraldea","article_publisher":"https:\/\/www.facebook.com\/sagardoarenlurraldea","article_published_time":"2012-01-02T22:00:00+00:00","og_image":[{"width":1000,"height":667,"url":"https:\/\/sagardoarenlurraldea.eus\/wp-content\/uploads\/2011\/03\/O9U8851.jpg","type":"image\/jpeg"}],"author":"Mikel Ecenarro","twitter_card":"summary_large_image","twitter_misc":{"Escrito por":"Mikel Ecenarro","Tiempo de lectura":"1 minuto"},"schema":{"@context":"https:\/\/schema.org","@graph":[{"@type":"WebPage","@id":"https:\/\/sagardoarenlurraldea.eus\/es\/blog\/txotx-sagardo-berriaren-eguna-el-11-de-enero\/","url":"https:\/\/sagardoarenlurraldea.eus\/es\/blog\/txotx-sagardo-berriaren-eguna-el-11-de-enero\/","name":"TXOTX. Sagardo Berriaren Eguna, el 11 de enero. - Sagardoaren Lurraldea","isPartOf":{"@id":"https:\/\/sagardoarenlurraldea.eus\/es\/#website"},"primaryImageOfPage":{"@id":"https:\/\/sagardoarenlurraldea.eus\/es\/blog\/txotx-sagardo-berriaren-eguna-el-11-de-enero\/#primaryimage"},"image":{"@id":"https:\/\/sagardoarenlurraldea.eus\/es\/blog\/txotx-sagardo-berriaren-eguna-el-11-de-enero\/#primaryimage"},"thumbnailUrl":"https:\/\/sagardoarenlurraldea.eus\/wp-content\/uploads\/2011\/03\/O9U8851.jpg","datePublished":"2012-01-02T22:00:00+00:00","author":{"@id":"https:\/\/sagardoarenlurraldea.eus\/es\/#\/schema\/person\/9e9a225eda321f17256838c2fcba65a7"},"breadcrumb":{"@id":"https:\/\/sagardoarenlurraldea.eus\/es\/blog\/txotx-sagardo-berriaren-eguna-el-11-de-enero\/#breadcrumb"},"inLanguage":"es","potentialAction":[{"@type":"ReadAction","target":["https:\/\/sagardoarenlurraldea.eus\/es\/blog\/txotx-sagardo-berriaren-eguna-el-11-de-enero\/"]}]},{"@type":"ImageObject","inLanguage":"es","@id":"https:\/\/sagardoarenlurraldea.eus\/es\/blog\/txotx-sagardo-berriaren-eguna-el-11-de-enero\/#primaryimage","url":"https:\/\/sagardoarenlurraldea.eus\/wp-content\/uploads\/2011\/03\/O9U8851.jpg","contentUrl":"https:\/\/sagardoarenlurraldea.eus\/wp-content\/uploads\/2011\/03\/O9U8851.jpg","width":1000,"height":667},{"@type":"BreadcrumbList","@id":"https:\/\/sagardoarenlurraldea.eus\/es\/blog\/txotx-sagardo-berriaren-eguna-el-11-de-enero\/#breadcrumb","itemListElement":[{"@type":"ListItem","position":1,"name":"Inicio","item":"https:\/\/sagardoarenlurraldea.eus\/es\/"},{"@type":"ListItem","position":2,"name":"TXOTX. Sagardo Berriaren Eguna, el 11 de enero."}]},{"@type":"WebSite","@id":"https:\/\/sagardoarenlurraldea.eus\/es\/#website","url":"https:\/\/sagardoarenlurraldea.eus\/es\/","name":"Sagardoaren Lurraldea","description":"El territorio de la sidra","potentialAction":[{"@type":"SearchAction","target":{"@type":"EntryPoint","urlTemplate":"https:\/\/sagardoarenlurraldea.eus\/es\/?s={search_term_string}"},"query-input":{"@type":"PropertyValueSpecification","valueRequired":true,"valueName":"search_term_string"}}],"inLanguage":"es"},{"@type":"Person","@id":"https:\/\/sagardoarenlurraldea.eus\/es\/#\/schema\/person\/9e9a225eda321f17256838c2fcba65a7","name":"Mikel Ecenarro","image":{"@type":"ImageObject","inLanguage":"es","@id":"https:\/\/sagardoarenlurraldea.eus\/es\/#\/schema\/person\/image\/","url":"https:\/\/secure.gravatar.com\/avatar\/1170400e3ac60954a47797ced4deed6bcd49cf85a03b7abd291d8f8be059bd1d?s=96&d=mm&r=g","contentUrl":"https:\/\/secure.gravatar.com\/avatar\/1170400e3ac60954a47797ced4deed6bcd49cf85a03b7abd291d8f8be059bd1d?s=96&d=mm&r=g","caption":"Mikel Ecenarro"}}]}},"_links":{"self":[{"href":"https:\/\/sagardoarenlurraldea.eus\/es\/wp-json\/wp\/v2\/posts\/17574","targetHints":{"allow":["GET"]}}],"collection":[{"href":"https:\/\/sagardoarenlurraldea.eus\/es\/wp-json\/wp\/v2\/posts"}],"about":[{"href":"https:\/\/sagardoarenlurraldea.eus\/es\/wp-json\/wp\/v2\/types\/post"}],"author":[{"embeddable":true,"href":"https:\/\/sagardoarenlurraldea.eus\/es\/wp-json\/wp\/v2\/users\/1"}],"replies":[{"embeddable":true,"href":"https:\/\/sagardoarenlurraldea.eus\/es\/wp-json\/wp\/v2\/comments?post=17574"}],"version-history":[{"count":0,"href":"https:\/\/sagardoarenlurraldea.eus\/es\/wp-json\/wp\/v2\/posts\/17574\/revisions"}],"wp:featuredmedia":[{"embeddable":true,"href":"https:\/\/sagardoarenlurraldea.eus\/es\/wp-json\/wp\/v2\/media\/1819"}],"wp:attachment":[{"href":"https:\/\/sagardoarenlurraldea.eus\/es\/wp-json\/wp\/v2\/media?parent=17574"}],"wp:term":[{"taxonomy":"category","embeddable":true,"href":"https:\/\/sagardoarenlurraldea.eus\/es\/wp-json\/wp\/v2\/categories?post=17574"},{"taxonomy":"post_tag","embeddable":true,"href":"https:\/\/sagardoarenlurraldea.eus\/es\/wp-json\/wp\/v2\/tags?post=17574"}],"curies":[{"name":"wp","href":"https:\/\/api.w.org\/{rel}","templated":true}]}}