{"id":17537,"date":"2011-09-07T00:00:00","date_gmt":"2011-09-06T22:00:00","guid":{"rendered":"http:\/\/www.sagardoarenlurraldea.eus\/blog\/iv-rally-fotogr%c3%a1fico-digital-sagar-uzta-en-astigarraga\/"},"modified":"2011-09-07T00:00:00","modified_gmt":"2011-09-06T22:00:00","slug":"iv-rally-fotogr%c3%a1fico-digital-sagar-uzta-en-astigarraga","status":"publish","type":"post","link":"https:\/\/sagardoarenlurraldea.eus\/es\/blog\/iv-rally-fotogr%c3%a1fico-digital-sagar-uzta-en-astigarraga\/","title":{"rendered":"IV. Rally Fotogr\u00e1fico Digital Sagar Uzta en Astigarraga."},"content":{"rendered":"<p><a href=\"https:\/\/sagardoarenlurraldea.eus\/wp-content\/uploads\/2012\/10\/Sagar-Uzta-2008-I.-Argazki-Rallya-Erkaitz-Regillaga-N\u00ba5-0006.jpg\"><img loading=\"lazy\" decoding=\"async\" class=\"alignleft size-medium wp-image-1888\" alt=\"Sagar Uzta-2008-I. Argazki Rallya-Erkaitz Regillaga-N\u00ba5-0006\" src=\"https:\/\/sagardoarenlurraldea.eus\/wp-content\/uploads\/2012\/10\/Sagar-Uzta-2008-I.-Argazki-Rallya-Erkaitz-Regillaga-N\u00ba5-0006-300x200.jpg\" width=\"300\" height=\"200\" \/><\/a>El d\u00eda 25 de Septiembre del 2011, Domingo, dentro de la <strong>XI edici\u00f3n de Sagar Uzta<\/strong>, fiesta dedicada a la manzana, se va a celebrar el <strong>IV. Rally Fotogr\u00e1fico en Astigarraga<\/strong>, donde se premiar\u00e1 por segundo a\u00f1o consecutivo la mejor colecci\u00f3n local.<\/p>\n<p><strong>Bases<\/strong>:<\/p>\n<p>1. Podr\u00e1 participar toda persona aficionada a la fotograf\u00eda.<\/p>\n<p>2. Las inscripciones se realizar\u00e1n en la plaza de los Fueros (junto al Ayuntamiento) el domingo 25 de Septiembre entre las 10:00 y las 11:30.<\/p>\n<p>3. La inscripci\u00f3n ser\u00e1 de 3 euros.<\/p>\n<p>4. Temas: Los temas se dar\u00e1n a conocer en el momento de la inscripci\u00f3n.<\/p>\n<p>5. Cada participante deber\u00e1 presentar 6 fotograf\u00edas en formato JPG y con una resoluci\u00f3n m\u00ednima de 300 pixeles.<\/p>\n<p>La entrega de la colecci\u00f3n se realizar\u00e1 a trav\u00e9s de una descarga de fotograf\u00edas en <a href=\"http:\/\/www.sagardoetxea.com\">www.sagardoetxea.com<\/a> desde el 26 de Septiembre hasta el 1 de Octubre.<\/p>\n<p>6. Premios:<\/p>\n<p>Mejor colecci\u00f3n: 175 euros.<\/p>\n<p>Segundo clasificado: 125 euros.<\/p>\n<p>Mejor colecci\u00f3n de Astigarraga: 100 euros.<\/p>\n<p>7. El jurado estar\u00e1 compuesto por dos fot\u00f3grafos profesionales y un estudio de dise\u00f1o gr\u00e1fico.<\/p>\n<p>8. El viernes 14 de Octubre a las 19:00 se inaugurar\u00e1 la exposici\u00f3n de fotograf\u00edas, se realizar\u00e1 una proyecci\u00f3n comentada de fotograf\u00edas del rally y se entregar\u00e1n los premios a los ganadores del concurso en Sagardoetxea.<\/p>\n<p>9. Cualquier cuesti\u00f3n no contemplada en estas bases ser\u00e1 resuelta por la organizaci\u00f3n.<\/p>\n<p><strong>Notas<\/strong>:<\/p>\n<p>1. Las fotos presentadas a concurso quedar\u00e1n en poder de la organizaci\u00f3n.<\/p>\n<p>2. La exposici\u00f3n se realizar\u00e1 en Sagardoetxea Museoa desde el 14 al 28 de Octubre en horarios del museo.<\/p>\n<p>3. Se expondr\u00e1n todas las fotos ganadoras y una foto por cada participante.<\/p>\n<p>4. La participaci\u00f3n en este Rally supone la aceptaci\u00f3n de estas bases.<\/p>\n<p>5. La decisi\u00f3n del jurado ser\u00e1 inapelable.<\/p>\n<p>6. La inscripci\u00f3n en el Rally incluye la degustaci\u00f3n de sidra y un pintxo.<\/p>\n<p>7. Cada participante obtar\u00e1 por un \u00fanico premio.<\/p>\n<p>\u00a0<strong>Fuente<\/strong>: <a href=\"http:\/\/www.sagardoetxea.com\">www.sagardoetxea.com<\/a><\/p>\n","protected":false},"excerpt":{"rendered":"<p>El d\u00eda 25 de Septiembre del 2011, Domingo, dentro de la XI edici\u00f3n de Sagar Uzta, fiesta dedicada a la manzana, se va a celebrar el IV. Rally Fotogr\u00e1fico en [&hellip;]<\/p>\n","protected":false},"author":1,"featured_media":2048,"comment_status":"open","ping_status":"open","sticky":false,"template":"","format":"standard","meta":{"_acf_changed":false,"_et_pb_use_builder":"","_et_pb_old_content":"","_et_gb_content_width":"","footnotes":""},"categories":[249,248,242,252],"tags":[472,1100,1101,1197,1943],"class_list":["post-17537","post","type-post","status-publish","format-standard","has-post-thumbnail","hentry","category-concursos","category-kultura","category-eventos","category-manzana","tag-bases-del-concurso","tag-iv-rally-fotografico-sagar-uzta","tag-iv-sagar-uzta-argazki-rallya","tag-lehiaketaren-oinarriak","tag-xi-sagar-uzta"],"acf":[],"yoast_head":"<!-- This site is optimized with the Yoast SEO plugin v25.4 - https:\/\/yoast.com\/wordpress\/plugins\/seo\/ -->\n<title>IV. Rally Fotogr\u00e1fico Digital Sagar Uzta en Astigarraga. - Sagardoaren Lurraldea<\/title>\n<meta name=\"robots\" content=\"index, follow, max-snippet:-1, max-image-preview:large, max-video-preview:-1\" \/>\n<link rel=\"canonical\" href=\"https:\/\/sagardoarenlurraldea.eus\/es\/blog\/iv-rally-fotogr%c3%a1fico-digital-sagar-uzta-en-astigarraga\/\" \/>\n<meta property=\"og:locale\" content=\"es_ES\" \/>\n<meta property=\"og:type\" content=\"article\" \/>\n<meta property=\"og:title\" content=\"IV. Rally Fotogr\u00e1fico Digital Sagar Uzta en Astigarraga. - Sagardoaren Lurraldea\" \/>\n<meta property=\"og:description\" content=\"El d\u00eda 25 de Septiembre del 2011, Domingo, dentro de la XI edici\u00f3n de Sagar Uzta, fiesta dedicada a la manzana, se va a celebrar el IV. Rally Fotogr\u00e1fico en [&hellip;]\" \/>\n<meta property=\"og:url\" content=\"https:\/\/sagardoarenlurraldea.eus\/es\/blog\/iv-rally-fotogr%c3%a1fico-digital-sagar-uzta-en-astigarraga\/\" \/>\n<meta property=\"og:site_name\" content=\"Sagardoaren Lurraldea\" \/>\n<meta property=\"article:publisher\" content=\"https:\/\/www.facebook.com\/sagardoarenlurraldea\" \/>\n<meta property=\"article:published_time\" content=\"2011-09-06T22:00:00+00:00\" \/>\n<meta property=\"og:image\" content=\"https:\/\/sagardoarenlurraldea.eus\/wp-content\/uploads\/2012\/10\/Sagar-Uzta-2008-I.-Argazki-Rallya-Erkaitz-Regillaga-N\u00ba5-0006.jpg\" \/>\n\t<meta property=\"og:image:width\" content=\"1024\" \/>\n\t<meta property=\"og:image:height\" content=\"683\" \/>\n\t<meta property=\"og:image:type\" content=\"image\/jpeg\" \/>\n<meta name=\"author\" content=\"Mikel Ecenarro\" \/>\n<meta name=\"twitter:card\" content=\"summary_large_image\" \/>\n<meta name=\"twitter:label1\" content=\"Escrito por\" \/>\n\t<meta name=\"twitter:data1\" content=\"Mikel Ecenarro\" \/>\n\t<meta name=\"twitter:label2\" content=\"Tiempo de lectura\" \/>\n\t<meta name=\"twitter:data2\" content=\"2 minutos\" \/>\n<script type=\"application\/ld+json\" class=\"yoast-schema-graph\">{\"@context\":\"https:\/\/schema.org\",\"@graph\":[{\"@type\":\"WebPage\",\"@id\":\"https:\/\/sagardoarenlurraldea.eus\/es\/blog\/iv-rally-fotogr%c3%a1fico-digital-sagar-uzta-en-astigarraga\/\",\"url\":\"https:\/\/sagardoarenlurraldea.eus\/es\/blog\/iv-rally-fotogr%c3%a1fico-digital-sagar-uzta-en-astigarraga\/\",\"name\":\"IV. Rally Fotogr\u00e1fico Digital Sagar Uzta en Astigarraga. - Sagardoaren Lurraldea\",\"isPartOf\":{\"@id\":\"https:\/\/sagardoarenlurraldea.eus\/es\/#website\"},\"primaryImageOfPage\":{\"@id\":\"https:\/\/sagardoarenlurraldea.eus\/es\/blog\/iv-rally-fotogr%c3%a1fico-digital-sagar-uzta-en-astigarraga\/#primaryimage\"},\"image\":{\"@id\":\"https:\/\/sagardoarenlurraldea.eus\/es\/blog\/iv-rally-fotogr%c3%a1fico-digital-sagar-uzta-en-astigarraga\/#primaryimage\"},\"thumbnailUrl\":\"https:\/\/sagardoarenlurraldea.eus\/wp-content\/uploads\/2012\/10\/Sagar-Uzta-2008-I.-Argazki-Rallya-Erkaitz-Regillaga-N\u00ba5-0006.jpg\",\"datePublished\":\"2011-09-06T22:00:00+00:00\",\"author\":{\"@id\":\"https:\/\/sagardoarenlurraldea.eus\/es\/#\/schema\/person\/9e9a225eda321f17256838c2fcba65a7\"},\"breadcrumb\":{\"@id\":\"https:\/\/sagardoarenlurraldea.eus\/es\/blog\/iv-rally-fotogr%c3%a1fico-digital-sagar-uzta-en-astigarraga\/#breadcrumb\"},\"inLanguage\":\"es\",\"potentialAction\":[{\"@type\":\"ReadAction\",\"target\":[\"https:\/\/sagardoarenlurraldea.eus\/es\/blog\/iv-rally-fotogr%c3%a1fico-digital-sagar-uzta-en-astigarraga\/\"]}]},{\"@type\":\"ImageObject\",\"inLanguage\":\"es\",\"@id\":\"https:\/\/sagardoarenlurraldea.eus\/es\/blog\/iv-rally-fotogr%c3%a1fico-digital-sagar-uzta-en-astigarraga\/#primaryimage\",\"url\":\"https:\/\/sagardoarenlurraldea.eus\/wp-content\/uploads\/2012\/10\/Sagar-Uzta-2008-I.-Argazki-Rallya-Erkaitz-Regillaga-N\u00ba5-0006.jpg\",\"contentUrl\":\"https:\/\/sagardoarenlurraldea.eus\/wp-content\/uploads\/2012\/10\/Sagar-Uzta-2008-I.-Argazki-Rallya-Erkaitz-Regillaga-N\u00ba5-0006.jpg\",\"width\":1024,\"height\":683},{\"@type\":\"BreadcrumbList\",\"@id\":\"https:\/\/sagardoarenlurraldea.eus\/es\/blog\/iv-rally-fotogr%c3%a1fico-digital-sagar-uzta-en-astigarraga\/#breadcrumb\",\"itemListElement\":[{\"@type\":\"ListItem\",\"position\":1,\"name\":\"Inicio\",\"item\":\"https:\/\/sagardoarenlurraldea.eus\/es\/\"},{\"@type\":\"ListItem\",\"position\":2,\"name\":\"IV. Rally Fotogr\u00e1fico Digital Sagar Uzta en Astigarraga.\"}]},{\"@type\":\"WebSite\",\"@id\":\"https:\/\/sagardoarenlurraldea.eus\/es\/#website\",\"url\":\"https:\/\/sagardoarenlurraldea.eus\/es\/\",\"name\":\"Sagardoaren Lurraldea\",\"description\":\"El territorio de la sidra\",\"potentialAction\":[{\"@type\":\"SearchAction\",\"target\":{\"@type\":\"EntryPoint\",\"urlTemplate\":\"https:\/\/sagardoarenlurraldea.eus\/es\/?s={search_term_string}\"},\"query-input\":{\"@type\":\"PropertyValueSpecification\",\"valueRequired\":true,\"valueName\":\"search_term_string\"}}],\"inLanguage\":\"es\"},{\"@type\":\"Person\",\"@id\":\"https:\/\/sagardoarenlurraldea.eus\/es\/#\/schema\/person\/9e9a225eda321f17256838c2fcba65a7\",\"name\":\"Mikel Ecenarro\",\"image\":{\"@type\":\"ImageObject\",\"inLanguage\":\"es\",\"@id\":\"https:\/\/sagardoarenlurraldea.eus\/es\/#\/schema\/person\/image\/\",\"url\":\"https:\/\/secure.gravatar.com\/avatar\/1170400e3ac60954a47797ced4deed6bcd49cf85a03b7abd291d8f8be059bd1d?s=96&d=mm&r=g\",\"contentUrl\":\"https:\/\/secure.gravatar.com\/avatar\/1170400e3ac60954a47797ced4deed6bcd49cf85a03b7abd291d8f8be059bd1d?s=96&d=mm&r=g\",\"caption\":\"Mikel Ecenarro\"}}]}<\/script>\n<!-- \/ Yoast SEO plugin. -->","yoast_head_json":{"title":"IV. Rally Fotogr\u00e1fico Digital Sagar Uzta en Astigarraga. - Sagardoaren Lurraldea","robots":{"index":"index","follow":"follow","max-snippet":"max-snippet:-1","max-image-preview":"max-image-preview:large","max-video-preview":"max-video-preview:-1"},"canonical":"https:\/\/sagardoarenlurraldea.eus\/es\/blog\/iv-rally-fotogr%c3%a1fico-digital-sagar-uzta-en-astigarraga\/","og_locale":"es_ES","og_type":"article","og_title":"IV. Rally Fotogr\u00e1fico Digital Sagar Uzta en Astigarraga. - Sagardoaren Lurraldea","og_description":"El d\u00eda 25 de Septiembre del 2011, Domingo, dentro de la XI edici\u00f3n de Sagar Uzta, fiesta dedicada a la manzana, se va a celebrar el IV. Rally Fotogr\u00e1fico en [&hellip;]","og_url":"https:\/\/sagardoarenlurraldea.eus\/es\/blog\/iv-rally-fotogr%c3%a1fico-digital-sagar-uzta-en-astigarraga\/","og_site_name":"Sagardoaren Lurraldea","article_publisher":"https:\/\/www.facebook.com\/sagardoarenlurraldea","article_published_time":"2011-09-06T22:00:00+00:00","og_image":[{"width":1024,"height":683,"url":"https:\/\/sagardoarenlurraldea.eus\/wp-content\/uploads\/2012\/10\/Sagar-Uzta-2008-I.-Argazki-Rallya-Erkaitz-Regillaga-N\u00ba5-0006.jpg","type":"image\/jpeg"}],"author":"Mikel Ecenarro","twitter_card":"summary_large_image","twitter_misc":{"Escrito por":"Mikel Ecenarro","Tiempo de lectura":"2 minutos"},"schema":{"@context":"https:\/\/schema.org","@graph":[{"@type":"WebPage","@id":"https:\/\/sagardoarenlurraldea.eus\/es\/blog\/iv-rally-fotogr%c3%a1fico-digital-sagar-uzta-en-astigarraga\/","url":"https:\/\/sagardoarenlurraldea.eus\/es\/blog\/iv-rally-fotogr%c3%a1fico-digital-sagar-uzta-en-astigarraga\/","name":"IV. Rally Fotogr\u00e1fico Digital Sagar Uzta en Astigarraga. - Sagardoaren Lurraldea","isPartOf":{"@id":"https:\/\/sagardoarenlurraldea.eus\/es\/#website"},"primaryImageOfPage":{"@id":"https:\/\/sagardoarenlurraldea.eus\/es\/blog\/iv-rally-fotogr%c3%a1fico-digital-sagar-uzta-en-astigarraga\/#primaryimage"},"image":{"@id":"https:\/\/sagardoarenlurraldea.eus\/es\/blog\/iv-rally-fotogr%c3%a1fico-digital-sagar-uzta-en-astigarraga\/#primaryimage"},"thumbnailUrl":"https:\/\/sagardoarenlurraldea.eus\/wp-content\/uploads\/2012\/10\/Sagar-Uzta-2008-I.-Argazki-Rallya-Erkaitz-Regillaga-N\u00ba5-0006.jpg","datePublished":"2011-09-06T22:00:00+00:00","author":{"@id":"https:\/\/sagardoarenlurraldea.eus\/es\/#\/schema\/person\/9e9a225eda321f17256838c2fcba65a7"},"breadcrumb":{"@id":"https:\/\/sagardoarenlurraldea.eus\/es\/blog\/iv-rally-fotogr%c3%a1fico-digital-sagar-uzta-en-astigarraga\/#breadcrumb"},"inLanguage":"es","potentialAction":[{"@type":"ReadAction","target":["https:\/\/sagardoarenlurraldea.eus\/es\/blog\/iv-rally-fotogr%c3%a1fico-digital-sagar-uzta-en-astigarraga\/"]}]},{"@type":"ImageObject","inLanguage":"es","@id":"https:\/\/sagardoarenlurraldea.eus\/es\/blog\/iv-rally-fotogr%c3%a1fico-digital-sagar-uzta-en-astigarraga\/#primaryimage","url":"https:\/\/sagardoarenlurraldea.eus\/wp-content\/uploads\/2012\/10\/Sagar-Uzta-2008-I.-Argazki-Rallya-Erkaitz-Regillaga-N\u00ba5-0006.jpg","contentUrl":"https:\/\/sagardoarenlurraldea.eus\/wp-content\/uploads\/2012\/10\/Sagar-Uzta-2008-I.-Argazki-Rallya-Erkaitz-Regillaga-N\u00ba5-0006.jpg","width":1024,"height":683},{"@type":"BreadcrumbList","@id":"https:\/\/sagardoarenlurraldea.eus\/es\/blog\/iv-rally-fotogr%c3%a1fico-digital-sagar-uzta-en-astigarraga\/#breadcrumb","itemListElement":[{"@type":"ListItem","position":1,"name":"Inicio","item":"https:\/\/sagardoarenlurraldea.eus\/es\/"},{"@type":"ListItem","position":2,"name":"IV. Rally Fotogr\u00e1fico Digital Sagar Uzta en Astigarraga."}]},{"@type":"WebSite","@id":"https:\/\/sagardoarenlurraldea.eus\/es\/#website","url":"https:\/\/sagardoarenlurraldea.eus\/es\/","name":"Sagardoaren Lurraldea","description":"El territorio de la sidra","potentialAction":[{"@type":"SearchAction","target":{"@type":"EntryPoint","urlTemplate":"https:\/\/sagardoarenlurraldea.eus\/es\/?s={search_term_string}"},"query-input":{"@type":"PropertyValueSpecification","valueRequired":true,"valueName":"search_term_string"}}],"inLanguage":"es"},{"@type":"Person","@id":"https:\/\/sagardoarenlurraldea.eus\/es\/#\/schema\/person\/9e9a225eda321f17256838c2fcba65a7","name":"Mikel Ecenarro","image":{"@type":"ImageObject","inLanguage":"es","@id":"https:\/\/sagardoarenlurraldea.eus\/es\/#\/schema\/person\/image\/","url":"https:\/\/secure.gravatar.com\/avatar\/1170400e3ac60954a47797ced4deed6bcd49cf85a03b7abd291d8f8be059bd1d?s=96&d=mm&r=g","contentUrl":"https:\/\/secure.gravatar.com\/avatar\/1170400e3ac60954a47797ced4deed6bcd49cf85a03b7abd291d8f8be059bd1d?s=96&d=mm&r=g","caption":"Mikel Ecenarro"}}]}},"_links":{"self":[{"href":"https:\/\/sagardoarenlurraldea.eus\/es\/wp-json\/wp\/v2\/posts\/17537","targetHints":{"allow":["GET"]}}],"collection":[{"href":"https:\/\/sagardoarenlurraldea.eus\/es\/wp-json\/wp\/v2\/posts"}],"about":[{"href":"https:\/\/sagardoarenlurraldea.eus\/es\/wp-json\/wp\/v2\/types\/post"}],"author":[{"embeddable":true,"href":"https:\/\/sagardoarenlurraldea.eus\/es\/wp-json\/wp\/v2\/users\/1"}],"replies":[{"embeddable":true,"href":"https:\/\/sagardoarenlurraldea.eus\/es\/wp-json\/wp\/v2\/comments?post=17537"}],"version-history":[{"count":0,"href":"https:\/\/sagardoarenlurraldea.eus\/es\/wp-json\/wp\/v2\/posts\/17537\/revisions"}],"wp:featuredmedia":[{"embeddable":true,"href":"https:\/\/sagardoarenlurraldea.eus\/es\/wp-json\/wp\/v2\/media\/2048"}],"wp:attachment":[{"href":"https:\/\/sagardoarenlurraldea.eus\/es\/wp-json\/wp\/v2\/media?parent=17537"}],"wp:term":[{"taxonomy":"category","embeddable":true,"href":"https:\/\/sagardoarenlurraldea.eus\/es\/wp-json\/wp\/v2\/categories?post=17537"},{"taxonomy":"post_tag","embeddable":true,"href":"https:\/\/sagardoarenlurraldea.eus\/es\/wp-json\/wp\/v2\/tags?post=17537"}],"curies":[{"name":"wp","href":"https:\/\/api.w.org\/{rel}","templated":true}]}}