{"id":17534,"date":"2011-09-05T00:00:00","date_gmt":"2011-09-04T22:00:00","guid":{"rendered":"http:\/\/www.sagardoarenlurraldea.eus\/blog\/la-lluvia-no-agua-la-sidra\/"},"modified":"2011-09-05T00:00:00","modified_gmt":"2011-09-04T22:00:00","slug":"la-lluvia-no-agua-la-sidra","status":"publish","type":"post","link":"https:\/\/sagardoarenlurraldea.eus\/es\/blog\/la-lluvia-no-agua-la-sidra\/","title":{"rendered":"La lluvia no agua la sidra."},"content":{"rendered":"<p>Todo estaba preparado para un estupendo d\u00eda de septiembre, pero un fuerte aguacero hizo acto de presencia en Donostia y la lluvia estuvo a punto de aguar la fiesta. Pero no lo consigui\u00f3. El <strong>Sagardo Eguna <\/strong>result\u00f3 un im\u00e1n para muchas personas que, con paraguas e impermeables, se las apa\u00f1aron para tomar unos tragos en los <strong>40 puestos de sidra natural de Gipuzkoa<\/strong>, que llenaron los soportales de la plaza de la Constituci\u00f3n.<\/p>\n<p>La trikitixa de los hermanos Estanga y los bertsolaris <strong>Sebasti\u00e1n Lizaso <\/strong>y <strong>Andoni Ega\u00f1a<\/strong> no dejaron de animar desde el escenario, hasta que lograron expulsar el diluvio. Los improvisadores hicieron continuas alusiones al mal tiempo y el buen \u00e1nimo del p\u00fablico congregado y dieron paso al homenaje anual a los sidreros retirados este a\u00f1o, a quienes dedicaron unos bertsos. Lizaso dijo que el cielo llor\u00f3 por su jubilaci\u00f3n y las l\u00e1grimas asomaron en algunos de los presentes entre el p\u00fablico.<\/p>\n<p><strong>Fuente<\/strong>: <a href=\"http:\/\/www.noticiasdegipuzkoa.com\/\">Noticias de Gipuzkoa.<\/a><\/p>\n","protected":false},"excerpt":{"rendered":"<p>Todo estaba preparado para un estupendo d\u00eda de septiembre, pero un fuerte aguacero hizo acto de presencia en Donostia y la lluvia estuvo a punto de aguar la fiesta. Pero [&hellip;]<\/p>\n","protected":false},"author":1,"featured_media":1875,"comment_status":"open","ping_status":"open","sticky":false,"template":"","format":"standard","meta":{"_acf_changed":false,"_et_pb_use_builder":"","_et_pb_old_content":"","_et_gb_content_width":"","footnotes":""},"categories":[254],"tags":[723,1020,1584,1731],"class_list":["post-17534","post","type-post","status-publish","format-standard","has-post-thumbnail","hentry","category-sidra","tag-donostia","tag-homenaje-a-los-jubilados","tag-sagardo-eguna","tag-sebastian-lizaso"],"acf":[],"yoast_head":"<!-- This site is optimized with the Yoast SEO plugin v25.4 - https:\/\/yoast.com\/wordpress\/plugins\/seo\/ -->\n<title>La lluvia no agua la sidra. - Sagardoaren Lurraldea<\/title>\n<meta name=\"robots\" content=\"index, follow, max-snippet:-1, max-image-preview:large, max-video-preview:-1\" \/>\n<link rel=\"canonical\" href=\"https:\/\/sagardoarenlurraldea.eus\/es\/blog\/la-lluvia-no-agua-la-sidra\/\" \/>\n<meta property=\"og:locale\" content=\"es_ES\" \/>\n<meta property=\"og:type\" content=\"article\" \/>\n<meta property=\"og:title\" content=\"La lluvia no agua la sidra. - Sagardoaren Lurraldea\" \/>\n<meta property=\"og:description\" content=\"Todo estaba preparado para un estupendo d\u00eda de septiembre, pero un fuerte aguacero hizo acto de presencia en Donostia y la lluvia estuvo a punto de aguar la fiesta. Pero [&hellip;]\" \/>\n<meta property=\"og:url\" content=\"https:\/\/sagardoarenlurraldea.eus\/es\/blog\/la-lluvia-no-agua-la-sidra\/\" \/>\n<meta property=\"og:site_name\" content=\"Sagardoaren Lurraldea\" \/>\n<meta property=\"article:publisher\" content=\"https:\/\/www.facebook.com\/sagardoarenlurraldea\" \/>\n<meta property=\"article:published_time\" content=\"2011-09-04T22:00:00+00:00\" \/>\n<meta property=\"og:image\" content=\"https:\/\/sagardoarenlurraldea.eus\/wp-content\/uploads\/2011\/09\/sagardo-eguna-donostia.jpg\" \/>\n\t<meta property=\"og:image:width\" content=\"532\" \/>\n\t<meta property=\"og:image:height\" content=\"598\" \/>\n\t<meta property=\"og:image:type\" content=\"image\/jpeg\" \/>\n<meta name=\"author\" content=\"Mikel Ecenarro\" \/>\n<meta name=\"twitter:card\" content=\"summary_large_image\" \/>\n<meta name=\"twitter:label1\" content=\"Escrito por\" \/>\n\t<meta name=\"twitter:data1\" content=\"Mikel Ecenarro\" \/>\n\t<meta name=\"twitter:label2\" content=\"Tiempo de lectura\" \/>\n\t<meta name=\"twitter:data2\" content=\"1 minuto\" \/>\n<script type=\"application\/ld+json\" class=\"yoast-schema-graph\">{\"@context\":\"https:\/\/schema.org\",\"@graph\":[{\"@type\":\"WebPage\",\"@id\":\"https:\/\/sagardoarenlurraldea.eus\/es\/blog\/la-lluvia-no-agua-la-sidra\/\",\"url\":\"https:\/\/sagardoarenlurraldea.eus\/es\/blog\/la-lluvia-no-agua-la-sidra\/\",\"name\":\"La lluvia no agua la sidra. - Sagardoaren Lurraldea\",\"isPartOf\":{\"@id\":\"https:\/\/sagardoarenlurraldea.eus\/es\/#website\"},\"primaryImageOfPage\":{\"@id\":\"https:\/\/sagardoarenlurraldea.eus\/es\/blog\/la-lluvia-no-agua-la-sidra\/#primaryimage\"},\"image\":{\"@id\":\"https:\/\/sagardoarenlurraldea.eus\/es\/blog\/la-lluvia-no-agua-la-sidra\/#primaryimage\"},\"thumbnailUrl\":\"https:\/\/sagardoarenlurraldea.eus\/wp-content\/uploads\/2011\/09\/sagardo-eguna-donostia.jpg\",\"datePublished\":\"2011-09-04T22:00:00+00:00\",\"author\":{\"@id\":\"https:\/\/sagardoarenlurraldea.eus\/es\/#\/schema\/person\/9e9a225eda321f17256838c2fcba65a7\"},\"breadcrumb\":{\"@id\":\"https:\/\/sagardoarenlurraldea.eus\/es\/blog\/la-lluvia-no-agua-la-sidra\/#breadcrumb\"},\"inLanguage\":\"es\",\"potentialAction\":[{\"@type\":\"ReadAction\",\"target\":[\"https:\/\/sagardoarenlurraldea.eus\/es\/blog\/la-lluvia-no-agua-la-sidra\/\"]}]},{\"@type\":\"ImageObject\",\"inLanguage\":\"es\",\"@id\":\"https:\/\/sagardoarenlurraldea.eus\/es\/blog\/la-lluvia-no-agua-la-sidra\/#primaryimage\",\"url\":\"https:\/\/sagardoarenlurraldea.eus\/wp-content\/uploads\/2011\/09\/sagardo-eguna-donostia.jpg\",\"contentUrl\":\"https:\/\/sagardoarenlurraldea.eus\/wp-content\/uploads\/2011\/09\/sagardo-eguna-donostia.jpg\",\"width\":532,\"height\":598},{\"@type\":\"BreadcrumbList\",\"@id\":\"https:\/\/sagardoarenlurraldea.eus\/es\/blog\/la-lluvia-no-agua-la-sidra\/#breadcrumb\",\"itemListElement\":[{\"@type\":\"ListItem\",\"position\":1,\"name\":\"Inicio\",\"item\":\"https:\/\/sagardoarenlurraldea.eus\/es\/\"},{\"@type\":\"ListItem\",\"position\":2,\"name\":\"La lluvia no agua la sidra.\"}]},{\"@type\":\"WebSite\",\"@id\":\"https:\/\/sagardoarenlurraldea.eus\/es\/#website\",\"url\":\"https:\/\/sagardoarenlurraldea.eus\/es\/\",\"name\":\"Sagardoaren Lurraldea\",\"description\":\"El territorio de la sidra\",\"potentialAction\":[{\"@type\":\"SearchAction\",\"target\":{\"@type\":\"EntryPoint\",\"urlTemplate\":\"https:\/\/sagardoarenlurraldea.eus\/es\/?s={search_term_string}\"},\"query-input\":{\"@type\":\"PropertyValueSpecification\",\"valueRequired\":true,\"valueName\":\"search_term_string\"}}],\"inLanguage\":\"es\"},{\"@type\":\"Person\",\"@id\":\"https:\/\/sagardoarenlurraldea.eus\/es\/#\/schema\/person\/9e9a225eda321f17256838c2fcba65a7\",\"name\":\"Mikel Ecenarro\",\"image\":{\"@type\":\"ImageObject\",\"inLanguage\":\"es\",\"@id\":\"https:\/\/sagardoarenlurraldea.eus\/es\/#\/schema\/person\/image\/\",\"url\":\"https:\/\/secure.gravatar.com\/avatar\/1170400e3ac60954a47797ced4deed6bcd49cf85a03b7abd291d8f8be059bd1d?s=96&d=mm&r=g\",\"contentUrl\":\"https:\/\/secure.gravatar.com\/avatar\/1170400e3ac60954a47797ced4deed6bcd49cf85a03b7abd291d8f8be059bd1d?s=96&d=mm&r=g\",\"caption\":\"Mikel Ecenarro\"}}]}<\/script>\n<!-- \/ Yoast SEO plugin. -->","yoast_head_json":{"title":"La lluvia no agua la sidra. - Sagardoaren Lurraldea","robots":{"index":"index","follow":"follow","max-snippet":"max-snippet:-1","max-image-preview":"max-image-preview:large","max-video-preview":"max-video-preview:-1"},"canonical":"https:\/\/sagardoarenlurraldea.eus\/es\/blog\/la-lluvia-no-agua-la-sidra\/","og_locale":"es_ES","og_type":"article","og_title":"La lluvia no agua la sidra. - Sagardoaren Lurraldea","og_description":"Todo estaba preparado para un estupendo d\u00eda de septiembre, pero un fuerte aguacero hizo acto de presencia en Donostia y la lluvia estuvo a punto de aguar la fiesta. Pero [&hellip;]","og_url":"https:\/\/sagardoarenlurraldea.eus\/es\/blog\/la-lluvia-no-agua-la-sidra\/","og_site_name":"Sagardoaren Lurraldea","article_publisher":"https:\/\/www.facebook.com\/sagardoarenlurraldea","article_published_time":"2011-09-04T22:00:00+00:00","og_image":[{"width":532,"height":598,"url":"https:\/\/sagardoarenlurraldea.eus\/wp-content\/uploads\/2011\/09\/sagardo-eguna-donostia.jpg","type":"image\/jpeg"}],"author":"Mikel Ecenarro","twitter_card":"summary_large_image","twitter_misc":{"Escrito por":"Mikel Ecenarro","Tiempo de lectura":"1 minuto"},"schema":{"@context":"https:\/\/schema.org","@graph":[{"@type":"WebPage","@id":"https:\/\/sagardoarenlurraldea.eus\/es\/blog\/la-lluvia-no-agua-la-sidra\/","url":"https:\/\/sagardoarenlurraldea.eus\/es\/blog\/la-lluvia-no-agua-la-sidra\/","name":"La lluvia no agua la sidra. - Sagardoaren Lurraldea","isPartOf":{"@id":"https:\/\/sagardoarenlurraldea.eus\/es\/#website"},"primaryImageOfPage":{"@id":"https:\/\/sagardoarenlurraldea.eus\/es\/blog\/la-lluvia-no-agua-la-sidra\/#primaryimage"},"image":{"@id":"https:\/\/sagardoarenlurraldea.eus\/es\/blog\/la-lluvia-no-agua-la-sidra\/#primaryimage"},"thumbnailUrl":"https:\/\/sagardoarenlurraldea.eus\/wp-content\/uploads\/2011\/09\/sagardo-eguna-donostia.jpg","datePublished":"2011-09-04T22:00:00+00:00","author":{"@id":"https:\/\/sagardoarenlurraldea.eus\/es\/#\/schema\/person\/9e9a225eda321f17256838c2fcba65a7"},"breadcrumb":{"@id":"https:\/\/sagardoarenlurraldea.eus\/es\/blog\/la-lluvia-no-agua-la-sidra\/#breadcrumb"},"inLanguage":"es","potentialAction":[{"@type":"ReadAction","target":["https:\/\/sagardoarenlurraldea.eus\/es\/blog\/la-lluvia-no-agua-la-sidra\/"]}]},{"@type":"ImageObject","inLanguage":"es","@id":"https:\/\/sagardoarenlurraldea.eus\/es\/blog\/la-lluvia-no-agua-la-sidra\/#primaryimage","url":"https:\/\/sagardoarenlurraldea.eus\/wp-content\/uploads\/2011\/09\/sagardo-eguna-donostia.jpg","contentUrl":"https:\/\/sagardoarenlurraldea.eus\/wp-content\/uploads\/2011\/09\/sagardo-eguna-donostia.jpg","width":532,"height":598},{"@type":"BreadcrumbList","@id":"https:\/\/sagardoarenlurraldea.eus\/es\/blog\/la-lluvia-no-agua-la-sidra\/#breadcrumb","itemListElement":[{"@type":"ListItem","position":1,"name":"Inicio","item":"https:\/\/sagardoarenlurraldea.eus\/es\/"},{"@type":"ListItem","position":2,"name":"La lluvia no agua la sidra."}]},{"@type":"WebSite","@id":"https:\/\/sagardoarenlurraldea.eus\/es\/#website","url":"https:\/\/sagardoarenlurraldea.eus\/es\/","name":"Sagardoaren Lurraldea","description":"El territorio de la sidra","potentialAction":[{"@type":"SearchAction","target":{"@type":"EntryPoint","urlTemplate":"https:\/\/sagardoarenlurraldea.eus\/es\/?s={search_term_string}"},"query-input":{"@type":"PropertyValueSpecification","valueRequired":true,"valueName":"search_term_string"}}],"inLanguage":"es"},{"@type":"Person","@id":"https:\/\/sagardoarenlurraldea.eus\/es\/#\/schema\/person\/9e9a225eda321f17256838c2fcba65a7","name":"Mikel Ecenarro","image":{"@type":"ImageObject","inLanguage":"es","@id":"https:\/\/sagardoarenlurraldea.eus\/es\/#\/schema\/person\/image\/","url":"https:\/\/secure.gravatar.com\/avatar\/1170400e3ac60954a47797ced4deed6bcd49cf85a03b7abd291d8f8be059bd1d?s=96&d=mm&r=g","contentUrl":"https:\/\/secure.gravatar.com\/avatar\/1170400e3ac60954a47797ced4deed6bcd49cf85a03b7abd291d8f8be059bd1d?s=96&d=mm&r=g","caption":"Mikel Ecenarro"}}]}},"_links":{"self":[{"href":"https:\/\/sagardoarenlurraldea.eus\/es\/wp-json\/wp\/v2\/posts\/17534","targetHints":{"allow":["GET"]}}],"collection":[{"href":"https:\/\/sagardoarenlurraldea.eus\/es\/wp-json\/wp\/v2\/posts"}],"about":[{"href":"https:\/\/sagardoarenlurraldea.eus\/es\/wp-json\/wp\/v2\/types\/post"}],"author":[{"embeddable":true,"href":"https:\/\/sagardoarenlurraldea.eus\/es\/wp-json\/wp\/v2\/users\/1"}],"replies":[{"embeddable":true,"href":"https:\/\/sagardoarenlurraldea.eus\/es\/wp-json\/wp\/v2\/comments?post=17534"}],"version-history":[{"count":0,"href":"https:\/\/sagardoarenlurraldea.eus\/es\/wp-json\/wp\/v2\/posts\/17534\/revisions"}],"wp:featuredmedia":[{"embeddable":true,"href":"https:\/\/sagardoarenlurraldea.eus\/es\/wp-json\/wp\/v2\/media\/1875"}],"wp:attachment":[{"href":"https:\/\/sagardoarenlurraldea.eus\/es\/wp-json\/wp\/v2\/media?parent=17534"}],"wp:term":[{"taxonomy":"category","embeddable":true,"href":"https:\/\/sagardoarenlurraldea.eus\/es\/wp-json\/wp\/v2\/categories?post=17534"},{"taxonomy":"post_tag","embeddable":true,"href":"https:\/\/sagardoarenlurraldea.eus\/es\/wp-json\/wp\/v2\/tags?post=17534"}],"curies":[{"name":"wp","href":"https:\/\/api.w.org\/{rel}","templated":true}]}}