{"id":17521,"date":"2011-07-15T00:00:00","date_gmt":"2011-07-14T22:00:00","guid":{"rendered":"http:\/\/www.sagardoarenlurraldea.eus\/blog\/680\/"},"modified":"2017-08-03T20:53:48","modified_gmt":"2017-08-03T18:53:48","slug":"presentacion-la-sidra-ecologica-ekain","status":"publish","type":"post","link":"https:\/\/sagardoarenlurraldea.eus\/es\/blog\/presentacion-la-sidra-ecologica-ekain\/","title":{"rendered":"Presentaci\u00f3n de la sidra ecol\u00f3gica Ekain."},"content":{"rendered":"<p>En el <strong>caser\u00edo Iruretxiki <\/strong>se celebr\u00f3 la <strong>presentaci\u00f3n de la sidra \u00abEkain<\/strong>\u00ab, sidra ecol\u00f3gica de <strong>Zestoa<\/strong>, elaborada con manzanas aut\u00f3ctonas y con la ayuda de amigos y familiares.<\/p>\n<p>Hace 20 a\u00f1os que empezaron a plantar manzanos en el caser\u00edo Iruretxiki y a d\u00eda de hoy, el sidrero Aitor Eizmendi, cuenta con 4,5 hectareas de manzanos, con un total de 1.600 manzanos. En consecuencia, produce 35.000 litros de sidra, realizando todo el proceso de elaboraci\u00f3n en el mismo caser\u00edo: recogida de manzanas, prensado, introducci\u00f3n del mosto en las barricas, embotellado y etiquetado.<\/p>\n<p><strong>Fuente<\/strong>: El Diario Vasco.<\/p>\n<p><strong>Ver la noticia completa <\/strong>\u00ab<a href=\"http:\/\/www.diariovasco.com\/v\/20110714\/costa-urola\/ekainek-badu-bere-sagardoa-20110714.html\">Ekainek badu bere sagardoa, ekologikoa<\/a>\u00ab.<\/p>\n","protected":false},"excerpt":{"rendered":"<p>En el caser\u00edo Iruretxiki se celebr\u00f3 la presentaci\u00f3n de la sidra \u00abEkain\u00ab, sidra ecol\u00f3gica de Zestoa, elaborada con manzanas aut\u00f3ctonas y con la ayuda de amigos y familiares. Hace 20 [&hellip;]<\/p>\n","protected":false},"author":1,"featured_media":1856,"comment_status":"open","ping_status":"open","sticky":false,"template":"","format":"standard","meta":{"_acf_changed":false,"_et_pb_use_builder":"","_et_pb_old_content":"","_et_gb_content_width":"","footnotes":""},"categories":[254],"tags":[752,1092,1591,1968],"class_list":["post-17521","post","type-post","status-publish","format-standard","has-post-thumbnail","hentry","category-sidra","tag-ekain-sagardoa","tag-iruretxiki-baserria","tag-sagardo-ekologikoa","tag-zestoa"],"acf":[],"yoast_head":"<!-- This site is optimized with the Yoast SEO plugin v25.4 - https:\/\/yoast.com\/wordpress\/plugins\/seo\/ -->\n<title>Presentaci\u00f3n de la sidra ecol\u00f3gica Ekain. - Sagardoaren Lurraldea<\/title>\n<meta name=\"robots\" content=\"index, follow, max-snippet:-1, max-image-preview:large, max-video-preview:-1\" \/>\n<link rel=\"canonical\" href=\"https:\/\/sagardoarenlurraldea.eus\/es\/blog\/presentacion-la-sidra-ecologica-ekain\/\" \/>\n<meta property=\"og:locale\" content=\"es_ES\" \/>\n<meta property=\"og:type\" content=\"article\" \/>\n<meta property=\"og:title\" content=\"Presentaci\u00f3n de la sidra ecol\u00f3gica Ekain. - Sagardoaren Lurraldea\" \/>\n<meta property=\"og:description\" content=\"En el caser\u00edo Iruretxiki se celebr\u00f3 la presentaci\u00f3n de la sidra \u00abEkain\u00ab, sidra ecol\u00f3gica de Zestoa, elaborada con manzanas aut\u00f3ctonas y con la ayuda de amigos y familiares. Hace 20 [&hellip;]\" \/>\n<meta property=\"og:url\" content=\"https:\/\/sagardoarenlurraldea.eus\/es\/blog\/presentacion-la-sidra-ecologica-ekain\/\" \/>\n<meta property=\"og:site_name\" content=\"Sagardoaren Lurraldea\" \/>\n<meta property=\"article:publisher\" content=\"https:\/\/www.facebook.com\/sagardoarenlurraldea\" \/>\n<meta property=\"article:published_time\" content=\"2011-07-14T22:00:00+00:00\" \/>\n<meta property=\"article:modified_time\" content=\"2017-08-03T18:53:48+00:00\" \/>\n<meta property=\"og:image\" content=\"https:\/\/sagardoarenlurraldea.eus\/wp-content\/uploads\/2011\/07\/Ekain-sagardoa.jpg\" \/>\n\t<meta property=\"og:image:width\" content=\"300\" \/>\n\t<meta property=\"og:image:height\" content=\"199\" \/>\n\t<meta property=\"og:image:type\" content=\"image\/jpeg\" \/>\n<meta name=\"author\" content=\"Mikel Ecenarro\" \/>\n<meta name=\"twitter:card\" content=\"summary_large_image\" \/>\n<meta name=\"twitter:label1\" content=\"Escrito por\" \/>\n\t<meta name=\"twitter:data1\" content=\"Mikel Ecenarro\" \/>\n\t<meta name=\"twitter:label2\" content=\"Tiempo de lectura\" \/>\n\t<meta name=\"twitter:data2\" content=\"1 minuto\" \/>\n<script type=\"application\/ld+json\" class=\"yoast-schema-graph\">{\"@context\":\"https:\/\/schema.org\",\"@graph\":[{\"@type\":\"WebPage\",\"@id\":\"https:\/\/sagardoarenlurraldea.eus\/es\/blog\/presentacion-la-sidra-ecologica-ekain\/\",\"url\":\"https:\/\/sagardoarenlurraldea.eus\/es\/blog\/presentacion-la-sidra-ecologica-ekain\/\",\"name\":\"Presentaci\u00f3n de la sidra ecol\u00f3gica Ekain. - Sagardoaren Lurraldea\",\"isPartOf\":{\"@id\":\"https:\/\/sagardoarenlurraldea.eus\/es\/#website\"},\"primaryImageOfPage\":{\"@id\":\"https:\/\/sagardoarenlurraldea.eus\/es\/blog\/presentacion-la-sidra-ecologica-ekain\/#primaryimage\"},\"image\":{\"@id\":\"https:\/\/sagardoarenlurraldea.eus\/es\/blog\/presentacion-la-sidra-ecologica-ekain\/#primaryimage\"},\"thumbnailUrl\":\"https:\/\/sagardoarenlurraldea.eus\/wp-content\/uploads\/2011\/07\/Ekain-sagardoa.jpg\",\"datePublished\":\"2011-07-14T22:00:00+00:00\",\"dateModified\":\"2017-08-03T18:53:48+00:00\",\"author\":{\"@id\":\"https:\/\/sagardoarenlurraldea.eus\/es\/#\/schema\/person\/9e9a225eda321f17256838c2fcba65a7\"},\"breadcrumb\":{\"@id\":\"https:\/\/sagardoarenlurraldea.eus\/es\/blog\/presentacion-la-sidra-ecologica-ekain\/#breadcrumb\"},\"inLanguage\":\"es\",\"potentialAction\":[{\"@type\":\"ReadAction\",\"target\":[\"https:\/\/sagardoarenlurraldea.eus\/es\/blog\/presentacion-la-sidra-ecologica-ekain\/\"]}]},{\"@type\":\"ImageObject\",\"inLanguage\":\"es\",\"@id\":\"https:\/\/sagardoarenlurraldea.eus\/es\/blog\/presentacion-la-sidra-ecologica-ekain\/#primaryimage\",\"url\":\"https:\/\/sagardoarenlurraldea.eus\/wp-content\/uploads\/2011\/07\/Ekain-sagardoa.jpg\",\"contentUrl\":\"https:\/\/sagardoarenlurraldea.eus\/wp-content\/uploads\/2011\/07\/Ekain-sagardoa.jpg\",\"width\":300,\"height\":199},{\"@type\":\"BreadcrumbList\",\"@id\":\"https:\/\/sagardoarenlurraldea.eus\/es\/blog\/presentacion-la-sidra-ecologica-ekain\/#breadcrumb\",\"itemListElement\":[{\"@type\":\"ListItem\",\"position\":1,\"name\":\"Inicio\",\"item\":\"https:\/\/sagardoarenlurraldea.eus\/es\/\"},{\"@type\":\"ListItem\",\"position\":2,\"name\":\"Presentaci\u00f3n de la sidra ecol\u00f3gica Ekain.\"}]},{\"@type\":\"WebSite\",\"@id\":\"https:\/\/sagardoarenlurraldea.eus\/es\/#website\",\"url\":\"https:\/\/sagardoarenlurraldea.eus\/es\/\",\"name\":\"Sagardoaren Lurraldea\",\"description\":\"El territorio de la sidra\",\"potentialAction\":[{\"@type\":\"SearchAction\",\"target\":{\"@type\":\"EntryPoint\",\"urlTemplate\":\"https:\/\/sagardoarenlurraldea.eus\/es\/?s={search_term_string}\"},\"query-input\":{\"@type\":\"PropertyValueSpecification\",\"valueRequired\":true,\"valueName\":\"search_term_string\"}}],\"inLanguage\":\"es\"},{\"@type\":\"Person\",\"@id\":\"https:\/\/sagardoarenlurraldea.eus\/es\/#\/schema\/person\/9e9a225eda321f17256838c2fcba65a7\",\"name\":\"Mikel Ecenarro\",\"image\":{\"@type\":\"ImageObject\",\"inLanguage\":\"es\",\"@id\":\"https:\/\/sagardoarenlurraldea.eus\/es\/#\/schema\/person\/image\/\",\"url\":\"https:\/\/secure.gravatar.com\/avatar\/1170400e3ac60954a47797ced4deed6bcd49cf85a03b7abd291d8f8be059bd1d?s=96&d=mm&r=g\",\"contentUrl\":\"https:\/\/secure.gravatar.com\/avatar\/1170400e3ac60954a47797ced4deed6bcd49cf85a03b7abd291d8f8be059bd1d?s=96&d=mm&r=g\",\"caption\":\"Mikel Ecenarro\"}}]}<\/script>\n<!-- \/ Yoast SEO plugin. -->","yoast_head_json":{"title":"Presentaci\u00f3n de la sidra ecol\u00f3gica Ekain. - Sagardoaren Lurraldea","robots":{"index":"index","follow":"follow","max-snippet":"max-snippet:-1","max-image-preview":"max-image-preview:large","max-video-preview":"max-video-preview:-1"},"canonical":"https:\/\/sagardoarenlurraldea.eus\/es\/blog\/presentacion-la-sidra-ecologica-ekain\/","og_locale":"es_ES","og_type":"article","og_title":"Presentaci\u00f3n de la sidra ecol\u00f3gica Ekain. - Sagardoaren Lurraldea","og_description":"En el caser\u00edo Iruretxiki se celebr\u00f3 la presentaci\u00f3n de la sidra \u00abEkain\u00ab, sidra ecol\u00f3gica de Zestoa, elaborada con manzanas aut\u00f3ctonas y con la ayuda de amigos y familiares. Hace 20 [&hellip;]","og_url":"https:\/\/sagardoarenlurraldea.eus\/es\/blog\/presentacion-la-sidra-ecologica-ekain\/","og_site_name":"Sagardoaren Lurraldea","article_publisher":"https:\/\/www.facebook.com\/sagardoarenlurraldea","article_published_time":"2011-07-14T22:00:00+00:00","article_modified_time":"2017-08-03T18:53:48+00:00","og_image":[{"width":300,"height":199,"url":"https:\/\/sagardoarenlurraldea.eus\/wp-content\/uploads\/2011\/07\/Ekain-sagardoa.jpg","type":"image\/jpeg"}],"author":"Mikel Ecenarro","twitter_card":"summary_large_image","twitter_misc":{"Escrito por":"Mikel Ecenarro","Tiempo de lectura":"1 minuto"},"schema":{"@context":"https:\/\/schema.org","@graph":[{"@type":"WebPage","@id":"https:\/\/sagardoarenlurraldea.eus\/es\/blog\/presentacion-la-sidra-ecologica-ekain\/","url":"https:\/\/sagardoarenlurraldea.eus\/es\/blog\/presentacion-la-sidra-ecologica-ekain\/","name":"Presentaci\u00f3n de la sidra ecol\u00f3gica Ekain. - Sagardoaren Lurraldea","isPartOf":{"@id":"https:\/\/sagardoarenlurraldea.eus\/es\/#website"},"primaryImageOfPage":{"@id":"https:\/\/sagardoarenlurraldea.eus\/es\/blog\/presentacion-la-sidra-ecologica-ekain\/#primaryimage"},"image":{"@id":"https:\/\/sagardoarenlurraldea.eus\/es\/blog\/presentacion-la-sidra-ecologica-ekain\/#primaryimage"},"thumbnailUrl":"https:\/\/sagardoarenlurraldea.eus\/wp-content\/uploads\/2011\/07\/Ekain-sagardoa.jpg","datePublished":"2011-07-14T22:00:00+00:00","dateModified":"2017-08-03T18:53:48+00:00","author":{"@id":"https:\/\/sagardoarenlurraldea.eus\/es\/#\/schema\/person\/9e9a225eda321f17256838c2fcba65a7"},"breadcrumb":{"@id":"https:\/\/sagardoarenlurraldea.eus\/es\/blog\/presentacion-la-sidra-ecologica-ekain\/#breadcrumb"},"inLanguage":"es","potentialAction":[{"@type":"ReadAction","target":["https:\/\/sagardoarenlurraldea.eus\/es\/blog\/presentacion-la-sidra-ecologica-ekain\/"]}]},{"@type":"ImageObject","inLanguage":"es","@id":"https:\/\/sagardoarenlurraldea.eus\/es\/blog\/presentacion-la-sidra-ecologica-ekain\/#primaryimage","url":"https:\/\/sagardoarenlurraldea.eus\/wp-content\/uploads\/2011\/07\/Ekain-sagardoa.jpg","contentUrl":"https:\/\/sagardoarenlurraldea.eus\/wp-content\/uploads\/2011\/07\/Ekain-sagardoa.jpg","width":300,"height":199},{"@type":"BreadcrumbList","@id":"https:\/\/sagardoarenlurraldea.eus\/es\/blog\/presentacion-la-sidra-ecologica-ekain\/#breadcrumb","itemListElement":[{"@type":"ListItem","position":1,"name":"Inicio","item":"https:\/\/sagardoarenlurraldea.eus\/es\/"},{"@type":"ListItem","position":2,"name":"Presentaci\u00f3n de la sidra ecol\u00f3gica Ekain."}]},{"@type":"WebSite","@id":"https:\/\/sagardoarenlurraldea.eus\/es\/#website","url":"https:\/\/sagardoarenlurraldea.eus\/es\/","name":"Sagardoaren Lurraldea","description":"El territorio de la sidra","potentialAction":[{"@type":"SearchAction","target":{"@type":"EntryPoint","urlTemplate":"https:\/\/sagardoarenlurraldea.eus\/es\/?s={search_term_string}"},"query-input":{"@type":"PropertyValueSpecification","valueRequired":true,"valueName":"search_term_string"}}],"inLanguage":"es"},{"@type":"Person","@id":"https:\/\/sagardoarenlurraldea.eus\/es\/#\/schema\/person\/9e9a225eda321f17256838c2fcba65a7","name":"Mikel Ecenarro","image":{"@type":"ImageObject","inLanguage":"es","@id":"https:\/\/sagardoarenlurraldea.eus\/es\/#\/schema\/person\/image\/","url":"https:\/\/secure.gravatar.com\/avatar\/1170400e3ac60954a47797ced4deed6bcd49cf85a03b7abd291d8f8be059bd1d?s=96&d=mm&r=g","contentUrl":"https:\/\/secure.gravatar.com\/avatar\/1170400e3ac60954a47797ced4deed6bcd49cf85a03b7abd291d8f8be059bd1d?s=96&d=mm&r=g","caption":"Mikel Ecenarro"}}]}},"_links":{"self":[{"href":"https:\/\/sagardoarenlurraldea.eus\/es\/wp-json\/wp\/v2\/posts\/17521","targetHints":{"allow":["GET"]}}],"collection":[{"href":"https:\/\/sagardoarenlurraldea.eus\/es\/wp-json\/wp\/v2\/posts"}],"about":[{"href":"https:\/\/sagardoarenlurraldea.eus\/es\/wp-json\/wp\/v2\/types\/post"}],"author":[{"embeddable":true,"href":"https:\/\/sagardoarenlurraldea.eus\/es\/wp-json\/wp\/v2\/users\/1"}],"replies":[{"embeddable":true,"href":"https:\/\/sagardoarenlurraldea.eus\/es\/wp-json\/wp\/v2\/comments?post=17521"}],"version-history":[{"count":0,"href":"https:\/\/sagardoarenlurraldea.eus\/es\/wp-json\/wp\/v2\/posts\/17521\/revisions"}],"wp:featuredmedia":[{"embeddable":true,"href":"https:\/\/sagardoarenlurraldea.eus\/es\/wp-json\/wp\/v2\/media\/1856"}],"wp:attachment":[{"href":"https:\/\/sagardoarenlurraldea.eus\/es\/wp-json\/wp\/v2\/media?parent=17521"}],"wp:term":[{"taxonomy":"category","embeddable":true,"href":"https:\/\/sagardoarenlurraldea.eus\/es\/wp-json\/wp\/v2\/categories?post=17521"},{"taxonomy":"post_tag","embeddable":true,"href":"https:\/\/sagardoarenlurraldea.eus\/es\/wp-json\/wp\/v2\/tags?post=17521"}],"curies":[{"name":"wp","href":"https:\/\/api.w.org\/{rel}","templated":true}]}}