{"id":17475,"date":"2011-03-16T00:00:00","date_gmt":"2011-03-15T22:00:00","guid":{"rendered":"http:\/\/www.sagardoarenlurraldea.eus\/blog\/retrospectiva-2010\/"},"modified":"2011-03-16T00:00:00","modified_gmt":"2011-03-15T22:00:00","slug":"retrospectiva-2010","status":"publish","type":"post","link":"https:\/\/sagardoarenlurraldea.eus\/es\/blog\/retrospectiva-2010\/","title":{"rendered":"Retrospectiva 2010."},"content":{"rendered":"<div>\n<p><a href=\"https:\/\/sagardoarenlurraldea.eus\/wp-content\/uploads\/2011\/03\/Sidra.jpeg\"><img loading=\"lazy\" decoding=\"async\" class=\"alignleft size-medium wp-image-115\" alt=\"Sidra\" src=\"https:\/\/sagardoarenlurraldea.eus\/wp-content\/uploads\/2011\/03\/Sidra-300x157.jpg\" width=\"300\" height=\"157\" \/><\/a>En esta <strong>retrospectiva <\/strong>recogemos los principales <strong>eventos, concursos y acontecimientos celebrados en torno a la manzana y la sidra en toda Euskal Herria<\/strong>.<\/p>\n<\/div>\n<p><strong>ENERO 2010<\/strong><\/p>\n<p>13\/01. Astigarraga. XVII. Sagardo Berriaren Eguna. La Real Sociedad de Futbol, protagonista.<br \/>\n13\/01. Astigarraga. Barrikote en los bares de Astigarraga<br \/>\n13\/01. Hernani. Zelaia abre la temporada de la sidra.<br \/>\n15\/01. Apertura del txotx en Navarra. Sebasti\u00e1n Gonz\u00e1lez, protagonista.<br \/>\n17\/01. Apertura del txotx en Hernani. Aizpea Goenaga protagonista.<br \/>\n19\/01. Apertura del txotx en \u00c1lava. Patxi Viribay, protagonista.<br \/>\n20\/01. Astigarraga. La carne de Wagyu de Patxi Larra\u00f1aga llega a la sidrer\u00eda Gurutzeta.<br \/>\n21\/01. Astigarraga. Probaketa o cata guiada en la sidrer\u00eda Zapiain.<br \/>\n23\/01. Azkaine. Sagardo Berria en Txopinondo Sagarnotegia.<br \/>\n27\/01. Sagardoetxea. Presentaci\u00f3n del proyecto \u201cPuntaren Puntan\u201d realizado IES Usandizaga.<\/p>\n<p><strong>FEBRERO 2010<\/strong><\/p>\n<p>04\/02. Astigarraga. Jornadas T\u00e9cnicas organizadas por Gipuzkoako Sagardogileen Elkartea.<br \/>\n06\/02. Azkaine. Probaketa o cata guiada en la sidrer\u00eda Txopinondo.<br \/>\n10\/02. Sagardoetxea. Presentaci\u00f3n de \u201cCenas tem\u00e1ticas: el Rito del Txotx\u201d en la sidrer\u00eda Saizar.<br \/>\n20\/02. Hernani. Probaketa o cata guiada en la sidrer\u00eda Zelaia.<br \/>\n27\/02. Usurbil. Probaketa o cata guiada en la sidrer\u00eda Saizar.<\/p>\n<p><strong>MARZO 2010<\/strong><\/p>\n<p>19\/03. Azkaine. Kukuaren Kupela en Txopinondo Sagarnotegia.<br \/>\n19-21. Sagardoetxea. Puente de Marzo: La polinizaci\u00f3n en la producci\u00f3n de la manzana.<br \/>\n25\/03. Sagardoetxea. Presentaci\u00f3n de la colecci\u00f3n de joyas dise\u00f1adas por Artepanoma.<br \/>\n27\/02. Astigarraga. Probaketa o cata guiada en la sidrer\u00eda Gurutzeta..<br \/>\n28\/03. Hernani. V. Sagardo Eguna en Chillida Leku.<\/p>\n<p><strong>ABRIL 2010<\/strong><\/p>\n<p>01-11\/04\/2010. Sagardoetxea. Semana Santa: Elaboraci\u00f3n del mosto y degustaci\u00f3n de quesos de Euskal Herria.<br \/>\n24\/04. XXII. Sagardo Eguna de Renteria.<\/p>\n<p><strong>MAYO 2010<\/strong><\/p>\n<p>05\/05. Sagardoetxea. Jornada de puertas abiertas para agroturismos y casas rurales de Euskadi.<br \/>\n08\/05. XV. Sagardo Eguna de Irun.<br \/>\n18\/05. Sagardoetxea. D\u00eda Internacional de los Museos. \u201cTrabajos del manzanal\u201d.<br \/>\n18-22\/05. Sagardoetxea. Exposici\u00f3n temporal de los trabajos del manzanal.<br \/>\n22\/05. XII. Sagardo Eguna de Lezo y XII. Sagardo Eguna de Baiona.<br \/>\n23\/05. XXIX. Sagardo Eguna de Usurbil.<br \/>\n29\/05. XXI. Sagardo Eguna de Oiartzun.<\/p>\n<p><strong>JUNIO 2010<\/strong><\/p>\n<p>05\/06. IX. Concurso de Sidra. Premios Diputaci\u00f3n Foral de Guipuzcoa. Premiados: Zabala, Altzueta y Astarbe.<br \/>\n05\/06. Sagardo Eguna de Pasai Antxo.<\/p>\n<p><strong>JULIO 2010<\/strong><\/p>\n<p>25\/07. Azpeitia, Concurso de sidra de Santiago. Ganador: Rezola.<br \/>\n26\/07. Astigarraga, Santa Ana. XXXV. Edici\u00f3n del sagardo eguna que fue el primero de Euskal Herria en 1976.<\/p>\n<p><strong>AGOSTO 2010<\/strong><\/p>\n<p>19\/08. XI Concurso de Sidras de Goizueta. Ganador: Alorrenea.<br \/>\n22\/08. XLIV Concurso de Sidras de Ergobia. Premiados: Irigoien, Lizeaga y Alorrenea.<br \/>\n28\/08. XXIX Concurso de Sidras de Elgoibar. Premiados: Rezola, Astiazaran y Lizeaga.<\/p>\n<p><strong>SEPTIEMBRE 2010<\/strong><\/p>\n<p>04\/09. Donostia, Euskal Jaiak, XXV. Sagardo eguna. 10.000 botellas ofrecidas.<br \/>\n19\/09. Hernani, Fiesta de la manzana y de la sidra con degustaci\u00f3n de zizarra, organizado por Tolare Sagardoaren Kofradia<br \/>\n19\/09. Oiartzun, I. Kizki Eguna .<br \/>\n19\/09. Azkaine, Fiesta de Sagar biltzea en la sidrer\u00eda Txopinondo.<br \/>\n25\/09. Irura. Degustaci\u00f3n de sidras.<br \/>\n26\/09. Astigarraga, Sagardoetxea, X. Sagar Uzta, fiesta de la manzana.<br \/>\n26\/09. Lekunberri, Nafarroako Sagardo Eguna.<br \/>\n26\/09. Irun, X. Sagar Eguna de la sidrer\u00eda Ola.<br \/>\n29\/09. Astigarraga, Concurso de sidras de Kizkia Taldea. Premiados: Petritegi, Elorrabi y Lizeaga.<br \/>\nXX\/09. Inicio oficial del prensado en las sagardotegis de Gipuzkoa.<\/p>\n<p><strong>OCTUBRE 2010<\/strong><\/p>\n<p>02\/10. Sagardo Eguna de Eibar.<br \/>\n07-14\/10. Ezkio-Itsaso, Semana de la Sidra en el Caser\u00edo Museo Igartubeiti. Puesta en marcha del tolare, exposici\u00f3n de manzanas, etc\u2026<br \/>\n13\/10. Donostia, Jornada sobre la cata de la sidra con la sidrer\u00eda Zelaia.<br \/>\n15\/10. Sagardoetxea, entrega de Premios III. Rally Fotogr\u00e1fico Digital Sagar Uzta.<br \/>\n23\/10. Arizkun, XI. Kirikoketa Besta en el lagar Gamioxarrea.<\/p>\n<p><strong>NOVIEMBRE 2010<\/strong><\/p>\n<p>21\/11. Gabiria, Concurso de manzana Reineta.<\/p>\n<p><strong>DICIEMBRE 2010<\/strong><\/p>\n<p>04-08\/12. Sagardoetxea, Puente de Diciembre: barrikote y casta\u00f1as.<br \/>\n05\/12. Errezil, Feria de la Manzana.<br \/>\n09-11\/12. Viaje t\u00e9cnico a Penedes para los miembros de Sagardun Partzuergoa.<br \/>\n26\/12. Zestoa. XII. Concurso de queso y sidra.<\/p>\n","protected":false},"excerpt":{"rendered":"<p>En esta retrospectiva recogemos los principales eventos, concursos y acontecimientos celebrados en torno a la manzana y la sidra en toda Euskal Herria. ENERO 2010 13\/01. Astigarraga. XVII. Sagardo Berriaren [&hellip;]<\/p>\n","protected":false},"author":1,"featured_media":1804,"comment_status":"open","ping_status":"open","sticky":false,"template":"","format":"standard","meta":{"_acf_changed":false,"_et_pb_use_builder":"","_et_pb_old_content":"","_et_gb_content_width":"","footnotes":""},"categories":[242,246,255,256],"tags":[655,862,1392],"class_list":["post-17475","post","type-post","status-publish","format-standard","has-post-thumbnail","hentry","category-eventos","category-gastronomia","category-sidrerias","category-turismo","tag-cultura-sidrera","tag-eventos","tag-pais-vasco"],"acf":[],"yoast_head":"<!-- This site is optimized with the Yoast SEO plugin v25.4 - https:\/\/yoast.com\/wordpress\/plugins\/seo\/ -->\n<title>Retrospectiva 2010. - Sagardoaren Lurraldea<\/title>\n<meta name=\"robots\" content=\"index, follow, max-snippet:-1, max-image-preview:large, max-video-preview:-1\" \/>\n<link rel=\"canonical\" href=\"https:\/\/sagardoarenlurraldea.eus\/es\/blog\/retrospectiva-2010\/\" \/>\n<meta property=\"og:locale\" content=\"es_ES\" \/>\n<meta property=\"og:type\" content=\"article\" \/>\n<meta property=\"og:title\" content=\"Retrospectiva 2010. - Sagardoaren Lurraldea\" \/>\n<meta property=\"og:description\" content=\"En esta retrospectiva recogemos los principales eventos, concursos y acontecimientos celebrados en torno a la manzana y la sidra en toda Euskal Herria. ENERO 2010 13\/01. Astigarraga. XVII. Sagardo Berriaren [&hellip;]\" \/>\n<meta property=\"og:url\" content=\"https:\/\/sagardoarenlurraldea.eus\/es\/blog\/retrospectiva-2010\/\" \/>\n<meta property=\"og:site_name\" content=\"Sagardoaren Lurraldea\" \/>\n<meta property=\"article:publisher\" content=\"https:\/\/www.facebook.com\/sagardoarenlurraldea\" \/>\n<meta property=\"article:published_time\" content=\"2011-03-15T22:00:00+00:00\" \/>\n<meta property=\"og:image\" content=\"https:\/\/sagardoarenlurraldea.eus\/wp-content\/uploads\/2011\/03\/Sidra.jpeg\" \/>\n\t<meta property=\"og:image:width\" content=\"595\" \/>\n\t<meta property=\"og:image:height\" content=\"312\" \/>\n\t<meta property=\"og:image:type\" content=\"image\/jpeg\" \/>\n<meta name=\"author\" content=\"Mikel Ecenarro\" \/>\n<meta name=\"twitter:card\" content=\"summary_large_image\" \/>\n<meta name=\"twitter:label1\" content=\"Escrito por\" \/>\n\t<meta name=\"twitter:data1\" content=\"Mikel Ecenarro\" \/>\n\t<meta name=\"twitter:label2\" content=\"Tiempo de lectura\" \/>\n\t<meta name=\"twitter:data2\" content=\"3 minutos\" \/>\n<script type=\"application\/ld+json\" class=\"yoast-schema-graph\">{\"@context\":\"https:\/\/schema.org\",\"@graph\":[{\"@type\":\"WebPage\",\"@id\":\"https:\/\/sagardoarenlurraldea.eus\/es\/blog\/retrospectiva-2010\/\",\"url\":\"https:\/\/sagardoarenlurraldea.eus\/es\/blog\/retrospectiva-2010\/\",\"name\":\"Retrospectiva 2010. - Sagardoaren Lurraldea\",\"isPartOf\":{\"@id\":\"https:\/\/sagardoarenlurraldea.eus\/es\/#website\"},\"primaryImageOfPage\":{\"@id\":\"https:\/\/sagardoarenlurraldea.eus\/es\/blog\/retrospectiva-2010\/#primaryimage\"},\"image\":{\"@id\":\"https:\/\/sagardoarenlurraldea.eus\/es\/blog\/retrospectiva-2010\/#primaryimage\"},\"thumbnailUrl\":\"https:\/\/sagardoarenlurraldea.eus\/wp-content\/uploads\/2011\/03\/Sidra.jpeg\",\"datePublished\":\"2011-03-15T22:00:00+00:00\",\"author\":{\"@id\":\"https:\/\/sagardoarenlurraldea.eus\/es\/#\/schema\/person\/9e9a225eda321f17256838c2fcba65a7\"},\"breadcrumb\":{\"@id\":\"https:\/\/sagardoarenlurraldea.eus\/es\/blog\/retrospectiva-2010\/#breadcrumb\"},\"inLanguage\":\"es\",\"potentialAction\":[{\"@type\":\"ReadAction\",\"target\":[\"https:\/\/sagardoarenlurraldea.eus\/es\/blog\/retrospectiva-2010\/\"]}]},{\"@type\":\"ImageObject\",\"inLanguage\":\"es\",\"@id\":\"https:\/\/sagardoarenlurraldea.eus\/es\/blog\/retrospectiva-2010\/#primaryimage\",\"url\":\"https:\/\/sagardoarenlurraldea.eus\/wp-content\/uploads\/2011\/03\/Sidra.jpeg\",\"contentUrl\":\"https:\/\/sagardoarenlurraldea.eus\/wp-content\/uploads\/2011\/03\/Sidra.jpeg\",\"width\":595,\"height\":312},{\"@type\":\"BreadcrumbList\",\"@id\":\"https:\/\/sagardoarenlurraldea.eus\/es\/blog\/retrospectiva-2010\/#breadcrumb\",\"itemListElement\":[{\"@type\":\"ListItem\",\"position\":1,\"name\":\"Inicio\",\"item\":\"https:\/\/sagardoarenlurraldea.eus\/es\/\"},{\"@type\":\"ListItem\",\"position\":2,\"name\":\"Retrospectiva 2010.\"}]},{\"@type\":\"WebSite\",\"@id\":\"https:\/\/sagardoarenlurraldea.eus\/es\/#website\",\"url\":\"https:\/\/sagardoarenlurraldea.eus\/es\/\",\"name\":\"Sagardoaren Lurraldea\",\"description\":\"El territorio de la sidra\",\"potentialAction\":[{\"@type\":\"SearchAction\",\"target\":{\"@type\":\"EntryPoint\",\"urlTemplate\":\"https:\/\/sagardoarenlurraldea.eus\/es\/?s={search_term_string}\"},\"query-input\":{\"@type\":\"PropertyValueSpecification\",\"valueRequired\":true,\"valueName\":\"search_term_string\"}}],\"inLanguage\":\"es\"},{\"@type\":\"Person\",\"@id\":\"https:\/\/sagardoarenlurraldea.eus\/es\/#\/schema\/person\/9e9a225eda321f17256838c2fcba65a7\",\"name\":\"Mikel Ecenarro\",\"image\":{\"@type\":\"ImageObject\",\"inLanguage\":\"es\",\"@id\":\"https:\/\/sagardoarenlurraldea.eus\/es\/#\/schema\/person\/image\/\",\"url\":\"https:\/\/secure.gravatar.com\/avatar\/1170400e3ac60954a47797ced4deed6bcd49cf85a03b7abd291d8f8be059bd1d?s=96&d=mm&r=g\",\"contentUrl\":\"https:\/\/secure.gravatar.com\/avatar\/1170400e3ac60954a47797ced4deed6bcd49cf85a03b7abd291d8f8be059bd1d?s=96&d=mm&r=g\",\"caption\":\"Mikel Ecenarro\"}}]}<\/script>\n<!-- \/ Yoast SEO plugin. -->","yoast_head_json":{"title":"Retrospectiva 2010. - Sagardoaren Lurraldea","robots":{"index":"index","follow":"follow","max-snippet":"max-snippet:-1","max-image-preview":"max-image-preview:large","max-video-preview":"max-video-preview:-1"},"canonical":"https:\/\/sagardoarenlurraldea.eus\/es\/blog\/retrospectiva-2010\/","og_locale":"es_ES","og_type":"article","og_title":"Retrospectiva 2010. - Sagardoaren Lurraldea","og_description":"En esta retrospectiva recogemos los principales eventos, concursos y acontecimientos celebrados en torno a la manzana y la sidra en toda Euskal Herria. ENERO 2010 13\/01. Astigarraga. XVII. Sagardo Berriaren [&hellip;]","og_url":"https:\/\/sagardoarenlurraldea.eus\/es\/blog\/retrospectiva-2010\/","og_site_name":"Sagardoaren Lurraldea","article_publisher":"https:\/\/www.facebook.com\/sagardoarenlurraldea","article_published_time":"2011-03-15T22:00:00+00:00","og_image":[{"width":595,"height":312,"url":"https:\/\/sagardoarenlurraldea.eus\/wp-content\/uploads\/2011\/03\/Sidra.jpeg","type":"image\/jpeg"}],"author":"Mikel Ecenarro","twitter_card":"summary_large_image","twitter_misc":{"Escrito por":"Mikel Ecenarro","Tiempo de lectura":"3 minutos"},"schema":{"@context":"https:\/\/schema.org","@graph":[{"@type":"WebPage","@id":"https:\/\/sagardoarenlurraldea.eus\/es\/blog\/retrospectiva-2010\/","url":"https:\/\/sagardoarenlurraldea.eus\/es\/blog\/retrospectiva-2010\/","name":"Retrospectiva 2010. - Sagardoaren Lurraldea","isPartOf":{"@id":"https:\/\/sagardoarenlurraldea.eus\/es\/#website"},"primaryImageOfPage":{"@id":"https:\/\/sagardoarenlurraldea.eus\/es\/blog\/retrospectiva-2010\/#primaryimage"},"image":{"@id":"https:\/\/sagardoarenlurraldea.eus\/es\/blog\/retrospectiva-2010\/#primaryimage"},"thumbnailUrl":"https:\/\/sagardoarenlurraldea.eus\/wp-content\/uploads\/2011\/03\/Sidra.jpeg","datePublished":"2011-03-15T22:00:00+00:00","author":{"@id":"https:\/\/sagardoarenlurraldea.eus\/es\/#\/schema\/person\/9e9a225eda321f17256838c2fcba65a7"},"breadcrumb":{"@id":"https:\/\/sagardoarenlurraldea.eus\/es\/blog\/retrospectiva-2010\/#breadcrumb"},"inLanguage":"es","potentialAction":[{"@type":"ReadAction","target":["https:\/\/sagardoarenlurraldea.eus\/es\/blog\/retrospectiva-2010\/"]}]},{"@type":"ImageObject","inLanguage":"es","@id":"https:\/\/sagardoarenlurraldea.eus\/es\/blog\/retrospectiva-2010\/#primaryimage","url":"https:\/\/sagardoarenlurraldea.eus\/wp-content\/uploads\/2011\/03\/Sidra.jpeg","contentUrl":"https:\/\/sagardoarenlurraldea.eus\/wp-content\/uploads\/2011\/03\/Sidra.jpeg","width":595,"height":312},{"@type":"BreadcrumbList","@id":"https:\/\/sagardoarenlurraldea.eus\/es\/blog\/retrospectiva-2010\/#breadcrumb","itemListElement":[{"@type":"ListItem","position":1,"name":"Inicio","item":"https:\/\/sagardoarenlurraldea.eus\/es\/"},{"@type":"ListItem","position":2,"name":"Retrospectiva 2010."}]},{"@type":"WebSite","@id":"https:\/\/sagardoarenlurraldea.eus\/es\/#website","url":"https:\/\/sagardoarenlurraldea.eus\/es\/","name":"Sagardoaren Lurraldea","description":"El territorio de la sidra","potentialAction":[{"@type":"SearchAction","target":{"@type":"EntryPoint","urlTemplate":"https:\/\/sagardoarenlurraldea.eus\/es\/?s={search_term_string}"},"query-input":{"@type":"PropertyValueSpecification","valueRequired":true,"valueName":"search_term_string"}}],"inLanguage":"es"},{"@type":"Person","@id":"https:\/\/sagardoarenlurraldea.eus\/es\/#\/schema\/person\/9e9a225eda321f17256838c2fcba65a7","name":"Mikel Ecenarro","image":{"@type":"ImageObject","inLanguage":"es","@id":"https:\/\/sagardoarenlurraldea.eus\/es\/#\/schema\/person\/image\/","url":"https:\/\/secure.gravatar.com\/avatar\/1170400e3ac60954a47797ced4deed6bcd49cf85a03b7abd291d8f8be059bd1d?s=96&d=mm&r=g","contentUrl":"https:\/\/secure.gravatar.com\/avatar\/1170400e3ac60954a47797ced4deed6bcd49cf85a03b7abd291d8f8be059bd1d?s=96&d=mm&r=g","caption":"Mikel Ecenarro"}}]}},"_links":{"self":[{"href":"https:\/\/sagardoarenlurraldea.eus\/es\/wp-json\/wp\/v2\/posts\/17475","targetHints":{"allow":["GET"]}}],"collection":[{"href":"https:\/\/sagardoarenlurraldea.eus\/es\/wp-json\/wp\/v2\/posts"}],"about":[{"href":"https:\/\/sagardoarenlurraldea.eus\/es\/wp-json\/wp\/v2\/types\/post"}],"author":[{"embeddable":true,"href":"https:\/\/sagardoarenlurraldea.eus\/es\/wp-json\/wp\/v2\/users\/1"}],"replies":[{"embeddable":true,"href":"https:\/\/sagardoarenlurraldea.eus\/es\/wp-json\/wp\/v2\/comments?post=17475"}],"version-history":[{"count":0,"href":"https:\/\/sagardoarenlurraldea.eus\/es\/wp-json\/wp\/v2\/posts\/17475\/revisions"}],"wp:featuredmedia":[{"embeddable":true,"href":"https:\/\/sagardoarenlurraldea.eus\/es\/wp-json\/wp\/v2\/media\/1804"}],"wp:attachment":[{"href":"https:\/\/sagardoarenlurraldea.eus\/es\/wp-json\/wp\/v2\/media?parent=17475"}],"wp:term":[{"taxonomy":"category","embeddable":true,"href":"https:\/\/sagardoarenlurraldea.eus\/es\/wp-json\/wp\/v2\/categories?post=17475"},{"taxonomy":"post_tag","embeddable":true,"href":"https:\/\/sagardoarenlurraldea.eus\/es\/wp-json\/wp\/v2\/tags?post=17475"}],"curies":[{"name":"wp","href":"https:\/\/api.w.org\/{rel}","templated":true}]}}