{"id":153701,"date":"2021-01-27T14:29:26","date_gmt":"2021-01-27T12:29:26","guid":{"rendered":"http:\/\/www.sagardoarenlurraldea.eus\/?p=153701"},"modified":"2021-01-27T14:29:26","modified_gmt":"2021-01-27T12:29:26","slug":"se-cancela-la-celebracion-del-xxviii-sagardo-berriaren-eguna","status":"publish","type":"post","link":"https:\/\/sagardoarenlurraldea.eus\/es\/blog\/se-cancela-la-celebracion-del-xxviii-sagardo-berriaren-eguna\/","title":{"rendered":"Se cancela la celebraci\u00f3n del XXVIII. Sagardo Berriaren Eguna"},"content":{"rendered":"<p><strong>Debido a la situaci\u00f3n de la pandemia, se ha tomado la decisi\u00f3n de cancelar la celebraci\u00f3n del \u00abXXVIII Sagardo Berriaren Eguna\u00bb, evento que anunciar\u00eda la apertura de la temporada de sidrer\u00edas del 2021 el pr\u00f3ximo 3 de febrero.<\/strong><\/p>\n<p>Debida a la situaci\u00f3n creada por el Covid-19, las sidrer\u00edas tomaron la decisi\u00f3n de <strong>atrasar la temporada de sidrer\u00edas del 2021<\/strong> y abrir sus puertas el 5 de febrero siguiendo un protocolo especial dise\u00f1ado en base a las medidas que el Gobierno Vasco ha puesto en vigor para el sector de la hosteler\u00eda.<\/p>\n<p>Sin embargo, la situaci\u00f3n de la pandemia ha empeorado y teniendo en cuenta las medidas de movilidad que actualmente est\u00e1n en vigor, algunas sidrer\u00edas han tomado la decisi\u00f3n de <strong>abrir m\u00e1s tarde<\/strong>.<\/p>\n<p>Ante esta situaci\u00f3n, se ha tomado la decisi\u00f3n de <strong>cancelar el evento \u00abXXVIII Sagardo Berriaren Eguna\u00bb previsto para el pr\u00f3ximo 3 de febrero<\/strong> para anunciar el inicio de la nueva temporada de sidrer\u00edas.<\/p>\n<p>Desde aqu\u00ed queremos recordar a la ciudadan\u00eda que algunas <strong>sidrer\u00edas est\u00e1n abiertas<\/strong> para aquellas personas que quieran disfrutar de la nueva sidra y de la experiencia de ir de sidrer\u00eda, y que todas las sidrer\u00edas est\u00e1n abiertas para la venta de la sidra en botella.<\/p>\n","protected":false},"excerpt":{"rendered":"<p>Debido a la situaci\u00f3n de la pandemia, se ha tomado la decisi\u00f3n de cancelar la celebraci\u00f3n del \u00abXXVIII Sagardo Berriaren Eguna\u00bb, evento que anunciar\u00eda la apertura de la temporada de [&hellip;]<\/p>\n","protected":false},"author":8,"featured_media":153703,"comment_status":"open","ping_status":"open","sticky":false,"template":"","format":"standard","meta":{"_acf_changed":false,"_et_pb_use_builder":"","_et_pb_old_content":"","_et_gb_content_width":"","footnotes":""},"categories":[242,254,255],"tags":[1578,1607,1651,1752,1771],"class_list":["post-153701","post","type-post","status-publish","format-standard","has-post-thumbnail","hentry","category-eventos","category-sidra","category-sidrerias","tag-sagardo-berriaren-eguna","tag-sagardoa-2","tag-sagardotegia","tag-sidra","tag-sidreria"],"acf":[],"yoast_head":"<!-- This site is optimized with the Yoast SEO plugin v25.4 - https:\/\/yoast.com\/wordpress\/plugins\/seo\/ -->\n<title>Se cancela la celebraci\u00f3n del XXVIII. Sagardo Berriaren Eguna - Sagardoaren Lurraldea<\/title>\n<meta name=\"robots\" content=\"index, follow, max-snippet:-1, max-image-preview:large, max-video-preview:-1\" \/>\n<link rel=\"canonical\" href=\"https:\/\/sagardoarenlurraldea.eus\/es\/blog\/se-cancela-la-celebracion-del-xxviii-sagardo-berriaren-eguna\/\" \/>\n<meta property=\"og:locale\" content=\"es_ES\" \/>\n<meta property=\"og:type\" content=\"article\" \/>\n<meta property=\"og:title\" content=\"Se cancela la celebraci\u00f3n del XXVIII. Sagardo Berriaren Eguna - Sagardoaren Lurraldea\" \/>\n<meta property=\"og:description\" content=\"Debido a la situaci\u00f3n de la pandemia, se ha tomado la decisi\u00f3n de cancelar la celebraci\u00f3n del \u00abXXVIII Sagardo Berriaren Eguna\u00bb, evento que anunciar\u00eda la apertura de la temporada de [&hellip;]\" \/>\n<meta property=\"og:url\" content=\"https:\/\/sagardoarenlurraldea.eus\/es\/blog\/se-cancela-la-celebracion-del-xxviii-sagardo-berriaren-eguna\/\" \/>\n<meta property=\"og:site_name\" content=\"Sagardoaren Lurraldea\" \/>\n<meta property=\"article:publisher\" content=\"https:\/\/www.facebook.com\/sagardoarenlurraldea\" \/>\n<meta property=\"article:published_time\" content=\"2021-01-27T12:29:26+00:00\" \/>\n<meta property=\"og:image\" content=\"https:\/\/sagardoarenlurraldea.eus\/wp-content\/uploads\/2021\/01\/bb_20200116834700-scaled.jpg\" \/>\n\t<meta property=\"og:image:width\" content=\"2560\" \/>\n\t<meta property=\"og:image:height\" content=\"1796\" \/>\n\t<meta property=\"og:image:type\" content=\"image\/jpeg\" \/>\n<meta name=\"author\" content=\"Leire\" \/>\n<meta name=\"twitter:card\" content=\"summary_large_image\" \/>\n<meta name=\"twitter:label1\" content=\"Escrito por\" \/>\n\t<meta name=\"twitter:data1\" content=\"Leire\" \/>\n\t<meta name=\"twitter:label2\" content=\"Tiempo de lectura\" \/>\n\t<meta name=\"twitter:data2\" content=\"1 minuto\" \/>\n<script type=\"application\/ld+json\" class=\"yoast-schema-graph\">{\"@context\":\"https:\/\/schema.org\",\"@graph\":[{\"@type\":\"WebPage\",\"@id\":\"https:\/\/sagardoarenlurraldea.eus\/es\/blog\/se-cancela-la-celebracion-del-xxviii-sagardo-berriaren-eguna\/\",\"url\":\"https:\/\/sagardoarenlurraldea.eus\/es\/blog\/se-cancela-la-celebracion-del-xxviii-sagardo-berriaren-eguna\/\",\"name\":\"Se cancela la celebraci\u00f3n del XXVIII. Sagardo Berriaren Eguna - Sagardoaren Lurraldea\",\"isPartOf\":{\"@id\":\"https:\/\/sagardoarenlurraldea.eus\/es\/#website\"},\"primaryImageOfPage\":{\"@id\":\"https:\/\/sagardoarenlurraldea.eus\/es\/blog\/se-cancela-la-celebracion-del-xxviii-sagardo-berriaren-eguna\/#primaryimage\"},\"image\":{\"@id\":\"https:\/\/sagardoarenlurraldea.eus\/es\/blog\/se-cancela-la-celebracion-del-xxviii-sagardo-berriaren-eguna\/#primaryimage\"},\"thumbnailUrl\":\"https:\/\/sagardoarenlurraldea.eus\/wp-content\/uploads\/2021\/01\/bb_20200116834700-scaled.jpg\",\"datePublished\":\"2021-01-27T12:29:26+00:00\",\"author\":{\"@id\":\"https:\/\/sagardoarenlurraldea.eus\/es\/#\/schema\/person\/c0d273e025ac5dbf969479b4523c9763\"},\"breadcrumb\":{\"@id\":\"https:\/\/sagardoarenlurraldea.eus\/es\/blog\/se-cancela-la-celebracion-del-xxviii-sagardo-berriaren-eguna\/#breadcrumb\"},\"inLanguage\":\"es\",\"potentialAction\":[{\"@type\":\"ReadAction\",\"target\":[\"https:\/\/sagardoarenlurraldea.eus\/es\/blog\/se-cancela-la-celebracion-del-xxviii-sagardo-berriaren-eguna\/\"]}]},{\"@type\":\"ImageObject\",\"inLanguage\":\"es\",\"@id\":\"https:\/\/sagardoarenlurraldea.eus\/es\/blog\/se-cancela-la-celebracion-del-xxviii-sagardo-berriaren-eguna\/#primaryimage\",\"url\":\"https:\/\/sagardoarenlurraldea.eus\/wp-content\/uploads\/2021\/01\/bb_20200116834700-scaled.jpg\",\"contentUrl\":\"https:\/\/sagardoarenlurraldea.eus\/wp-content\/uploads\/2021\/01\/bb_20200116834700-scaled.jpg\",\"width\":2560,\"height\":1796},{\"@type\":\"BreadcrumbList\",\"@id\":\"https:\/\/sagardoarenlurraldea.eus\/es\/blog\/se-cancela-la-celebracion-del-xxviii-sagardo-berriaren-eguna\/#breadcrumb\",\"itemListElement\":[{\"@type\":\"ListItem\",\"position\":1,\"name\":\"Inicio\",\"item\":\"https:\/\/sagardoarenlurraldea.eus\/es\/\"},{\"@type\":\"ListItem\",\"position\":2,\"name\":\"Se cancela la celebraci\u00f3n del XXVIII. Sagardo Berriaren Eguna\"}]},{\"@type\":\"WebSite\",\"@id\":\"https:\/\/sagardoarenlurraldea.eus\/es\/#website\",\"url\":\"https:\/\/sagardoarenlurraldea.eus\/es\/\",\"name\":\"Sagardoaren Lurraldea\",\"description\":\"El territorio de la sidra\",\"potentialAction\":[{\"@type\":\"SearchAction\",\"target\":{\"@type\":\"EntryPoint\",\"urlTemplate\":\"https:\/\/sagardoarenlurraldea.eus\/es\/?s={search_term_string}\"},\"query-input\":{\"@type\":\"PropertyValueSpecification\",\"valueRequired\":true,\"valueName\":\"search_term_string\"}}],\"inLanguage\":\"es\"},{\"@type\":\"Person\",\"@id\":\"https:\/\/sagardoarenlurraldea.eus\/es\/#\/schema\/person\/c0d273e025ac5dbf969479b4523c9763\",\"name\":\"Leire\",\"image\":{\"@type\":\"ImageObject\",\"inLanguage\":\"es\",\"@id\":\"https:\/\/sagardoarenlurraldea.eus\/es\/#\/schema\/person\/image\/\",\"url\":\"https:\/\/secure.gravatar.com\/avatar\/102f988b53fb26afcecf0c4021ce7306431d7c6dcec997c8578b92a1112bcd81?s=96&d=mm&r=g\",\"contentUrl\":\"https:\/\/secure.gravatar.com\/avatar\/102f988b53fb26afcecf0c4021ce7306431d7c6dcec997c8578b92a1112bcd81?s=96&d=mm&r=g\",\"caption\":\"Leire\"}}]}<\/script>\n<!-- \/ Yoast SEO plugin. -->","yoast_head_json":{"title":"Se cancela la celebraci\u00f3n del XXVIII. Sagardo Berriaren Eguna - Sagardoaren Lurraldea","robots":{"index":"index","follow":"follow","max-snippet":"max-snippet:-1","max-image-preview":"max-image-preview:large","max-video-preview":"max-video-preview:-1"},"canonical":"https:\/\/sagardoarenlurraldea.eus\/es\/blog\/se-cancela-la-celebracion-del-xxviii-sagardo-berriaren-eguna\/","og_locale":"es_ES","og_type":"article","og_title":"Se cancela la celebraci\u00f3n del XXVIII. Sagardo Berriaren Eguna - Sagardoaren Lurraldea","og_description":"Debido a la situaci\u00f3n de la pandemia, se ha tomado la decisi\u00f3n de cancelar la celebraci\u00f3n del \u00abXXVIII Sagardo Berriaren Eguna\u00bb, evento que anunciar\u00eda la apertura de la temporada de [&hellip;]","og_url":"https:\/\/sagardoarenlurraldea.eus\/es\/blog\/se-cancela-la-celebracion-del-xxviii-sagardo-berriaren-eguna\/","og_site_name":"Sagardoaren Lurraldea","article_publisher":"https:\/\/www.facebook.com\/sagardoarenlurraldea","article_published_time":"2021-01-27T12:29:26+00:00","og_image":[{"width":2560,"height":1796,"url":"https:\/\/sagardoarenlurraldea.eus\/wp-content\/uploads\/2021\/01\/bb_20200116834700-scaled.jpg","type":"image\/jpeg"}],"author":"Leire","twitter_card":"summary_large_image","twitter_misc":{"Escrito por":"Leire","Tiempo de lectura":"1 minuto"},"schema":{"@context":"https:\/\/schema.org","@graph":[{"@type":"WebPage","@id":"https:\/\/sagardoarenlurraldea.eus\/es\/blog\/se-cancela-la-celebracion-del-xxviii-sagardo-berriaren-eguna\/","url":"https:\/\/sagardoarenlurraldea.eus\/es\/blog\/se-cancela-la-celebracion-del-xxviii-sagardo-berriaren-eguna\/","name":"Se cancela la celebraci\u00f3n del XXVIII. Sagardo Berriaren Eguna - Sagardoaren Lurraldea","isPartOf":{"@id":"https:\/\/sagardoarenlurraldea.eus\/es\/#website"},"primaryImageOfPage":{"@id":"https:\/\/sagardoarenlurraldea.eus\/es\/blog\/se-cancela-la-celebracion-del-xxviii-sagardo-berriaren-eguna\/#primaryimage"},"image":{"@id":"https:\/\/sagardoarenlurraldea.eus\/es\/blog\/se-cancela-la-celebracion-del-xxviii-sagardo-berriaren-eguna\/#primaryimage"},"thumbnailUrl":"https:\/\/sagardoarenlurraldea.eus\/wp-content\/uploads\/2021\/01\/bb_20200116834700-scaled.jpg","datePublished":"2021-01-27T12:29:26+00:00","author":{"@id":"https:\/\/sagardoarenlurraldea.eus\/es\/#\/schema\/person\/c0d273e025ac5dbf969479b4523c9763"},"breadcrumb":{"@id":"https:\/\/sagardoarenlurraldea.eus\/es\/blog\/se-cancela-la-celebracion-del-xxviii-sagardo-berriaren-eguna\/#breadcrumb"},"inLanguage":"es","potentialAction":[{"@type":"ReadAction","target":["https:\/\/sagardoarenlurraldea.eus\/es\/blog\/se-cancela-la-celebracion-del-xxviii-sagardo-berriaren-eguna\/"]}]},{"@type":"ImageObject","inLanguage":"es","@id":"https:\/\/sagardoarenlurraldea.eus\/es\/blog\/se-cancela-la-celebracion-del-xxviii-sagardo-berriaren-eguna\/#primaryimage","url":"https:\/\/sagardoarenlurraldea.eus\/wp-content\/uploads\/2021\/01\/bb_20200116834700-scaled.jpg","contentUrl":"https:\/\/sagardoarenlurraldea.eus\/wp-content\/uploads\/2021\/01\/bb_20200116834700-scaled.jpg","width":2560,"height":1796},{"@type":"BreadcrumbList","@id":"https:\/\/sagardoarenlurraldea.eus\/es\/blog\/se-cancela-la-celebracion-del-xxviii-sagardo-berriaren-eguna\/#breadcrumb","itemListElement":[{"@type":"ListItem","position":1,"name":"Inicio","item":"https:\/\/sagardoarenlurraldea.eus\/es\/"},{"@type":"ListItem","position":2,"name":"Se cancela la celebraci\u00f3n del XXVIII. Sagardo Berriaren Eguna"}]},{"@type":"WebSite","@id":"https:\/\/sagardoarenlurraldea.eus\/es\/#website","url":"https:\/\/sagardoarenlurraldea.eus\/es\/","name":"Sagardoaren Lurraldea","description":"El territorio de la sidra","potentialAction":[{"@type":"SearchAction","target":{"@type":"EntryPoint","urlTemplate":"https:\/\/sagardoarenlurraldea.eus\/es\/?s={search_term_string}"},"query-input":{"@type":"PropertyValueSpecification","valueRequired":true,"valueName":"search_term_string"}}],"inLanguage":"es"},{"@type":"Person","@id":"https:\/\/sagardoarenlurraldea.eus\/es\/#\/schema\/person\/c0d273e025ac5dbf969479b4523c9763","name":"Leire","image":{"@type":"ImageObject","inLanguage":"es","@id":"https:\/\/sagardoarenlurraldea.eus\/es\/#\/schema\/person\/image\/","url":"https:\/\/secure.gravatar.com\/avatar\/102f988b53fb26afcecf0c4021ce7306431d7c6dcec997c8578b92a1112bcd81?s=96&d=mm&r=g","contentUrl":"https:\/\/secure.gravatar.com\/avatar\/102f988b53fb26afcecf0c4021ce7306431d7c6dcec997c8578b92a1112bcd81?s=96&d=mm&r=g","caption":"Leire"}}]}},"_links":{"self":[{"href":"https:\/\/sagardoarenlurraldea.eus\/es\/wp-json\/wp\/v2\/posts\/153701","targetHints":{"allow":["GET"]}}],"collection":[{"href":"https:\/\/sagardoarenlurraldea.eus\/es\/wp-json\/wp\/v2\/posts"}],"about":[{"href":"https:\/\/sagardoarenlurraldea.eus\/es\/wp-json\/wp\/v2\/types\/post"}],"author":[{"embeddable":true,"href":"https:\/\/sagardoarenlurraldea.eus\/es\/wp-json\/wp\/v2\/users\/8"}],"replies":[{"embeddable":true,"href":"https:\/\/sagardoarenlurraldea.eus\/es\/wp-json\/wp\/v2\/comments?post=153701"}],"version-history":[{"count":0,"href":"https:\/\/sagardoarenlurraldea.eus\/es\/wp-json\/wp\/v2\/posts\/153701\/revisions"}],"wp:featuredmedia":[{"embeddable":true,"href":"https:\/\/sagardoarenlurraldea.eus\/es\/wp-json\/wp\/v2\/media\/153703"}],"wp:attachment":[{"href":"https:\/\/sagardoarenlurraldea.eus\/es\/wp-json\/wp\/v2\/media?parent=153701"}],"wp:term":[{"taxonomy":"category","embeddable":true,"href":"https:\/\/sagardoarenlurraldea.eus\/es\/wp-json\/wp\/v2\/categories?post=153701"},{"taxonomy":"post_tag","embeddable":true,"href":"https:\/\/sagardoarenlurraldea.eus\/es\/wp-json\/wp\/v2\/tags?post=153701"}],"curies":[{"name":"wp","href":"https:\/\/api.w.org\/{rel}","templated":true}]}}