{"id":138701,"date":"2020-09-11T15:45:15","date_gmt":"2020-09-11T13:45:15","guid":{"rendered":"http:\/\/www.sagardoarenlurraldea.eus\/?p=138701"},"modified":"2020-09-21T15:45:52","modified_gmt":"2020-09-21T13:45:52","slug":"estado-de-maduracion-de-la-manzana-de-sidra-de-la-cosecha-2020","status":"publish","type":"post","link":"https:\/\/sagardoarenlurraldea.eus\/es\/blog\/estado-de-maduracion-de-la-manzana-de-sidra-de-la-cosecha-2020\/","title":{"rendered":"Estado de maduraci\u00f3n de la manzana de sidra de la cosecha 2020"},"content":{"rendered":"<p><strong>Como venimos haciendo en a\u00f1os anteriores, presentamos el XX informe del estado de la maduraci\u00f3n de manzana de sidra de la cosecha 2020 realizado por Fruitel y Sagardoaren Lurraldea.<\/strong><\/p>\n<p><strong>Puntos a destacar:<\/strong><br \/>\n<strong>\u00b7 Se observan importantes diferencias en cuanto a los estados de maduraci\u00f3n dentro de los mismos \u00e1rboles.<\/strong><br \/>\n<strong>\u00b7 Este a\u00f1o la producci\u00f3n es sensiblemente menor respecto a la del a\u00f1o pasado.<\/strong><br \/>\n<strong>\u00b7 En consecuencia del verano c\u00e1lido y seco, en muchas zonas las manzanas tienen un calibre m\u00e1s peque\u00f1o.<\/strong><\/p>\n<p>A comienzos de septiembre se ha realizado un control en varias plantaciones de Gipuzkoa para conocer el estado de maduraci\u00f3n en que se encontraban las manzanas.<\/p>\n<p>Para ello se ha realizado un seguimiento en plantaciones situadas en diferentes zonas de Gipuzkoa. Las variedades que se han controlado son 14: Aritza, Errezila, Gezamina, Goikoetxe, Manttoni, Moko, Mozolua, Patzolua, Txalaka, Udare Marroi, Urdin, Urtebi Haundi, Urtebi Txiki y Verde Agria.<\/p>\n<p>Ven\u00edamos de un a\u00f1o con una gran producci\u00f3n de manzana, lo que ha facilitado el efecto negativo de una alternancia importante en muchas plantaciones. En consecuencia, este a\u00f1o la producci\u00f3n es sensiblemente menor respecto a la del a\u00f1o pasado.<\/p>\n<p>Ha sido un invierno templado, con falta de horas de frio. As\u00ed, en los manzanales donde si ha habido buenas floraciones, \u00e9stas han sido muy prolongadas en el tiempo, con cuajados de flores muy desiguales seg\u00fan las zonas. Como consecuencia, ahora se observan importantes diferencias en cuanto a los estados de maduraci\u00f3n dentro de los mismos \u00e1rboles.<\/p>\n<p>Hay que destacar el tiempo de este verano, c\u00e1lido y seco, lo que ha provocado que en muchas zonas las manzanas tengan un calibre m\u00e1s peque\u00f1o y que los manzanos sufran un importante estr\u00e9s h\u00eddrico.<\/p>\n<p>La presencia de carpocapsa ha sido importante, provocando da\u00f1os de consideraci\u00f3n.<\/p>\n<p><strong>Estado de maduraci\u00f3n<\/strong><br \/>\nEl estudio del estado de maduraci\u00f3n ha sido realizado, como en los a\u00f1os anteriores, durante la 2\u00aa semana de septiembre para as\u00ed poder compararlo con la misma semana de los a\u00f1os anteriores. En este caso hemos comprobado la maduraci\u00f3n a trav\u00e9s del contenido en az\u00facar mediante el \u00edndice refractom\u00e9trico (\u00baBrix) y de la regresi\u00f3n del almid\u00f3n que se midi\u00f3 por el \u00edndice del yodo, en una escala visual de 1 a 10 seg\u00fan la norma europea.<\/p>\n<p><strong>\u00cdndice refractometrico &#8211; \u00baBrix<\/strong><br \/>\nEl contenido de az\u00facar es de 11,9 \u00baBrix, la mayor de los \u00faltimos 5 a\u00f1os.<\/p>\n<p>En el momento de realizar el control, las variedades Patzolua con 13,2 \u00baBrix y Goikoetxe con 13,1 \u00baBrix dan el valor m\u00e1s alto, mientras que Manttoni con 10,4 \u00baBrix da el m\u00e1s bajo.<\/p>\n<p><strong>Regresi\u00f3n del amid\u00f3n<\/strong><br \/>\nEl \u00edndice la regresi\u00f3n del almid\u00f3n de este a\u00f1o es de 2,9, siendo menor que a\u00f1o pasado.<\/p>\n<p>Aparte de la variedad Goikoetxe, las variedades Patzolua con 3,9, Gezamina con 3,3, Mozolua con 3,2, Txalaka con 3,1 y Manttoni con 3 son las que presentan una regresi\u00f3n del almid\u00f3n m\u00e1s alta en el momento del control, mientras que las variedades Errezila con 1,1, Moko con 1,4 y Verde Agria con 1,5 son las que presentan el nivel m\u00e1s bajo.<\/p>\n<p><strong>ASPECTOS A DESTACAR<\/strong>:<\/p>\n<p>En definitiva podr\u00edamos destacar los siguientes aspectos del estado de la manzana en la 1\u00aa quincena de septiembre de 2020:<\/p>\n<p>&#8211; Respecto al a\u00f1o pasado la maduraci\u00f3n en general viene algo m\u00e1s retrasada, alrededor de una semana si observamos la regresi\u00f3n del almid\u00f3n y con un alto contenido de az\u00facar. Hay que subrayar la importante ca\u00edda de fruta que se est\u00e1 produciendo en muchas plantaciones. Algunas de las razones son la sequ\u00eda de este verano, los golpes de sol y los da\u00f1os provocados por la carpocapsa.<br \/>\n&#8211; El estado de maduraci\u00f3n en cuanto al nivel de az\u00facar es de 11,9 \u00baBrix, 1,4 puntos mayor que el a\u00f1o pasado.<br \/>\n&#8211; La regresi\u00f3n del almid\u00f3n presenta un \u00edndice de 2,9, 0,6 puntos menor que el a\u00f1o pasado.<br \/>\n&#8211; Observando los datos de maduraci\u00f3n respecto a la regresi\u00f3n del almid\u00f3n teniendo en cuenta todas las plantaciones del estudio, se pueden observar 3 grupos de variedades, aparte de la variedad Goikoetxe:<br \/>\n\u00b7 Las m\u00e1s avanzadas: Patzolua, Gezamina, Mozolua, Txalaka y Manttoni.<br \/>\n\u00b7 En medio: Aritza, Txalaka, Udare Marroi, Urtebi Txiki, Urdin y Urtebi Haundi<br \/>\n\u00b7 Las m\u00e1s retrasadas: Errezila, Moko y Verde Agria.<\/p>\n<p><a href=\"https:\/\/sagardoarenlurraldea.eus\/wp-content\/uploads\/2020\/09\/Sagar-Uzta-2020_Estado-de-maduraci\u00f3n.pdf\">Descargar el estado de maduraci\u00f3n en formato PDF<\/a><\/p>\n<p><strong>AITOR ETXEANDIA AZPIAZU \u2013 SAGARLAN S.L<\/strong><br \/>\nAsesor en Fruticultura, 11 de septiembre del 2020<\/p>\n","protected":false},"excerpt":{"rendered":"<p>Como venimos haciendo en a\u00f1os anteriores, presentamos el XX informe del estado de la maduraci\u00f3n de manzana de sidra de la cosecha 2020 realizado por Fruitel y Sagardoaren Lurraldea. Puntos [&hellip;]<\/p>\n","protected":false},"author":8,"featured_media":138728,"comment_status":"open","ping_status":"open","sticky":false,"template":"","format":"standard","meta":{"_acf_changed":false,"_et_pb_use_builder":"","_et_pb_old_content":"","_et_gb_content_width":"","footnotes":""},"categories":[252],"tags":[1001,1220,1225,1607,1666,1752],"class_list":["post-138701","post","type-post","status-publish","format-standard","has-post-thumbnail","hentry","category-manzana","tag-heldutasuna","tag-maduracion","tag-manzana","tag-sagardoa-2","tag-sagarra","tag-sidra"],"acf":[],"yoast_head":"<!-- This site is optimized with the Yoast SEO plugin v25.4 - https:\/\/yoast.com\/wordpress\/plugins\/seo\/ -->\n<title>Estado de maduraci\u00f3n de la manzana de sidra de la cosecha 2020 - Sagardoaren Lurraldea<\/title>\n<meta name=\"robots\" content=\"index, follow, max-snippet:-1, max-image-preview:large, max-video-preview:-1\" \/>\n<link rel=\"canonical\" href=\"https:\/\/sagardoarenlurraldea.eus\/es\/blog\/estado-de-maduracion-de-la-manzana-de-sidra-de-la-cosecha-2020\/\" \/>\n<meta property=\"og:locale\" content=\"es_ES\" \/>\n<meta property=\"og:type\" content=\"article\" \/>\n<meta property=\"og:title\" content=\"Estado de maduraci\u00f3n de la manzana de sidra de la cosecha 2020 - Sagardoaren Lurraldea\" \/>\n<meta property=\"og:description\" content=\"Como venimos haciendo en a\u00f1os anteriores, presentamos el XX informe del estado de la maduraci\u00f3n de manzana de sidra de la cosecha 2020 realizado por Fruitel y Sagardoaren Lurraldea. Puntos [&hellip;]\" \/>\n<meta property=\"og:url\" content=\"https:\/\/sagardoarenlurraldea.eus\/es\/blog\/estado-de-maduracion-de-la-manzana-de-sidra-de-la-cosecha-2020\/\" \/>\n<meta property=\"og:site_name\" content=\"Sagardoaren Lurraldea\" \/>\n<meta property=\"article:publisher\" content=\"https:\/\/www.facebook.com\/sagardoarenlurraldea\" \/>\n<meta property=\"article:published_time\" content=\"2020-09-11T13:45:15+00:00\" \/>\n<meta property=\"article:modified_time\" content=\"2020-09-21T13:45:52+00:00\" \/>\n<meta property=\"og:image\" content=\"https:\/\/sagardoarenlurraldea.eus\/wp-content\/uploads\/2020\/09\/IMG_8369-1.jpg\" \/>\n\t<meta property=\"og:image:width\" content=\"2000\" \/>\n\t<meta property=\"og:image:height\" content=\"1333\" \/>\n\t<meta property=\"og:image:type\" content=\"image\/jpeg\" \/>\n<meta name=\"author\" content=\"Leire\" \/>\n<meta name=\"twitter:card\" content=\"summary_large_image\" \/>\n<meta name=\"twitter:label1\" content=\"Escrito por\" \/>\n\t<meta name=\"twitter:data1\" content=\"Leire\" \/>\n\t<meta name=\"twitter:label2\" content=\"Tiempo de lectura\" \/>\n\t<meta name=\"twitter:data2\" content=\"4 minutos\" \/>\n<script type=\"application\/ld+json\" class=\"yoast-schema-graph\">{\"@context\":\"https:\/\/schema.org\",\"@graph\":[{\"@type\":\"WebPage\",\"@id\":\"https:\/\/sagardoarenlurraldea.eus\/es\/blog\/estado-de-maduracion-de-la-manzana-de-sidra-de-la-cosecha-2020\/\",\"url\":\"https:\/\/sagardoarenlurraldea.eus\/es\/blog\/estado-de-maduracion-de-la-manzana-de-sidra-de-la-cosecha-2020\/\",\"name\":\"Estado de maduraci\u00f3n de la manzana de sidra de la cosecha 2020 - Sagardoaren Lurraldea\",\"isPartOf\":{\"@id\":\"https:\/\/sagardoarenlurraldea.eus\/es\/#website\"},\"primaryImageOfPage\":{\"@id\":\"https:\/\/sagardoarenlurraldea.eus\/es\/blog\/estado-de-maduracion-de-la-manzana-de-sidra-de-la-cosecha-2020\/#primaryimage\"},\"image\":{\"@id\":\"https:\/\/sagardoarenlurraldea.eus\/es\/blog\/estado-de-maduracion-de-la-manzana-de-sidra-de-la-cosecha-2020\/#primaryimage\"},\"thumbnailUrl\":\"https:\/\/sagardoarenlurraldea.eus\/wp-content\/uploads\/2020\/09\/IMG_8369-1.jpg\",\"datePublished\":\"2020-09-11T13:45:15+00:00\",\"dateModified\":\"2020-09-21T13:45:52+00:00\",\"author\":{\"@id\":\"https:\/\/sagardoarenlurraldea.eus\/es\/#\/schema\/person\/c0d273e025ac5dbf969479b4523c9763\"},\"breadcrumb\":{\"@id\":\"https:\/\/sagardoarenlurraldea.eus\/es\/blog\/estado-de-maduracion-de-la-manzana-de-sidra-de-la-cosecha-2020\/#breadcrumb\"},\"inLanguage\":\"es\",\"potentialAction\":[{\"@type\":\"ReadAction\",\"target\":[\"https:\/\/sagardoarenlurraldea.eus\/es\/blog\/estado-de-maduracion-de-la-manzana-de-sidra-de-la-cosecha-2020\/\"]}]},{\"@type\":\"ImageObject\",\"inLanguage\":\"es\",\"@id\":\"https:\/\/sagardoarenlurraldea.eus\/es\/blog\/estado-de-maduracion-de-la-manzana-de-sidra-de-la-cosecha-2020\/#primaryimage\",\"url\":\"https:\/\/sagardoarenlurraldea.eus\/wp-content\/uploads\/2020\/09\/IMG_8369-1.jpg\",\"contentUrl\":\"https:\/\/sagardoarenlurraldea.eus\/wp-content\/uploads\/2020\/09\/IMG_8369-1.jpg\",\"width\":2000,\"height\":1333},{\"@type\":\"BreadcrumbList\",\"@id\":\"https:\/\/sagardoarenlurraldea.eus\/es\/blog\/estado-de-maduracion-de-la-manzana-de-sidra-de-la-cosecha-2020\/#breadcrumb\",\"itemListElement\":[{\"@type\":\"ListItem\",\"position\":1,\"name\":\"Inicio\",\"item\":\"https:\/\/sagardoarenlurraldea.eus\/es\/\"},{\"@type\":\"ListItem\",\"position\":2,\"name\":\"Estado de maduraci\u00f3n de la manzana de sidra de la cosecha 2020\"}]},{\"@type\":\"WebSite\",\"@id\":\"https:\/\/sagardoarenlurraldea.eus\/es\/#website\",\"url\":\"https:\/\/sagardoarenlurraldea.eus\/es\/\",\"name\":\"Sagardoaren Lurraldea\",\"description\":\"El territorio de la sidra\",\"potentialAction\":[{\"@type\":\"SearchAction\",\"target\":{\"@type\":\"EntryPoint\",\"urlTemplate\":\"https:\/\/sagardoarenlurraldea.eus\/es\/?s={search_term_string}\"},\"query-input\":{\"@type\":\"PropertyValueSpecification\",\"valueRequired\":true,\"valueName\":\"search_term_string\"}}],\"inLanguage\":\"es\"},{\"@type\":\"Person\",\"@id\":\"https:\/\/sagardoarenlurraldea.eus\/es\/#\/schema\/person\/c0d273e025ac5dbf969479b4523c9763\",\"name\":\"Leire\",\"image\":{\"@type\":\"ImageObject\",\"inLanguage\":\"es\",\"@id\":\"https:\/\/sagardoarenlurraldea.eus\/es\/#\/schema\/person\/image\/\",\"url\":\"https:\/\/secure.gravatar.com\/avatar\/102f988b53fb26afcecf0c4021ce7306431d7c6dcec997c8578b92a1112bcd81?s=96&d=mm&r=g\",\"contentUrl\":\"https:\/\/secure.gravatar.com\/avatar\/102f988b53fb26afcecf0c4021ce7306431d7c6dcec997c8578b92a1112bcd81?s=96&d=mm&r=g\",\"caption\":\"Leire\"}}]}<\/script>\n<!-- \/ Yoast SEO plugin. -->","yoast_head_json":{"title":"Estado de maduraci\u00f3n de la manzana de sidra de la cosecha 2020 - Sagardoaren Lurraldea","robots":{"index":"index","follow":"follow","max-snippet":"max-snippet:-1","max-image-preview":"max-image-preview:large","max-video-preview":"max-video-preview:-1"},"canonical":"https:\/\/sagardoarenlurraldea.eus\/es\/blog\/estado-de-maduracion-de-la-manzana-de-sidra-de-la-cosecha-2020\/","og_locale":"es_ES","og_type":"article","og_title":"Estado de maduraci\u00f3n de la manzana de sidra de la cosecha 2020 - Sagardoaren Lurraldea","og_description":"Como venimos haciendo en a\u00f1os anteriores, presentamos el XX informe del estado de la maduraci\u00f3n de manzana de sidra de la cosecha 2020 realizado por Fruitel y Sagardoaren Lurraldea. Puntos [&hellip;]","og_url":"https:\/\/sagardoarenlurraldea.eus\/es\/blog\/estado-de-maduracion-de-la-manzana-de-sidra-de-la-cosecha-2020\/","og_site_name":"Sagardoaren Lurraldea","article_publisher":"https:\/\/www.facebook.com\/sagardoarenlurraldea","article_published_time":"2020-09-11T13:45:15+00:00","article_modified_time":"2020-09-21T13:45:52+00:00","og_image":[{"width":2000,"height":1333,"url":"https:\/\/sagardoarenlurraldea.eus\/wp-content\/uploads\/2020\/09\/IMG_8369-1.jpg","type":"image\/jpeg"}],"author":"Leire","twitter_card":"summary_large_image","twitter_misc":{"Escrito por":"Leire","Tiempo de lectura":"4 minutos"},"schema":{"@context":"https:\/\/schema.org","@graph":[{"@type":"WebPage","@id":"https:\/\/sagardoarenlurraldea.eus\/es\/blog\/estado-de-maduracion-de-la-manzana-de-sidra-de-la-cosecha-2020\/","url":"https:\/\/sagardoarenlurraldea.eus\/es\/blog\/estado-de-maduracion-de-la-manzana-de-sidra-de-la-cosecha-2020\/","name":"Estado de maduraci\u00f3n de la manzana de sidra de la cosecha 2020 - Sagardoaren Lurraldea","isPartOf":{"@id":"https:\/\/sagardoarenlurraldea.eus\/es\/#website"},"primaryImageOfPage":{"@id":"https:\/\/sagardoarenlurraldea.eus\/es\/blog\/estado-de-maduracion-de-la-manzana-de-sidra-de-la-cosecha-2020\/#primaryimage"},"image":{"@id":"https:\/\/sagardoarenlurraldea.eus\/es\/blog\/estado-de-maduracion-de-la-manzana-de-sidra-de-la-cosecha-2020\/#primaryimage"},"thumbnailUrl":"https:\/\/sagardoarenlurraldea.eus\/wp-content\/uploads\/2020\/09\/IMG_8369-1.jpg","datePublished":"2020-09-11T13:45:15+00:00","dateModified":"2020-09-21T13:45:52+00:00","author":{"@id":"https:\/\/sagardoarenlurraldea.eus\/es\/#\/schema\/person\/c0d273e025ac5dbf969479b4523c9763"},"breadcrumb":{"@id":"https:\/\/sagardoarenlurraldea.eus\/es\/blog\/estado-de-maduracion-de-la-manzana-de-sidra-de-la-cosecha-2020\/#breadcrumb"},"inLanguage":"es","potentialAction":[{"@type":"ReadAction","target":["https:\/\/sagardoarenlurraldea.eus\/es\/blog\/estado-de-maduracion-de-la-manzana-de-sidra-de-la-cosecha-2020\/"]}]},{"@type":"ImageObject","inLanguage":"es","@id":"https:\/\/sagardoarenlurraldea.eus\/es\/blog\/estado-de-maduracion-de-la-manzana-de-sidra-de-la-cosecha-2020\/#primaryimage","url":"https:\/\/sagardoarenlurraldea.eus\/wp-content\/uploads\/2020\/09\/IMG_8369-1.jpg","contentUrl":"https:\/\/sagardoarenlurraldea.eus\/wp-content\/uploads\/2020\/09\/IMG_8369-1.jpg","width":2000,"height":1333},{"@type":"BreadcrumbList","@id":"https:\/\/sagardoarenlurraldea.eus\/es\/blog\/estado-de-maduracion-de-la-manzana-de-sidra-de-la-cosecha-2020\/#breadcrumb","itemListElement":[{"@type":"ListItem","position":1,"name":"Inicio","item":"https:\/\/sagardoarenlurraldea.eus\/es\/"},{"@type":"ListItem","position":2,"name":"Estado de maduraci\u00f3n de la manzana de sidra de la cosecha 2020"}]},{"@type":"WebSite","@id":"https:\/\/sagardoarenlurraldea.eus\/es\/#website","url":"https:\/\/sagardoarenlurraldea.eus\/es\/","name":"Sagardoaren Lurraldea","description":"El territorio de la sidra","potentialAction":[{"@type":"SearchAction","target":{"@type":"EntryPoint","urlTemplate":"https:\/\/sagardoarenlurraldea.eus\/es\/?s={search_term_string}"},"query-input":{"@type":"PropertyValueSpecification","valueRequired":true,"valueName":"search_term_string"}}],"inLanguage":"es"},{"@type":"Person","@id":"https:\/\/sagardoarenlurraldea.eus\/es\/#\/schema\/person\/c0d273e025ac5dbf969479b4523c9763","name":"Leire","image":{"@type":"ImageObject","inLanguage":"es","@id":"https:\/\/sagardoarenlurraldea.eus\/es\/#\/schema\/person\/image\/","url":"https:\/\/secure.gravatar.com\/avatar\/102f988b53fb26afcecf0c4021ce7306431d7c6dcec997c8578b92a1112bcd81?s=96&d=mm&r=g","contentUrl":"https:\/\/secure.gravatar.com\/avatar\/102f988b53fb26afcecf0c4021ce7306431d7c6dcec997c8578b92a1112bcd81?s=96&d=mm&r=g","caption":"Leire"}}]}},"_links":{"self":[{"href":"https:\/\/sagardoarenlurraldea.eus\/es\/wp-json\/wp\/v2\/posts\/138701","targetHints":{"allow":["GET"]}}],"collection":[{"href":"https:\/\/sagardoarenlurraldea.eus\/es\/wp-json\/wp\/v2\/posts"}],"about":[{"href":"https:\/\/sagardoarenlurraldea.eus\/es\/wp-json\/wp\/v2\/types\/post"}],"author":[{"embeddable":true,"href":"https:\/\/sagardoarenlurraldea.eus\/es\/wp-json\/wp\/v2\/users\/8"}],"replies":[{"embeddable":true,"href":"https:\/\/sagardoarenlurraldea.eus\/es\/wp-json\/wp\/v2\/comments?post=138701"}],"version-history":[{"count":0,"href":"https:\/\/sagardoarenlurraldea.eus\/es\/wp-json\/wp\/v2\/posts\/138701\/revisions"}],"wp:featuredmedia":[{"embeddable":true,"href":"https:\/\/sagardoarenlurraldea.eus\/es\/wp-json\/wp\/v2\/media\/138728"}],"wp:attachment":[{"href":"https:\/\/sagardoarenlurraldea.eus\/es\/wp-json\/wp\/v2\/media?parent=138701"}],"wp:term":[{"taxonomy":"category","embeddable":true,"href":"https:\/\/sagardoarenlurraldea.eus\/es\/wp-json\/wp\/v2\/categories?post=138701"},{"taxonomy":"post_tag","embeddable":true,"href":"https:\/\/sagardoarenlurraldea.eus\/es\/wp-json\/wp\/v2\/tags?post=138701"}],"curies":[{"name":"wp","href":"https:\/\/api.w.org\/{rel}","templated":true}]}}