{"id":137240,"date":"2020-07-17T15:17:48","date_gmt":"2020-07-17T13:17:48","guid":{"rendered":"http:\/\/www.sagardoarenlurraldea.eus\/?p=137240"},"modified":"2020-07-17T15:17:48","modified_gmt":"2020-07-17T13:17:48","slug":"invitacion-para-disfrutar-del-dia-de-santa-ana-en-familia","status":"publish","type":"post","link":"https:\/\/sagardoarenlurraldea.eus\/es\/blog\/invitacion-para-disfrutar-del-dia-de-santa-ana-en-familia\/","title":{"rendered":"Invitaci\u00f3n para disfrutar del d\u00eda de Santa Ana en familia"},"content":{"rendered":"<p><strong>Debido al coronavirus este a\u00f1o la fiesta se adaptar\u00e1 a la nueva situaci\u00f3n y se ofrecer\u00e1 la posibilidad de disfrutar de la degustaci\u00f3n de sidra en familia. Para ello, se han preparado unos packs especiales que se podr\u00e1n adquirir en bares (Beti Goxo, Bukoi, Ekaitz, Ibai Lur Bar Restaurante, Ikatza, Kizki y Laket), comercios (Astigarraga Hortz Klinika, Ezpela naturdenda, Merke Azoka, Lur jostuna y Pastain Argazkiak), sidrer\u00edas (Ipintza sagardotegia), restaurantes (Troya jatetxea), punto de informaci\u00f3n de Astigarraga y el Museo Sagardoetxea entre el 18 y el 26 de julio.<\/strong><\/p>\n<p>En relaci\u00f3n con las medidas de seguridad establecidas a causa del coronavirus, este a\u00f1o no se va a poder celebrar la tradicional degustaci\u00f3n de sidra en la Plaza de los Fueros, pero ello no impedir\u00e1 la celebraci\u00f3n de este d\u00eda tan especial en Astigarraga. La celebraci\u00f3n <strong>se traslada a casa de los ciudadanos con un pack que permitir\u00e1 disfrutar en familia o entre amigos de la 45 edici\u00f3n de la degustaci\u00f3n de sidra de Astigarraga<\/strong>.<\/p>\n<p>En este pack se incluye lo necesario para disfrutar de la degustaci\u00f3n de sidra:<br \/>\n&#8211; 2 botellas de sidra.<br \/>\n&#8211; Vaso de sidra serigrafiado con la imagen ganadora en el concurso de dibujo de Santa Ana.<br \/>\n&#8211; Pa\u00f1uelo de Santa Ana.<br \/>\n&#8211; Folleto de Santa Ana.<\/p>\n<p><strong>Concurso de fotos<\/strong><br \/>\nCon el objetivo de divulgar la fiesta m\u00e1s all\u00e1 de las casas, se celebrar\u00e1 un <strong>concurso de fotos<\/strong> de aquellas fotos realizadas en familia o entre amigos. Las fotos publicadas entre el 18 y el 26 de julio con el hastag <strong>#santaana2020<\/strong> participar\u00e1n en el concurso. Se elegir\u00e1 la foto m\u00e1s representativa y ser\u00e1 premiada con un lote de todas las sidras participantes. Adem\u00e1s, se publicar\u00e1 un \u00e1lbum de fotograf\u00edas en redes sociales para ver c\u00f3mo han vivido los ciudadanos este sagardo eguna especial.<\/p>\n<p><strong>V\u00eddeo<\/strong><br \/>\nEl 26 de julio se publicar\u00e1 un <strong>v\u00eddeo<\/strong> del d\u00eda de Santa Ana a las 12:00 del mediod\u00eda en la p\u00e1gina web del Ayuntamiento de Astigarraga y en sus redes sociales con el objetivo de realizar un sencillo homenaje al sagardo eguna m\u00e1s antiguo de toda Euskal Herria. Se podr\u00e1 verlo en los siguientes perfiles:<\/p>\n<p><a href=\"http:\/\/www.facebook.com\/Astigarragako\">www.facebook.com\/Astigarragako<\/a><br \/>\n<a href=\"http:\/\/www.twitter.com\/AstiarrakoUdala\">www.twitter.com\/AstiarrakoUdala<\/a><br \/>\n<a href=\"http:\/\/www.youtube.com\/channel\/UCY70QwHDRG4hPY_lXfUxNuA\">www.youtube.com\/channel\/UCY70QwHDRG4hPY_lXfUxNuA<\/a><br \/>\n<a href=\"http:\/\/www.astigarraga.eus\">www.astigarraga.eus<\/a><\/p>\n","protected":false},"excerpt":{"rendered":"<p>Debido al coronavirus este a\u00f1o la fiesta se adaptar\u00e1 a la nueva situaci\u00f3n y se ofrecer\u00e1 la posibilidad de disfrutar de la degustaci\u00f3n de sidra en familia. Para ello, se [&hellip;]<\/p>\n","protected":false},"author":8,"featured_media":137241,"comment_status":"open","ping_status":"open","sticky":false,"template":"","format":"standard","meta":{"_acf_changed":false,"_et_pb_use_builder":"","_et_pb_old_content":"","_et_gb_content_width":"","footnotes":""},"categories":[242,254],"tags":[420,1584,3307,1752],"class_list":["post-137240","post","type-post","status-publish","format-standard","has-post-thumbnail","hentry","category-eventos","category-sidra","tag-astigarraga","tag-sagardo-eguna","tag-santa-ana-2020","tag-sidra"],"acf":[],"yoast_head":"<!-- This site is optimized with the Yoast SEO plugin v25.4 - https:\/\/yoast.com\/wordpress\/plugins\/seo\/ -->\n<title>Invitaci\u00f3n para disfrutar del d\u00eda de Santa Ana en familia - Sagardoaren Lurraldea<\/title>\n<meta name=\"robots\" content=\"index, follow, max-snippet:-1, max-image-preview:large, max-video-preview:-1\" \/>\n<link rel=\"canonical\" href=\"https:\/\/sagardoarenlurraldea.eus\/es\/blog\/invitacion-para-disfrutar-del-dia-de-santa-ana-en-familia\/\" \/>\n<meta property=\"og:locale\" content=\"es_ES\" \/>\n<meta property=\"og:type\" content=\"article\" \/>\n<meta property=\"og:title\" content=\"Invitaci\u00f3n para disfrutar del d\u00eda de Santa Ana en familia - Sagardoaren Lurraldea\" \/>\n<meta property=\"og:description\" content=\"Debido al coronavirus este a\u00f1o la fiesta se adaptar\u00e1 a la nueva situaci\u00f3n y se ofrecer\u00e1 la posibilidad de disfrutar de la degustaci\u00f3n de sidra en familia. Para ello, se [&hellip;]\" \/>\n<meta property=\"og:url\" content=\"https:\/\/sagardoarenlurraldea.eus\/es\/blog\/invitacion-para-disfrutar-del-dia-de-santa-ana-en-familia\/\" \/>\n<meta property=\"og:site_name\" content=\"Sagardoaren Lurraldea\" \/>\n<meta property=\"article:publisher\" content=\"https:\/\/www.facebook.com\/sagardoarenlurraldea\" \/>\n<meta property=\"article:published_time\" content=\"2020-07-17T13:17:48+00:00\" \/>\n<meta property=\"og:image\" content=\"https:\/\/sagardoarenlurraldea.eus\/wp-content\/uploads\/2020\/07\/Santa-Ana-2020_Horizontalean-scaled.jpg\" \/>\n\t<meta property=\"og:image:width\" content=\"2560\" \/>\n\t<meta property=\"og:image:height\" content=\"1920\" \/>\n\t<meta property=\"og:image:type\" content=\"image\/jpeg\" \/>\n<meta name=\"author\" content=\"Leire\" \/>\n<meta name=\"twitter:card\" content=\"summary_large_image\" \/>\n<meta name=\"twitter:label1\" content=\"Escrito por\" \/>\n\t<meta name=\"twitter:data1\" content=\"Leire\" \/>\n\t<meta name=\"twitter:label2\" content=\"Tiempo de lectura\" \/>\n\t<meta name=\"twitter:data2\" content=\"2 minutos\" \/>\n<script type=\"application\/ld+json\" class=\"yoast-schema-graph\">{\"@context\":\"https:\/\/schema.org\",\"@graph\":[{\"@type\":\"WebPage\",\"@id\":\"https:\/\/sagardoarenlurraldea.eus\/es\/blog\/invitacion-para-disfrutar-del-dia-de-santa-ana-en-familia\/\",\"url\":\"https:\/\/sagardoarenlurraldea.eus\/es\/blog\/invitacion-para-disfrutar-del-dia-de-santa-ana-en-familia\/\",\"name\":\"Invitaci\u00f3n para disfrutar del d\u00eda de Santa Ana en familia - Sagardoaren Lurraldea\",\"isPartOf\":{\"@id\":\"https:\/\/sagardoarenlurraldea.eus\/es\/#website\"},\"primaryImageOfPage\":{\"@id\":\"https:\/\/sagardoarenlurraldea.eus\/es\/blog\/invitacion-para-disfrutar-del-dia-de-santa-ana-en-familia\/#primaryimage\"},\"image\":{\"@id\":\"https:\/\/sagardoarenlurraldea.eus\/es\/blog\/invitacion-para-disfrutar-del-dia-de-santa-ana-en-familia\/#primaryimage\"},\"thumbnailUrl\":\"https:\/\/sagardoarenlurraldea.eus\/wp-content\/uploads\/2020\/07\/Santa-Ana-2020_Horizontalean-scaled.jpg\",\"datePublished\":\"2020-07-17T13:17:48+00:00\",\"author\":{\"@id\":\"https:\/\/sagardoarenlurraldea.eus\/es\/#\/schema\/person\/c0d273e025ac5dbf969479b4523c9763\"},\"breadcrumb\":{\"@id\":\"https:\/\/sagardoarenlurraldea.eus\/es\/blog\/invitacion-para-disfrutar-del-dia-de-santa-ana-en-familia\/#breadcrumb\"},\"inLanguage\":\"es\",\"potentialAction\":[{\"@type\":\"ReadAction\",\"target\":[\"https:\/\/sagardoarenlurraldea.eus\/es\/blog\/invitacion-para-disfrutar-del-dia-de-santa-ana-en-familia\/\"]}]},{\"@type\":\"ImageObject\",\"inLanguage\":\"es\",\"@id\":\"https:\/\/sagardoarenlurraldea.eus\/es\/blog\/invitacion-para-disfrutar-del-dia-de-santa-ana-en-familia\/#primaryimage\",\"url\":\"https:\/\/sagardoarenlurraldea.eus\/wp-content\/uploads\/2020\/07\/Santa-Ana-2020_Horizontalean-scaled.jpg\",\"contentUrl\":\"https:\/\/sagardoarenlurraldea.eus\/wp-content\/uploads\/2020\/07\/Santa-Ana-2020_Horizontalean-scaled.jpg\",\"width\":2560,\"height\":1920},{\"@type\":\"BreadcrumbList\",\"@id\":\"https:\/\/sagardoarenlurraldea.eus\/es\/blog\/invitacion-para-disfrutar-del-dia-de-santa-ana-en-familia\/#breadcrumb\",\"itemListElement\":[{\"@type\":\"ListItem\",\"position\":1,\"name\":\"Inicio\",\"item\":\"https:\/\/sagardoarenlurraldea.eus\/es\/\"},{\"@type\":\"ListItem\",\"position\":2,\"name\":\"Invitaci\u00f3n para disfrutar del d\u00eda de Santa Ana en familia\"}]},{\"@type\":\"WebSite\",\"@id\":\"https:\/\/sagardoarenlurraldea.eus\/es\/#website\",\"url\":\"https:\/\/sagardoarenlurraldea.eus\/es\/\",\"name\":\"Sagardoaren Lurraldea\",\"description\":\"El territorio de la sidra\",\"potentialAction\":[{\"@type\":\"SearchAction\",\"target\":{\"@type\":\"EntryPoint\",\"urlTemplate\":\"https:\/\/sagardoarenlurraldea.eus\/es\/?s={search_term_string}\"},\"query-input\":{\"@type\":\"PropertyValueSpecification\",\"valueRequired\":true,\"valueName\":\"search_term_string\"}}],\"inLanguage\":\"es\"},{\"@type\":\"Person\",\"@id\":\"https:\/\/sagardoarenlurraldea.eus\/es\/#\/schema\/person\/c0d273e025ac5dbf969479b4523c9763\",\"name\":\"Leire\",\"image\":{\"@type\":\"ImageObject\",\"inLanguage\":\"es\",\"@id\":\"https:\/\/sagardoarenlurraldea.eus\/es\/#\/schema\/person\/image\/\",\"url\":\"https:\/\/secure.gravatar.com\/avatar\/102f988b53fb26afcecf0c4021ce7306431d7c6dcec997c8578b92a1112bcd81?s=96&d=mm&r=g\",\"contentUrl\":\"https:\/\/secure.gravatar.com\/avatar\/102f988b53fb26afcecf0c4021ce7306431d7c6dcec997c8578b92a1112bcd81?s=96&d=mm&r=g\",\"caption\":\"Leire\"}}]}<\/script>\n<!-- \/ Yoast SEO plugin. -->","yoast_head_json":{"title":"Invitaci\u00f3n para disfrutar del d\u00eda de Santa Ana en familia - Sagardoaren Lurraldea","robots":{"index":"index","follow":"follow","max-snippet":"max-snippet:-1","max-image-preview":"max-image-preview:large","max-video-preview":"max-video-preview:-1"},"canonical":"https:\/\/sagardoarenlurraldea.eus\/es\/blog\/invitacion-para-disfrutar-del-dia-de-santa-ana-en-familia\/","og_locale":"es_ES","og_type":"article","og_title":"Invitaci\u00f3n para disfrutar del d\u00eda de Santa Ana en familia - Sagardoaren Lurraldea","og_description":"Debido al coronavirus este a\u00f1o la fiesta se adaptar\u00e1 a la nueva situaci\u00f3n y se ofrecer\u00e1 la posibilidad de disfrutar de la degustaci\u00f3n de sidra en familia. Para ello, se [&hellip;]","og_url":"https:\/\/sagardoarenlurraldea.eus\/es\/blog\/invitacion-para-disfrutar-del-dia-de-santa-ana-en-familia\/","og_site_name":"Sagardoaren Lurraldea","article_publisher":"https:\/\/www.facebook.com\/sagardoarenlurraldea","article_published_time":"2020-07-17T13:17:48+00:00","og_image":[{"width":2560,"height":1920,"url":"https:\/\/sagardoarenlurraldea.eus\/wp-content\/uploads\/2020\/07\/Santa-Ana-2020_Horizontalean-scaled.jpg","type":"image\/jpeg"}],"author":"Leire","twitter_card":"summary_large_image","twitter_misc":{"Escrito por":"Leire","Tiempo de lectura":"2 minutos"},"schema":{"@context":"https:\/\/schema.org","@graph":[{"@type":"WebPage","@id":"https:\/\/sagardoarenlurraldea.eus\/es\/blog\/invitacion-para-disfrutar-del-dia-de-santa-ana-en-familia\/","url":"https:\/\/sagardoarenlurraldea.eus\/es\/blog\/invitacion-para-disfrutar-del-dia-de-santa-ana-en-familia\/","name":"Invitaci\u00f3n para disfrutar del d\u00eda de Santa Ana en familia - Sagardoaren Lurraldea","isPartOf":{"@id":"https:\/\/sagardoarenlurraldea.eus\/es\/#website"},"primaryImageOfPage":{"@id":"https:\/\/sagardoarenlurraldea.eus\/es\/blog\/invitacion-para-disfrutar-del-dia-de-santa-ana-en-familia\/#primaryimage"},"image":{"@id":"https:\/\/sagardoarenlurraldea.eus\/es\/blog\/invitacion-para-disfrutar-del-dia-de-santa-ana-en-familia\/#primaryimage"},"thumbnailUrl":"https:\/\/sagardoarenlurraldea.eus\/wp-content\/uploads\/2020\/07\/Santa-Ana-2020_Horizontalean-scaled.jpg","datePublished":"2020-07-17T13:17:48+00:00","author":{"@id":"https:\/\/sagardoarenlurraldea.eus\/es\/#\/schema\/person\/c0d273e025ac5dbf969479b4523c9763"},"breadcrumb":{"@id":"https:\/\/sagardoarenlurraldea.eus\/es\/blog\/invitacion-para-disfrutar-del-dia-de-santa-ana-en-familia\/#breadcrumb"},"inLanguage":"es","potentialAction":[{"@type":"ReadAction","target":["https:\/\/sagardoarenlurraldea.eus\/es\/blog\/invitacion-para-disfrutar-del-dia-de-santa-ana-en-familia\/"]}]},{"@type":"ImageObject","inLanguage":"es","@id":"https:\/\/sagardoarenlurraldea.eus\/es\/blog\/invitacion-para-disfrutar-del-dia-de-santa-ana-en-familia\/#primaryimage","url":"https:\/\/sagardoarenlurraldea.eus\/wp-content\/uploads\/2020\/07\/Santa-Ana-2020_Horizontalean-scaled.jpg","contentUrl":"https:\/\/sagardoarenlurraldea.eus\/wp-content\/uploads\/2020\/07\/Santa-Ana-2020_Horizontalean-scaled.jpg","width":2560,"height":1920},{"@type":"BreadcrumbList","@id":"https:\/\/sagardoarenlurraldea.eus\/es\/blog\/invitacion-para-disfrutar-del-dia-de-santa-ana-en-familia\/#breadcrumb","itemListElement":[{"@type":"ListItem","position":1,"name":"Inicio","item":"https:\/\/sagardoarenlurraldea.eus\/es\/"},{"@type":"ListItem","position":2,"name":"Invitaci\u00f3n para disfrutar del d\u00eda de Santa Ana en familia"}]},{"@type":"WebSite","@id":"https:\/\/sagardoarenlurraldea.eus\/es\/#website","url":"https:\/\/sagardoarenlurraldea.eus\/es\/","name":"Sagardoaren Lurraldea","description":"El territorio de la sidra","potentialAction":[{"@type":"SearchAction","target":{"@type":"EntryPoint","urlTemplate":"https:\/\/sagardoarenlurraldea.eus\/es\/?s={search_term_string}"},"query-input":{"@type":"PropertyValueSpecification","valueRequired":true,"valueName":"search_term_string"}}],"inLanguage":"es"},{"@type":"Person","@id":"https:\/\/sagardoarenlurraldea.eus\/es\/#\/schema\/person\/c0d273e025ac5dbf969479b4523c9763","name":"Leire","image":{"@type":"ImageObject","inLanguage":"es","@id":"https:\/\/sagardoarenlurraldea.eus\/es\/#\/schema\/person\/image\/","url":"https:\/\/secure.gravatar.com\/avatar\/102f988b53fb26afcecf0c4021ce7306431d7c6dcec997c8578b92a1112bcd81?s=96&d=mm&r=g","contentUrl":"https:\/\/secure.gravatar.com\/avatar\/102f988b53fb26afcecf0c4021ce7306431d7c6dcec997c8578b92a1112bcd81?s=96&d=mm&r=g","caption":"Leire"}}]}},"_links":{"self":[{"href":"https:\/\/sagardoarenlurraldea.eus\/es\/wp-json\/wp\/v2\/posts\/137240","targetHints":{"allow":["GET"]}}],"collection":[{"href":"https:\/\/sagardoarenlurraldea.eus\/es\/wp-json\/wp\/v2\/posts"}],"about":[{"href":"https:\/\/sagardoarenlurraldea.eus\/es\/wp-json\/wp\/v2\/types\/post"}],"author":[{"embeddable":true,"href":"https:\/\/sagardoarenlurraldea.eus\/es\/wp-json\/wp\/v2\/users\/8"}],"replies":[{"embeddable":true,"href":"https:\/\/sagardoarenlurraldea.eus\/es\/wp-json\/wp\/v2\/comments?post=137240"}],"version-history":[{"count":0,"href":"https:\/\/sagardoarenlurraldea.eus\/es\/wp-json\/wp\/v2\/posts\/137240\/revisions"}],"wp:featuredmedia":[{"embeddable":true,"href":"https:\/\/sagardoarenlurraldea.eus\/es\/wp-json\/wp\/v2\/media\/137241"}],"wp:attachment":[{"href":"https:\/\/sagardoarenlurraldea.eus\/es\/wp-json\/wp\/v2\/media?parent=137240"}],"wp:term":[{"taxonomy":"category","embeddable":true,"href":"https:\/\/sagardoarenlurraldea.eus\/es\/wp-json\/wp\/v2\/categories?post=137240"},{"taxonomy":"post_tag","embeddable":true,"href":"https:\/\/sagardoarenlurraldea.eus\/es\/wp-json\/wp\/v2\/tags?post=137240"}],"curies":[{"name":"wp","href":"https:\/\/api.w.org\/{rel}","templated":true}]}}