{"id":127939,"date":"2020-01-16T12:41:41","date_gmt":"2020-01-16T10:41:41","guid":{"rendered":"http:\/\/www.sagardoarenlurraldea.eus\/?p=127939"},"modified":"2020-01-17T18:20:36","modified_gmt":"2020-01-17T16:20:36","slug":"izaro-da-comienzo-a-la-temporada-del-txotx-2020","status":"publish","type":"post","link":"https:\/\/sagardoarenlurraldea.eus\/es\/blog\/izaro-da-comienzo-a-la-temporada-del-txotx-2020\/","title":{"rendered":"Izaro da comienzo a la temporada del txotx 2020"},"content":{"rendered":"<p><strong>Al grito de \u00abGure Sagardo Berria\u00bb, la cantante Izaro Andres ha abierto la nueva temporada del txotx 2020 en la sidrer\u00eda Alorrenea de Astigarraga con la celebraci\u00f3n del XXVII. Sagardo Berriaren Eguna. Antes, ha plantado un nuevo manzano en el manzanal de Sagardoetxea.<\/strong><\/p>\n<p>El evento ha empezado en el Museo Sagardoetxea con una rueda de prensa con <strong>Xabier Urdangarin<\/strong> (alcalde de Astigarraga), <strong>Imanol Lasa<\/strong> (diputado de Promoci\u00f3n Econ\u00f3mica, Turismo y Medio Rural), <strong>Peli Manterola<\/strong> (director\u00a0de Calidad e Industrias Alimentarias del Gobierno Vasco), <strong>Unai Agirre<\/strong> (gerente de la Denominaci\u00f3n de Origen Euskal Sagardoa), <strong>Nere Lizeaga<\/strong> (representante de los sidreros del Territorio de la Sidra) y la cantante<strong> Izaro Andr\u00e9s<\/strong>.<\/p>\n<p>El alcalde <strong>Xabier Urdangarin<\/strong> ha reconocido la inmensa labor que realizan las asociaciones de Astigarraga en la promoci\u00f3n de la cultura de la sidra, \u00abuna colaboraci\u00f3n que ser\u00e1 necesaria para afrontar los retos del futuro\u00bb. Adem\u00e1s, ha invitado a todos los aficionados a la sidra a venir a las sidrer\u00edas de Beterri.<\/p>\n<p>Una de las entidades que colabora en ese esfuerzo es la Diputaci\u00f3n Foral de Gipuzkoa. El diputado<strong> Imanol Lasa<\/strong> ha recordado la apuesta que dicha instituci\u00f3n lleva a cabo desde 2016 para fomentar la manzana aut\u00f3ctona que se traduce en una nueva convocatoria de ayudas dotada con casi 300.000\u20ac. Gracias a esta medida, la sagardoa producida con manzana local ha crecido hasta el %30 y dato que \u00abesperamos est\u00e9 cerca del 100% al final de la legislatura\u00bb. Tambi\u00e9n el Gobierno Vasco contribuye en dar a conocer y comercializar la sagardoa fuera de nuestras fronteras, con el objetivo de hacer crecer el 5% de exportaciones. Un objetivo que, como ha recordado el director del Gobierno Vasco <strong>Peli Manterola<\/strong>, se ve reflejado en la invitaci\u00f3n que la feria Cider World de Frankfurt 2020 ha realizado a la sidra vasca y a Euskadi para que participe como Guest of Honor. \u00abDetr\u00e1s de esa invitaci\u00f3n est\u00e1 el trabajo de todo el ecosistema del entorno de la sidra\u00bb.<\/p>\n<p>Por su parte, Unai Agirre y Nere Lizeaga han dado los datos correspondientes a la producci\u00f3n de este a\u00f1o.<\/p>\n<p><strong>La sidra<\/strong><\/p>\n<p>La cosecha del 2019 en Euskal Herria se ha traducido en la elaboraci\u00f3n de entorno a 12 millones de litros de sagardoa, siendo 8,5 millones los elaborados con manzana local. Bajo la certificaci\u00f3n de la Denominaci\u00f3n de Origen Euskal Sagardoa se han producido 3 millones de litros. En total han sido 48 las sidrer\u00edas que han elaborado la sidra Euskal Sagardoa: 41 sidrer\u00edas de Gipuzkoa, 5 de Bizkaia y 2 de Araba.<\/p>\n<p><strong>Unai Agirre<\/strong> ha destacado que la producci\u00f3n va creciendo y que en esta cuarta cosecha se ha quedado cerca del 30% del total; pero que el trabajo por realizar est\u00e1 en la comercializaci\u00f3n. \u00abHay que promover el consumo de sidra de otra manera y debe venderse acorde a la calidad que tiene el producto\u00bb, por eso este 2020 ser\u00e1 estrat\u00e9gico para su promoci\u00f3n en la Hosteler\u00eda.<\/p>\n<p><strong>Cata de sagardoa<\/strong><\/p>\n<p><strong>Nere Lizeaga<\/strong> ha explicado que la maduraci\u00f3n ha venido un poco retrasada respecto al a\u00f1o pasado, y que debido a que tiene menos az\u00facar, la sidra tiene un menor porcentaje de alcohol.<br \/>\n&#8211; Sagardoa de <strong>color<\/strong> m\u00e1s alegre que en a\u00f1os anteriores.<br \/>\n&#8211; Sagardoa muy limpia en nariz. Las sidras elaboradas tienen <strong>aromas<\/strong> a fruta fresca.<br \/>\n&#8211; Son sidras naturales que presentan un buen nivel de carb\u00f3nico debido a una correcta fermentaci\u00f3n en la kupela.<br \/>\n&#8211; En general, se trata de una sagardoa <strong>muy equilibrada.<\/strong><\/p>\n<p>Finalmente,<strong> Izaro<\/strong> se ha mostrado \u00abmuy agradecida y honrada\u00bb con la invitaci\u00f3n a abrir la temporada de esta bebida que en opini\u00f3n de la cantante vizca\u00edna esconde \u00abel tiempo, trabajo y esfuerzo de tanta gente\u00bb.<\/p>\n<p>Tras la rueda de prensa, Izaro ha plantado un nuevo manzano en el manzanal de Sagardoetxea, y despu\u00e9s, ha llegado el momento m\u00e1s esperado del evento: en la sidrer\u00eda Alorrenea de Astigarraga, Izaro ha abierto la primera kupela al grito de \u201cGure Sagardo Berria\u201d, inaugurando la temporada del txotx 2020.<\/p>\n<p><strong><a href=\"https:\/\/www.dropbox.com\/sh\/ywnb3pf7j6xnonp\/AACjnj64Aaifr1_Unu9JziW1a?dl=0\" target=\"_blank\" rel=\"noopener noreferrer\">Descargar las fotograf\u00edas de la apertura del txotx 2020<\/a><\/strong><\/p>\n<p><a href=\"https:\/\/sagardoarenlurraldea.eus\/wp-content\/uploads\/2020\/01\/SBE-2020-Dossier-de-Prensa.pdf\" target=\"_blank\" rel=\"noopener noreferrer\"><strong>Descargar el dossier de prensa en formato PDF<\/strong><\/a><\/p>\n\n\t\t<style type=\"text\/css\">\n\t\t\t#gallery-1 {\n\t\t\t\tmargin: auto;\n\t\t\t}\n\t\t\t#gallery-1 .gallery-item {\n\t\t\t\tfloat: left;\n\t\t\t\tmargin-top: 10px;\n\t\t\t\ttext-align: center;\n\t\t\t\twidth: 25%;\n\t\t\t}\n\t\t\t#gallery-1 img {\n\t\t\t\tborder: 2px solid #cfcfcf;\n\t\t\t}\n\t\t\t#gallery-1 .gallery-caption {\n\t\t\t\tmargin-left: 0;\n\t\t\t}\n\t\t\t\/* see gallery_shortcode() in wp-includes\/media.php *\/\n\t\t<\/style>\n\t\t<div id='gallery-1' class='gallery galleryid-127939 gallery-columns-4 gallery-size-thumbnail'><dl class='gallery-item'>\n\t\t\t<dt class='gallery-icon landscape'>\n\t\t\t\t<a href='https:\/\/sagardoarenlurraldea.eus\/es\/blog\/izaro-da-comienzo-a-la-temporada-del-txotx-2020\/1-5\/'><img width=\"150\" height=\"104\" src=\"https:\/\/sagardoarenlurraldea.eus\/wp-content\/uploads\/2020\/01\/1-scaled.jpg\" class=\"attachment-thumbnail size-thumbnail\" alt=\"\" srcset=\"https:\/\/sagardoarenlurraldea.eus\/wp-content\/uploads\/2020\/01\/1-scaled.jpg 2560w, https:\/\/sagardoarenlurraldea.eus\/wp-content\/uploads\/2020\/01\/1-510x354.jpg 510w\" sizes=\"(max-width: 150px) 100vw, 150px\" \/><\/a>\n\t\t\t<\/dt><\/dl><dl class='gallery-item'>\n\t\t\t<dt class='gallery-icon landscape'>\n\t\t\t\t<a href='https:\/\/sagardoarenlurraldea.eus\/es\/blog\/izaro-da-comienzo-a-la-temporada-del-txotx-2020\/2-4\/'><img width=\"150\" height=\"105\" src=\"https:\/\/sagardoarenlurraldea.eus\/wp-content\/uploads\/2020\/01\/2-scaled.jpg\" class=\"attachment-thumbnail size-thumbnail\" alt=\"\" srcset=\"https:\/\/sagardoarenlurraldea.eus\/wp-content\/uploads\/2020\/01\/2-scaled.jpg 2560w, https:\/\/sagardoarenlurraldea.eus\/wp-content\/uploads\/2020\/01\/2-510x357.jpg 510w\" sizes=\"(max-width: 150px) 100vw, 150px\" \/><\/a>\n\t\t\t<\/dt><\/dl><dl class='gallery-item'>\n\t\t\t<dt class='gallery-icon landscape'>\n\t\t\t\t<a href='https:\/\/sagardoarenlurraldea.eus\/es\/blog\/izaro-da-comienzo-a-la-temporada-del-txotx-2020\/3-4\/'><img width=\"150\" height=\"87\" src=\"https:\/\/sagardoarenlurraldea.eus\/wp-content\/uploads\/2020\/01\/3-scaled.jpg\" class=\"attachment-thumbnail size-thumbnail\" alt=\"\" srcset=\"https:\/\/sagardoarenlurraldea.eus\/wp-content\/uploads\/2020\/01\/3-scaled.jpg 2560w, https:\/\/sagardoarenlurraldea.eus\/wp-content\/uploads\/2020\/01\/3-510x297.jpg 510w\" sizes=\"(max-width: 150px) 100vw, 150px\" \/><\/a>\n\t\t\t<\/dt><\/dl><dl class='gallery-item'>\n\t\t\t<dt class='gallery-icon landscape'>\n\t\t\t\t<a href='https:\/\/sagardoarenlurraldea.eus\/es\/blog\/izaro-da-comienzo-a-la-temporada-del-txotx-2020\/4-2\/'><img width=\"150\" height=\"100\" src=\"https:\/\/sagardoarenlurraldea.eus\/wp-content\/uploads\/2020\/01\/4-scaled.jpg\" class=\"attachment-thumbnail size-thumbnail\" alt=\"\" srcset=\"https:\/\/sagardoarenlurraldea.eus\/wp-content\/uploads\/2020\/01\/4-scaled.jpg 2560w, https:\/\/sagardoarenlurraldea.eus\/wp-content\/uploads\/2020\/01\/4-510x340.jpg 510w\" sizes=\"(max-width: 150px) 100vw, 150px\" \/><\/a>\n\t\t\t<\/dt><\/dl><br style=\"clear: both\" \/><dl class='gallery-item'>\n\t\t\t<dt class='gallery-icon landscape'>\n\t\t\t\t<a href='https:\/\/sagardoarenlurraldea.eus\/es\/blog\/izaro-da-comienzo-a-la-temporada-del-txotx-2020\/5-2\/'><img width=\"150\" height=\"100\" src=\"https:\/\/sagardoarenlurraldea.eus\/wp-content\/uploads\/2020\/01\/5-scaled.jpg\" class=\"attachment-thumbnail size-thumbnail\" alt=\"\" srcset=\"https:\/\/sagardoarenlurraldea.eus\/wp-content\/uploads\/2020\/01\/5-scaled.jpg 2560w, https:\/\/sagardoarenlurraldea.eus\/wp-content\/uploads\/2020\/01\/5-510x340.jpg 510w\" sizes=\"(max-width: 150px) 100vw, 150px\" \/><\/a>\n\t\t\t<\/dt><\/dl><dl class='gallery-item'>\n\t\t\t<dt class='gallery-icon landscape'>\n\t\t\t\t<a href='https:\/\/sagardoarenlurraldea.eus\/es\/blog\/izaro-da-comienzo-a-la-temporada-del-txotx-2020\/6-2\/'><img width=\"150\" height=\"100\" src=\"https:\/\/sagardoarenlurraldea.eus\/wp-content\/uploads\/2020\/01\/6-scaled.jpg\" class=\"attachment-thumbnail size-thumbnail\" alt=\"\" srcset=\"https:\/\/sagardoarenlurraldea.eus\/wp-content\/uploads\/2020\/01\/6-scaled.jpg 2560w, https:\/\/sagardoarenlurraldea.eus\/wp-content\/uploads\/2020\/01\/6-510x340.jpg 510w\" sizes=\"(max-width: 150px) 100vw, 150px\" \/><\/a>\n\t\t\t<\/dt><\/dl><dl class='gallery-item'>\n\t\t\t<dt class='gallery-icon landscape'>\n\t\t\t\t<a href='https:\/\/sagardoarenlurraldea.eus\/es\/blog\/izaro-da-comienzo-a-la-temporada-del-txotx-2020\/7-2\/'><img width=\"150\" height=\"78\" src=\"https:\/\/sagardoarenlurraldea.eus\/wp-content\/uploads\/2020\/01\/7-scaled.jpg\" class=\"attachment-thumbnail size-thumbnail\" alt=\"\" srcset=\"https:\/\/sagardoarenlurraldea.eus\/wp-content\/uploads\/2020\/01\/7-scaled.jpg 2560w, https:\/\/sagardoarenlurraldea.eus\/wp-content\/uploads\/2020\/01\/7-510x264.jpg 510w\" sizes=\"(max-width: 150px) 100vw, 150px\" \/><\/a>\n\t\t\t<\/dt><\/dl><dl class='gallery-item'>\n\t\t\t<dt class='gallery-icon landscape'>\n\t\t\t\t<a href='https:\/\/sagardoarenlurraldea.eus\/es\/blog\/izaro-da-comienzo-a-la-temporada-del-txotx-2020\/9-2\/'><img width=\"150\" height=\"100\" src=\"https:\/\/sagardoarenlurraldea.eus\/wp-content\/uploads\/2020\/01\/9-scaled.jpg\" class=\"attachment-thumbnail size-thumbnail\" alt=\"\" srcset=\"https:\/\/sagardoarenlurraldea.eus\/wp-content\/uploads\/2020\/01\/9-scaled.jpg 2560w, https:\/\/sagardoarenlurraldea.eus\/wp-content\/uploads\/2020\/01\/9-510x340.jpg 510w\" sizes=\"(max-width: 150px) 100vw, 150px\" \/><\/a>\n\t\t\t<\/dt><\/dl><br style=\"clear: both\" \/><dl class='gallery-item'>\n\t\t\t<dt class='gallery-icon landscape'>\n\t\t\t\t<a href='https:\/\/sagardoarenlurraldea.eus\/es\/blog\/izaro-da-comienzo-a-la-temporada-del-txotx-2020\/10-2\/'><img width=\"150\" height=\"100\" src=\"https:\/\/sagardoarenlurraldea.eus\/wp-content\/uploads\/2020\/01\/10-scaled.jpg\" class=\"attachment-thumbnail size-thumbnail\" alt=\"\" srcset=\"https:\/\/sagardoarenlurraldea.eus\/wp-content\/uploads\/2020\/01\/10-scaled.jpg 2560w, https:\/\/sagardoarenlurraldea.eus\/wp-content\/uploads\/2020\/01\/10-510x340.jpg 510w\" sizes=\"(max-width: 150px) 100vw, 150px\" \/><\/a>\n\t\t\t<\/dt><\/dl><dl class='gallery-item'>\n\t\t\t<dt class='gallery-icon landscape'>\n\t\t\t\t<a href='https:\/\/sagardoarenlurraldea.eus\/es\/blog\/izaro-da-comienzo-a-la-temporada-del-txotx-2020\/11-2\/'><img width=\"150\" height=\"102\" src=\"https:\/\/sagardoarenlurraldea.eus\/wp-content\/uploads\/2020\/01\/11-scaled.jpg\" class=\"attachment-thumbnail size-thumbnail\" alt=\"\" srcset=\"https:\/\/sagardoarenlurraldea.eus\/wp-content\/uploads\/2020\/01\/11-scaled.jpg 2560w, https:\/\/sagardoarenlurraldea.eus\/wp-content\/uploads\/2020\/01\/11-510x346.jpg 510w\" sizes=\"(max-width: 150px) 100vw, 150px\" \/><\/a>\n\t\t\t<\/dt><\/dl><dl class='gallery-item'>\n\t\t\t<dt class='gallery-icon landscape'>\n\t\t\t\t<a href='https:\/\/sagardoarenlurraldea.eus\/es\/blog\/izaro-da-comienzo-a-la-temporada-del-txotx-2020\/12-2\/'><img width=\"150\" height=\"100\" src=\"https:\/\/sagardoarenlurraldea.eus\/wp-content\/uploads\/2020\/01\/12-scaled.jpg\" class=\"attachment-thumbnail size-thumbnail\" alt=\"\" srcset=\"https:\/\/sagardoarenlurraldea.eus\/wp-content\/uploads\/2020\/01\/12-scaled.jpg 2560w, https:\/\/sagardoarenlurraldea.eus\/wp-content\/uploads\/2020\/01\/12-510x340.jpg 510w\" sizes=\"(max-width: 150px) 100vw, 150px\" \/><\/a>\n\t\t\t<\/dt><\/dl><dl class='gallery-item'>\n\t\t\t<dt class='gallery-icon landscape'>\n\t\t\t\t<a href='https:\/\/sagardoarenlurraldea.eus\/es\/blog\/izaro-da-comienzo-a-la-temporada-del-txotx-2020\/13-2\/'><img width=\"150\" height=\"93\" src=\"https:\/\/sagardoarenlurraldea.eus\/wp-content\/uploads\/2020\/01\/13-scaled.jpg\" class=\"attachment-thumbnail size-thumbnail\" alt=\"\" srcset=\"https:\/\/sagardoarenlurraldea.eus\/wp-content\/uploads\/2020\/01\/13-scaled.jpg 2560w, https:\/\/sagardoarenlurraldea.eus\/wp-content\/uploads\/2020\/01\/13-510x315.jpg 510w\" sizes=\"(max-width: 150px) 100vw, 150px\" \/><\/a>\n\t\t\t<\/dt><\/dl><br style=\"clear: both\" \/><dl class='gallery-item'>\n\t\t\t<dt class='gallery-icon landscape'>\n\t\t\t\t<a href='https:\/\/sagardoarenlurraldea.eus\/es\/blog\/izaro-da-comienzo-a-la-temporada-del-txotx-2020\/13a\/'><img width=\"150\" height=\"102\" src=\"https:\/\/sagardoarenlurraldea.eus\/wp-content\/uploads\/2020\/01\/13a-scaled.jpg\" class=\"attachment-thumbnail size-thumbnail\" alt=\"\" srcset=\"https:\/\/sagardoarenlurraldea.eus\/wp-content\/uploads\/2020\/01\/13a-scaled.jpg 2560w, https:\/\/sagardoarenlurraldea.eus\/wp-content\/uploads\/2020\/01\/13a-510x347.jpg 510w\" sizes=\"(max-width: 150px) 100vw, 150px\" \/><\/a>\n\t\t\t<\/dt><\/dl><dl class='gallery-item'>\n\t\t\t<dt class='gallery-icon landscape'>\n\t\t\t\t<a href='https:\/\/sagardoarenlurraldea.eus\/es\/blog\/izaro-da-comienzo-a-la-temporada-del-txotx-2020\/14-2\/'><img width=\"150\" height=\"94\" src=\"https:\/\/sagardoarenlurraldea.eus\/wp-content\/uploads\/2020\/01\/14-scaled.jpg\" class=\"attachment-thumbnail size-thumbnail\" alt=\"\" srcset=\"https:\/\/sagardoarenlurraldea.eus\/wp-content\/uploads\/2020\/01\/14-scaled.jpg 2560w, https:\/\/sagardoarenlurraldea.eus\/wp-content\/uploads\/2020\/01\/14-510x319.jpg 510w\" sizes=\"(max-width: 150px) 100vw, 150px\" \/><\/a>\n\t\t\t<\/dt><\/dl><dl class='gallery-item'>\n\t\t\t<dt class='gallery-icon landscape'>\n\t\t\t\t<a href='https:\/\/sagardoarenlurraldea.eus\/es\/blog\/izaro-da-comienzo-a-la-temporada-del-txotx-2020\/15-2\/'><img width=\"150\" height=\"100\" src=\"https:\/\/sagardoarenlurraldea.eus\/wp-content\/uploads\/2020\/01\/15-scaled.jpg\" class=\"attachment-thumbnail size-thumbnail\" alt=\"\" srcset=\"https:\/\/sagardoarenlurraldea.eus\/wp-content\/uploads\/2020\/01\/15-scaled.jpg 2560w, https:\/\/sagardoarenlurraldea.eus\/wp-content\/uploads\/2020\/01\/15-510x340.jpg 510w\" sizes=\"(max-width: 150px) 100vw, 150px\" \/><\/a>\n\t\t\t<\/dt><\/dl><dl class='gallery-item'>\n\t\t\t<dt class='gallery-icon landscape'>\n\t\t\t\t<a href='https:\/\/sagardoarenlurraldea.eus\/es\/blog\/izaro-da-comienzo-a-la-temporada-del-txotx-2020\/16-2\/'><img width=\"150\" height=\"100\" src=\"https:\/\/sagardoarenlurraldea.eus\/wp-content\/uploads\/2020\/01\/16-scaled.jpg\" class=\"attachment-thumbnail size-thumbnail\" alt=\"\" srcset=\"https:\/\/sagardoarenlurraldea.eus\/wp-content\/uploads\/2020\/01\/16-scaled.jpg 2560w, https:\/\/sagardoarenlurraldea.eus\/wp-content\/uploads\/2020\/01\/16-510x340.jpg 510w\" sizes=\"(max-width: 150px) 100vw, 150px\" \/><\/a>\n\t\t\t<\/dt><\/dl><br style=\"clear: both\" \/><dl class='gallery-item'>\n\t\t\t<dt class='gallery-icon landscape'>\n\t\t\t\t<a href='https:\/\/sagardoarenlurraldea.eus\/es\/blog\/izaro-da-comienzo-a-la-temporada-del-txotx-2020\/18-2\/'><img width=\"150\" height=\"100\" src=\"https:\/\/sagardoarenlurraldea.eus\/wp-content\/uploads\/2020\/01\/18-scaled.jpg\" class=\"attachment-thumbnail size-thumbnail\" alt=\"\" srcset=\"https:\/\/sagardoarenlurraldea.eus\/wp-content\/uploads\/2020\/01\/18-scaled.jpg 2560w, https:\/\/sagardoarenlurraldea.eus\/wp-content\/uploads\/2020\/01\/18-510x340.jpg 510w\" sizes=\"(max-width: 150px) 100vw, 150px\" \/><\/a>\n\t\t\t<\/dt><\/dl><dl class='gallery-item'>\n\t\t\t<dt class='gallery-icon landscape'>\n\t\t\t\t<a href='https:\/\/sagardoarenlurraldea.eus\/es\/blog\/izaro-da-comienzo-a-la-temporada-del-txotx-2020\/19-2\/'><img width=\"150\" height=\"100\" src=\"https:\/\/sagardoarenlurraldea.eus\/wp-content\/uploads\/2020\/01\/19-scaled.jpg\" class=\"attachment-thumbnail size-thumbnail\" alt=\"\" srcset=\"https:\/\/sagardoarenlurraldea.eus\/wp-content\/uploads\/2020\/01\/19-scaled.jpg 2560w, https:\/\/sagardoarenlurraldea.eus\/wp-content\/uploads\/2020\/01\/19-510x340.jpg 510w\" sizes=\"(max-width: 150px) 100vw, 150px\" \/><\/a>\n\t\t\t<\/dt><\/dl><dl class='gallery-item'>\n\t\t\t<dt class='gallery-icon landscape'>\n\t\t\t\t<a href='https:\/\/sagardoarenlurraldea.eus\/es\/blog\/izaro-da-comienzo-a-la-temporada-del-txotx-2020\/20-2\/'><img width=\"150\" height=\"100\" src=\"https:\/\/sagardoarenlurraldea.eus\/wp-content\/uploads\/2020\/01\/20-scaled.jpg\" class=\"attachment-thumbnail size-thumbnail\" alt=\"\" srcset=\"https:\/\/sagardoarenlurraldea.eus\/wp-content\/uploads\/2020\/01\/20-scaled.jpg 2560w, https:\/\/sagardoarenlurraldea.eus\/wp-content\/uploads\/2020\/01\/20-510x340.jpg 510w\" sizes=\"(max-width: 150px) 100vw, 150px\" \/><\/a>\n\t\t\t<\/dt><\/dl><dl class='gallery-item'>\n\t\t\t<dt class='gallery-icon landscape'>\n\t\t\t\t<a href='https:\/\/sagardoarenlurraldea.eus\/es\/blog\/izaro-da-comienzo-a-la-temporada-del-txotx-2020\/21-2\/'><img width=\"150\" height=\"110\" src=\"https:\/\/sagardoarenlurraldea.eus\/wp-content\/uploads\/2020\/01\/21-scaled.jpg\" class=\"attachment-thumbnail size-thumbnail\" alt=\"\" srcset=\"https:\/\/sagardoarenlurraldea.eus\/wp-content\/uploads\/2020\/01\/21-scaled.jpg 2560w, https:\/\/sagardoarenlurraldea.eus\/wp-content\/uploads\/2020\/01\/21-510x373.jpg 510w\" sizes=\"(max-width: 150px) 100vw, 150px\" \/><\/a>\n\t\t\t<\/dt><\/dl><br style=\"clear: both\" \/><dl class='gallery-item'>\n\t\t\t<dt class='gallery-icon landscape'>\n\t\t\t\t<a href='https:\/\/sagardoarenlurraldea.eus\/es\/blog\/izaro-da-comienzo-a-la-temporada-del-txotx-2020\/22-2\/'><img width=\"150\" height=\"100\" src=\"https:\/\/sagardoarenlurraldea.eus\/wp-content\/uploads\/2020\/01\/22-scaled.jpg\" class=\"attachment-thumbnail size-thumbnail\" alt=\"\" srcset=\"https:\/\/sagardoarenlurraldea.eus\/wp-content\/uploads\/2020\/01\/22-scaled.jpg 2560w, https:\/\/sagardoarenlurraldea.eus\/wp-content\/uploads\/2020\/01\/22-510x340.jpg 510w\" sizes=\"(max-width: 150px) 100vw, 150px\" \/><\/a>\n\t\t\t<\/dt><\/dl><dl class='gallery-item'>\n\t\t\t<dt class='gallery-icon landscape'>\n\t\t\t\t<a href='https:\/\/sagardoarenlurraldea.eus\/es\/blog\/izaro-da-comienzo-a-la-temporada-del-txotx-2020\/23-2\/'><img width=\"150\" height=\"100\" src=\"https:\/\/sagardoarenlurraldea.eus\/wp-content\/uploads\/2020\/01\/23-scaled.jpg\" class=\"attachment-thumbnail size-thumbnail\" alt=\"\" srcset=\"https:\/\/sagardoarenlurraldea.eus\/wp-content\/uploads\/2020\/01\/23-scaled.jpg 2560w, https:\/\/sagardoarenlurraldea.eus\/wp-content\/uploads\/2020\/01\/23-510x339.jpg 510w\" sizes=\"(max-width: 150px) 100vw, 150px\" \/><\/a>\n\t\t\t<\/dt><\/dl><dl class='gallery-item'>\n\t\t\t<dt class='gallery-icon landscape'>\n\t\t\t\t<a href='https:\/\/sagardoarenlurraldea.eus\/es\/blog\/izaro-da-comienzo-a-la-temporada-del-txotx-2020\/23a\/'><img width=\"150\" height=\"97\" src=\"https:\/\/sagardoarenlurraldea.eus\/wp-content\/uploads\/2020\/01\/23a-scaled.jpg\" class=\"attachment-thumbnail size-thumbnail\" alt=\"\" srcset=\"https:\/\/sagardoarenlurraldea.eus\/wp-content\/uploads\/2020\/01\/23a-scaled.jpg 2560w, https:\/\/sagardoarenlurraldea.eus\/wp-content\/uploads\/2020\/01\/23a-510x331.jpg 510w\" sizes=\"(max-width: 150px) 100vw, 150px\" \/><\/a>\n\t\t\t<\/dt><\/dl><dl class='gallery-item'>\n\t\t\t<dt class='gallery-icon landscape'>\n\t\t\t\t<a href='https:\/\/sagardoarenlurraldea.eus\/es\/blog\/izaro-da-comienzo-a-la-temporada-del-txotx-2020\/24-2\/'><img width=\"150\" height=\"100\" src=\"https:\/\/sagardoarenlurraldea.eus\/wp-content\/uploads\/2020\/01\/24-scaled.jpg\" class=\"attachment-thumbnail size-thumbnail\" alt=\"\" srcset=\"https:\/\/sagardoarenlurraldea.eus\/wp-content\/uploads\/2020\/01\/24-scaled.jpg 2560w, https:\/\/sagardoarenlurraldea.eus\/wp-content\/uploads\/2020\/01\/24-510x340.jpg 510w\" sizes=\"(max-width: 150px) 100vw, 150px\" \/><\/a>\n\t\t\t<\/dt><\/dl><br style=\"clear: both\" \/><dl class='gallery-item'>\n\t\t\t<dt class='gallery-icon landscape'>\n\t\t\t\t<a href='https:\/\/sagardoarenlurraldea.eus\/es\/blog\/izaro-da-comienzo-a-la-temporada-del-txotx-2020\/25-2\/'><img width=\"150\" height=\"100\" src=\"https:\/\/sagardoarenlurraldea.eus\/wp-content\/uploads\/2020\/01\/25-scaled.jpg\" class=\"attachment-thumbnail size-thumbnail\" alt=\"\" srcset=\"https:\/\/sagardoarenlurraldea.eus\/wp-content\/uploads\/2020\/01\/25-scaled.jpg 2560w, https:\/\/sagardoarenlurraldea.eus\/wp-content\/uploads\/2020\/01\/25-510x340.jpg 510w\" sizes=\"(max-width: 150px) 100vw, 150px\" \/><\/a>\n\t\t\t<\/dt><\/dl><dl class='gallery-item'>\n\t\t\t<dt class='gallery-icon landscape'>\n\t\t\t\t<a href='https:\/\/sagardoarenlurraldea.eus\/es\/blog\/izaro-da-comienzo-a-la-temporada-del-txotx-2020\/26-2\/'><img width=\"150\" height=\"108\" src=\"https:\/\/sagardoarenlurraldea.eus\/wp-content\/uploads\/2020\/01\/26-scaled.jpg\" class=\"attachment-thumbnail size-thumbnail\" alt=\"\" srcset=\"https:\/\/sagardoarenlurraldea.eus\/wp-content\/uploads\/2020\/01\/26-scaled.jpg 2560w, https:\/\/sagardoarenlurraldea.eus\/wp-content\/uploads\/2020\/01\/26-510x366.jpg 510w\" sizes=\"(max-width: 150px) 100vw, 150px\" \/><\/a>\n\t\t\t<\/dt><\/dl><dl class='gallery-item'>\n\t\t\t<dt class='gallery-icon landscape'>\n\t\t\t\t<a href='https:\/\/sagardoarenlurraldea.eus\/es\/blog\/izaro-da-comienzo-a-la-temporada-del-txotx-2020\/27-2\/'><img width=\"150\" height=\"105\" src=\"https:\/\/sagardoarenlurraldea.eus\/wp-content\/uploads\/2020\/01\/27-scaled.jpg\" class=\"attachment-thumbnail size-thumbnail\" alt=\"\" srcset=\"https:\/\/sagardoarenlurraldea.eus\/wp-content\/uploads\/2020\/01\/27-scaled.jpg 2560w, https:\/\/sagardoarenlurraldea.eus\/wp-content\/uploads\/2020\/01\/27-510x358.jpg 510w\" sizes=\"(max-width: 150px) 100vw, 150px\" \/><\/a>\n\t\t\t<\/dt><\/dl><dl class='gallery-item'>\n\t\t\t<dt class='gallery-icon landscape'>\n\t\t\t\t<a href='https:\/\/sagardoarenlurraldea.eus\/es\/blog\/izaro-da-comienzo-a-la-temporada-del-txotx-2020\/27a\/'><img width=\"150\" height=\"100\" src=\"https:\/\/sagardoarenlurraldea.eus\/wp-content\/uploads\/2020\/01\/27a-scaled.jpg\" class=\"attachment-thumbnail size-thumbnail\" alt=\"\" srcset=\"https:\/\/sagardoarenlurraldea.eus\/wp-content\/uploads\/2020\/01\/27a-scaled.jpg 2560w, https:\/\/sagardoarenlurraldea.eus\/wp-content\/uploads\/2020\/01\/27a-510x340.jpg 510w\" sizes=\"(max-width: 150px) 100vw, 150px\" \/><\/a>\n\t\t\t<\/dt><\/dl><br style=\"clear: both\" \/><dl class='gallery-item'>\n\t\t\t<dt class='gallery-icon landscape'>\n\t\t\t\t<a href='https:\/\/sagardoarenlurraldea.eus\/es\/blog\/izaro-da-comienzo-a-la-temporada-del-txotx-2020\/28-2\/'><img width=\"150\" height=\"100\" src=\"https:\/\/sagardoarenlurraldea.eus\/wp-content\/uploads\/2020\/01\/28-scaled.jpg\" class=\"attachment-thumbnail size-thumbnail\" alt=\"\" srcset=\"https:\/\/sagardoarenlurraldea.eus\/wp-content\/uploads\/2020\/01\/28-scaled.jpg 2560w, https:\/\/sagardoarenlurraldea.eus\/wp-content\/uploads\/2020\/01\/28-510x340.jpg 510w\" sizes=\"(max-width: 150px) 100vw, 150px\" \/><\/a>\n\t\t\t<\/dt><\/dl><dl class='gallery-item'>\n\t\t\t<dt class='gallery-icon landscape'>\n\t\t\t\t<a href='https:\/\/sagardoarenlurraldea.eus\/es\/blog\/izaro-da-comienzo-a-la-temporada-del-txotx-2020\/29-2\/'><img width=\"150\" height=\"100\" src=\"https:\/\/sagardoarenlurraldea.eus\/wp-content\/uploads\/2020\/01\/29-scaled.jpg\" class=\"attachment-thumbnail size-thumbnail\" alt=\"\" srcset=\"https:\/\/sagardoarenlurraldea.eus\/wp-content\/uploads\/2020\/01\/29-scaled.jpg 2560w, https:\/\/sagardoarenlurraldea.eus\/wp-content\/uploads\/2020\/01\/29-510x340.jpg 510w\" sizes=\"(max-width: 150px) 100vw, 150px\" \/><\/a>\n\t\t\t<\/dt><\/dl><dl class='gallery-item'>\n\t\t\t<dt class='gallery-icon landscape'>\n\t\t\t\t<a href='https:\/\/sagardoarenlurraldea.eus\/es\/blog\/izaro-da-comienzo-a-la-temporada-del-txotx-2020\/30-2\/'><img width=\"150\" height=\"100\" src=\"https:\/\/sagardoarenlurraldea.eus\/wp-content\/uploads\/2020\/01\/30-scaled.jpg\" class=\"attachment-thumbnail size-thumbnail\" alt=\"\" srcset=\"https:\/\/sagardoarenlurraldea.eus\/wp-content\/uploads\/2020\/01\/30-scaled.jpg 2560w, https:\/\/sagardoarenlurraldea.eus\/wp-content\/uploads\/2020\/01\/30-510x340.jpg 510w\" sizes=\"(max-width: 150px) 100vw, 150px\" \/><\/a>\n\t\t\t<\/dt><\/dl><dl class='gallery-item'>\n\t\t\t<dt class='gallery-icon landscape'>\n\t\t\t\t<a href='https:\/\/sagardoarenlurraldea.eus\/es\/blog\/izaro-da-comienzo-a-la-temporada-del-txotx-2020\/31-2\/'><img width=\"150\" height=\"100\" src=\"https:\/\/sagardoarenlurraldea.eus\/wp-content\/uploads\/2020\/01\/31-scaled.jpg\" class=\"attachment-thumbnail size-thumbnail\" alt=\"\" srcset=\"https:\/\/sagardoarenlurraldea.eus\/wp-content\/uploads\/2020\/01\/31-scaled.jpg 2560w, https:\/\/sagardoarenlurraldea.eus\/wp-content\/uploads\/2020\/01\/31-510x340.jpg 510w\" sizes=\"(max-width: 150px) 100vw, 150px\" \/><\/a>\n\t\t\t<\/dt><\/dl><br style=\"clear: both\" \/><dl class='gallery-item'>\n\t\t\t<dt class='gallery-icon landscape'>\n\t\t\t\t<a href='https:\/\/sagardoarenlurraldea.eus\/es\/blog\/izaro-da-comienzo-a-la-temporada-del-txotx-2020\/32-2\/'><img width=\"150\" height=\"100\" src=\"https:\/\/sagardoarenlurraldea.eus\/wp-content\/uploads\/2020\/01\/32-scaled.jpg\" class=\"attachment-thumbnail size-thumbnail\" alt=\"\" srcset=\"https:\/\/sagardoarenlurraldea.eus\/wp-content\/uploads\/2020\/01\/32-scaled.jpg 2560w, https:\/\/sagardoarenlurraldea.eus\/wp-content\/uploads\/2020\/01\/32-510x340.jpg 510w\" sizes=\"(max-width: 150px) 100vw, 150px\" \/><\/a>\n\t\t\t<\/dt><\/dl><dl class='gallery-item'>\n\t\t\t<dt class='gallery-icon landscape'>\n\t\t\t\t<a href='https:\/\/sagardoarenlurraldea.eus\/es\/blog\/izaro-da-comienzo-a-la-temporada-del-txotx-2020\/33-2\/'><img width=\"150\" height=\"100\" src=\"https:\/\/sagardoarenlurraldea.eus\/wp-content\/uploads\/2020\/01\/33-scaled.jpg\" class=\"attachment-thumbnail size-thumbnail\" alt=\"\" srcset=\"https:\/\/sagardoarenlurraldea.eus\/wp-content\/uploads\/2020\/01\/33-scaled.jpg 2560w, https:\/\/sagardoarenlurraldea.eus\/wp-content\/uploads\/2020\/01\/33-510x340.jpg 510w\" sizes=\"(max-width: 150px) 100vw, 150px\" \/><\/a>\n\t\t\t<\/dt><\/dl><dl class='gallery-item'>\n\t\t\t<dt class='gallery-icon landscape'>\n\t\t\t\t<a href='https:\/\/sagardoarenlurraldea.eus\/es\/blog\/izaro-da-comienzo-a-la-temporada-del-txotx-2020\/34-2\/'><img width=\"150\" height=\"100\" src=\"https:\/\/sagardoarenlurraldea.eus\/wp-content\/uploads\/2020\/01\/34-scaled.jpg\" class=\"attachment-thumbnail size-thumbnail\" alt=\"\" srcset=\"https:\/\/sagardoarenlurraldea.eus\/wp-content\/uploads\/2020\/01\/34-scaled.jpg 2560w, https:\/\/sagardoarenlurraldea.eus\/wp-content\/uploads\/2020\/01\/34-510x340.jpg 510w\" sizes=\"(max-width: 150px) 100vw, 150px\" \/><\/a>\n\t\t\t<\/dt><\/dl><dl class='gallery-item'>\n\t\t\t<dt class='gallery-icon landscape'>\n\t\t\t\t<a href='https:\/\/sagardoarenlurraldea.eus\/es\/blog\/izaro-da-comienzo-a-la-temporada-del-txotx-2020\/35-2\/'><img width=\"150\" height=\"93\" src=\"https:\/\/sagardoarenlurraldea.eus\/wp-content\/uploads\/2020\/01\/35-scaled.jpg\" class=\"attachment-thumbnail size-thumbnail\" alt=\"\" srcset=\"https:\/\/sagardoarenlurraldea.eus\/wp-content\/uploads\/2020\/01\/35-scaled.jpg 2560w, https:\/\/sagardoarenlurraldea.eus\/wp-content\/uploads\/2020\/01\/35-510x317.jpg 510w\" sizes=\"(max-width: 150px) 100vw, 150px\" \/><\/a>\n\t\t\t<\/dt><\/dl><br style=\"clear: both\" \/><dl class='gallery-item'>\n\t\t\t<dt class='gallery-icon landscape'>\n\t\t\t\t<a href='https:\/\/sagardoarenlurraldea.eus\/es\/blog\/izaro-da-comienzo-a-la-temporada-del-txotx-2020\/36-2\/'><img width=\"150\" height=\"100\" src=\"https:\/\/sagardoarenlurraldea.eus\/wp-content\/uploads\/2020\/01\/36-scaled.jpg\" class=\"attachment-thumbnail size-thumbnail\" alt=\"\" srcset=\"https:\/\/sagardoarenlurraldea.eus\/wp-content\/uploads\/2020\/01\/36-scaled.jpg 2560w, https:\/\/sagardoarenlurraldea.eus\/wp-content\/uploads\/2020\/01\/36-510x340.jpg 510w\" sizes=\"(max-width: 150px) 100vw, 150px\" \/><\/a>\n\t\t\t<\/dt><\/dl><dl class='gallery-item'>\n\t\t\t<dt class='gallery-icon landscape'>\n\t\t\t\t<a href='https:\/\/sagardoarenlurraldea.eus\/es\/blog\/izaro-da-comienzo-a-la-temporada-del-txotx-2020\/37-2\/'><img width=\"150\" height=\"100\" src=\"https:\/\/sagardoarenlurraldea.eus\/wp-content\/uploads\/2020\/01\/37-scaled.jpg\" class=\"attachment-thumbnail size-thumbnail\" alt=\"\" srcset=\"https:\/\/sagardoarenlurraldea.eus\/wp-content\/uploads\/2020\/01\/37-scaled.jpg 2560w, https:\/\/sagardoarenlurraldea.eus\/wp-content\/uploads\/2020\/01\/37-510x340.jpg 510w\" sizes=\"(max-width: 150px) 100vw, 150px\" \/><\/a>\n\t\t\t<\/dt><\/dl><dl class='gallery-item'>\n\t\t\t<dt class='gallery-icon landscape'>\n\t\t\t\t<a href='https:\/\/sagardoarenlurraldea.eus\/es\/blog\/izaro-da-comienzo-a-la-temporada-del-txotx-2020\/38-2\/'><img width=\"150\" height=\"100\" src=\"https:\/\/sagardoarenlurraldea.eus\/wp-content\/uploads\/2020\/01\/38-scaled.jpg\" class=\"attachment-thumbnail size-thumbnail\" alt=\"\" srcset=\"https:\/\/sagardoarenlurraldea.eus\/wp-content\/uploads\/2020\/01\/38-scaled.jpg 2560w, https:\/\/sagardoarenlurraldea.eus\/wp-content\/uploads\/2020\/01\/38-510x340.jpg 510w\" sizes=\"(max-width: 150px) 100vw, 150px\" \/><\/a>\n\t\t\t<\/dt><\/dl><dl class='gallery-item'>\n\t\t\t<dt class='gallery-icon landscape'>\n\t\t\t\t<a href='https:\/\/sagardoarenlurraldea.eus\/es\/blog\/izaro-da-comienzo-a-la-temporada-del-txotx-2020\/39-2\/'><img width=\"150\" height=\"100\" src=\"https:\/\/sagardoarenlurraldea.eus\/wp-content\/uploads\/2020\/01\/39-scaled.jpg\" class=\"attachment-thumbnail size-thumbnail\" alt=\"\" srcset=\"https:\/\/sagardoarenlurraldea.eus\/wp-content\/uploads\/2020\/01\/39-scaled.jpg 2560w, https:\/\/sagardoarenlurraldea.eus\/wp-content\/uploads\/2020\/01\/39-510x340.jpg 510w\" sizes=\"(max-width: 150px) 100vw, 150px\" \/><\/a>\n\t\t\t<\/dt><\/dl><br style=\"clear: both\" \/>\n\t\t<\/div>\n\n","protected":false},"excerpt":{"rendered":"<p>Al grito de \u00abGure Sagardo Berria\u00bb, la cantante Izaro Andres ha abierto la nueva temporada del txotx 2020 en la sidrer\u00eda Alorrenea de Astigarraga con la celebraci\u00f3n del XXVII. Sagardo [&hellip;]<\/p>\n","protected":false},"author":8,"featured_media":128074,"comment_status":"open","ping_status":"open","sticky":false,"template":"","format":"standard","meta":{"_acf_changed":false,"_et_pb_use_builder":"","_et_pb_old_content":"","_et_gb_content_width":"","footnotes":""},"categories":[242,254,255],"tags":[420,3125,1578,1607,1635,1651,1868,3115],"class_list":["post-127939","post","type-post","status-publish","format-standard","has-post-thumbnail","hentry","category-eventos","category-sidra","category-sidrerias","tag-astigarraga","tag-izaro","tag-sagardo-berriaren-eguna","tag-sagardoa-2","tag-sagardoetxea","tag-sagardotegia","tag-txotx","tag-txotx2020"],"acf":[],"yoast_head":"<!-- This site is optimized with the Yoast SEO plugin v25.4 - https:\/\/yoast.com\/wordpress\/plugins\/seo\/ -->\n<title>Izaro da comienzo a la temporada del txotx 2020 - Sagardoaren Lurraldea<\/title>\n<meta name=\"robots\" content=\"index, follow, max-snippet:-1, max-image-preview:large, max-video-preview:-1\" \/>\n<link rel=\"canonical\" href=\"https:\/\/sagardoarenlurraldea.eus\/es\/blog\/izaro-da-comienzo-a-la-temporada-del-txotx-2020\/\" \/>\n<meta property=\"og:locale\" content=\"es_ES\" \/>\n<meta property=\"og:type\" content=\"article\" \/>\n<meta property=\"og:title\" content=\"Izaro da comienzo a la temporada del txotx 2020 - Sagardoaren Lurraldea\" \/>\n<meta property=\"og:description\" content=\"Al grito de \u00abGure Sagardo Berria\u00bb, la cantante Izaro Andres ha abierto la nueva temporada del txotx 2020 en la sidrer\u00eda Alorrenea de Astigarraga con la celebraci\u00f3n del XXVII. Sagardo [&hellip;]\" \/>\n<meta property=\"og:url\" content=\"https:\/\/sagardoarenlurraldea.eus\/es\/blog\/izaro-da-comienzo-a-la-temporada-del-txotx-2020\/\" \/>\n<meta property=\"og:site_name\" content=\"Sagardoaren Lurraldea\" \/>\n<meta property=\"article:publisher\" content=\"https:\/\/www.facebook.com\/sagardoarenlurraldea\" \/>\n<meta property=\"article:published_time\" content=\"2020-01-16T10:41:41+00:00\" \/>\n<meta property=\"article:modified_time\" content=\"2020-01-17T16:20:36+00:00\" \/>\n<meta property=\"og:image\" content=\"https:\/\/sagardoarenlurraldea.eus\/wp-content\/uploads\/2020\/01\/bb_20200116834720-scaled.jpg\" \/>\n\t<meta property=\"og:image:width\" content=\"2560\" \/>\n\t<meta property=\"og:image:height\" content=\"1775\" \/>\n\t<meta property=\"og:image:type\" content=\"image\/jpeg\" \/>\n<meta name=\"author\" content=\"Leire\" \/>\n<meta name=\"twitter:card\" content=\"summary_large_image\" \/>\n<meta name=\"twitter:label1\" content=\"Escrito por\" \/>\n\t<meta name=\"twitter:data1\" content=\"Leire\" \/>\n\t<meta name=\"twitter:label2\" content=\"Tiempo de lectura\" \/>\n\t<meta name=\"twitter:data2\" content=\"4 minutos\" \/>\n<script type=\"application\/ld+json\" class=\"yoast-schema-graph\">{\"@context\":\"https:\/\/schema.org\",\"@graph\":[{\"@type\":\"WebPage\",\"@id\":\"https:\/\/sagardoarenlurraldea.eus\/es\/blog\/izaro-da-comienzo-a-la-temporada-del-txotx-2020\/\",\"url\":\"https:\/\/sagardoarenlurraldea.eus\/es\/blog\/izaro-da-comienzo-a-la-temporada-del-txotx-2020\/\",\"name\":\"Izaro da comienzo a la temporada del txotx 2020 - Sagardoaren Lurraldea\",\"isPartOf\":{\"@id\":\"https:\/\/sagardoarenlurraldea.eus\/es\/#website\"},\"primaryImageOfPage\":{\"@id\":\"https:\/\/sagardoarenlurraldea.eus\/es\/blog\/izaro-da-comienzo-a-la-temporada-del-txotx-2020\/#primaryimage\"},\"image\":{\"@id\":\"https:\/\/sagardoarenlurraldea.eus\/es\/blog\/izaro-da-comienzo-a-la-temporada-del-txotx-2020\/#primaryimage\"},\"thumbnailUrl\":\"https:\/\/sagardoarenlurraldea.eus\/wp-content\/uploads\/2020\/01\/bb_20200116834720-scaled.jpg\",\"datePublished\":\"2020-01-16T10:41:41+00:00\",\"dateModified\":\"2020-01-17T16:20:36+00:00\",\"author\":{\"@id\":\"https:\/\/sagardoarenlurraldea.eus\/es\/#\/schema\/person\/c0d273e025ac5dbf969479b4523c9763\"},\"breadcrumb\":{\"@id\":\"https:\/\/sagardoarenlurraldea.eus\/es\/blog\/izaro-da-comienzo-a-la-temporada-del-txotx-2020\/#breadcrumb\"},\"inLanguage\":\"es\",\"potentialAction\":[{\"@type\":\"ReadAction\",\"target\":[\"https:\/\/sagardoarenlurraldea.eus\/es\/blog\/izaro-da-comienzo-a-la-temporada-del-txotx-2020\/\"]}]},{\"@type\":\"ImageObject\",\"inLanguage\":\"es\",\"@id\":\"https:\/\/sagardoarenlurraldea.eus\/es\/blog\/izaro-da-comienzo-a-la-temporada-del-txotx-2020\/#primaryimage\",\"url\":\"https:\/\/sagardoarenlurraldea.eus\/wp-content\/uploads\/2020\/01\/bb_20200116834720-scaled.jpg\",\"contentUrl\":\"https:\/\/sagardoarenlurraldea.eus\/wp-content\/uploads\/2020\/01\/bb_20200116834720-scaled.jpg\",\"width\":2560,\"height\":1775,\"caption\":\"2020-01-15, Astigarraga. Txotx denboraldiaren irekiera Sagardoetxean, lehenik aurkezpena, ondoren sagarrondoa landatu Izarok eta Txotx irekiera Alorrenea sagardotegian. Arratsaldez ekitaldi ezberdinak, irudian Izaro txotx irekiera ekitaldian 15-01-2020, Astigarraga. Apertura de la temporada de Sidrer\u00edas en Astigarraga en Sagardoetxea la presentaci\u00f3n, despiu\u00e9s la plantaci\u00f3n del manzano por parte de Izaro y despu\u00e9s apertura de la temporada en Alorrenea. Durante la tarde distintas actividades, en la imagen Izaro durante el comienzo del Txotx\"},{\"@type\":\"BreadcrumbList\",\"@id\":\"https:\/\/sagardoarenlurraldea.eus\/es\/blog\/izaro-da-comienzo-a-la-temporada-del-txotx-2020\/#breadcrumb\",\"itemListElement\":[{\"@type\":\"ListItem\",\"position\":1,\"name\":\"Inicio\",\"item\":\"https:\/\/sagardoarenlurraldea.eus\/es\/\"},{\"@type\":\"ListItem\",\"position\":2,\"name\":\"Izaro da comienzo a la temporada del txotx 2020\"}]},{\"@type\":\"WebSite\",\"@id\":\"https:\/\/sagardoarenlurraldea.eus\/es\/#website\",\"url\":\"https:\/\/sagardoarenlurraldea.eus\/es\/\",\"name\":\"Sagardoaren Lurraldea\",\"description\":\"El territorio de la sidra\",\"potentialAction\":[{\"@type\":\"SearchAction\",\"target\":{\"@type\":\"EntryPoint\",\"urlTemplate\":\"https:\/\/sagardoarenlurraldea.eus\/es\/?s={search_term_string}\"},\"query-input\":{\"@type\":\"PropertyValueSpecification\",\"valueRequired\":true,\"valueName\":\"search_term_string\"}}],\"inLanguage\":\"es\"},{\"@type\":\"Person\",\"@id\":\"https:\/\/sagardoarenlurraldea.eus\/es\/#\/schema\/person\/c0d273e025ac5dbf969479b4523c9763\",\"name\":\"Leire\",\"image\":{\"@type\":\"ImageObject\",\"inLanguage\":\"es\",\"@id\":\"https:\/\/sagardoarenlurraldea.eus\/es\/#\/schema\/person\/image\/\",\"url\":\"https:\/\/secure.gravatar.com\/avatar\/102f988b53fb26afcecf0c4021ce7306431d7c6dcec997c8578b92a1112bcd81?s=96&d=mm&r=g\",\"contentUrl\":\"https:\/\/secure.gravatar.com\/avatar\/102f988b53fb26afcecf0c4021ce7306431d7c6dcec997c8578b92a1112bcd81?s=96&d=mm&r=g\",\"caption\":\"Leire\"}}]}<\/script>\n<!-- \/ Yoast SEO plugin. -->","yoast_head_json":{"title":"Izaro da comienzo a la temporada del txotx 2020 - Sagardoaren Lurraldea","robots":{"index":"index","follow":"follow","max-snippet":"max-snippet:-1","max-image-preview":"max-image-preview:large","max-video-preview":"max-video-preview:-1"},"canonical":"https:\/\/sagardoarenlurraldea.eus\/es\/blog\/izaro-da-comienzo-a-la-temporada-del-txotx-2020\/","og_locale":"es_ES","og_type":"article","og_title":"Izaro da comienzo a la temporada del txotx 2020 - Sagardoaren Lurraldea","og_description":"Al grito de \u00abGure Sagardo Berria\u00bb, la cantante Izaro Andres ha abierto la nueva temporada del txotx 2020 en la sidrer\u00eda Alorrenea de Astigarraga con la celebraci\u00f3n del XXVII. Sagardo [&hellip;]","og_url":"https:\/\/sagardoarenlurraldea.eus\/es\/blog\/izaro-da-comienzo-a-la-temporada-del-txotx-2020\/","og_site_name":"Sagardoaren Lurraldea","article_publisher":"https:\/\/www.facebook.com\/sagardoarenlurraldea","article_published_time":"2020-01-16T10:41:41+00:00","article_modified_time":"2020-01-17T16:20:36+00:00","og_image":[{"width":2560,"height":1775,"url":"https:\/\/sagardoarenlurraldea.eus\/wp-content\/uploads\/2020\/01\/bb_20200116834720-scaled.jpg","type":"image\/jpeg"}],"author":"Leire","twitter_card":"summary_large_image","twitter_misc":{"Escrito por":"Leire","Tiempo de lectura":"4 minutos"},"schema":{"@context":"https:\/\/schema.org","@graph":[{"@type":"WebPage","@id":"https:\/\/sagardoarenlurraldea.eus\/es\/blog\/izaro-da-comienzo-a-la-temporada-del-txotx-2020\/","url":"https:\/\/sagardoarenlurraldea.eus\/es\/blog\/izaro-da-comienzo-a-la-temporada-del-txotx-2020\/","name":"Izaro da comienzo a la temporada del txotx 2020 - Sagardoaren Lurraldea","isPartOf":{"@id":"https:\/\/sagardoarenlurraldea.eus\/es\/#website"},"primaryImageOfPage":{"@id":"https:\/\/sagardoarenlurraldea.eus\/es\/blog\/izaro-da-comienzo-a-la-temporada-del-txotx-2020\/#primaryimage"},"image":{"@id":"https:\/\/sagardoarenlurraldea.eus\/es\/blog\/izaro-da-comienzo-a-la-temporada-del-txotx-2020\/#primaryimage"},"thumbnailUrl":"https:\/\/sagardoarenlurraldea.eus\/wp-content\/uploads\/2020\/01\/bb_20200116834720-scaled.jpg","datePublished":"2020-01-16T10:41:41+00:00","dateModified":"2020-01-17T16:20:36+00:00","author":{"@id":"https:\/\/sagardoarenlurraldea.eus\/es\/#\/schema\/person\/c0d273e025ac5dbf969479b4523c9763"},"breadcrumb":{"@id":"https:\/\/sagardoarenlurraldea.eus\/es\/blog\/izaro-da-comienzo-a-la-temporada-del-txotx-2020\/#breadcrumb"},"inLanguage":"es","potentialAction":[{"@type":"ReadAction","target":["https:\/\/sagardoarenlurraldea.eus\/es\/blog\/izaro-da-comienzo-a-la-temporada-del-txotx-2020\/"]}]},{"@type":"ImageObject","inLanguage":"es","@id":"https:\/\/sagardoarenlurraldea.eus\/es\/blog\/izaro-da-comienzo-a-la-temporada-del-txotx-2020\/#primaryimage","url":"https:\/\/sagardoarenlurraldea.eus\/wp-content\/uploads\/2020\/01\/bb_20200116834720-scaled.jpg","contentUrl":"https:\/\/sagardoarenlurraldea.eus\/wp-content\/uploads\/2020\/01\/bb_20200116834720-scaled.jpg","width":2560,"height":1775,"caption":"2020-01-15, Astigarraga. Txotx denboraldiaren irekiera Sagardoetxean, lehenik aurkezpena, ondoren sagarrondoa landatu Izarok eta Txotx irekiera Alorrenea sagardotegian. Arratsaldez ekitaldi ezberdinak, irudian Izaro txotx irekiera ekitaldian 15-01-2020, Astigarraga. Apertura de la temporada de Sidrer\u00edas en Astigarraga en Sagardoetxea la presentaci\u00f3n, despiu\u00e9s la plantaci\u00f3n del manzano por parte de Izaro y despu\u00e9s apertura de la temporada en Alorrenea. Durante la tarde distintas actividades, en la imagen Izaro durante el comienzo del Txotx"},{"@type":"BreadcrumbList","@id":"https:\/\/sagardoarenlurraldea.eus\/es\/blog\/izaro-da-comienzo-a-la-temporada-del-txotx-2020\/#breadcrumb","itemListElement":[{"@type":"ListItem","position":1,"name":"Inicio","item":"https:\/\/sagardoarenlurraldea.eus\/es\/"},{"@type":"ListItem","position":2,"name":"Izaro da comienzo a la temporada del txotx 2020"}]},{"@type":"WebSite","@id":"https:\/\/sagardoarenlurraldea.eus\/es\/#website","url":"https:\/\/sagardoarenlurraldea.eus\/es\/","name":"Sagardoaren Lurraldea","description":"El territorio de la sidra","potentialAction":[{"@type":"SearchAction","target":{"@type":"EntryPoint","urlTemplate":"https:\/\/sagardoarenlurraldea.eus\/es\/?s={search_term_string}"},"query-input":{"@type":"PropertyValueSpecification","valueRequired":true,"valueName":"search_term_string"}}],"inLanguage":"es"},{"@type":"Person","@id":"https:\/\/sagardoarenlurraldea.eus\/es\/#\/schema\/person\/c0d273e025ac5dbf969479b4523c9763","name":"Leire","image":{"@type":"ImageObject","inLanguage":"es","@id":"https:\/\/sagardoarenlurraldea.eus\/es\/#\/schema\/person\/image\/","url":"https:\/\/secure.gravatar.com\/avatar\/102f988b53fb26afcecf0c4021ce7306431d7c6dcec997c8578b92a1112bcd81?s=96&d=mm&r=g","contentUrl":"https:\/\/secure.gravatar.com\/avatar\/102f988b53fb26afcecf0c4021ce7306431d7c6dcec997c8578b92a1112bcd81?s=96&d=mm&r=g","caption":"Leire"}}]}},"_links":{"self":[{"href":"https:\/\/sagardoarenlurraldea.eus\/es\/wp-json\/wp\/v2\/posts\/127939","targetHints":{"allow":["GET"]}}],"collection":[{"href":"https:\/\/sagardoarenlurraldea.eus\/es\/wp-json\/wp\/v2\/posts"}],"about":[{"href":"https:\/\/sagardoarenlurraldea.eus\/es\/wp-json\/wp\/v2\/types\/post"}],"author":[{"embeddable":true,"href":"https:\/\/sagardoarenlurraldea.eus\/es\/wp-json\/wp\/v2\/users\/8"}],"replies":[{"embeddable":true,"href":"https:\/\/sagardoarenlurraldea.eus\/es\/wp-json\/wp\/v2\/comments?post=127939"}],"version-history":[{"count":0,"href":"https:\/\/sagardoarenlurraldea.eus\/es\/wp-json\/wp\/v2\/posts\/127939\/revisions"}],"wp:featuredmedia":[{"embeddable":true,"href":"https:\/\/sagardoarenlurraldea.eus\/es\/wp-json\/wp\/v2\/media\/128074"}],"wp:attachment":[{"href":"https:\/\/sagardoarenlurraldea.eus\/es\/wp-json\/wp\/v2\/media?parent=127939"}],"wp:term":[{"taxonomy":"category","embeddable":true,"href":"https:\/\/sagardoarenlurraldea.eus\/es\/wp-json\/wp\/v2\/categories?post=127939"},{"taxonomy":"post_tag","embeddable":true,"href":"https:\/\/sagardoarenlurraldea.eus\/es\/wp-json\/wp\/v2\/tags?post=127939"}],"curies":[{"name":"wp","href":"https:\/\/api.w.org\/{rel}","templated":true}]}}