{"id":125271,"date":"2019-11-25T17:02:04","date_gmt":"2019-11-25T15:02:04","guid":{"rendered":"http:\/\/www.sagardoarenlurraldea.eus\/?p=125271"},"modified":"2019-11-25T17:03:04","modified_gmt":"2019-11-25T15:03:04","slug":"una-sidra-vasco-estadounidense-destaca-entre-las-190-presentadas-al-ii-concurso-de-sidra-internacional-sagardo-forum","status":"publish","type":"post","link":"https:\/\/sagardoarenlurraldea.eus\/es\/blog\/una-sidra-vasco-estadounidense-destaca-entre-las-190-presentadas-al-ii-concurso-de-sidra-internacional-sagardo-forum\/","title":{"rendered":"Una sidra vasco-estadounidense destaca entre las 190 presentadas al II Concurso de Sidra Internacional Sagardo Forum"},"content":{"rendered":"<p>Esta ma\u00f1ana se ha celebrado la entrega de premios del II <strong>Concurso de Sidra Internacional del Sagardo Forum\u00a0<\/strong>en el Palacio de Congresos Kursaal en Donostia. Prestigiosos\u00a0<strong>catadores\u00a0procedentes de todo el mundo<\/strong>\u00a0(sumillers, en\u00f3logos, chefs, periodistas, bloggers gastron\u00f3micos, etc.) han degustado las 190 sidras presentadas en 9 categor\u00edas, de las cuales\u00a0<strong>140 han\u00a0<\/strong>sido premiadas con\u00a0<strong>47 medallas de oro<\/strong>,\u00a0<strong>62 medallas de plata<\/strong>\u00a0y<strong>\u00a031 medallas de bronce<\/strong>. El premio \u00abBest of show\u00bb ha sido para \u201cMaiti fresh\u201d una sidra de sabores vasco-estadounidense, una colaboraci\u00f3n entre Egoitz Zapiain y Paul Vander de la sidrer\u00eda Paul Vander Mill.<\/p>\n<p>En total han participado sidras de\u00a0<strong>14 pa\u00edses<\/strong>\u00a0en el concurso: Espa\u00f1a, Alemania, Francia, Reino Unido, Italia, Pa\u00edses Bajos, Polonia, Eslovaquia, Suecia, Uruguay, Republica Checa, Luxemburgo y Estados Unidos.<\/p>\n<p>Estos han sido los\u00a0<strong>premios\u00a0<\/strong>que se han repartido:<\/p>\n<p><strong>Sidra natural vasca<\/strong><br \/>\n&#8211; Medallas: 8 oros (Zapiain sagardotegia 3, Alorrenea sagardotegia 2, Petritegi sagardotegia 1, Zelaia sagardotegia 1, Isastegi sagardotegia 1), 13 platas (Gurutzeta sagardotegia 2, Oiharte sagardotegia 2, Isastegi sagardotegia 2, Zelaia sagardotegia 2, Gartziategi sagardotegia 1, Paul Vander- Egoitz Zapiain 1, Izeta sagardotegia 1, \u00a0Araeta sagardotegia 1, Iturriotz baserria1) y 4 bronces (Aburuza sagardotegia 1, Araeta sagardotegia 1, Gartziategi sagardotegia 1 e Izeta sagardotegia 1).<br \/>\n&#8211; Ganador: Zapiain sagardoa (Euskal Herria) \u2013 Zapiain Sagardoa Lote I<br \/>\n&#8211; Entrega del premio: Xabier Urdangarin, alcalde de Astigarraga<\/p>\n<p><strong>Sidra natural asturiana<\/strong><br \/>\n&#8211; Medallas: 3 oros, 4 platas y 4 bronces<br \/>\n&#8211; Ganador: Sidra Pi\u00f1era (Asturias) &#8211; Sidra Pi\u00f1era<br \/>\n&#8211; Entrega del premio: Eduardo Coto, gerente de Guerrilla Imports<\/p>\n<p><strong>Sidra tradicional francesa<\/strong><br \/>\n&#8211; Medallas: 2 oros, 3 platas y 1 bronces<br \/>\n&#8211; Ganador: Cidrerie Menez Brug (Francia) \u2013 AOP Cornouille<br \/>\n&#8211; Entrega del premio: Agurtzane Andueza, directora del Laboratorio Fraisoro de la Diputaci\u00f3n de Gipuzkoa<\/p>\n<p><strong>Sidra tradicional inglesa<\/strong><br \/>\n&#8211; Medallas: 1 oro, 3 platas y 6 bronces<br \/>\n&#8211; Ganador: Pilton Cider (Reino Unido) \u2013 Pilton Solstice<br \/>\n&#8211; Entrega del premio: Iker Goiria, director de Turismo de la Diputaci\u00f3n de Gipuzkoa<\/p>\n<p><strong>Sidra moderna<\/strong><br \/>\n&#8211; Medallas: \u00a03 oros, 12 platas y 9 bronces<br \/>\n&#8211; Ganador: Ulvik Frukt &amp; Cideri (Noruega) &#8211; Gravenstein<br \/>\n&#8211; Entrega del premio: Xabier Arruti, director general de Agricultura y Equilibrio Territorial de la Diputaci\u00f3n de Gipuzkoa.<\/p>\n<p><strong>Sidra Espumosa \u201cPremium\u201d<\/strong><br \/>\n&#8211; Medallas: 2 oros, 5 platas y 8 bronces<br \/>\n&#8211; Ganador: Aakre Gard (Noruega) \u2013 Edel Cuvee Park<br \/>\n&#8211; Entrega del premio: Agurtzane Andueza, directora del Laboratorio Fraisoro de la Diputaci\u00f3n de Gipuzkoa<\/p>\n<p><strong>Apfelwein<\/strong><br \/>\n&#8211; Medallas: 1 oros, 5 plata y 2 bronces<br \/>\n&#8211; Ganador: Jens Becker (Alemania) \u2013 JB Streuobst<br \/>\n&#8211; Entrega del premio: Eduardo Coto, gerente de Guerrilla Imports<\/p>\n<p><strong>Sidra con sabores y Perada<\/strong><br \/>\n&#8211; Medallas: 7 oros, 12 platas y 12 bronces<br \/>\n&#8211; Ganador: Vander Mill Basque Colaboracion (Estados Unidos) \u2013 Maiti Fresh<br \/>\n&#8211; Entrega del premio: Iker Goiria, director de Turismo de la Diputaci\u00f3n de Gipuzkoa<\/p>\n<p><strong>Sidra de hielo<\/strong><br \/>\n&#8211; Medallas: 4 oros, 5 platas y 1 bronce<br \/>\n&#8211; Ganador: Zapian sagardotegia (Euskal Herria) \u2013 Bizi-Goxo 2015<br \/>\n&#8211; Entrega del premio: Xabier Urdangarin, alcalde de Astigarraga<\/p>\n<p>Adem\u00e1s de estos premios repartidos por cada categor\u00eda, la sidra\u00a0Vander Mill Basque Colaboracion (Estados Unidos) ha ganado el\u00a0<strong>premio \u00abBest of show\u00bb\u00a0<\/strong>por ser la m\u00e1s destacada del concurso. El premio ha sido entregado por Xabier Arruti, director general de Agricultura y Equilibrio Territorial de la Diputaci\u00f3n de Gipuzkoa.<\/p>\n<p>Por otra parte, el jurado ha otorgado un\u00a0<strong>premio de honor fuera de categor\u00eda<\/strong>\u00a0a las sidras \u00abViesk\u00bb de Sidra Panizales (Asturias) y \u201cRoxmut\u201d de Llagar Casta\u00f1on (Asturias).<\/p>\n<p>El Concurso de Sidra Internacional se ha celebrado dentro del III Sagardo Forum. Este evento internacional bianual est\u00e1 organizado por Sagardoaren Lurraldea en colaboraci\u00f3n con diversos agentes, entre otros: Eduardo Coto y Antonio Roa de Guerrilla Imports, el Laboratorio Fraisoro de la Diputaci\u00f3n Foral de Gipuzkoa, la Denominaci\u00f3n de Origen Euskal Sagardoa y Ciderzale.<\/p>\n<p>As\u00ed mismo ha recibido apoyo econ\u00f3mico:<\/p>\n<ul>\n<li>Patrocinadores oficiales: Departamento de Turismo de la Diputaci\u00f3n Foral de Gipuzkoa, el departamento de Turismo del Gobierno Vasco, Fundaci\u00f3n Hazi y el ayuntamiento de Astigarraga<\/li>\n<li>Colaboradores: Sagardo Mahaia eta Priorcork.<\/li>\n<\/ul>\n<p><a href=\"https:\/\/www.dropbox.com\/home\/Nazioarteko%20Sari%20Lehiaketa\" target=\"_blank\" rel=\"noopener noreferrer\">Descargar fotograf\u00edas<\/a><\/p>\n","protected":false},"excerpt":{"rendered":"<p>Esta ma\u00f1ana se ha celebrado la entrega de premios del II Concurso de Sidra Internacional del Sagardo Forum\u00a0en el Palacio de Congresos Kursaal en Donostia. Prestigiosos\u00a0catadores\u00a0procedentes de todo el mundo\u00a0(sumillers, [&hellip;]<\/p>\n","protected":false},"author":8,"featured_media":125272,"comment_status":"open","ping_status":"open","sticky":false,"template":"","format":"standard","meta":{"_acf_changed":false,"_et_pb_use_builder":"","_et_pb_old_content":"","_et_gb_content_width":"","footnotes":""},"categories":[249,254],"tags":[],"class_list":["post-125271","post","type-post","status-publish","format-standard","has-post-thumbnail","hentry","category-concursos","category-sidra"],"acf":[],"yoast_head":"<!-- This site is optimized with the Yoast SEO plugin v25.4 - https:\/\/yoast.com\/wordpress\/plugins\/seo\/ -->\n<title>Una sidra vasco-estadounidense destaca entre las 190 presentadas al II Concurso de Sidra Internacional Sagardo Forum - Sagardoaren Lurraldea<\/title>\n<meta name=\"robots\" content=\"index, follow, max-snippet:-1, max-image-preview:large, max-video-preview:-1\" \/>\n<link rel=\"canonical\" href=\"https:\/\/sagardoarenlurraldea.eus\/es\/blog\/una-sidra-vasco-estadounidense-destaca-entre-las-190-presentadas-al-ii-concurso-de-sidra-internacional-sagardo-forum\/\" \/>\n<meta property=\"og:locale\" content=\"es_ES\" \/>\n<meta property=\"og:type\" content=\"article\" \/>\n<meta property=\"og:title\" content=\"Una sidra vasco-estadounidense destaca entre las 190 presentadas al II Concurso de Sidra Internacional Sagardo Forum - Sagardoaren Lurraldea\" \/>\n<meta property=\"og:description\" content=\"Esta ma\u00f1ana se ha celebrado la entrega de premios del II Concurso de Sidra Internacional del Sagardo Forum\u00a0en el Palacio de Congresos Kursaal en Donostia. Prestigiosos\u00a0catadores\u00a0procedentes de todo el mundo\u00a0(sumillers, [&hellip;]\" \/>\n<meta property=\"og:url\" content=\"https:\/\/sagardoarenlurraldea.eus\/es\/blog\/una-sidra-vasco-estadounidense-destaca-entre-las-190-presentadas-al-ii-concurso-de-sidra-internacional-sagardo-forum\/\" \/>\n<meta property=\"og:site_name\" content=\"Sagardoaren Lurraldea\" \/>\n<meta property=\"article:publisher\" content=\"https:\/\/www.facebook.com\/sagardoarenlurraldea\" \/>\n<meta property=\"article:published_time\" content=\"2019-11-25T15:02:04+00:00\" \/>\n<meta property=\"article:modified_time\" content=\"2019-11-25T15:03:04+00:00\" \/>\n<meta property=\"og:image\" content=\"https:\/\/sagardoarenlurraldea.eus\/wp-content\/uploads\/2019\/11\/IMG-20191125-WA0283.jpg\" \/>\n\t<meta property=\"og:image:width\" content=\"1000\" \/>\n\t<meta property=\"og:image:height\" content=\"485\" \/>\n\t<meta property=\"og:image:type\" content=\"image\/jpeg\" \/>\n<meta name=\"author\" content=\"Leire\" \/>\n<meta name=\"twitter:card\" content=\"summary_large_image\" \/>\n<meta name=\"twitter:label1\" content=\"Escrito por\" \/>\n\t<meta name=\"twitter:data1\" content=\"Leire\" \/>\n\t<meta name=\"twitter:label2\" content=\"Tiempo de lectura\" \/>\n\t<meta name=\"twitter:data2\" content=\"3 minutos\" \/>\n<script type=\"application\/ld+json\" class=\"yoast-schema-graph\">{\"@context\":\"https:\/\/schema.org\",\"@graph\":[{\"@type\":\"WebPage\",\"@id\":\"https:\/\/sagardoarenlurraldea.eus\/es\/blog\/una-sidra-vasco-estadounidense-destaca-entre-las-190-presentadas-al-ii-concurso-de-sidra-internacional-sagardo-forum\/\",\"url\":\"https:\/\/sagardoarenlurraldea.eus\/es\/blog\/una-sidra-vasco-estadounidense-destaca-entre-las-190-presentadas-al-ii-concurso-de-sidra-internacional-sagardo-forum\/\",\"name\":\"Una sidra vasco-estadounidense destaca entre las 190 presentadas al II Concurso de Sidra Internacional Sagardo Forum - Sagardoaren Lurraldea\",\"isPartOf\":{\"@id\":\"https:\/\/sagardoarenlurraldea.eus\/es\/#website\"},\"primaryImageOfPage\":{\"@id\":\"https:\/\/sagardoarenlurraldea.eus\/es\/blog\/una-sidra-vasco-estadounidense-destaca-entre-las-190-presentadas-al-ii-concurso-de-sidra-internacional-sagardo-forum\/#primaryimage\"},\"image\":{\"@id\":\"https:\/\/sagardoarenlurraldea.eus\/es\/blog\/una-sidra-vasco-estadounidense-destaca-entre-las-190-presentadas-al-ii-concurso-de-sidra-internacional-sagardo-forum\/#primaryimage\"},\"thumbnailUrl\":\"https:\/\/sagardoarenlurraldea.eus\/wp-content\/uploads\/2019\/11\/IMG-20191125-WA0283.jpg\",\"datePublished\":\"2019-11-25T15:02:04+00:00\",\"dateModified\":\"2019-11-25T15:03:04+00:00\",\"author\":{\"@id\":\"https:\/\/sagardoarenlurraldea.eus\/es\/#\/schema\/person\/c0d273e025ac5dbf969479b4523c9763\"},\"breadcrumb\":{\"@id\":\"https:\/\/sagardoarenlurraldea.eus\/es\/blog\/una-sidra-vasco-estadounidense-destaca-entre-las-190-presentadas-al-ii-concurso-de-sidra-internacional-sagardo-forum\/#breadcrumb\"},\"inLanguage\":\"es\",\"potentialAction\":[{\"@type\":\"ReadAction\",\"target\":[\"https:\/\/sagardoarenlurraldea.eus\/es\/blog\/una-sidra-vasco-estadounidense-destaca-entre-las-190-presentadas-al-ii-concurso-de-sidra-internacional-sagardo-forum\/\"]}]},{\"@type\":\"ImageObject\",\"inLanguage\":\"es\",\"@id\":\"https:\/\/sagardoarenlurraldea.eus\/es\/blog\/una-sidra-vasco-estadounidense-destaca-entre-las-190-presentadas-al-ii-concurso-de-sidra-internacional-sagardo-forum\/#primaryimage\",\"url\":\"https:\/\/sagardoarenlurraldea.eus\/wp-content\/uploads\/2019\/11\/IMG-20191125-WA0283.jpg\",\"contentUrl\":\"https:\/\/sagardoarenlurraldea.eus\/wp-content\/uploads\/2019\/11\/IMG-20191125-WA0283.jpg\",\"width\":1000,\"height\":485},{\"@type\":\"BreadcrumbList\",\"@id\":\"https:\/\/sagardoarenlurraldea.eus\/es\/blog\/una-sidra-vasco-estadounidense-destaca-entre-las-190-presentadas-al-ii-concurso-de-sidra-internacional-sagardo-forum\/#breadcrumb\",\"itemListElement\":[{\"@type\":\"ListItem\",\"position\":1,\"name\":\"Inicio\",\"item\":\"https:\/\/sagardoarenlurraldea.eus\/es\/\"},{\"@type\":\"ListItem\",\"position\":2,\"name\":\"Una sidra vasco-estadounidense destaca entre las 190 presentadas al II Concurso de Sidra Internacional Sagardo Forum\"}]},{\"@type\":\"WebSite\",\"@id\":\"https:\/\/sagardoarenlurraldea.eus\/es\/#website\",\"url\":\"https:\/\/sagardoarenlurraldea.eus\/es\/\",\"name\":\"Sagardoaren Lurraldea\",\"description\":\"El territorio de la sidra\",\"potentialAction\":[{\"@type\":\"SearchAction\",\"target\":{\"@type\":\"EntryPoint\",\"urlTemplate\":\"https:\/\/sagardoarenlurraldea.eus\/es\/?s={search_term_string}\"},\"query-input\":{\"@type\":\"PropertyValueSpecification\",\"valueRequired\":true,\"valueName\":\"search_term_string\"}}],\"inLanguage\":\"es\"},{\"@type\":\"Person\",\"@id\":\"https:\/\/sagardoarenlurraldea.eus\/es\/#\/schema\/person\/c0d273e025ac5dbf969479b4523c9763\",\"name\":\"Leire\",\"image\":{\"@type\":\"ImageObject\",\"inLanguage\":\"es\",\"@id\":\"https:\/\/sagardoarenlurraldea.eus\/es\/#\/schema\/person\/image\/\",\"url\":\"https:\/\/secure.gravatar.com\/avatar\/102f988b53fb26afcecf0c4021ce7306431d7c6dcec997c8578b92a1112bcd81?s=96&d=mm&r=g\",\"contentUrl\":\"https:\/\/secure.gravatar.com\/avatar\/102f988b53fb26afcecf0c4021ce7306431d7c6dcec997c8578b92a1112bcd81?s=96&d=mm&r=g\",\"caption\":\"Leire\"}}]}<\/script>\n<!-- \/ Yoast SEO plugin. -->","yoast_head_json":{"title":"Una sidra vasco-estadounidense destaca entre las 190 presentadas al II Concurso de Sidra Internacional Sagardo Forum - Sagardoaren Lurraldea","robots":{"index":"index","follow":"follow","max-snippet":"max-snippet:-1","max-image-preview":"max-image-preview:large","max-video-preview":"max-video-preview:-1"},"canonical":"https:\/\/sagardoarenlurraldea.eus\/es\/blog\/una-sidra-vasco-estadounidense-destaca-entre-las-190-presentadas-al-ii-concurso-de-sidra-internacional-sagardo-forum\/","og_locale":"es_ES","og_type":"article","og_title":"Una sidra vasco-estadounidense destaca entre las 190 presentadas al II Concurso de Sidra Internacional Sagardo Forum - Sagardoaren Lurraldea","og_description":"Esta ma\u00f1ana se ha celebrado la entrega de premios del II Concurso de Sidra Internacional del Sagardo Forum\u00a0en el Palacio de Congresos Kursaal en Donostia. Prestigiosos\u00a0catadores\u00a0procedentes de todo el mundo\u00a0(sumillers, [&hellip;]","og_url":"https:\/\/sagardoarenlurraldea.eus\/es\/blog\/una-sidra-vasco-estadounidense-destaca-entre-las-190-presentadas-al-ii-concurso-de-sidra-internacional-sagardo-forum\/","og_site_name":"Sagardoaren Lurraldea","article_publisher":"https:\/\/www.facebook.com\/sagardoarenlurraldea","article_published_time":"2019-11-25T15:02:04+00:00","article_modified_time":"2019-11-25T15:03:04+00:00","og_image":[{"width":1000,"height":485,"url":"https:\/\/sagardoarenlurraldea.eus\/wp-content\/uploads\/2019\/11\/IMG-20191125-WA0283.jpg","type":"image\/jpeg"}],"author":"Leire","twitter_card":"summary_large_image","twitter_misc":{"Escrito por":"Leire","Tiempo de lectura":"3 minutos"},"schema":{"@context":"https:\/\/schema.org","@graph":[{"@type":"WebPage","@id":"https:\/\/sagardoarenlurraldea.eus\/es\/blog\/una-sidra-vasco-estadounidense-destaca-entre-las-190-presentadas-al-ii-concurso-de-sidra-internacional-sagardo-forum\/","url":"https:\/\/sagardoarenlurraldea.eus\/es\/blog\/una-sidra-vasco-estadounidense-destaca-entre-las-190-presentadas-al-ii-concurso-de-sidra-internacional-sagardo-forum\/","name":"Una sidra vasco-estadounidense destaca entre las 190 presentadas al II Concurso de Sidra Internacional Sagardo Forum - Sagardoaren Lurraldea","isPartOf":{"@id":"https:\/\/sagardoarenlurraldea.eus\/es\/#website"},"primaryImageOfPage":{"@id":"https:\/\/sagardoarenlurraldea.eus\/es\/blog\/una-sidra-vasco-estadounidense-destaca-entre-las-190-presentadas-al-ii-concurso-de-sidra-internacional-sagardo-forum\/#primaryimage"},"image":{"@id":"https:\/\/sagardoarenlurraldea.eus\/es\/blog\/una-sidra-vasco-estadounidense-destaca-entre-las-190-presentadas-al-ii-concurso-de-sidra-internacional-sagardo-forum\/#primaryimage"},"thumbnailUrl":"https:\/\/sagardoarenlurraldea.eus\/wp-content\/uploads\/2019\/11\/IMG-20191125-WA0283.jpg","datePublished":"2019-11-25T15:02:04+00:00","dateModified":"2019-11-25T15:03:04+00:00","author":{"@id":"https:\/\/sagardoarenlurraldea.eus\/es\/#\/schema\/person\/c0d273e025ac5dbf969479b4523c9763"},"breadcrumb":{"@id":"https:\/\/sagardoarenlurraldea.eus\/es\/blog\/una-sidra-vasco-estadounidense-destaca-entre-las-190-presentadas-al-ii-concurso-de-sidra-internacional-sagardo-forum\/#breadcrumb"},"inLanguage":"es","potentialAction":[{"@type":"ReadAction","target":["https:\/\/sagardoarenlurraldea.eus\/es\/blog\/una-sidra-vasco-estadounidense-destaca-entre-las-190-presentadas-al-ii-concurso-de-sidra-internacional-sagardo-forum\/"]}]},{"@type":"ImageObject","inLanguage":"es","@id":"https:\/\/sagardoarenlurraldea.eus\/es\/blog\/una-sidra-vasco-estadounidense-destaca-entre-las-190-presentadas-al-ii-concurso-de-sidra-internacional-sagardo-forum\/#primaryimage","url":"https:\/\/sagardoarenlurraldea.eus\/wp-content\/uploads\/2019\/11\/IMG-20191125-WA0283.jpg","contentUrl":"https:\/\/sagardoarenlurraldea.eus\/wp-content\/uploads\/2019\/11\/IMG-20191125-WA0283.jpg","width":1000,"height":485},{"@type":"BreadcrumbList","@id":"https:\/\/sagardoarenlurraldea.eus\/es\/blog\/una-sidra-vasco-estadounidense-destaca-entre-las-190-presentadas-al-ii-concurso-de-sidra-internacional-sagardo-forum\/#breadcrumb","itemListElement":[{"@type":"ListItem","position":1,"name":"Inicio","item":"https:\/\/sagardoarenlurraldea.eus\/es\/"},{"@type":"ListItem","position":2,"name":"Una sidra vasco-estadounidense destaca entre las 190 presentadas al II Concurso de Sidra Internacional Sagardo Forum"}]},{"@type":"WebSite","@id":"https:\/\/sagardoarenlurraldea.eus\/es\/#website","url":"https:\/\/sagardoarenlurraldea.eus\/es\/","name":"Sagardoaren Lurraldea","description":"El territorio de la sidra","potentialAction":[{"@type":"SearchAction","target":{"@type":"EntryPoint","urlTemplate":"https:\/\/sagardoarenlurraldea.eus\/es\/?s={search_term_string}"},"query-input":{"@type":"PropertyValueSpecification","valueRequired":true,"valueName":"search_term_string"}}],"inLanguage":"es"},{"@type":"Person","@id":"https:\/\/sagardoarenlurraldea.eus\/es\/#\/schema\/person\/c0d273e025ac5dbf969479b4523c9763","name":"Leire","image":{"@type":"ImageObject","inLanguage":"es","@id":"https:\/\/sagardoarenlurraldea.eus\/es\/#\/schema\/person\/image\/","url":"https:\/\/secure.gravatar.com\/avatar\/102f988b53fb26afcecf0c4021ce7306431d7c6dcec997c8578b92a1112bcd81?s=96&d=mm&r=g","contentUrl":"https:\/\/secure.gravatar.com\/avatar\/102f988b53fb26afcecf0c4021ce7306431d7c6dcec997c8578b92a1112bcd81?s=96&d=mm&r=g","caption":"Leire"}}]}},"_links":{"self":[{"href":"https:\/\/sagardoarenlurraldea.eus\/es\/wp-json\/wp\/v2\/posts\/125271","targetHints":{"allow":["GET"]}}],"collection":[{"href":"https:\/\/sagardoarenlurraldea.eus\/es\/wp-json\/wp\/v2\/posts"}],"about":[{"href":"https:\/\/sagardoarenlurraldea.eus\/es\/wp-json\/wp\/v2\/types\/post"}],"author":[{"embeddable":true,"href":"https:\/\/sagardoarenlurraldea.eus\/es\/wp-json\/wp\/v2\/users\/8"}],"replies":[{"embeddable":true,"href":"https:\/\/sagardoarenlurraldea.eus\/es\/wp-json\/wp\/v2\/comments?post=125271"}],"version-history":[{"count":0,"href":"https:\/\/sagardoarenlurraldea.eus\/es\/wp-json\/wp\/v2\/posts\/125271\/revisions"}],"wp:featuredmedia":[{"embeddable":true,"href":"https:\/\/sagardoarenlurraldea.eus\/es\/wp-json\/wp\/v2\/media\/125272"}],"wp:attachment":[{"href":"https:\/\/sagardoarenlurraldea.eus\/es\/wp-json\/wp\/v2\/media?parent=125271"}],"wp:term":[{"taxonomy":"category","embeddable":true,"href":"https:\/\/sagardoarenlurraldea.eus\/es\/wp-json\/wp\/v2\/categories?post=125271"},{"taxonomy":"post_tag","embeddable":true,"href":"https:\/\/sagardoarenlurraldea.eus\/es\/wp-json\/wp\/v2\/tags?post=125271"}],"curies":[{"name":"wp","href":"https:\/\/api.w.org\/{rel}","templated":true}]}}